{"id":1470,"date":"2016-10-25T02:00:00","date_gmt":"2016-10-24T22:00:00","guid":{"rendered":"http:\/\/lemotdujour.fr\/?p=1470"},"modified":"2017-05-08T13:29:31","modified_gmt":"2017-05-08T11:29:31","slug":"mardi-25102016","status":"publish","type":"post","link":"https:\/\/lemotdujour.fr\/?p=1470","title":{"rendered":"Mardi 25\/10\/2016"},"content":{"rendered":"<div class=\"mdjDate\">Mardi 25\/10\/2016<\/div>\n<div class=\"mdjTexte\">\u00abRien ne sert de courir ; il faut partir \u00e0 point.<br \/>Le Li\u00e8vre et la Tortue en sont un t\u00e9moignage.\u00bb<\/div>\n<div class=\"mdjAuteur\">Jean de la Fontaine (1621-1695)<\/div>\n<div class=\"mdjComplements\">Nous vivons une \u00e9poque moderne et formidable, dans laquelle malgr\u00e9 l&rsquo;obscurantisme de groupes religieux d\u00e9biles et archa\u00efques, des savants continuent \u00e0 chercher \u00e0 comprendre.<\/div>\n<div class=\"mdjComplements\">Nous connaissons tous\u00a0 la fable de La Fontaine :\u00a0\u00bbLe li\u00e8vre et la tortue\u00a0\u00bb qui aboutit \u00e0 un r\u00e9sultat contre intuitif : la tortue bat le li\u00e8vre \u00e0 la course.<\/div>\n<div class=\"mdjComplements\">La science dit que la fable a raison. Vous trouverez ces \u00e9l\u00e9ments sur ce site :\u00a0 <\/div>\n<div class=\"mdjComplements\"><a href=\"http:\/\/www.sciencesetavenir.fr\/animaux\/video-la-fable-le-lievre-et-la-tortue-disait-vrai_107367\">http:\/\/www.sciencesetavenir.fr\/animaux\/video-la-fable-le-lievre-et-la-tortue-disait-vrai_107367<\/a><\/div>\n<div class=\"mdjComplements\">En effet, les Tha\u00eflandais ont reproduit la course entre un li\u00e8vre (en fait, ici, un lapin&#8230;) et une tortue, lors d\u2019un salon sur les animaux de compagnie nomm\u00e9 Pet Variety qui s&rsquo;est d\u00e9roul\u00e9 \u00e0 Bangkok le 8 octobre 2016. Plusieurs courses ont eu lieu, faisant s&rsquo;affronter les animaux de diff\u00e9rents propri\u00e9taires et \u00e0 chaque fois la tortue a gagn\u00e9. Vous verrez une vid\u00e9o o\u00f9 on voit clairement le lapin avancer mais se d\u00e9tourner de son objectif, contrairement \u00e0 la tortue qui, elle, avance lentement, mais s\u00fbrement.<\/div>\n<div class=\"mdjComplements\">Comment expliquer ce r\u00e9sultat ? Les savants expliquent qu&rsquo;en raison des diff\u00e9rences de sensibilit\u00e9 des sens de ces animaux. Le lapin poss\u00e8de une ou\u00efe tr\u00e8s fine mais \u00e9galement un odorat tr\u00e8s d\u00e9velopp\u00e9. Le bruit et les diff\u00e9rentes odeurs provoqu\u00e9s par la foule ont sans doute distrait le petit animal qui n&rsquo;a pas cess\u00e9 de s&rsquo;arr\u00eater pour \u00ab\u00a0analyser\u00a0\u00bb ceux-ci. La tortue, quant \u00e0 elle, n&rsquo;utilise que peu son ou\u00efe et n&rsquo;est donc pas perturb\u00e9e par les sons ext\u00e9rieurs.<\/div>\n<div class=\"mdjComplements\">Je vous rappelle la fable : <\/div>\n<div class=\"mdjCiter\">Le Li\u00e8vre et la Tortue<\/div>\n<div class=\"mdjCiter\">Rien ne sert de courir ; il faut partir \u00e0 point.<\/div>\n<div class=\"mdjCiter\">Le Li\u00e8vre et la Tortue en sont un t\u00e9moignage.<\/div>\n<div class=\"mdjCiter\">Gageons, dit celle-ci, que vous n&rsquo;atteindrez point<\/div>\n<div class=\"mdjCiter\">Sit\u00f4t que moi ce but. &#8211; Sit\u00f4t ? Etes-vous sage ?<\/div>\n<div class=\"mdjCiter\">Repartit l&rsquo;animal l\u00e9ger.<\/div>\n<div class=\"mdjCiter\">Ma comm\u00e8re, il vous faut purger<\/div>\n<div class=\"mdjCiter\">Avec quatre grains d&rsquo;ell\u00e9bore.<\/div>\n<div class=\"mdjCiter\">&#8211; Sage ou non, je parie encore.<\/div>\n<div class=\"mdjCiter\">Ainsi fut fait : et de tous deux<\/div>\n<div class=\"mdjCiter\">On mit pr\u00e8s du but les enjeux :<\/div>\n<div class=\"mdjCiter\">Savoir quoi, ce n&rsquo;est pas l&rsquo;affaire,<\/div>\n<div class=\"mdjCiter\">Ni de quel juge l&rsquo;on convint.<\/div>\n<div class=\"mdjCiter\">Notre Li\u00e8vre n&rsquo;avait que quatre pas \u00e0 faire ;<\/div>\n<div class=\"mdjCiter\">J&rsquo;entends de ceux qu&rsquo;il fait lorsque pr\u00eat d&rsquo;\u00eatre atteint<\/div>\n<div class=\"mdjCiter\">Il s&rsquo;\u00e9loigne des chiens, les renvoie aux Calendes,<\/div>\n<div class=\"mdjCiter\">Et leur fait arpenter les landes.<\/div>\n<div class=\"mdjCiter\">Ayant, dis-je, du temps de reste pour brouter,<\/div>\n<div class=\"mdjCiter\">Pour dormir, et pour \u00e9couter<\/div>\n<div class=\"mdjCiter\">D&rsquo;o\u00f9 vient le vent, il laisse la Tortue<\/div>\n<div class=\"mdjCiter\">Aller son train de S\u00e9nateur.<\/div>\n<div class=\"mdjCiter\">Elle part, elle s&rsquo;\u00e9vertue ;<\/div>\n<div class=\"mdjCiter\">Elle se h\u00e2te avec lenteur.<\/div>\n<div class=\"mdjCiter\">Lui cependant m\u00e9prise une telle victoire,<\/div>\n<div class=\"mdjCiter\">Tient la gageure \u00e0 peu de gloire,<\/div>\n<div class=\"mdjCiter\">Croit qu&rsquo;il y va de son honneur<\/div>\n<div class=\"mdjCiter\">De partir tard. Il broute, il se repose,<\/div>\n<div class=\"mdjCiter\">Il s&rsquo;amuse \u00e0 toute autre chose<\/div>\n<div class=\"mdjCiter\">Qu&rsquo;\u00e0 la gageure. A la fin quand il vit<\/div>\n<div class=\"mdjCiter\">Que l&rsquo;autre touchait presque au bout de la carri\u00e8re,<\/div>\n<div class=\"mdjCiter\">Il partit comme un trait ; mais les \u00e9lans qu&rsquo;il fit<\/div>\n<div class=\"mdjCiter\">Furent vains : la Tortue arriva la premi\u00e8re.<\/div>\n<div class=\"mdjCiter\">Eh bien ! lui cria-t-elle, avais-je pas raison ?<\/div>\n<div class=\"mdjCiter\">De quoi vous sert votre vitesse ?<\/div>\n<div class=\"mdjCiter\">Moi, l&#8217;emporter ! Et que serait-ce<\/div>\n<div class=\"mdjCiter\">Si vous portiez une maison ?<\/div>\n","protected":false},"excerpt":{"rendered":"<p>Mardi 25\/10\/2016 \u00abRien ne sert de courir ; il faut partir \u00e0 point.Le Li\u00e8vre et la Tortue en sont un t\u00e9moignage.\u00bb Jean de la Fontaine (1621-1695) Nous vivons une \u00e9poque moderne et formidable, dans laquelle malgr\u00e9 l&rsquo;obscurantisme de groupes religieux<\/p>\n","protected":false},"author":1,"featured_media":0,"comment_status":"closed","ping_status":"closed","sticky":false,"template":"","format":"standard","meta":{"footnotes":""},"categories":[1],"tags":[],"class_list":["post-1470","post","type-post","status-publish","format-standard","hentry","category-motdujour"],"_links":{"self":[{"href":"https:\/\/lemotdujour.fr\/index.php?rest_route=\/wp\/v2\/posts\/1470","targetHints":{"allow":["GET"]}}],"collection":[{"href":"https:\/\/lemotdujour.fr\/index.php?rest_route=\/wp\/v2\/posts"}],"about":[{"href":"https:\/\/lemotdujour.fr\/index.php?rest_route=\/wp\/v2\/types\/post"}],"author":[{"embeddable":true,"href":"https:\/\/lemotdujour.fr\/index.php?rest_route=\/wp\/v2\/users\/1"}],"replies":[{"embeddable":true,"href":"https:\/\/lemotdujour.fr\/index.php?rest_route=%2Fwp%2Fv2%2Fcomments&post=1470"}],"version-history":[{"count":1,"href":"https:\/\/lemotdujour.fr\/index.php?rest_route=\/wp\/v2\/posts\/1470\/revisions"}],"predecessor-version":[{"id":1471,"href":"https:\/\/lemotdujour.fr\/index.php?rest_route=\/wp\/v2\/posts\/1470\/revisions\/1471"}],"wp:attachment":[{"href":"https:\/\/lemotdujour.fr\/index.php?rest_route=%2Fwp%2Fv2%2Fmedia&parent=1470"}],"wp:term":[{"taxonomy":"category","embeddable":true,"href":"https:\/\/lemotdujour.fr\/index.php?rest_route=%2Fwp%2Fv2%2Fcategories&post=1470"},{"taxonomy":"post_tag","embeddable":true,"href":"https:\/\/lemotdujour.fr\/index.php?rest_route=%2Fwp%2Fv2%2Ftags&post=1470"}],"curies":[{"name":"wp","href":"https:\/\/api.w.org\/{rel}","templated":true}]}}