{"id":14668,"date":"2023-05-12T06:40:00","date_gmt":"2023-05-12T04:40:00","guid":{"rendered":"https:\/\/lemotdujour.fr\/?p=14668"},"modified":"2023-05-21T23:48:30","modified_gmt":"2023-05-21T21:48:30","slug":"vendredi-12-mai-2023","status":"publish","type":"post","link":"https:\/\/lemotdujour.fr\/?p=14668","title":{"rendered":"Vendredi 12 mai 2023"},"content":{"rendered":"<div class=\"mdjTexte\">\u00ab\u00a0Symphonie n\u00b07 \u00ab\u00a0Leningrad\u00a0\u00bb\u00a0\u00bb<\/div>\n<div class=\"mdjAuteur\">Dimitri Chostakovich<\/div>\n<p><span style=\"color: #777777; font-family: Arial;\">Une nouvelle fois, ce jeudi 11 mai 2023, Annie et moi avons pris le train pour aller \u00e0 Paris.<br \/>\n<\/span><\/p>\n<p><img decoding=\"async\" class=\"alignleft\" src=\"https:\/\/lemotdujour.fr\/wp-content\/uploads\/2023\/05\/052123_1440_Vendredi12m1.jpg\" alt=\"\" align=\"left\" \/><span style=\"color: #777777; font-family: Arial;\">Notre destination \u00e9tait ce joyau pos\u00e9 au bord du p\u00e9riph\u00e9rique, dans la partie sud-est du parc de la Villette, face \u00e0 la Grande Halle de la Villette, \u00e0 c\u00f4t\u00e9 de la Cit\u00e9 de la musique et \u00e0 proximit\u00e9 de la Porte de Pantin : <span style=\"color: #0000ff;\"><a style=\"color: #0000ff;\" href=\"https:\/\/philharmoniedeparis.fr\/fr\/decouvrir\/philharmonie\"><strong>La Philharmonie de Paris<\/strong><\/a><\/span><strong><span style=\"color: #0000ff;\">.<\/span><br \/>\n<\/strong><\/span><\/p>\n<p><span style=\"color: #777777; font-family: Arial;\">Cette \u0153uvre architecturale, attribu\u00e9e \u00e0 Jean Nouvel, a \u00e9t\u00e9 inaugur\u00e9e le 14 janvier 2015.<br \/>\n<\/span><\/p>\n<p><span style=\"color: #777777; font-family: Arial;\">Et depuis la 1<sup>\u00e8re<\/sup> saison 2015\/2016, nous avons, avec Florence, souscrit chaque ann\u00e9e un abonnement, jusqu&rsquo;\u00e0 la p\u00e9riode COVID en 2020, pendant laquelle la moiti\u00e9 de nos concerts a \u00e9t\u00e9 annul\u00e9e.<br \/>\n<\/span><\/p>\n<p><span style=\"color: #777777; font-family: Arial;\">Nous n&rsquo;avons repris notre abonnement que pour 2022\/2023 et le concert du jeudi 11 mai \u00e9tait le dernier de la saison.<br \/>\n<\/span><\/p>\n<p><img decoding=\"async\" class=\"alignright\" src=\"https:\/\/lemotdujour.fr\/wp-content\/uploads\/2023\/05\/052123_1440_Vendredi12m2.jpg\" alt=\"\" align=\"right\" \/><span style=\"color: #777777; font-family: Arial;\">Je parle de joyau, parce que le geste architectural cr\u00e9e la curiosit\u00e9 et attire le regard.<br \/>\n<\/span><\/p>\n<p><span style=\"color: #777777; font-family: Arial;\">On a envie de s&rsquo;en approcher, d&rsquo;en faire le tour et bien s\u00fbr d&rsquo;y p\u00e9n\u00e9trer.<br \/>\n<\/span><\/p>\n<p><span style=\"color: #777777; font-family: Arial;\">Cet objet constitue l&rsquo;antith\u00e8se du monde des diamants.<br \/>\n<\/span><\/p>\n<p><span style=\"color: #777777; font-family: Arial;\">Dans une bijouterie l&rsquo;\u00e9crin accueille le joyau.<br \/>\n<\/span><\/p>\n<p><span style=\"color: #777777; font-family: Arial;\">Ici, au bord du parc de la Villette, le joyau renferme un \u00e9crin qui accueille et magnifie les symphonies de sons que la musique des humains est capable d&rsquo;\u00e9riger.<br \/>\n<\/span><\/p>\n<p><span style=\"color: #777777; font-family: Arial;\">Cet \u00e9crin, cette salle de concert de 2400 places a pour nom\u00a0: <strong>salle Pierre Boulez<\/strong>.<br \/>\n<\/span><\/p>\n<p><span style=\"color: #777777; font-family: Arial;\">Car c&rsquo;est le compositeur et chef d&rsquo;orchestre <span style=\"color: #0000ff;\"><a style=\"color: #0000ff;\" href=\"https:\/\/lemotdujour.fr\/?p=1574\">Pierre Boulez<\/a> <\/span>qui voulait et qui plaidait pour que les institutions culturelles cr\u00e9ent ce lieu, \u00e0 Paris.<br \/>\n<\/span><\/p>\n<p><img decoding=\"async\" class=\"alignleft\" src=\"https:\/\/lemotdujour.fr\/wp-content\/uploads\/2023\/05\/052123_1440_Vendredi12m3.jpg\" alt=\"\" align=\"left\" \/><span style=\"color: #777777; font-family: Arial;\">Pierre Boulez a pu visiter le chantier mais n&rsquo;a jamais vu le r\u00e9sultat final.<br \/>\n<\/span><\/p>\n<p><span style=\"color: #777777; font-family: Arial;\">D\u00e9but 2015, malade, quasi aveugle, le musicien qui vivait \u00e0 Baden-Baden en Allemagne, n&rsquo;a pas pu venir \u00e0 Paris.<br \/>\n<\/span><\/p>\n<p><span style=\"color: #777777; font-family: Arial;\">Il est mort, un an plus tard le 5 janvier 2016. Alors, il a \u00e9t\u00e9 d\u00e9cid\u00e9 d&rsquo;appeler l&rsquo;\u00e9crin du nom de cet homme.<br \/>\n<\/span><\/p>\n<p><span style=\"color: #777777; font-family: Arial;\">Mais Boulez aurait-il appr\u00e9ci\u00e9 le concert que nous avons v\u00e9cu ce jeudi, car le c\u0153ur du programme \u00e9tait constitu\u00e9 par la <strong>7<sup>\u00e8me<\/sup> symphonie de Chostakovitch<\/strong>, celle qui a pour nom <strong>\u00ab\u00a0L\u00e9ningrad<\/strong> \u00bb ?<br \/>\n<\/span><\/p>\n<p><span style=\"color: #777777; font-family: Arial;\">Or Boulez consid\u00e9rait Chostakovitch comme un compositeur de seconde zone\u00a0: <span style=\"color: #0000ff;\"><a style=\"color: #0000ff;\" href=\"https:\/\/www.resmusica.com\/2016\/01\/08\/pierre-boulez-de-la-posture-au-mythe\/\">\u00ab un succ\u00e9dan\u00e9 de Mahler \u00bb<\/a><\/span>. Et il avait pr\u00e9cis\u00e9 sa pens\u00e9e dans <span style=\"color: #0000ff;\"><a style=\"color: #0000ff;\" href=\"https:\/\/www.lemonde.fr\/archives\/article\/2000\/02\/27\/la-musique-contre-l-enfer_3585857_1819218.html\">un quotidien britannique<\/a> <\/span>:<br \/>\n<\/span><\/p>\n<p style=\"margin-left: 28pt;\"><span style=\"color: #c00000; font-family: Arial;\">\u00ab C&rsquo;est comme pour les huiles d&rsquo;olive : il y a les premi\u00e8res pressions et les autres. Je dirais que Chostakovitch est une deuxi\u00e8me ou troisi\u00e8me pression de Mahler. \u00bb<br \/>\n<\/span><\/p>\n<p><span style=\"color: #777777; font-family: Arial;\">J&rsquo;ai entendu r\u00e9cemment<strong> Daniel Barenbo\u00efm<\/strong> qui, dans des termes plus mesur\u00e9s que son grand ami Boulez,\u00a0 jugeait Chostakovitch avec la m\u00eame s\u00e9v\u00e9rit\u00e9.<br \/>\n<\/span><\/p>\n<p><img decoding=\"async\" class=\"alignleft\" src=\"https:\/\/lemotdujour.fr\/wp-content\/uploads\/2023\/05\/052123_1440_Vendredi12m4.jpg\" alt=\"\" align=\"left\" \/><span style=\"color: #777777; font-family: Arial;\"><strong>Christian Merlin<\/strong> a consacr\u00e9, la semaine du 15 mai 2023, <span style=\"color: #0000ff;\"><a style=\"color: #0000ff;\" href=\"https:\/\/www.radiofrance.fr\/francemusique\/podcasts\/au-coeur-de-l-orchestre\/chostakovitch-et-l-orchestre-5301703\">4 \u00e9missions<\/a><\/span> \u00e0 la musique orchestrale de Chostakovitch. Dans une de ses \u00e9missions il a cit\u00e9 <strong>Herbert von Karajan<\/strong> qui a dit\u00a0:<br \/>\n<\/span><\/p>\n<p style=\"margin-left: 28pt;\"><span style=\"color: #c00000; font-family: Arial;\">\u00ab\u00a0Si j&rsquo;\u00e9tais compositeur, je composerais comme Dimitri Chostakovitch\u00a0\u00bb<br \/>\n<\/span><\/p>\n<p><span style=\"color: #777777; font-family: Arial;\">Pour ma part, je suis r\u00e9solument d&rsquo;accord avec Karajan. J&rsquo;avais d\u00e9j\u00e0 fait remarquer que Boulez disait beaucoup de b\u00eatises sur les autres compositeurs. Dans <span style=\"color: #0000ff;\"><a style=\"color: #0000ff;\" href=\"https:\/\/lemotdujour.fr\/?p=9555\">ma s\u00e9rie sur Schubert<\/a>\u00a0<\/span> je l&rsquo;avais cit\u00e9 dans cette phrase ind\u00e9fendable :<br \/>\n<\/span><\/p>\n<p style=\"margin-left: 28pt;\"><span style=\"color: #c00000; font-family: Arial;\">\u00ab Si Schubert a \u00e9crit une seule note de musique, cela veut dire que je n&rsquo;ai rien compos\u00e9 du tout. \u00bb<br \/>\n<\/span><\/p>\n<p><span style=\"color: #777777; font-family: Arial;\">Ma conclusion fut\u00a0:<br \/>\n<\/span><\/p>\n<p style=\"margin-left: 28pt;\"><span style=\"color: #c00000; font-family: Arial;\">\u00ab\u00a0Si on prend cette phrase au premier degr\u00e9, je pense que c&rsquo;est la deuxi\u00e8me proposition qui est la plus vraisemblable.\u00a0\u00bb<br \/>\n<\/span><\/p>\n<p><span style=\"color: #777777; font-family: Arial;\">Nous avons donc eu la gr\u00e2ce d&rsquo;entendre cette symphonie qui a pour nom \u00ab L\u00e9ningrad \u00bb. Le compositeur Dimitri Chostakovitch (1906\u20131975) a termin\u00e9 cette symphonie le 27 d\u00e9cembre 1941 et l&rsquo;a d\u00e9di\u00e9e \u00e0 sa ville natale, attaqu\u00e9e depuis seize semaines. L\u00e9ningrad est assi\u00e9g\u00e9e pendant 900 jours par l&rsquo;Allemagne nazie, et environ un tiers de la population urbaine d&rsquo;avant-guerre est tu\u00e9e.<br \/>\n<\/span><\/p>\n<p><span style=\"color: #777777; font-family: Arial;\">Le journal canadien \u00ab\u00a0<strong>Le Devoir<\/strong>\u00a0\u00bb \u00e9crit dans un article de 2018\u00a0: &lt; <span style=\"color: #0000ff;\"><a style=\"color: #0000ff;\" href=\"https:\/\/www.ledevoir.com\/culture\/musique\/533740\/la-leningrad-de-chostakovitch-une-symphonie-pour-l-humanite\">La \u00abLeningrad\u00bb de Chostakovitch: une symphonie pour l&rsquo;humanit\u00e9<\/a><\/span>&gt;\u00a0:<br \/>\n<\/span><\/p>\n<p style=\"margin-left: 28pt;\"><span style=\"color: #c00000; font-family: Arial;\">\u00ab\u00a0Bien des \u00e9pisodes li\u00e9s \u00e0 la symphonie \u00ab Leningrad \u00bb sont \u00e9piques. Lorsque Chostakovitch joua au piano les trois premiers mouvements \u00e0 des amis le 17 septembre 1941, le si\u00e8ge de la ville venait de commencer. L&rsquo;un des participants raconte le hurlement des sir\u00e8nes, Chostakovitch \u00e9vacuant sa femme et ses deux enfants \u00e0 l&rsquo;abri et continuant de jouer au piano dans le vacarme de la d\u00e9fense antia\u00e9rienne. \u00ab Pour finir, il rejoua l&rsquo;ensemble [\u2026]. En rentrant, nous aper\u00e7\u00fbmes du tramway les lueurs de l&rsquo;incendie [\u2026]. Encore sous le coup du noble pathos de cette symphonie, nous ressentions avec une acuit\u00e9 toute particuli\u00e8re l&rsquo;absurdit\u00e9 de ce qui nous entourait. \u00bb<br \/>\n<\/span><\/p>\n<p><span style=\"color: #777777; font-family: Arial;\">\u00ab\u00a0<strong>Wikipedia<\/strong>\u00a0\u00bb a consacr\u00e9 un article \u00e0 la \u00ab\u00a0<a href=\"https:\/\/fr.wikipedia.org\/wiki\/Cr%C3%A9ation_%C3%A0_L%C3%A9ningrad_de_la_symphonie_no_7_de_Chostakovitch\"><span style=\"color: #0000ff;\">Cr\u00e9ation \u00e0 L\u00e9ningrad de la symphonie no 7 de Chostakovitch<\/span><\/a>\u00a0\u00bb. C&rsquo;est une page d&rsquo;Histoire absolument incroyable et unique, il me semble que tout homme de culture et d&rsquo;Histoire, m\u00eame celles et ceux qui ont des difficult\u00e9s avec la musique classique devrait lire cette page d&rsquo;Histoire que j&rsquo;essaie de r\u00e9sumer.\u00a0:<br \/>\n<\/span><\/p>\n<p><img loading=\"lazy\" decoding=\"async\" class=\"alignleft\" src=\"https:\/\/lemotdujour.fr\/wp-content\/uploads\/2023\/05\/052123_1440_Vendredi12m5.jpg\" alt=\"\" width=\"407\" height=\"301\" align=\"left\" \/><span style=\"color: #777777; font-family: Arial;\">Chostakovitch pr\u00e9voyait que la cr\u00e9ation de la symphonie reviendrait \u00e0 la Philharmonie de L\u00e9ningrad, mais l&rsquo;ensemble est \u00e9vacu\u00e9. La premi\u00e8re mondiale est donn\u00e9e \u00e0 <strong>Kou\u00efbychev<\/strong> aujourd&rsquo;hui <strong>Samara<\/strong>, le 5 mars 1942.<br \/>\n<\/span><\/p>\n<p><span style=\"color: #777777; font-family: Arial;\">Puis la symphonie sera jou\u00e9e le 29 mars \u00e0 Moscou.<br \/>\n<\/span><\/p>\n<p><span style=\"color: #777777; font-family: Arial;\">La partition de la symphonie sera microfilm\u00e9e pour s&rsquo;envoler pour T\u00e9h\u00e9ran en avril, afin de permettre sa publication \u00e0 l&rsquo;Ouest. Elle est cr\u00e9\u00e9e \u00e0 Londres, le 22 juin par le London Philharmonic Orchestra. Et puis la premi\u00e8re am\u00e9ricaine aura lieu, le 19 juillet 1942, par le plus illustre chef d&rsquo;orchestre vivant <strong>Arturo Toscanini<\/strong> dirigeant son Orchestre symphonique de la NBC.<br \/>\n<\/span><\/p>\n<p><span style=\"color: #777777; font-family: Arial;\">Mais l\u2019\u00c9tat sovi\u00e9tique parviendra finalement \u00e0 faire jouer cette symphonie dans la ville de L\u00e9ningrad assi\u00e9g\u00e9e dans la grande salle de la Philharmonie <strong>le 9 ao\u00fbt 1942, <\/strong>jou\u00e9e par le seul ensemble symphonique restant \u00e0 L\u00e9ningrad, apr\u00e8s l&rsquo;\u00e9vacuation de la Philharmonie\u00a0: <strong>L&rsquo;Orchestre symphonique de la Radio de L\u00e9ningrad \u2014 avec son chef Carl Eliasberg<\/strong>.<br \/>\n<\/span><\/p>\n<p><span style=\"color: #777777; font-family: Arial;\">Apr\u00e8s bien des p\u00e9rip\u00e9ties et une pr\u00e9paration d&rsquo;une duret\u00e9 dans les conditions de vie, la faim est omnipr\u00e9sente, dans le danger des combats et des bombardements, dans une discipline de fer impos\u00e9e par le chef d&rsquo;orchestre, le concert peut avoir lieu.<br \/>\n<\/span><\/p>\n<p style=\"margin-left: 28pt;\"><span style=\"color: #c00000; font-family: Arial;\">\u00ab\u00a0Le concert est donn\u00e9 dans la grande salle de la Philharmonie le 9 ao\u00fbt 1942. C&rsquo;est le jour d\u00e9sign\u00e9 par Hitler pour c\u00e9l\u00e9brer la chute de la ville, avec un somptueux banquet \u00e0 l&rsquo;H\u00f4tel Astoria de L\u00e9ningrad. [\u2026]<br \/>\n<\/span><\/p>\n<p style=\"margin-left: 28pt;\"><span style=\"color: #c00000; font-family: Arial;\">Le Lieutenant-G\u00e9n\u00e9ral Govorov commande un bombardement des positions de l&rsquo;artillerie allemande avant le concert, dans une op\u00e9ration sp\u00e9ciale, avec le nom de code \u00ab Bourrasque \u00bb. Les agents du renseignement sovi\u00e9tique avaient localis\u00e9 les batteries allemandes et les postes d&rsquo;observation depuis plusieurs semaines, en pr\u00e9paration de l&rsquo;attaque. Trois mille obus de fort calibre sont lanc\u00e9s sur l&rsquo;ennemi. Le but de l&rsquo;op\u00e9ration est d&#8217;emp\u00eacher les Allemands de cibler la salle de concert et de s&rsquo;assurer qu&rsquo;ils seraient assez silencieux pour laisser entendre la musique sur les haut-parleurs, dont la mise en place avait \u00e9t\u00e9 ordonn\u00e9e. Il a aussi encourag\u00e9 les soldats sovi\u00e9tiques \u00e0 \u00e9couter le concert \u00e0 la radio. [\u2026]<br \/>\n<\/span><\/p>\n<p style=\"margin-left: 28pt;\"><span style=\"color: #c00000; font-family: Arial;\">Un public important se rassemble pour le concert, compos\u00e9 de chefs du Parti, de militaires et de civils. Les citoyens de L\u00e9ningrad, qui ne peuvent pas tous tenir dans la salle, sont rassembl\u00e9s autour des fen\u00eatres ouvertes et de haut-parleurs. [\u2026] L&rsquo;ex\u00e9cution est de mauvaise qualit\u00e9 artistique, mais est marqu\u00e9e par les houles d&rsquo;\u00e9motions du public, [&#8230;]<br \/>\n<\/span><\/p>\n<p style=\"margin-left: 28pt;\"><span style=\"color: #c00000; font-family: Arial;\">Le concert re\u00e7oit une ovation d&rsquo;une heure, debout, Eliasberg recevant un bouquet de fleurs cultiv\u00e9es \u00e0 L\u00e9ningrad remis par une jeune fille. De nombreux auditeurs sont en larmes, en raison de l&rsquo;impact \u00e9motionnel du concert, consid\u00e9r\u00e9 comme une \u00ab biographie musicale des souffrances de L\u00e9ningrad \u00bb [\u2026] <\/span><span style=\"color: #c00000; font-family: Arial;\">Pendant le concert, les haut-parleurs diffusent la musique \u00e0 travers la ville, ainsi qu&rsquo;\u00e0 destination des forces allemandes dans un mouvement de guerre psychologique, une \u00ab frappe tactique contre le moral des allemands \u00bb. Un soldat allemand s&rsquo;est rappel\u00e9 que son escadron a \u00ab \u00e9cout\u00e9 la symphonie des h\u00e9ros \u00bb. Eliasberg, quelque temps apr\u00e8s, raconte que certains Allemands qui campaient \u00e0 l&rsquo;ext\u00e9rieur de L\u00e9ningrad pendant le concert lui ont dit qu&rsquo;ils avaient cru qu&rsquo;ils ne pourraient jamais s&#8217;emparer de la ville : \u00ab Qui sommes-nous avec nos bombes ? Nous ne serons jamais en mesure de prendre L\u00e9ningrad. \u00bb\u00a0\u00bb<br \/>\n<\/span><\/p>\n<p><span style=\"color: #777777; font-family: Arial;\">\u0152uvre d&rsquo;une puissance et d&rsquo;une \u00e9motion incommensurable, les motivations de Chostakovitch sont ambig\u00fces et secr\u00e8tes.<br \/>\n<\/span><\/p>\n<p><span style=\"color: #777777; font-family: Arial;\">Chostakovitch d\u00e9clare \u00e0 la Pravda le 19 mars 1942, \u00e0 trois jours de la cr\u00e9ation moscovite\u00a0:<br \/>\n<\/span><\/p>\n<p style=\"margin-left: 28pt;\"><span style=\"color: #c00000; font-family: Arial;\">\u00ab J&rsquo;ai song\u00e9 \u00e0 la grandeur de notre peuple, \u00e0 son h\u00e9ro\u00efsme, aux merveilleuses id\u00e9es humanistes, aux valeurs humaines, \u00e0 notre nature superbe, \u00e0 l&rsquo;humanit\u00e9, \u00e0 la beaut\u00e9. [\u2026] Je d\u00e9die ma Septi\u00e8me Symphonie \u00e0 notre combat contre le fascisme, \u00e0 notre victoire in\u00e9luctable sur l&rsquo;ennemi et \u00e0 Leningrad, ma ville natale \u00bb.<br \/>\n<\/span><\/p>\n<p><span style=\"color: #777777; font-family: Arial;\">Tr\u00e8s vite, Staline et les Sovi\u00e9tiques en font un instrument de propagande, l&rsquo;un des symboles de la \u00ab Grande Guerre patriotique \u00bb. Il faut dire que les sous-titres pr\u00e9vus par Chostakovitch pour chacun des quatre mouvements allaient dans ce sens : \u00ab La guerre \u00bb, \u00ab Souvenirs \u00bb, \u00ab Les grands espaces de ma patrie \u00bb et \u00ab La victoire \u00bb.<br \/>\n<\/span><\/p>\n<p><span style=\"color: #777777; font-family: Arial;\">Par la suite, il retirera ces titres et dans ses M\u00e9moires Chostakovitch amendera ses propos\u00a0:<br \/>\n<\/span><\/p>\n<p style=\"margin-left: 28pt;\"><span style=\"color: #c00000; font-family: Arial;\">\u00ab Je ne suis pas oppos\u00e9 \u00e0 ce [qu&rsquo;on l&rsquo;appelle] Leningrad. Mais il n&rsquo;y est pas question du si\u00e8ge de Leningrad. Il y est question du Leningrad que Staline a d\u00e9truit. Et Hitler n&rsquo;a plus eu qu&rsquo;\u00e0 l&rsquo;achever. \u00bb<br \/>\n<\/span><\/p>\n<p><span style=\"color: #777777; font-family: Arial;\">Pour que cette \u0153uvre puisse nous remplir de vibrations, d&rsquo;\u00e9nergie et d&rsquo;\u00e9motion, il faut une interpr\u00e9tation superlative.<br \/>\n<\/span><\/p>\n<p><span style=\"color: #777777; font-family: Arial;\">Ce fut le cas ce jeudi 11 mai par un <strong>Orchestre de Paris<\/strong> transcend\u00e9 par son jeune chef de 27 ans <strong>Klaus M\u00e4kel\u00e4<\/strong>.<br \/>\n<\/span><\/p>\n<p><img decoding=\"async\" class=\"aligncenter\" src=\"https:\/\/lemotdujour.fr\/wp-content\/uploads\/2023\/05\/052123_1440_Vendredi12m6.jpg\" alt=\"\" \/><span style=\"color: #777777; font-family: Arial;\"><br \/>\n<\/span><\/p>\n<p><span style=\"color: #777777; font-family: Arial;\">J&rsquo;avais d\u00e9j\u00e0 parl\u00e9 de ce jeune chef lors du <span style=\"color: #0000ff;\">&lt;<a style=\"color: #0000ff;\" href=\"https:\/\/lemotdujour.fr\/?p=6700\">mot du jour du 16 mai 2019<\/a>&gt;<\/span> d\u00e9j\u00e0 \u00e0 l&rsquo;occasion d&rsquo;une symphonie de Chostakovitch : la dixi\u00e8me. Je ne le connaissais pas alors, ni mon Ami Bertrand G. Mais \u00e0 la fin du concert je lui avais envoy\u00e9 un sms :<br \/>\n<\/span><\/p>\n<p style=\"margin-left: 28pt;\"><span style=\"color: #777777; font-family: Arial;\">\u00ab\u00a0<span style=\"color: #c00000;\">Tu en entendras parler c&rsquo;est un chef exceptionnel. Surtout \u00e0 son \u00e2ge<span style=\"color: #777777;\">\u00a0\u00bb<span style=\"color: #c00000;\"><br \/>\n<\/span><\/span><\/span><\/span><\/p>\n<p><span style=\"color: #777777; font-family: Arial;\">Depuis il a \u00e9t\u00e9 nomm\u00e9 directeur musical de l&rsquo;Orchestre de Paris et peu de temps apr\u00e8s, futur directeur musical d&rsquo;un des quatre plus grands orchestres du monde : l&rsquo;Orchestre du Concertgebouw d&rsquo;Amsterdam.<br \/>\n<\/span><\/p>\n<p><span style=\"color: #777777; font-family: Arial;\">J&rsquo;ai l&rsquo;immodestie de pr\u00e9tendre que je n&rsquo;ai pas besoin de lire l&rsquo;avis des critiques musicaux pour savoir que j&rsquo;ai assist\u00e9 \u00e0 un concert immense, exceptionnel, un moment d&rsquo;\u00e9ternit\u00e9.<br \/>\n<\/span><\/p>\n<p><span style=\"color: #777777; font-family: Arial;\">Mais je peux quand m\u00eame les citer quand ils expriment avec pertinence ce que j&rsquo;ai ressenti\u00a0:<br \/>\n<\/span><\/p>\n<p><span style=\"color: #777777; font-family: Arial;\">Ainsi <strong>Remy Louis<\/strong> dans \u00ab\u00a0<strong>Diapason Mag<\/strong>\u00a0\u00bb\u00a0: &lt;<span style=\"color: #0000ff;\"><a style=\"color: #0000ff;\" href=\"https:\/\/www.diapasonmag.fr\/critiques\/a-la-philharmonie-de-paris-le-chostakovitch-monumental-de-klaus-makela-37175.html\">le Chostakovitch monumental de Klaus M\u00e4kel\u00e4<\/a><\/span><\/span><strong>&gt;<\/strong><\/p>\n<p style=\"margin-left: 28pt;\"><span style=\"color: #c00000; font-family: Arial;\">\u00ab\u00a0Le r\u00e9sultat est une interpr\u00e9tation monumentale de la Symphonie \u00ab Leningrad \u00bb. Monumentale par l&rsquo;autorit\u00e9, la force, l&rsquo;intensit\u00e9 physique et sonore (litt\u00e9ralement terrifiante dans certains apog\u00e9es), l&rsquo;\u00e9chelle dynamique vertigineuse, le contr\u00f4le des phras\u00e9s, la tenue et la coh\u00e9rence expressive, sans un instant de baisse de tension, ni de trivialit\u00e9 sonore. Mais aussi par la finesse et la clart\u00e9 magistrale de la structure, le raffinement des nuances et des transitions. [\u2026]<br \/>\n<\/span><\/p>\n<p style=\"margin-left: 28pt;\"><span style=\"color: #c00000; font-family: Arial;\">Mais ce qui confirme que M\u00e4kel\u00e4 est un grand directeur musical, et pas seulement un tr\u00e8s grand chef, c&rsquo;est le niveau d&rsquo;ex\u00e9cution de l&rsquo;Orchestre de Paris, depuis des mois dans une forme \u00e9blouissante. Bois, cuivres et percussions sont admirables, on le sait. Mais jamais l&rsquo;unit\u00e9 et l&rsquo;homog\u00e9n\u00e9it\u00e9 de texture des pupitres de cordes [\u2026] n&rsquo;ont \u00e9t\u00e9 aussi \u00e9lev\u00e9es.\u00a0\u00bb<br \/>\n<\/span><\/p>\n<p><span style=\"color: #777777; font-family: Arial;\"><strong>Patrice Imbaud<\/strong> dans \u00ab\u00a0<a href=\"https:\/\/www.resmusica.com\/2023\/05\/12\/soiree-russe-contrastee-pour-beatrice-rana-et-klaus-makela-a-la-philharmonie-de-paris\/\"><strong><span style=\"color: #0000ff;\">Resmusica\u00a0<\/span><\/strong><\/a><strong>\u00bb<\/strong><\/span><\/p>\n<p style=\"margin-left: 28pt;\"><span style=\"color: #c00000; font-family: Arial;\">\u00ab\u00a0V\u00e9ritable maelstr\u00f6m orchestral cataclysmique engageant tout l&rsquo;orchestre, superbement construit, riche en nuances, port\u00e9 par une tension intense presque douloureuse qui ach\u00e8ve en beaut\u00e9 cette exceptionnelle interpr\u00e9tation.\u00a0\u00bb<br \/>\n<\/span><\/p>\n<p><span style=\"color: #777777; font-family: Arial;\"><strong>Hannah Starman<\/strong> sur le site \u00ab\u00a0<strong>Toute la Culture<\/strong>\u00a0\u00bb\u00a0: \u00ab\u00a0<a href=\"https:\/\/toutelaculture.com\/musique\/classique-musique\/une-septieme-de-chostakovitch-terrifiante-dactualite-a-la-philharmonie-de-paris\/\"><span style=\"color: #0000ff;\">Une Septi\u00e8me de Chostakovitch terrifiante d&rsquo;actualit\u00e9 \u00e0 la Philharmonie de Paris<\/span>\u00a0<\/a>\u00bb\u00a0:<br \/>\n<\/span><\/p>\n<p style=\"margin-left: 28pt;\"><span style=\"color: #c00000; font-family: Arial;\">\u00ab\u00a0Klaus M\u00e4kel\u00e4 \u00e9voque l&rsquo;aspect historique \u00ab\u00a0absolument terrifiant\u00a0\u00bb de la Symphonie N\u00b0 7 dont l&rsquo;ex\u00e9cution demande une intense concentration et un investissement \u00e9motionnel hors norme. [\u2026] La conclusion est massive, expressive, fabuleusement cauchemardesque et interpr\u00e9t\u00e9e par un chef et un orchestre qui ont tout donn\u00e9. Le public \u00e9prouv\u00e9 remerciera les musiciens \u00e9puis\u00e9s avec une ovation debout plus que m\u00e9rit\u00e9e. Une performance exceptionnelle ! \u00a0\u00bb<br \/>\n<\/span><\/p>\n<p><img loading=\"lazy\" decoding=\"async\" class=\"alignleft\" src=\"https:\/\/lemotdujour.fr\/wp-content\/uploads\/2023\/05\/052123_1440_Vendredi12m7.jpg\" alt=\"\" width=\"449\" height=\"298\" align=\"left\" \/><span style=\"color: #777777; font-family: Arial;\">Et l&rsquo;analyse que je pr\u00e9f\u00e8re celle d&rsquo;<strong>Alain Lompech<\/strong> sur le site \u00ab<span style=\"color: #0000ff;\">\u00a0<\/span><a href=\"https:\/\/bachtrack.com\/fr_FR\/critique-chostakovitch-makela-rana-orchestre-de-paris-philharmonie-paris-mai-2023\"><span style=\"color: #0000ff;\">BACHTRACK<\/span><\/a>\u00a0\u00bb<br \/>\n<\/span><\/p>\n<p style=\"margin-left: 28pt;\"><span style=\"color: #c00000; font-family: Arial;\">\u00ab\u00a0Ce soir, l&rsquo;ovation extraordinaire qui accueille le dernier accord ne doit rien au poids de l&rsquo;histoire et tout \u00e0 la puissance cr\u00e9atrice de Chostakovitch, qui provoque l&rsquo;une de ces \u00e9motions collectives que seule la musique peut entra\u00eener. La fa\u00e7on dont les musiciens de l&rsquo;Orchestre de Paris et leur chef recr\u00e9ent cette Symphonie n\u00b0 7 donne \u00e0 l&rsquo;ouvrage un visage diff\u00e9rent, pas moins intense mais comme r\u00e9sign\u00e9 parfois, baign\u00e9 par une lumi\u00e8re cr\u00e9pusculaire \u00e9treignante. D&rsquo;une mobilit\u00e9 expressive incessante, tout entier dans son orchestre bien plus qu&rsquo;il n&rsquo;est devant lui et au-dessus de lui, le chef pulv\u00e9rise les id\u00e9es re\u00e7ues : sa compr\u00e9hension de la forme du propos, sa fa\u00e7on de diriger tout en laissant les musiciens libres de jouer, sa ma\u00eetrise du temps, de l&rsquo;articulation, de la balance orchestrale, de l&rsquo;art des transitions et de la dynamique, le naturel avec lequel il parvient \u00e0 ordonner, sans qu&rsquo;il y paraisse, le premier mouvement et plus encore cette heure et quart de musique fleuve, cin\u00e9matographique jusque dans sa modulation et son crescendo conclusifs \u00ab babyloniens \u00bb, dont il soul\u00e8ve cette \u0153uvre gigantesque, parfois intime et implorante, jamais triviale ainsi dirig\u00e9e et jou\u00e9e font prendre conscience que cette musique issue du c\u0153ur retourne au c\u0153ur ind\u00e9pendamment de tout sc\u00e9nario, de toute image quand un chef l&rsquo;aime pour ce qu&rsquo;elle est.\u00a0\u00bb<br \/>\n<\/span><\/p>\n<p><span style=\"color: #777777; font-family: Arial;\">Analyse qui finit par cette belle conclusion en forme de pri\u00e8re\u00a0:<br \/>\n<\/span><\/p>\n<p style=\"margin-left: 28pt;\"><span style=\"color: #c00000; font-family: Arial;\">\u00ab\u00a0<strong>Et l&rsquo;Orchestre de Paris \u00e0 chaque note semble dire \u00e0 son chef : \u00ab reste avec nous Klaus, on joue mieux ici qu&rsquo;\u00e0 Amsterdam<\/strong> \u00bb&#8230;<br \/>\n<\/span><\/p>\n<p><span style=\"color: #777777; font-family: Arial;\">A la fin du concert, un tout jeune homme assis \u00e0 c\u00f4t\u00e9 de nous, rempli d&rsquo;\u00e9motion nous regarde et nous r\u00e9v\u00e8le\u00a0: \u00ab\u00a0<span style=\"color: #c00000;\">Je n&rsquo;ai jamais v\u00e9cu quelque chose d&rsquo;aussi puissant, cela n&rsquo;a rien \u00e0 voir avec le disque<span style=\"color: #777777;\">\u00a0\u00bb.<br \/>\n<\/span><\/span><\/span><\/p>\n<p><span style=\"color: #777777; font-family: Arial;\">Sur la route vers la sortie un homme plus \u00e2g\u00e9 m&rsquo;approuve quand je dis que \u00ab\u00a0<span style=\"color: #c00000;\">l&rsquo;Orchestre de Paris vit son \u00e2ge d&rsquo;or\u00a0<span style=\"color: #777777;\">\u00bb.<br \/>\n<\/span><\/span><\/span><\/p>\n<p><span style=\"color: #777777; font-family: Arial;\">Je crois que ce serait tr\u00e8s regrettable que les parisiens qui aiment la musique ou d&rsquo;autres qui peuvent se rendre \u00e0 la Philharmonie, n\u00e9gligent l&rsquo;opportunit\u00e9 de participer \u00e0 quelques moments de cet \u00e2ge d&rsquo;or.<br \/>\n<\/span><\/p>\n<p><span style=\"color: #c00000; font-family: Arial;\">&lt;1748&gt;<\/span><\/p>\n","protected":false},"excerpt":{"rendered":"<p>\u00ab\u00a0Symphonie n\u00b07 \u00ab\u00a0Leningrad\u00a0\u00bb\u00a0\u00bb Dimitri Chostakovich Une nouvelle fois, ce jeudi 11 mai 2023, Annie et moi avons pris le train pour aller \u00e0 Paris. Notre destination \u00e9tait ce joyau pos\u00e9 au bord du p\u00e9riph\u00e9rique, dans la partie sud-est du parc<\/p>\n","protected":false},"author":1,"featured_media":0,"comment_status":"open","ping_status":"closed","sticky":false,"template":"","format":"standard","meta":{"footnotes":""},"categories":[1],"tags":[158,20,78],"class_list":["post-14668","post","type-post","status-publish","format-standard","hentry","category-motdujour","tag-communisme","tag-musique","tag-russie"],"_links":{"self":[{"href":"https:\/\/lemotdujour.fr\/index.php?rest_route=\/wp\/v2\/posts\/14668","targetHints":{"allow":["GET"]}}],"collection":[{"href":"https:\/\/lemotdujour.fr\/index.php?rest_route=\/wp\/v2\/posts"}],"about":[{"href":"https:\/\/lemotdujour.fr\/index.php?rest_route=\/wp\/v2\/types\/post"}],"author":[{"embeddable":true,"href":"https:\/\/lemotdujour.fr\/index.php?rest_route=\/wp\/v2\/users\/1"}],"replies":[{"embeddable":true,"href":"https:\/\/lemotdujour.fr\/index.php?rest_route=%2Fwp%2Fv2%2Fcomments&post=14668"}],"version-history":[{"count":11,"href":"https:\/\/lemotdujour.fr\/index.php?rest_route=\/wp\/v2\/posts\/14668\/revisions"}],"predecessor-version":[{"id":14685,"href":"https:\/\/lemotdujour.fr\/index.php?rest_route=\/wp\/v2\/posts\/14668\/revisions\/14685"}],"wp:attachment":[{"href":"https:\/\/lemotdujour.fr\/index.php?rest_route=%2Fwp%2Fv2%2Fmedia&parent=14668"}],"wp:term":[{"taxonomy":"category","embeddable":true,"href":"https:\/\/lemotdujour.fr\/index.php?rest_route=%2Fwp%2Fv2%2Fcategories&post=14668"},{"taxonomy":"post_tag","embeddable":true,"href":"https:\/\/lemotdujour.fr\/index.php?rest_route=%2Fwp%2Fv2%2Ftags&post=14668"}],"curies":[{"name":"wp","href":"https:\/\/api.w.org\/{rel}","templated":true}]}}