{"id":1464,"date":"2016-10-20T02:00:00","date_gmt":"2016-10-19T22:00:00","guid":{"rendered":"http:\/\/lemotdujour.fr\/?p=1464"},"modified":"2020-06-12T15:38:41","modified_gmt":"2020-06-12T13:38:41","slug":"jeudi-20102016","status":"publish","type":"post","link":"https:\/\/lemotdujour.fr\/?p=1464","title":{"rendered":"Jeudi 20 octobre 2016"},"content":{"rendered":"<div class=\"mdjTexte\">\u00ab\u00a0Avoir le monde en main, [signifie \u00e0 coup s\u00fbr] automatiquement aussi, \u00eatre aux mains du monde\u00a0\u00bb<\/div>\n<div class=\"mdjAuteur\">Maurizio Ferraris dans son livre <a href=\"http:\/\/www.chez-mon-libraire.fr\/livre\/9782130736370-revue-d-histoire-litteraire-de-la-france-mobilisation-totale-l-appel-du-portable-maurizio-ferraris\/\"><span style=\"color: #0000ff;\">&lt;Mobilisation Totale ; L&rsquo;appel Du Portable&gt;<\/span><\/a>, paru en ao\u00fbt 2016<\/div>\n<p><span style=\"color: #777777; font-family: Arial;\">J&rsquo;avais d\u00e9j\u00e0 \u00e9voqu\u00e9 <strong>Maurizio Ferraris<\/strong>, philosophe italien et son livre dont est extrait l&rsquo;exergue du mot du jour. C&rsquo;\u00e9tait lors du mot du jour du 16 septembre consacr\u00e9 au droit \u00e0 la d\u00e9connexion pour les salari\u00e9s reconnu par le paragraphe 7 de l&rsquo;article L2242-8 du code travail et qui a \u00e9t\u00e9 mis en \u0153uvre par la fameuse Loi travail.<br \/>\n<\/span><\/p>\n<p><span style=\"color: #777777; font-family: Arial;\">Mais il me paraissait pertinent d&rsquo;approfondir la r\u00e9flexion de Maurizio Ferraris, d&rsquo;abord parce que j&rsquo;ai \u00e9cout\u00e9 une \u00e9mission, la Grande Table, qui posait la question <a href=\"http:\/\/www.franceculture.fr\/emissions\/la-grande-table-2eme-partie\/smartphone-faut-il-decreter-letat-durgence\"><span style=\"color: blue; text-decoration: underline;\">&lt;Smartphone, faut-il d\u00e9cr\u00e9ter l&rsquo;\u00e9tat d&rsquo;urgence ?&gt;<\/span><\/a> et dans laquelle il \u00e9tait invit\u00e9.<br \/>\n<\/span><\/p>\n<p><span style=\"color: #777777; font-family: Arial;\">Ensuite parce que cette r\u00e9flexion constitue comme un miroir critique \u00e0 celle de Michel Serres qui pr\u00e9sentait l&rsquo;aspect positif du smartphone\u00a0:<br \/>\n<\/span><\/p>\n<p style=\"margin-left: 28pt;\"><span style=\"color: #c00000; font-family: Arial;\">\u00ab\u00a0Les jeunes g\u00e9n\u00e9rations ont compris ce que signifiait le mot maintenant, qu&rsquo;il faut lire main tenant, c&rsquo;est \u00e0 dire tenant dans la main. Avec les smartphones qu&rsquo;ils tiennent dans la main, ils peuvent imm\u00e9diatement \u00e9changer avec tous leurs proches ou personnes qu&rsquo;ils connaissent quel que soit le lieu o\u00f9 les uns et les autres se trouvent dans le monde. Ils peuvent acc\u00e9der \u00e0 l&rsquo;information et \u00e0 la connaissance instantan\u00e9ment en surfant sur les outils de l&rsquo;internet, ils peuvent envoyer, maintenant, des photos qu&rsquo;ils viennent de prendre quelques secondes auparavant etc&#8230;\u00a0\u00bb<br \/>\n<\/span><\/p>\n<p><span style=\"color: #777777; font-family: Arial;\">Il s&rsquo;agissait du mot du jour du 21 novembre 2012, le 23<sup>\u00e8me<\/sup>, alors que nous sommes aujourd&rsquo;hui au 773<sup>\u00e8me<\/sup>.<br \/>\n<\/span><\/p>\n<p><img loading=\"lazy\" decoding=\"async\" class=\"alignleft\" src=\"https:\/\/lemotdujour.fr\/wp-content\/uploads\/2020\/06\/061220_1336_LundiXXmai21.jpg\" alt=\"\" width=\"187\" height=\"284\" align=\"left\" \/><span style=\"color: #777777; font-family: Arial;\">J&rsquo;ai pu lire un extrait de ce livre <a href=\"http:\/\/www.chez-mon-libraire.fr\/livre\/9782130736370-revue-d-histoire-litteraire-de-la-france-mobilisation-totale-l-appel-du-portable-maurizio-ferraris\/\"><span style=\"color: blue; text-decoration: underline;\">&lt;Mobilisation Totale ; L&rsquo;appel Du Portable&gt;<\/span><\/a> sur internet. Extrait auquel vous avez acc\u00e8s en suivant ce <a href=\"https:\/\/books.google.fr\/books?id=myfdDAAAQBAJ&amp;pg=PT9&amp;lpg=PT9&amp;dq=Avoir+le+monde+en+main,+signifie+aussi+automatiquement+d%27%C3%AAtre+aux+mains+du+Monde&amp;source=bl&amp;ots=Dmba_P-quo&amp;sig=Z5yNEbWMHH1g4sKuYHvfeI-O96s&amp;hl=fr&amp;sa=X&amp;ved=0ahUKEwjNioHu_97PAhXB1hoKHfUXBWAQ6AEIIzAB\"><span style=\"color: blue; text-decoration: underline;\">&lt;Lien&gt;<\/span><\/a><br \/>\n<\/span><\/p>\n<p><span style=\"color: #777777; font-family: Arial;\">Ce livre se penche sur ce ph\u00e9nom\u00e8ne de soci\u00e9t\u00e9 engendr\u00e9 par les smartphones et la connexion au monde et montre comment cette sollicitation permanente se transforme en dispositif de mobilisation.<br \/>\n<\/span><\/p>\n<p><span style=\"color: #777777; font-family: Arial;\">Dans ce livre, Ferraris utilise le terme \u00ab\u00a0arme\u00a0\u00bb pour parler de l&rsquo;ensemble de ces appareils mobiles qui nous asservissent parce qu&rsquo;il a cr\u00e9\u00e9 en italien l&rsquo;acronyme \u00ab\u00a0<strong>ARMI\u00a0\u00bb<\/strong> qui a \u00e9t\u00e9 traduit en fran\u00e7ais par <strong>A<\/strong>ppareils de <strong>R<\/strong>egistration (en r\u00e9alit\u00e9 enregistrement) et de <strong>M<\/strong>obilisation d&rsquo;<strong>I<\/strong>ntentionnalit\u00e9.<br \/>\n<\/span><\/p>\n<p><span style=\"color: #777777; font-family: Arial;\">Voil\u00e0 ce qu&rsquo;il \u00e9crit par exemple\u00a0:<br \/>\n<\/span><\/p>\n<p style=\"margin-left: 28pt;\"><span style=\"color: #c00000; font-family: Arial;\">\u00ab\u00a0Comment et pourquoi l&rsquo;appel nous mobilise ?<br \/>\n<\/span><\/p>\n<p style=\"margin-left: 28pt;\"><span style=\"color: #c00000; font-family: Arial;\">L&rsquo;appel est avant tout une responsabilisation : je r\u00e9ponds parce que je me sens apostroph\u00e9, moi, pr\u00e9cis\u00e9ment moi. La responsabilit\u00e9 dont je me sens investi a un caract\u00e8re incomparable de \u00ab premi\u00e8re personne \u00bb : le message m&rsquo;est adress\u00e9 \u00e0 moi, et je sens la n\u00e9cessit\u00e9 de r\u00e9pondre avec le m\u00eame naturel avec lequel le philosophe am\u00e9ricain John Searle, dans l&rsquo;anecdote qu&rsquo;il rapporte au d\u00e9but de \u00ab<span style=\"color: blue;\">\u00a0<span style=\"color: #0000ff;\"><a style=\"color: #0000ff;\" href=\"http:\/\/www.chez-mon-libraire.fr\/livre\/9782070749348-la-construction-de-la-realite-sociale-john-r-searle\/\"><span style=\"text-decoration: underline;\">la construction de la r\u00e9alit\u00e9 sociale\u00a0<\/span><\/a><\/span><span style=\"color: #c00000;\">\u00bb, sent la n\u00e9cessit\u00e9 d&rsquo;entrer dans un bar \u00e0 Paris et de commander une bi\u00e8re. [\u2026]<br \/>\n<\/span><\/span><\/span><\/p>\n<p style=\"margin-left: 28pt;\"><span style=\"color: #c00000; font-family: Arial;\"><strong><em>L&rsquo;absolu<\/em><\/strong>. Qu&rsquo;est-ce qui rend d&rsquo;autant plus puissant l&rsquo;appel du portable par rapport \u00e0 la bi\u00e8re de Searle ? Pour le dire en deux mots : si la bi\u00e8re a quelque chose \u00e0 voir avec l&rsquo;esprit, fut-ce avec celui du houblon, l&rsquo;appel communique avec l&rsquo;absolu. Pour la premi\u00e8re fois dans l&rsquo;histoire du monde, nous avons l&rsquo;absolu dans la poche.<br \/>\n<\/span><\/p>\n<p style=\"margin-left: 28pt;\"><span style=\"color: #c00000; font-family: Arial;\">Le dispositif, dont <strong>le Web<\/strong> est la manifestation la plus \u00e9vidente, <strong>est un empire sur lequel le soleil de se couche jamais<\/strong>, et le fait d&rsquo;avoir un Smartphone dans la poche <strong>signifie \u00e0 coup s\u00fbr avoir le monde en main, mais automatiquement aussi, \u00eatre aux mains du monde<\/strong> : \u00e0 chaque instant pourra arriver une requ\u00eate et \u00e0 chaque instant nous serons responsables<br \/>\n<\/span><\/p>\n<p style=\"margin-left: 28pt;\"><span style=\"color: #c00000; font-family: Arial;\">M\u00eame si l&rsquo;on \u00e9tablissait par contrat de travail qu&rsquo;on ne travaille qu&rsquo;une heure par semaine, dans les faits s&rsquo;appliquerait le principe selon lequel on travaille \u00e0 toute heure du jour [\u2026].<br \/>\n<\/span><\/p>\n<p style=\"margin-left: 28pt;\"><span style=\"color: #c00000; font-family: Arial;\"><strong><em>Le mobile mobilise<\/em><\/strong>. Voil\u00e0 ce qui a chang\u00e9 depuis l&rsquo;\u00e9poque de la bi\u00e8re de Searle. Que celui qui est encore en mesure de le faire, revienne en arri\u00e8re, \u00e0 l&rsquo;\u00e9poque o\u00f9 les t\u00e9l\u00e9phones \u00e9taient des appareils fixes et seulement capables de communiquer, sans aucun aspect li\u00e9 \u00e0 l&rsquo;enregistrement. \u00c0 cette \u00e9poque, qui ne se trouvait pas physiquement dans les parages d&rsquo;un t\u00e9l\u00e9phone fixe li\u00e9 \u00e0 son entourage (domicile ou bureau), \u00e9tait virtuellement soulag\u00e9 de toute responsabilit\u00e9. Le t\u00e9l\u00e9phone sonnait mais si cet individu avait un motif valide pour ne pas se trouver chez lui ou \u00e0 son bureau, le fait d&rsquo;\u00eatre injoignable de pouvait en aucune fa\u00e7on lui \u00eatre imput\u00e9. Ajoutons que le fixe \u00e9tait non seulement localisable, mais il \u00e9tait en principe amn\u00e9sique (avant l&rsquo;invention des r\u00e9pondeurs enregistreurs ou autres syst\u00e8mes de m\u00e9morisation des appels), si bien qu&rsquo;il ne restait pas de trace des coups de t\u00e9l\u00e9phone m\u00eame quand on revenait dans les parages de l&rsquo;appareil. Donc, l\u00e0 aussi, aucune responsabilit\u00e9 [\u2026].<br \/>\n<\/span><\/p>\n<p style=\"margin-left: 28pt;\"><span style=\"color: #c00000; font-family: Arial;\">Le seul t\u00e9l\u00e9phone mobile (mais sans m\u00e9moire) qui ait exist\u00e9 un bon nombre d&rsquo;ann\u00e9es fut le t\u00e9l\u00e9phone rouge, con\u00e7u en 1963. Enferm\u00e9 dans une boite, il suivait comme une ombre ou un spectre le pr\u00e9sident des \u00c9tats-Unis et pouvait \u00eatre utilis\u00e9 pour communiquer directement avec le dirigeant de l&rsquo;Union sovi\u00e9tique en cas de menace nucl\u00e9aire. Cette \u00e9vocation de la sph\u00e8re militaire appara\u00eet r\u00e9trospectivement proph\u00e9tique. Les armes contemporaines sont des dispositifs mobiles et mobilisant qui tirent tout leur pouvoir du fait d&rsquo;\u00eatre toujours aupr\u00e8s de nous et \u00e9ternellement muni de m\u00e9moire. Ce qui signifie justement qu&rsquo;\u00e0 la diff\u00e9rence de ce qui se produisit avec le fixe, nous sommes responsables face aux messages qui peuvent nous arriver, et cela en tout lieu et \u00e0 tout instant. M\u00eame si l&rsquo;on se trouvait dans une zone sans r\u00e9seau ou si nos \u00ab armes \u00bb \u00a0\u00e9taient pour quelque raison d\u00e9charg\u00e9es, en tr\u00e8s peu de temps la m\u00e9moire, se r\u00e9activant, nous mettrait face \u00e0 nos responsabilit\u00e9s, c&rsquo;est-\u00e0-dire aux messages qui nous seraient arriv\u00e9s durant la p\u00e9riode de d\u00e9connexion. [\u2026]<br \/>\n<\/span><\/p>\n<p style=\"margin-left: 28pt;\"><span style=\"color: #c00000; font-family: Arial;\"><strong><em>Action.<\/em><\/strong> G\u00e9n\u00e9ralement l&rsquo;appel ne se limite pas \u00e0 requ\u00e9rir une r\u00e9ponse ; il exige une action. D\u00e8s l&rsquo;instant o\u00f9 une grande part du travail se fait \u00e0 travers les \u00ab armes \u00bb, l&rsquo;acc\u00e8s \u00e0 ces \u00ab armes \u00bb \u00a0\u00e9quivaut \u00e0 l&rsquo;acc\u00e8s au travail : qu&rsquo;on pense \u00e0 la quantit\u00e9 de prestations fournies par les \u00ab armes \u00bb \u00a0hors des horaires habituels de service. Ce travail est non r\u00e9tribu\u00e9 et souvent m\u00eame il n&rsquo;est pas comptabilis\u00e9 comme travail, ce qui implique une nouvelle fronti\u00e8re de l&rsquo;exploitation, qui commence au moment o\u00f9, comme cela se faisait en de nombreuses entreprises on oblige les employ\u00e9s \u00e0 \u00eatre toujours muni d&rsquo;un smartphone.<br \/>\n<\/span><\/p>\n<p style=\"margin-left: 28pt;\"><img loading=\"lazy\" decoding=\"async\" class=\"alignright\" src=\"https:\/\/lemotdujour.fr\/wp-content\/uploads\/2020\/06\/061220_1336_LundiXXmai22.jpg\" alt=\"\" width=\"333\" height=\"305\" align=\"left\" \/><span style=\"color: #c00000; font-family: Arial;\">Les mobilis\u00e9s acceptent d&rsquo;\u00eatre appel\u00e9s \u00e0 agir \u00e0 tout moment et c&rsquo;est aussi une diminution objective de libert\u00e9, qui n&rsquo;est compens\u00e9 par aucun avantage \u00e9conomique et qui m\u00eame, le plus souvent, se transforme en un travail gratuit, que ne couvre aucune protection syndicale. [\u2026]<br \/>\n<\/span><\/p>\n<p style=\"margin-left: 28pt;\"><span style=\"color: #c00000; font-family: Arial;\"><strong><em>Responsabilit\u00e9<\/em><\/strong>. Le message qui t&rsquo;est destin\u00e9, est destin\u00e9 \u00e0 toi. Qui te l&rsquo;as envoy\u00e9 sait que tu l&rsquo;as lu. L&rsquo;ordre se pr\u00e9sente comme un commandement individuel, de fa\u00e7on tr\u00e8s diff\u00e9rente de ce qui se passait avec les m\u00e9dias du si\u00e8cle pr\u00e9c\u00e9dent. De ce point de vue, notre situation a chang\u00e9 par rapport \u00e0 l&rsquo;\u00e9poque de la radio et de la t\u00e9l\u00e9vision. On se lamentait alors du fait qu&rsquo;on se trouvait submerg\u00e9 par un flot d&rsquo;informations, surabondant et ing\u00e9rable. Et alors ? O\u00f9 \u00e9tait le probl\u00e8me ? Il suffisait de ne pas en tenir compte. Il est bien plus difficile d&rsquo;affronter l&rsquo;avalanche de sollicitations, de requ\u00eates, de demandes impatientes qui sont adress\u00e9s par l&rsquo;arm\u00e9e mobile qui nous enserre.\u00a0\u00bb<br \/>\n<\/span><\/p>\n<p><a href=\"http:\/\/www.lesinrocks.com\/2016\/08\/20\/actualite\/sommes-devenus-dependants-de-nos-portables-11858522\/\"><span style=\"color: blue; font-family: Arial; text-decoration: underline;\">&lt;Vous pouvez aussi lire cet article des Inrocks qui analyse ce livre&gt;<\/span><\/a><span style=\"color: #777777; font-family: Arial;\"><br \/>\n<\/span><\/p>\n<p><span style=\"color: #777777; font-family: Arial;\">Cette r\u00e9flexion apparait tr\u00e8s n\u00e9gative. A mon analyse, elle ne contredit pas la vision optimiste de Michel Serres, elle la compl\u00e8te.<br \/>\n<\/span><\/p>\n<p><span style=\"color: #777777; font-family: Arial;\">Le smartphone est \u00e0 la fois un outil formidable comme le d\u00e9crit Michel Serres, et un outil d&rsquo;asservissement comme le montre Maurizio Ferraris.<br \/>\n<\/span><\/p>\n<p><span style=\"color: #777777; font-family: Arial;\">Il nous faut suffisamment de sagesse pour profiter de ses fonctionnalit\u00e9s et ma\u00eetriser ses exc\u00e8s.<br \/>\n<\/span><\/p>\n<p><span style=\"color: #777777; font-family: Arial;\">Bref, il faut mater notre smartphone et savoir se d\u00e9connecter\u00a0!<br \/>\n<\/span><\/p>\n<div><span style=\"color: #800000;\">&lt;773&gt;<\/span><\/div>\n","protected":false},"excerpt":{"rendered":"<p>\u00ab\u00a0Avoir le monde en main, [signifie \u00e0 coup s\u00fbr] automatiquement aussi, \u00eatre aux mains du monde\u00a0\u00bb Maurizio Ferraris dans son livre &lt;Mobilisation Totale ; L&rsquo;appel Du Portable&gt;, paru en ao\u00fbt 2016 J&rsquo;avais d\u00e9j\u00e0 \u00e9voqu\u00e9 Maurizio Ferraris, philosophe italien et son<\/p>\n","protected":false},"author":1,"featured_media":0,"comment_status":"closed","ping_status":"closed","sticky":false,"template":"","format":"standard","meta":{"footnotes":""},"categories":[1],"tags":[10,32,7],"class_list":["post-1464","post","type-post","status-publish","format-standard","hentry","category-motdujour","tag-economie","tag-numerique","tag-societe"],"_links":{"self":[{"href":"https:\/\/lemotdujour.fr\/index.php?rest_route=\/wp\/v2\/posts\/1464","targetHints":{"allow":["GET"]}}],"collection":[{"href":"https:\/\/lemotdujour.fr\/index.php?rest_route=\/wp\/v2\/posts"}],"about":[{"href":"https:\/\/lemotdujour.fr\/index.php?rest_route=\/wp\/v2\/types\/post"}],"author":[{"embeddable":true,"href":"https:\/\/lemotdujour.fr\/index.php?rest_route=\/wp\/v2\/users\/1"}],"replies":[{"embeddable":true,"href":"https:\/\/lemotdujour.fr\/index.php?rest_route=%2Fwp%2Fv2%2Fcomments&post=1464"}],"version-history":[{"count":5,"href":"https:\/\/lemotdujour.fr\/index.php?rest_route=\/wp\/v2\/posts\/1464\/revisions"}],"predecessor-version":[{"id":9176,"href":"https:\/\/lemotdujour.fr\/index.php?rest_route=\/wp\/v2\/posts\/1464\/revisions\/9176"}],"wp:attachment":[{"href":"https:\/\/lemotdujour.fr\/index.php?rest_route=%2Fwp%2Fv2%2Fmedia&parent=1464"}],"wp:term":[{"taxonomy":"category","embeddable":true,"href":"https:\/\/lemotdujour.fr\/index.php?rest_route=%2Fwp%2Fv2%2Fcategories&post=1464"},{"taxonomy":"post_tag","embeddable":true,"href":"https:\/\/lemotdujour.fr\/index.php?rest_route=%2Fwp%2Fv2%2Ftags&post=1464"}],"curies":[{"name":"wp","href":"https:\/\/api.w.org\/{rel}","templated":true}]}}