{"id":1461,"date":"2016-10-18T02:00:00","date_gmt":"2016-10-17T22:00:00","guid":{"rendered":"http:\/\/lemotdujour.fr\/?p=1461"},"modified":"2017-05-08T13:29:09","modified_gmt":"2017-05-08T11:29:09","slug":"mardi-18102016","status":"publish","type":"post","link":"https:\/\/lemotdujour.fr\/?p=1461","title":{"rendered":"Mardi 18\/10\/2016"},"content":{"rendered":"<div class=\"mdjDate\">Mardi 18\/10\/2016<\/div>\n<div class=\"mdjTexte\">\u00ab Il faut conna\u00eetre le go\u00fbt du vinaigre pour appr\u00e9cier celui du miel. \u00bb<\/div>\n<div class=\"mdjAuteur\">Fatima Charrihi<\/div>\n<div class=\"mdjComplements\">Il n&rsquo;est pas n\u00e9cessaire d&rsquo;\u00eatre \u00e9rudit ou Philosophe, \u00e9l\u00e8ve de la rue d&rsquo;Ulm pour manifester de la sagesse.<\/div>\n<div class=\"mdjComplements\">Dans mon exp\u00e9rience de vie j&rsquo;ai rencontr\u00e9 des gens tr\u00e8s simples qui poss\u00e9daient ce que j&rsquo;appellerais, l&rsquo;intelligence du c\u0153ur. <\/div>\n<div class=\"mdjComplements\">Qui est Fatima Charrihi ?<\/div>\n<div class=\"mdjComplements\">Il se trouve que j&rsquo;en ai parl\u00e9 tr\u00e8s r\u00e9cemment, dans le mot du jour du 3 octobre 2016 : \u00abLa premi\u00e8re victime du carnage de Nice, le 14 juillet 2016, \u00e9tait une musulmane.\u00bb. C&rsquo;\u00e9tait Fatima Charrihi.<\/div>\n<div class=\"mdjComplements\">Ce week end, il y a eu un hommage national aux victimes de Nice et le Parisien a donn\u00e9 la parole \u00e0 son fils. Pour ma part je l&rsquo;ai appris <a href=\"https:\/\/www.franceinter.fr\/emissions\/la-revue-de-presse-de-frederic-pommier\/la-revue-de-presse-de-frederic-pommier-15-octobre-2016\">par la revue de presse de Fr\u00e9d\u00e9ric Pommier <\/a>: <\/div>\n<div class=\"mdjCiter\"><strong>\u00ab<\/strong>Il s\u2019appelle Ali Charrihi, et sa m\u00e8re Fatima fait partie des 86 victimes de l\u2019attentat perp\u00e9tr\u00e9 le 14 juillet sur la promenade des Anglais. Il s\u2019appelle Ali Charrihi, et comme ses fr\u00e8res et s\u0153urs, il sera pr\u00e9sent ce matin \u00e0 l\u2019hommage national rendu aux victimes du terroriste de Nice. Et, \u00e0 Louise Colcombet, il explique, dans LE PARISIEN, l\u2019importance qu\u2019a pour lui la c\u00e9r\u00e9monie d\u2019aujourd\u2019hui. \u00ab A travers le pr\u00e9sident de la R\u00e9publique, c\u2019est la nation toute enti\u00e8re qui va honorer la m\u00e9moire de ma m\u00e8re. La nation toute enti\u00e8re qui va envoyer un message d\u2019union et de paix. \u00bb Et puis, c\u2019est aussi, avoue-t-il, une \u00ab indispensable \u00bb \u00e9tape dans sa reconstruction. Il se dit hant\u00e9 par cette nuit terrible du 14 juillet \u2013 des flashs qui lui reviennent quasi quotidiennement, malgr\u00e9 le soutien des psychologues et malgr\u00e9 les m\u00e9dicaments\u2026 Il est hant\u00e9, aussi, par le sentiment d\u2019impuissance et de culpabilit\u00e9 des survivants.<\/div>\n<div class=\"mdjCiter\">Si lui-m\u00eame n\u2019est pas mort ce soir-l\u00e0, c\u2019est parce que sa m\u00e8re l\u2019avait, avec son p\u00e8re, envoy\u00e9 d\u00e9placer leur voiture qui \u00e9tait gar\u00e9e en double file. \u00ab C\u2019est comme si elle avait su\u2026 Comme si elle m\u2019avait prot\u00e9g\u00e9 une derni\u00e8re fois. Mais pour elle, je n\u2019ai rien pu faire \u00bb, ajoute-t-il en pr\u00e9cisant qu\u2019il a cependant ranim\u00e9 deux femmes de 80 ans. Aujourd\u2019hui, il d\u00e9crit sa famille \u00ab en lambeaux \u00bb, car Fatima \u00e9tait \u00ab le pilier de la maison \u00bb. Mais il a toutefois d\u00e9cid\u00e9 de ne pas sombrer dans le chagrin : Ali Charrihi veut agir. Elev\u00e9 dans le respect absolu de la R\u00e9publique, il souhaite d\u00e9sormais s\u2019investir pour relayer le message de paix que Fatima, \u00e0 n\u2019en pas douter, aurait elle-m\u00eame profess\u00e9 si elle avait surv\u00e9cu.<\/div>\n<div class=\"mdjCiter\">Il s\u2019est ainsi rapproch\u00e9 de Latifa Ibn Ziaten, la m\u00e8re de la premi\u00e8re victime de Mohammed Mehra, dont l\u2019association multiplie les interventions pour pr\u00f4ner le vivre-ensemble en milieu scolaire. \u00ab Je voudrais, dit-il, faire comprendre aux jeunes la chance qu\u2019ils ont de vivre en France. Ce n\u2019est pas un pays de m\u00e9cr\u00e9ants qui leur veut du mal, c\u2019est un pays qui nous propose un avenir commun. Mais pour s\u2019int\u00e9grer, ils doivent se battre, comme l\u2019ont fait nos parents. \u00bb Et Ali de citer un proverbe qui \u00e9tait cher \u00e0 sa m\u00e8re : \u00ab Il faut conna\u00eetre le go\u00fbt du vinaigre pour appr\u00e9cier celui du miel. \u00bb Des paroles qui font du bien. Et un portrait qui fait du bien.\u00bb<\/div>\n<div class=\"mdjComplements\">Tout le monde n&rsquo;est pas bienveillant, ni sage. Dans la m\u00eame revue de presse de ce samedi, on apprend : <\/div>\n<div class=\"mdjCiter\"><strong>\u00ab<\/strong>[Les victimes], si l\u2019on croit ce matin LIBERATION, suscitent parfois la convoitise de structures peu scrupuleuses\u2026 \u00ab La double peine pour les victimes \u00bb : c\u2019est le titre \u00e0 la Une\u2026 Enqu\u00eate d\u2019Isma\u00ebl Halissat qui s\u2019est plong\u00e9 dans le maquis des associations qui prennent en charge les rescap\u00e9s du 14 juillet. Des associations rigoureuses pour la majorit\u00e9 d\u2019entre elles, mais d\u2019autres, en revanche, ont des pratiques un peu douteuses. Certaines prennent ainsi de grandes libert\u00e9s avec les r\u00e8gles de d\u00e9ontologie, et orientent tr\u00e8s rapidement les victimes vers quelques avocats qui se partagent les dossiers d\u2019indemnisation. Des avocats qui pratiqueraient en outre des honoraires exorbitants, avoisinant les 20% &#8211; quand on sait que l\u2019indemnisation peut atteindre plusieurs centaines de milliers d\u2019euros, 20% c\u2019est donc colossal. Sachant que, selon le journal, des avocats se seraient d\u00e9j\u00e0 directement servis dans les premiers fonds d\u2019urgence. \u00ab Et les victimes ne voient m\u00eame pas que cela pose un probl\u00e8me \u00bb, se d\u00e9sole une juriste.\u00bb<\/div>\n<div class=\"mdjComplements\">Grandeur et bassesse de l&rsquo;humanit\u00e9<\/div>\n<div class=\"mdjComplements\">Le miel et le vinaigre&#8230;<\/div>\n","protected":false},"excerpt":{"rendered":"<p>Mardi 18\/10\/2016 \u00ab Il faut conna\u00eetre le go\u00fbt du vinaigre pour appr\u00e9cier celui du miel. \u00bb Fatima Charrihi Il n&rsquo;est pas n\u00e9cessaire d&rsquo;\u00eatre \u00e9rudit ou Philosophe, \u00e9l\u00e8ve de la rue d&rsquo;Ulm pour manifester de la sagesse. Dans mon exp\u00e9rience de<\/p>\n","protected":false},"author":1,"featured_media":0,"comment_status":"closed","ping_status":"closed","sticky":false,"template":"","format":"standard","meta":{"footnotes":""},"categories":[1],"tags":[],"class_list":["post-1461","post","type-post","status-publish","format-standard","hentry","category-motdujour"],"_links":{"self":[{"href":"https:\/\/lemotdujour.fr\/index.php?rest_route=\/wp\/v2\/posts\/1461","targetHints":{"allow":["GET"]}}],"collection":[{"href":"https:\/\/lemotdujour.fr\/index.php?rest_route=\/wp\/v2\/posts"}],"about":[{"href":"https:\/\/lemotdujour.fr\/index.php?rest_route=\/wp\/v2\/types\/post"}],"author":[{"embeddable":true,"href":"https:\/\/lemotdujour.fr\/index.php?rest_route=\/wp\/v2\/users\/1"}],"replies":[{"embeddable":true,"href":"https:\/\/lemotdujour.fr\/index.php?rest_route=%2Fwp%2Fv2%2Fcomments&post=1461"}],"version-history":[{"count":1,"href":"https:\/\/lemotdujour.fr\/index.php?rest_route=\/wp\/v2\/posts\/1461\/revisions"}],"predecessor-version":[{"id":1462,"href":"https:\/\/lemotdujour.fr\/index.php?rest_route=\/wp\/v2\/posts\/1461\/revisions\/1462"}],"wp:attachment":[{"href":"https:\/\/lemotdujour.fr\/index.php?rest_route=%2Fwp%2Fv2%2Fmedia&parent=1461"}],"wp:term":[{"taxonomy":"category","embeddable":true,"href":"https:\/\/lemotdujour.fr\/index.php?rest_route=%2Fwp%2Fv2%2Fcategories&post=1461"},{"taxonomy":"post_tag","embeddable":true,"href":"https:\/\/lemotdujour.fr\/index.php?rest_route=%2Fwp%2Fv2%2Ftags&post=1461"}],"curies":[{"name":"wp","href":"https:\/\/api.w.org\/{rel}","templated":true}]}}