{"id":14605,"date":"2023-04-27T00:42:18","date_gmt":"2023-04-26T22:42:18","guid":{"rendered":"https:\/\/lemotdujour.fr\/?p=14605"},"modified":"2023-05-15T20:04:21","modified_gmt":"2023-05-15T18:04:21","slug":"jeudi-27-avril-2023","status":"publish","type":"post","link":"https:\/\/lemotdujour.fr\/?p=14605","title":{"rendered":"Jeudi 27 avril 2023"},"content":{"rendered":"<div class=\"mdjTexte\">\u00ab\u00a0Cette r\u00e9sistance \u00e0 la cruaut\u00e9 du monde, qu&rsquo;offre la passion aux \u00eatres qu&rsquo;elle habite.\u00a0!\u00bb<\/div>\n<div class=\"mdjAuteur\">Jean-Guy Soumy<\/div>\n<p><span style=\"color: #777777; font-family: Arial;\">Qu&rsquo;est-ce qu&rsquo;un bon livre\u00a0?<br \/>\n<\/span><\/p>\n<p><span style=\"color: #777777; font-family: Arial;\">Probablement que chacun poss\u00e8de sa propre r\u00e9ponse.<br \/>\n<\/span><\/p>\n<p><span style=\"color: #777777; font-family: Arial;\">Pour moi, c&rsquo;est un livre qui lorsque j&rsquo;y entre je n&rsquo;arrive \u00e0 en sortir qu&rsquo;une fois la derni\u00e8re page atteinte. Il n&rsquo;est pas possible de s&rsquo;arr\u00eater avant.<br \/>\n<\/span><\/p>\n<p><img decoding=\"async\" class=\"alignleft\" src=\"https:\/\/lemotdujour.fr\/wp-content\/uploads\/2023\/04\/042623_2237_Jeudi27avri1.jpg\" alt=\"\" align=\"left\" \/><span style=\"color: #777777; font-family: Arial;\">Ce fut le cas pour \u00ab\u00a0<strong>Le Silence<\/strong>\u00a0\u00bb de <strong>Jean-Guy Soumy<\/strong>, commenc\u00e9 en d\u00e9but d&rsquo;apr\u00e8s-midi, je ne l&rsquo;ai l\u00e2ch\u00e9 qu&rsquo;en d\u00e9but de soir\u00e9e lorsque je l&rsquo;avais termin\u00e9.<br \/>\n<\/span><\/p>\n<p><span style=\"color: #777777; font-family: Arial;\">Je ne connaissais pas Jean-Guy Soumy avant que Sophie m&rsquo;en parle. Elle a marqu\u00e9 tant d&rsquo;enthousiasme pour cet auteur, que j&rsquo;ai voulu tenter l&rsquo;aventure.<br \/>\n<\/span><\/p>\n<p><span style=\"color: #777777; font-family: Arial;\">Je suis all\u00e9 dans une des biblioth\u00e8ques de Lyon qui devait d\u00e9tenir 3 de ses livres. Quand je suis arriv\u00e9, deux \u00e9taient pr\u00eat\u00e9s, il restait \u00ab\u00a0Le silence\u00a0\u00bb, alors je l&rsquo;ai emprunt\u00e9.<br \/>\n<\/span><\/p>\n<p><span style=\"color: #777777; font-family: Arial;\">Jean-Guy Soumy est n\u00e9 le 1er juin 1952 \u00e0 Gu\u00e9ret dans la Creuse, d\u00e9partement dans lequel il habite toujours.<br \/>\n<\/span><\/p>\n<p><span style=\"color: #777777; font-family: Arial;\">Apr\u00e8s ses \u00e9tudes, il est devenu professeur de math\u00e9matiques.<br \/>\n<\/span><\/p>\n<p><span style=\"color: #777777; font-family: Arial;\">Sa page Wikip\u00e9dia nous apprend qu&rsquo;il est coauteur d&rsquo;ouvrages de math\u00e9matiques parus dans la collection \u00ab Vivre les math\u00e9matiques \u00bb chez l&rsquo;\u00e9diteur Armand Colin.<br \/>\n<\/span><\/p>\n<p><span style=\"color: #777777; font-family: Arial;\">Mais son grand dessein est d&rsquo;\u00e9crire des romans.<br \/>\n<\/span><\/p>\n<p><span style=\"color: #777777; font-family: Arial;\">Il fait partie de la \u00ab\u00a0<strong>Nouvelle \u00e9cole de Brive<\/strong>\u00a0\u00bb dans laquelle se trouvait aussi <strong>Claude Michelet, <\/strong>l&rsquo;auteur de<strong> \u00ab\u00a0Des grives aux loups. \u00bb <\/strong>et qui est d\u00e9c\u00e9d\u00e9 le 26 mai 2022.<br \/>\n<\/span><\/p>\n<p><span style=\"color: #777777; font-family: Arial;\">Claude Michelet avait fait auparavant partie de \u00ab\u00a0<strong>L&rsquo;\u00e9cole de Brive<\/strong>\u00a0\u00bb qu&rsquo;on avait d\u00e9crit comme un mouvement r\u00e9gionaliste. Ce que Michelet nuan\u00e7ait dans cet article d&rsquo;\u00ab\u00a0<a href=\"https:\/\/www.ouest-france.fr\/pays-de-la-loire\/la-nouvelle-ecole-de-brive-un-groupe-damis-1430994\"><span style=\"color: #0000ff;\">Ouest France<\/span>\u00a0<\/a>\u00bb\u00a0de juillet 2013 :<br \/>\n<\/span><\/p>\n<p style=\"margin-left: 28pt;\"><span style=\"color: #c00000; font-family: Arial;\">\u00ab\u00a0Ce n&rsquo;est pas que \u00e7a. Dans nos \u0153uvres, on est all\u00e9 bien au-del\u00e0 des terroirs de France. Yves Viollier a \u00e9crit des romans qui se d\u00e9roulent en Russie, moi, j&rsquo;ai \u00e9crit une saga qui se d\u00e9roule en grande partie au Chili. Ce serait trop r\u00e9ducteur.\u00a0\u00bb<br \/>\n<\/span><\/p>\n<p><span style=\"color: #777777; font-family: Arial;\">En revanche, il expliquait que ce n&rsquo;est pas du tout le cas de \u00ab\u00a0la Nouvelle Ecole de Brive\u00a0\u00bb\u00a0:<br \/>\n<\/span><\/p>\n<p style=\"margin-left: 28pt;\"><span style=\"color: #c00000; font-family: Arial;\">\u00ab\u00a0L\u00e0, c&rsquo;est plus informel. Nous sommes quatre, Gilbert Bordes, moi-m\u00eame, Jean-Guy Soumy et Yves Viollier, qui prenons plaisir \u00e0 nous voir et nous entraider. Nous n&rsquo;h\u00e9sitons pas \u00e0 nous refiler des tuyaux sur tel ou tel th\u00e8me qu&rsquo;un de nous travaille. On dit toujours que les \u00e9crivains se d\u00e9testent. Vous voyez que ce n&rsquo;est pas vrai ! On a plaisir \u00e0 se retrouver et \u00e0 parler litt\u00e9rature ensemble, comme un groupe d&rsquo;amis.\u00a0\u00bb<br \/>\n<\/span><\/p>\n<p><span style=\"color: #777777; font-family: Arial;\">Concernant le livre \u00ab\u00a0Le Silence\u00a0\u00bb son action se d\u00e9roule en grande partie \u00e0 Chicago o\u00f9 Alexandre Leroy est un math\u00e9maticien c\u00e9l\u00e8bre, chercheur et professeur universitaire ayant obtenu la M\u00e9daille Fields qu&rsquo;on appelle \u00ab\u00a0Le Nobel\u00a0\u00bb des math\u00e9maticiens. La fin du roman ram\u00e8nera l&rsquo;action en France, car c&rsquo;est le pays d&rsquo;origine d&rsquo;Alexandre Leroy.<br \/>\n<\/span><\/p>\n<p><span style=\"color: #777777; font-family: Arial;\">Le roman commence par le d\u00e9sarroi de Jessica son \u00e9pouse qui est professeur de litt\u00e9rature \u00e0 l&rsquo;Universit\u00e9 et \u00e0 qui on vient d&rsquo;apprendre que son mari Alexandre vient de se suicider dans un motel alors qu&rsquo;elle pensait qu&rsquo;il \u00e9tait all\u00e9 dans leur maison secondaire pour aller travailler, comme il le faisait r\u00e9guli\u00e8rement et comme il le lui avait dit avant de partir.<br \/>\n<\/span><\/p>\n<p><span style=\"color: #777777; font-family: Arial;\">Pourquoi s&rsquo;est-il suicid\u00e9\u00a0?<br \/>\n<\/span><\/p>\n<p><span style=\"color: #777777; font-family: Arial;\">Voici la question. Il n&rsquo;a pas laiss\u00e9 de lettre.<br \/>\n<\/span><\/p>\n<p><span style=\"color: #777777; font-family: Arial;\">Jessica qui est le personnage central de ce livre, ne comprend pas.<br \/>\n<\/span><\/p>\n<p><span style=\"color: #777777; font-family: Arial;\">Tout ce livre est constitu\u00e9 par ses d\u00e9couvertes d&rsquo;abord fortuites puis cons\u00e9quence de ses recherches et de sa qu\u00eate pour essayer de comprendre le geste de l&rsquo;homme de sa vie.<br \/>\n<\/span><\/p>\n<p><span style=\"color: #777777; font-family: Arial;\">C&rsquo;est vraiment remarquable. L&rsquo;histoire est tr\u00e8s forte et l&rsquo;\u00e9criture tr\u00e8s fluide avec des fulgurances qui saisissent.<br \/>\n<\/span><\/p>\n<p><span style=\"color: #777777; font-family: Arial;\">Lors de l&rsquo;enterrement, Soumy d\u00e9livre cette description qui s&rsquo;ach\u00e8ve par une conclusion que j&rsquo;ai utilis\u00e9e comme exergue<br \/>\n<\/span><\/p>\n<p style=\"margin-left: 28pt;\"><span style=\"color: #c00000; font-family: Arial;\">\u00ab\u00a0Des silhouettes s&rsquo;approchent. Des hommes d\u00e9filent devant elle. Tous coll\u00e8gues ou \u00e9tudiants d&rsquo;Alexandre. Qui rendent hommage \u00e0 leur ma\u00eetre sans que Jessica puisse deviner si le souvenir laiss\u00e9 par son mari leur est agr\u00e9able ou p\u00e9nible. Ils ont en commun quelque chose d&rsquo;insaisissable qui la renvoie au d\u00e9funt. Une l\u00e9g\u00e8ret\u00e9 d&rsquo;artiste enfouie sous le simulacre de la gravit\u00e9. <strong>Cette r\u00e9sistance \u00e0 la cruaut\u00e9 du monde, qu&rsquo;offre la passion aux \u00eatres qu&rsquo;elle habite<\/strong>\u00a0\u00bb<br \/>\n<\/span><span style=\"color: #c00000; font-family: Arial;\"><em>Page 16<br \/>\n<\/em><\/span><\/p>\n<p><span style=\"color: #777777; font-family: Arial;\">La passion emporte tout et permet aussi de r\u00e9sister \u00e0 la cruaut\u00e9 du monde.<br \/>\n<\/span><\/p>\n<p><span style=\"color: #777777; font-family: Arial;\">Et il est possible d&rsquo;\u00eatre passionn\u00e9 par les math\u00e9matiques, cette passion qui a men\u00e9 certains vers la folie.<br \/>\n<\/span><\/p>\n<p><span style=\"color: #777777; font-family: Arial;\">\u00ab\u00a0<strong>Le Point<\/strong>\u00a0\u00bb a pos\u00e9 cette question dans un article de 2018\u00a0: \u00ab\u00a0<a href=\"https:\/\/www.lepoint.fr\/education\/les-mathematiques-rendent-elles-fous-04-07-2018-2233169_3584.php\"><span style=\"color: #0000ff;\">Les math\u00e9matiques rendent-elles fou ?<\/span>\u00a0<\/a>\u00bb<br \/>\n<\/span><\/p>\n<p><span style=\"color: #777777; font-family: Arial;\">L&rsquo;article ne r\u00e9pond pas \u00e0 cette question, mais cite plusieurs math\u00e9maticiens\u00a0: Kurt G\u00f6del, Georg Cantor, John Nash, Grigori Perelman qui chacun \u00e0 leur mani\u00e8re avaient perdu le sens des r\u00e9alit\u00e9s et des relations \u00e9quilibr\u00e9es avec les autres humains.<br \/>\n<\/span><\/p>\n<p><span style=\"color: #777777; font-family: Arial;\">Il cite aussi le cas plus connu par un plus large public de <strong>Alexandre Grothendieck\u00a0: <\/strong><br \/>\n<\/span><\/p>\n<p style=\"margin-left: 28pt;\"><span style=\"color: #c00000; font-family: Arial;\">\u00ab\u00a0En 1966, il re\u00e7oit lui aussi la m\u00e9daille Fields pour avoir refond\u00e9 la g\u00e9om\u00e9trie alg\u00e9brique\u2026 et la refuse\u2009 ! Il s&rsquo;installe dans un village de l&rsquo;H\u00e9rault au sein d&rsquo;une communaut\u00e9 adepte de la contre-culture. Il devient un chantre de l&rsquo;\u00e9cologie. Puis il se retire en Ari\u00e8ge pour vivre tel un ermite, refusant tout contact avec ses anciens amis. Il meurt en 2014, laissant des milliers de pages couvertes de notes.\u00a0\u00bb<br \/>\n<\/span><\/p>\n<p><span style=\"color: #777777; font-family: Arial;\">Jean-Guy Soumy cite d&rsquo;ailleurs Grothendieck au d\u00e9but de son ouvrage\u00a0:<br \/>\n<\/span><\/p>\n<p style=\"margin-left: 28pt;\"><span style=\"color: #c00000; font-family: Arial;\">\u00ab\u00a0Ces deux passions, celle qui anime le math\u00e9maticien au travail, disons, et celle en l&rsquo;amante ou en l&rsquo;amant, sont bien plus proches qu&rsquo;on ne le soup\u00e7onne g\u00e9n\u00e9ralement ou qu&rsquo;on est dispos\u00e9 \u00e0 l&rsquo;admettre.\u00a0\u00bb<br \/>\n<\/span><span style=\"color: #c00000; font-family: Arial;\"><em>Alexandre Grothendieck \u00ab\u00a0R\u00e9colte et Semailles\u00a0\u00bb<br \/>\n<\/em><\/span><\/p>\n<p><span style=\"color: #777777; font-family: Arial;\">Mais que celles et ceux pour qui les math\u00e9matiques n&rsquo;ont jamais \u00e9t\u00e9 une passion mais plut\u00f4t une souffrance, se rassurent il n&rsquo;y pas de math\u00e9matiques dans cet ouvrage. C&rsquo;est simplement un \u00e9l\u00e9ment de contexte.<br \/>\n<\/span><\/p>\n<p><span style=\"color: #777777; font-family: Arial;\">L&rsquo;histoire se d\u00e9roule \u00e0 travers le regard de Jessica qui est professeur de litt\u00e9rature et qui doit faire face \u00e0 ce qu&rsquo;elle vit comme une trahison. Elle doitt aussi \u00eatre le roc sur lequel peuvent s&rsquo;appuyer les deux fils qu&rsquo;elle a eu avec Alexandre. Le premier a suivi la m\u00eame carri\u00e8re que son p\u00e8re, tout en n&rsquo;en poss\u00e9dant pas le g\u00e9nie, il se sent fragilis\u00e9 par cet acte incompr\u00e9hensible. Mais la situation est encore plus compliqu\u00e9e pour le second qui souffre d&rsquo;autisme.<br \/>\n<\/span><\/p>\n<p><span style=\"color: #777777; font-family: Arial;\">Soumy met cette phrase dans la bouche de Jessica\u00a0:<br \/>\n<\/span><\/p>\n<p style=\"margin-left: 28pt;\"><span style=\"color: #c00000; font-family: Arial;\">\u00ab\u00a0Et je veillerai sur mon enfant, je le consolerai, je boirai ses larmes, je s\u00e9cherai ses peines. Une m\u00e8re est l\u00e0 pour \u00e7a\u00a0\u00bb<br \/>\n<\/span><span style=\"color: #c00000; font-family: Arial;\"><em>Page 176<br \/>\n<\/em><\/span><\/p>\n<p><span style=\"color: #777777; font-family: Arial;\">Ce livre, en outre, ouvre vers un auteur \u00e9tonnant au destin tragique\u00a0:\u00a0<strong>Armand\u00a0Robin<\/strong>. Jessica est la sp\u00e9cialiste de cet auteur qu&rsquo;elle a \u00e9tudi\u00e9 intens\u00e9ment et dont les \u00e9crits auront un r\u00f4le \u00e0 jouer dans l&rsquo;intrigue.<br \/>\n<\/span><\/p>\n<p><span style=\"color: #777777; font-family: Arial;\">J&rsquo;ai voulu en savoir un peu plus sur cet auteur.<br \/>\n<\/span><\/p>\n<p><span style=\"color: #777777; font-family: Arial;\">Armand Robin est n\u00e9 en 1912 \u00e0 Plouguern\u00e9vel, en Bretagne et il est mort le 29 mars 1961.<br \/>\n<\/span><\/p>\n<p><span style=\"color: #777777; font-family: Arial;\">C&rsquo;est \u00e0 la fois un \u00e9crivain, un traducteur, un journaliste, un critique litt\u00e9raire et un homme de radio.<br \/>\n<\/span><\/p>\n<p><span style=\"color: #777777; font-family: Arial;\">Il semble qu&rsquo;il existe de nombreuses controverses \u00e0 son sujet. Mais ce qui parait \u00e9poustouflant c&rsquo;est sa capacit\u00e9 d&rsquo;apprendre des langues.<br \/>\n<\/span><\/p>\n<p><span style=\"color: #777777; font-family: Arial;\">Je cite Wikipedia\u00a0:<br \/>\n<\/span><\/p>\n<p style=\"margin-left: 28pt;\"><span style=\"color: #c00000; font-family: Arial;\">\u00ab\u00a0il entreprend en 1932 l&rsquo;\u00e9tude du russe et du polonais, en 1933 de l&rsquo;allemand, en 1934 de l&rsquo;italien, en 1937 de l&rsquo;h\u00e9breu, de l&rsquo;arabe et de l&rsquo;espagnol, en 1941 du chinois, en 1942, de l&rsquo;arabe litt\u00e9ral, en 1943 du finnois, du hongrois et du japonais\u00a0 [\u2026]<br \/>\n<\/span><\/p>\n<p style=\"margin-left: 28pt;\"><span style=\"color: #c00000; font-family: Arial;\">\u00c9crivain inclassable, libertaire, po\u00e8te, il traduit en fran\u00e7ais, depuis une vingtaine de langues, une centaine d&rsquo;auteurs dont Goethe, Achim von Arnim, Gottfried Benn, Max Ernst, Lope de Vega, Jos\u00e9 Bergam\u00edn, Vladimir Ma\u00efakovski, Boris Pasternak, Sergue\u00ef Ess\u00e9nine, Alexandre Blok\u2026.\u00a0\u00bb<br \/>\n<\/span><\/p>\n<p><span style=\"color: #777777; font-family: Arial;\">En 1933, il voyage en URSS. Il en revient anticommuniste.<br \/>\n<\/span><\/p>\n<p><span style=\"color: #777777; font-family: Arial;\">Et en 1945, il adh\u00e8re \u00e0 la F\u00e9d\u00e9ration anarchiste et contribue de cette date \u00e0 1955 au journal Le Libertaire.<br \/>\n<\/span><\/p>\n<p><span style=\"color: #777777; font-family: Arial;\">Sa fin tragique nous r\u00e9v\u00e8le qu&rsquo;en 1961 aussi, il \u00e9tait l\u00e9gitime de s&rsquo;interroger sur la possibilit\u00e9 de violences polici\u00e8res\u00a0:<br \/>\n<\/span><\/p>\n<p><span style=\"color: #777777; font-family: Arial;\">Arr\u00eat\u00e9 le 28 mars 1961 apr\u00e8s une altercation dans un caf\u00e9, il est conduit au commissariat du quartier et y est \u00ab pass\u00e9 \u00e0 tabac \u00bb par les policiers. Transf\u00e9r\u00e9 \u00e0 l&rsquo;infirmerie sp\u00e9ciale du d\u00e9p\u00f4t de la Pr\u00e9fecture de police de Paris, il y meurt seul le lendemain dans des conditions qui n&rsquo;ont jamais \u00e9t\u00e9 \u00e9claircies.<br \/>\n<\/span><\/p>\n<p><span style=\"color: #777777; font-family: Arial;\"><strong>Fran\u00e7oise Morvan<\/strong> qui semble une sp\u00e9cialiste de cet auteur a \u00e9crit \u00ab\u00a0<a href=\"https:\/\/www.en-attendant-nadeau.fr\/2022\/05\/04\/armand-robin-morvan\/\"><span style=\"color: #0000ff;\">Armand Robin ou le mythe du po\u00e8te<\/span><\/a>\u00a0\u00bb<br \/>\n<\/span><\/p>\n<p><span style=\"color: #777777; font-family: Arial;\">La m\u00eame \u00e9crit sur son blog une page dans laquelle elle entend d\u00e9monter des contrev\u00e9rit\u00e9s et falsifications sur \u00ab\u00a0<a href=\"https:\/\/francoisemorvan.com\/recherche\/edition\/armand-robin\/\"><span style=\"color: #0000ff;\">Armand Robin<\/span>\u00a0<\/a>\u00bb\u00a0 \u00a0<\/span><\/p>\n<p><span style=\"color: #777777; font-family: Arial;\">En 2011, France Culture lui a r\u00e9serv\u00e9 une \u00e9mission : &lt;<span style=\"color: #0000ff;\"><a style=\"color: #0000ff;\" href=\"https:\/\/www.radiofrance.fr\/franceculture\/podcasts\/la-fabrique-de-l-histoire\/poesie-et-histoire-3-4-armand-robin-bouge-encore-rediffusion-de-l-emission-du-21-06-11-3169940\">Armand Robin bouge encore<\/a><\/span>&gt;<br \/>\n<\/span><\/p>\n<p><span style=\"color: #777777; font-family: Arial;\">En conclusion, un livre palpitant et l&rsquo;ouverture vers un autre auteur aussi \u00e9trange que fascinant.<br \/>\n<\/span><\/p>\n<p><span style=\"color: #c00000; font-family: Arial;\">&lt;1746&gt;<\/span><\/p>\n","protected":false},"excerpt":{"rendered":"<p>\u00ab\u00a0Cette r\u00e9sistance \u00e0 la cruaut\u00e9 du monde, qu&rsquo;offre la passion aux \u00eatres qu&rsquo;elle habite.\u00a0!\u00bb Jean-Guy Soumy Qu&rsquo;est-ce qu&rsquo;un bon livre\u00a0? Probablement que chacun poss\u00e8de sa propre r\u00e9ponse. Pour moi, c&rsquo;est un livre qui lorsque j&rsquo;y entre je n&rsquo;arrive \u00e0 en<\/p>\n","protected":false},"author":1,"featured_media":0,"comment_status":"open","ping_status":"closed","sticky":false,"template":"","format":"standard","meta":{"footnotes":""},"categories":[1],"tags":[17,9,63],"class_list":["post-14605","post","type-post","status-publish","format-standard","hentry","category-motdujour","tag-histoire","tag-litterature","tag-mathematiques"],"_links":{"self":[{"href":"https:\/\/lemotdujour.fr\/index.php?rest_route=\/wp\/v2\/posts\/14605","targetHints":{"allow":["GET"]}}],"collection":[{"href":"https:\/\/lemotdujour.fr\/index.php?rest_route=\/wp\/v2\/posts"}],"about":[{"href":"https:\/\/lemotdujour.fr\/index.php?rest_route=\/wp\/v2\/types\/post"}],"author":[{"embeddable":true,"href":"https:\/\/lemotdujour.fr\/index.php?rest_route=\/wp\/v2\/users\/1"}],"replies":[{"embeddable":true,"href":"https:\/\/lemotdujour.fr\/index.php?rest_route=%2Fwp%2Fv2%2Fcomments&post=14605"}],"version-history":[{"count":8,"href":"https:\/\/lemotdujour.fr\/index.php?rest_route=\/wp\/v2\/posts\/14605\/revisions"}],"predecessor-version":[{"id":14645,"href":"https:\/\/lemotdujour.fr\/index.php?rest_route=\/wp\/v2\/posts\/14605\/revisions\/14645"}],"wp:attachment":[{"href":"https:\/\/lemotdujour.fr\/index.php?rest_route=%2Fwp%2Fv2%2Fmedia&parent=14605"}],"wp:term":[{"taxonomy":"category","embeddable":true,"href":"https:\/\/lemotdujour.fr\/index.php?rest_route=%2Fwp%2Fv2%2Fcategories&post=14605"},{"taxonomy":"post_tag","embeddable":true,"href":"https:\/\/lemotdujour.fr\/index.php?rest_route=%2Fwp%2Fv2%2Ftags&post=14605"}],"curies":[{"name":"wp","href":"https:\/\/api.w.org\/{rel}","templated":true}]}}