{"id":1459,"date":"2016-10-17T02:00:00","date_gmt":"2016-10-16T22:00:00","guid":{"rendered":"http:\/\/lemotdujour.fr\/?p=1459"},"modified":"2017-05-08T13:29:08","modified_gmt":"2017-05-08T11:29:08","slug":"lundi-17102016","status":"publish","type":"post","link":"https:\/\/lemotdujour.fr\/?p=1459","title":{"rendered":"Lundi 17\/10\/2016"},"content":{"rendered":"<div class=\"mdjDate\">Lundi 17\/10\/2016<\/div>\n<div class=\"mdjTexte\">\u00ab slasheurs \u00bb<\/div>\n<div class=\"mdjAuteur\">Expression venue du marketing am\u00e9ricain et d\u00e9signant la pluriactivit\u00e9, le fait de cumuler plusieurs emplois<\/div>\n<div class=\"mdjComplements\">Alors que je venais de finir l&rsquo;\u00e9criture du mot du jour sur \u00abla reproduction sociale\u00bb de Nancy Fraser, j&rsquo;ai entendu l&rsquo;\u00e9mission <a href=\"https:\/\/www.franceinter.fr\/emissions\/le-telephone-sonne\/le-telephone-sonne-10-octobre-2016\">&lt;Le t\u00e9l\u00e9phone sonne du 10 octobre&gt;<\/a> de France Inter qui a parl\u00e9 de ce ph\u00e9nom\u00e8ne social et de micro-\u00e9conomie qui prend de l&rsquo;ampleur : le choix ou la n\u00e9cessit\u00e9 pour certains de cumuler plusieurs emplois pour gagner leur existence. <\/div>\n<div class=\"mdjComplements\">Ce nom, \u00abslasheurs\u00bb, vient du signe typographique \u00ab\u00a0slash\u00a0\u00bb c&rsquo;est \u00e0 dire \u00ab\u00a0\/\u00a0\u00bb. Par exemple : Opticien \/ conducteur de VTC. Musicien \/ livreur de repas \u00e0 domicile.<\/div>\n<div class=\"mdjComplements\">La fureur quantophr\u00e8ne a encore frapp\u00e9 parce que si selon l\u2019INSEE, le ph\u00e9nom\u00e8ne concerne deux millions de personnes en France [rapport\u00e9 lors de l&rsquo;\u00e9mission de France Inter], une autre \u00e9tude rapport\u00e9e par Challenges, porte ce chiffre \u00e0 4 millions. Bref, on ne sait pas tr\u00e8s bien, mais il y en a beaucoup.<\/div>\n<div class=\"mdjComplements\">Pourquoi, ce cumul d&rsquo;activit\u00e9s ?<\/div>\n<div class=\"mdjComplements\">Il y a l&rsquo;hypoth\u00e8se optimiste : pour faire quelque chose d\u2019int\u00e9ressant, pour donner du sens \u00e0 sa vie professionnelle.<\/div>\n<div class=\"mdjComplements\">Et il y a l&rsquo;hypoth\u00e8se pessimiste, c\u2019est le CDD, la pr\u00e9carit\u00e9, les salaires bas qui obligent \u00e0 cumuler les emplois pour survivre.<\/div>\n<div class=\"mdjComplements\">Si on va chercher ses informations sur le r\u00e9seau social professionnel,<a href=\"https:\/\/www.linkedin.com\/pulse\/la-r%C3%A9volution-des-slashers-comment-ils-bouleversent-le-gr%C3%A9gory-herb%C3%A9\"> LinkedIn<\/a>, cr\u00e9\u00e9 en 2003 \u00e0 Mountain View (Californie) et qui est en train de se faire racheter par Microsoft, cette \u00e9volution est pr\u00e9sent\u00e9e sous le regard optimiste : <\/div>\n<div class=\"mdjCiter\">\u00ab\u00a0Car la multi-activit\u00e9 est, pour le slasheur, un choix et non la r\u00e9sultante de difficult\u00e9s \u00e9conomiques. C\u2019est une mani\u00e8re de travailler permettant de r\u00e9pondre \u00e0 sa volont\u00e9 de concilier des imp\u00e9ratifs autrefois contradictoires : la n\u00e9cessit\u00e9 de gagner sa vie, l\u2019envie de kiffer sa vie professionnelle et de s\u2018\u00e9panouir en g\u00e9n\u00e9ral. [\u2026]<\/div>\n<div class=\"mdjCiter\">Le premier point commun entre tous les slashers, c\u2019est leur curiosit\u00e9 insatiable. Pour un slasher, la vie professionnelle (et la vie en g\u00e9n\u00e9ral) c\u2019est la possibilit\u00e9 d\u2019explorer le champ des possibles.<\/div>\n<div class=\"mdjCiter\">Ce qui les porte dans la vie, c\u2019est d\u2019acqu\u00e9rir des connaissances, surtout dans un monde o\u00f9 le savoir est \u00e0 \u00ab port\u00e9e de clic \u00bb*, \u00eatre slasheur lui permet d\u2019assouvir sa soif de connaissances.\u00a0\u00bb<\/div>\n<div class=\"mdjComplements\">Dans certains domaines comme le monde artistique cette pratique est ancienne. Un article d&rsquo;un site belge donne des exemples tr\u00e8s positifs d&rsquo;artistes cumulant ainsi plusieurs activit\u00e9s. <\/div>\n<div class=\"mdjComplements\">Cette pratique est aussi bien connue dans le monde agricole o\u00f9 les ouvriers agricoles avaient plusieurs employeurs et aussi des activit\u00e9s diverses selon les saisons.<\/div>\n<div class=\"mdjComplements\">Un<a href=\"http:\/\/www.lexpress.fr\/emploi\/ces-trentenaires-qui-cumulent-des-jobs_975929.html\"> article de l&rsquo;express<\/a> montre que la pluriactivit\u00e9 est aussi un moyen \u00e0 c\u00f4t\u00e9 d&rsquo;un \u00ab\u00a0boulot stable\u00a0\u00bb de pouvoir mener des activit\u00e9s plus pr\u00e9caires mais correspondant \u00e0\u00a0 des jobs plus passionnant\u00a0: <\/div>\n<div class=\"mdjCiter\"> \u00abJ&rsquo;ai commenc\u00e9 par travailler dans l&rsquo;audit immobilier, par atavisme familial. Au sein de l&rsquo;entreprise, j&rsquo;ai mis sur pied un service de communication institutionnelle qui m&rsquo;a permis de faire de la vid\u00e9o, ma vraie passion. Et, aujourd&rsquo;hui, parall\u00e8lement \u00e0 mon job, j&rsquo;ai mont\u00e9 mon auto-entreprise, o\u00f9 je vends mes services \u00e0 des maisons de production et des cha\u00eenes de t\u00e9l\u00e9 en tant que r\u00e9alisateur.\u00bb<\/div>\n<div class=\"mdjComplements\">Le journal l&rsquo;Opinion affirme que \u00able travail salari\u00e9 ne concerne d\u00e9sormais que la moiti\u00e9 des travailleurs dans le monde. Dans le m\u00eame temps, l\u2019activit\u00e9 professionnelle ind\u00e9pendante gagne du terrain. Aux Etats-Unis, un tiers de la population active est \u00e0 son compte.\u00bb<\/div>\n<div class=\"mdjComplements\">D\u00e8s lors, dans l&rsquo;activit\u00e9 ind\u00e9pendante, shlasher deviendrait la norme ? <\/div>\n<div class=\"mdjComplements\">Le journal Challenge, d\u00e9j\u00e0 cit\u00e9, publie un autre chiffre tr\u00e8s rassurant : \u00abContrairement \u00e0 une id\u00e9e re\u00e7ue, 70% d\u2019entre eux le sont devenus non pas par obligation financi\u00e8re mais par choix.\u00bb<\/div>\n<div class=\"mdjComplements\">Mais depuis les r\u00e9flexions de Sorokin sur la quantophr\u00e9nie, nous savons que nous devons nous m\u00e9fier des chiffres. Ce m\u00eame journal reconnait d&rsquo;ailleurs que concernant les cons\u00e9quences sur la vie personnelle, l&rsquo;\u00e9tude ne dit rien. Car apr\u00e8s avoir \u00e9t\u00e9 sensibilis\u00e9 par Nancy Fraser \u00e0 la reproduction sociale, il parait quand m\u00eame l\u00e9gitime de se poser la question que devient la vie familiale et sociale dans cette multi activit\u00e9 qui peut devenir un planning ing\u00e9rable et bient\u00f4t une suractivit\u00e9 ?<\/div>\n<div class=\"mdjComplements\">En tout cas, pendant l&rsquo;\u00e9mission de France Inter, si certains intervenants ont pr\u00e9sent\u00e9 cette mani\u00e8re de pratiquer comme positive d&rsquo;autres ont bien montr\u00e9 qu&rsquo;il s&rsquo;agissait d&rsquo;un besoin de revenus qui les poussait dans cette voie. Ainsi, m\u00eame une professeur certifi\u00e9, a racont\u00e9 qu&rsquo;elle ne pouvait se contenter de son traitement pour vivre \u00e0 Paris, elle cumulait avec des cours priv\u00e9s mais aussi un travail de serveuse.<\/div>\n<div class=\"mdjComplements\">Je laisserai le mot de la fin, \u00e0 une autre intervenante qui a simplement \u00e9crit, via les r\u00e9seaux sociaux, que slasher \u00e9tait la mani\u00e8re normale de faire des femmes depuis des si\u00e8cles dans nos soci\u00e9t\u00e9s.<\/div>\n","protected":false},"excerpt":{"rendered":"<p>Lundi 17\/10\/2016 \u00ab slasheurs \u00bb Expression venue du marketing am\u00e9ricain et d\u00e9signant la pluriactivit\u00e9, le fait de cumuler plusieurs emplois Alors que je venais de finir l&rsquo;\u00e9criture du mot du jour sur \u00abla reproduction sociale\u00bb de Nancy Fraser, j&rsquo;ai entendu<\/p>\n","protected":false},"author":1,"featured_media":0,"comment_status":"closed","ping_status":"closed","sticky":false,"template":"","format":"standard","meta":{"footnotes":""},"categories":[1],"tags":[],"class_list":["post-1459","post","type-post","status-publish","format-standard","hentry","category-motdujour"],"_links":{"self":[{"href":"https:\/\/lemotdujour.fr\/index.php?rest_route=\/wp\/v2\/posts\/1459","targetHints":{"allow":["GET"]}}],"collection":[{"href":"https:\/\/lemotdujour.fr\/index.php?rest_route=\/wp\/v2\/posts"}],"about":[{"href":"https:\/\/lemotdujour.fr\/index.php?rest_route=\/wp\/v2\/types\/post"}],"author":[{"embeddable":true,"href":"https:\/\/lemotdujour.fr\/index.php?rest_route=\/wp\/v2\/users\/1"}],"replies":[{"embeddable":true,"href":"https:\/\/lemotdujour.fr\/index.php?rest_route=%2Fwp%2Fv2%2Fcomments&post=1459"}],"version-history":[{"count":1,"href":"https:\/\/lemotdujour.fr\/index.php?rest_route=\/wp\/v2\/posts\/1459\/revisions"}],"predecessor-version":[{"id":1460,"href":"https:\/\/lemotdujour.fr\/index.php?rest_route=\/wp\/v2\/posts\/1459\/revisions\/1460"}],"wp:attachment":[{"href":"https:\/\/lemotdujour.fr\/index.php?rest_route=%2Fwp%2Fv2%2Fmedia&parent=1459"}],"wp:term":[{"taxonomy":"category","embeddable":true,"href":"https:\/\/lemotdujour.fr\/index.php?rest_route=%2Fwp%2Fv2%2Fcategories&post=1459"},{"taxonomy":"post_tag","embeddable":true,"href":"https:\/\/lemotdujour.fr\/index.php?rest_route=%2Fwp%2Fv2%2Ftags&post=1459"}],"curies":[{"name":"wp","href":"https:\/\/api.w.org\/{rel}","templated":true}]}}