{"id":14579,"date":"2023-04-21T01:19:36","date_gmt":"2023-04-20T23:19:36","guid":{"rendered":"https:\/\/lemotdujour.fr\/?p=14579"},"modified":"2023-04-21T11:01:49","modified_gmt":"2023-04-21T09:01:49","slug":"vendredi-21-avril-2023","status":"publish","type":"post","link":"https:\/\/lemotdujour.fr\/?p=14579","title":{"rendered":"Vendredi 21 avril 2023"},"content":{"rendered":"<div class=\"mdjTexte\">\u00ab&nbsp;Une librairie qui meurt, ce n&rsquo;est pas une page qui se tourne, c&rsquo;est un livre qui se ferme, \u00e0 jamais&nbsp;!\u00bb<\/div>\n<div class=\"mdjAuteur\">Henri Loevenbruck<\/div>\n<p><span style=\"color: #777777; font-family: Arial;\">C&rsquo;est en me promenant, \u00e0 Lyon entre la basilique d&rsquo;Ainay et la Place Bellecour, que j&rsquo;ai vu l&rsquo;annonce :<br \/>\n<\/span><\/p>\n<p><img decoding=\"async\" class=\"alignleft\" src=\"https:\/\/lemotdujour.fr\/wp-content\/uploads\/2023\/04\/042023_2319_Vendredi21a1.jpg\" alt=\"\" align=\"left\"><span style=\"color: #777777; font-family: Arial;\">\u00ab&nbsp;Fermeture de la Librairie&nbsp;\u00bb<br \/>\n<\/span><\/p>\n<p><span style=\"color: #777777; font-family: Arial;\">C&rsquo;\u00e9tait une librairie particuli\u00e8re.<br \/>\n<\/span><\/p>\n<p><span style=\"color: #777777; font-family: Arial;\">Elle avait pour adresse&nbsp; : 14 Rue du Plat.<br \/>\n<\/span><\/p>\n<p><span style=\"color: #777777; font-family: Arial;\">Elle avait pour nom&nbsp;: \u00ab&nbsp;<a href=\"https:\/\/www.racontemoilaterre.com\/\"><strong><span style=\"color: #0000ff;\">Raconte-moi la terre<\/span><\/strong>&nbsp;<\/a>\u00bb<br \/>\n<\/span><\/p>\n<p><span style=\"color: #777777; font-family: Arial;\">Librairie du voyage, des cultures du monde et aussi de la transition \u00e9cologique, c<\/span><span style=\"color: #777777; font-family: Arial;\">&lsquo;\u00e9tait une librairie-caf\u00e9, car on pouvait aussi y aller d\u00e9guster un caf\u00e9.<br \/>\n<\/span><\/p>\n<p><span style=\"color: #777777; font-family: Arial;\">Elle disposait m\u00eame d&rsquo;une salle de conf\u00e9rence en sous-sol.<br \/>\n<\/span><\/p>\n<p><span style=\"color: #777777; font-family: Arial;\">Annie l&rsquo;avait d\u00e9couverte et&nbsp; y avait organis\u00e9, plusieurs fois, des r\u00e9unions et des rencontres de travail.<br \/>\n<\/span><\/p>\n<p><span style=\"color: #777777; font-family: Arial;\">Car le lieu \u00e9tait accueillant.<br \/>\n<\/span><\/p>\n<p><span style=\"color: #777777; font-family: Arial;\">La Grande Librairie l&rsquo;avait visit\u00e9 et il en reste &lt;<span style=\"color: #0000ff;\"><a style=\"color: #0000ff;\" href=\"https:\/\/www.youtube.com\/watch?v=JrkYTgKwtI8\">une vid\u00e9o<\/a><\/span>&gt;.<img loading=\"lazy\" decoding=\"async\" class=\"wp-image-14595 alignright\" src=\"https:\/\/lemotdujour.fr\/wp-content\/uploads\/2023\/04\/Raconte-moi-la-terre2.jpg\" alt=\"\" width=\"583\" height=\"301\" srcset=\"https:\/\/lemotdujour.fr\/wp-content\/uploads\/2023\/04\/Raconte-moi-la-terre2.jpg 1144w, https:\/\/lemotdujour.fr\/wp-content\/uploads\/2023\/04\/Raconte-moi-la-terre2-300x155.jpg 300w, https:\/\/lemotdujour.fr\/wp-content\/uploads\/2023\/04\/Raconte-moi-la-terre2-1024x529.jpg 1024w, https:\/\/lemotdujour.fr\/wp-content\/uploads\/2023\/04\/Raconte-moi-la-terre2-768x397.jpg 768w\" sizes=\"auto, (max-width: 583px) 100vw, 583px\" \/><br \/>\n<\/span><\/p>\n<p><span style=\"color: #777777; font-family: Arial;\">La P\u00e9riode apr\u00e8s Covid a \u00e9t\u00e9 trop compliqu\u00e9e, l&rsquo;\u00e9quilibre financier ne permettait pas de continuer<\/span><\/p>\n<p><span style=\"color: #777777; font-family: Arial;\">C&rsquo;est triste, une librairie qui ferme.<\/span><\/p>\n<p><span style=\"color: #777777; font-family: Arial;\">Dans mon monde id\u00e9al il y a beaucoup de librairies et il n&rsquo;y a pas Amazon.<br \/>\n<\/span><\/p>\n<p><span style=\"color: #777777; font-family: Arial;\">Du moins pas Amazon comme il fonctionne actuellement<br \/>\n<\/span><\/p>\n<p><span style=\"color: #777777; font-family: Arial;\">Il pourrait peut-\u00eatre se justifier si son unique objet \u00e9tait de livrer tous les livres du monde \u00e0 des Librairies avec \u00e0 l&rsquo;int\u00e9rieur des humains, cultiv\u00e9s qui aiment les livres, c&rsquo;est-\u00e0-dire des libraires. Ces libraires qui font partager \u00e0 celles et ceux qui viennent dans leur magasin le go\u00fbt de lire et les aide \u00e0 choisir.<br \/>\n<\/span><\/p>\n<p><span style=\"color: #777777; font-family: Arial;\"><img loading=\"lazy\" decoding=\"async\" class=\"size-full wp-image-14591 alignleft\" src=\"https:\/\/lemotdujour.fr\/wp-content\/uploads\/2023\/04\/cafe-raconte-moi-la-terre.jpg\" alt=\"\" width=\"550\" height=\"367\" srcset=\"https:\/\/lemotdujour.fr\/wp-content\/uploads\/2023\/04\/cafe-raconte-moi-la-terre.jpg 550w, https:\/\/lemotdujour.fr\/wp-content\/uploads\/2023\/04\/cafe-raconte-moi-la-terre-300x200.jpg 300w\" sizes=\"auto, (max-width: 550px) 100vw, 550px\" \/>J&rsquo;avais \u00e9crit une s\u00e9rie de mots sur Amazon, elle avait d\u00e9but\u00e9 le 24 juin 2021 \u00ab <span style=\"color: #0000ff;\"><a style=\"color: #0000ff;\" href=\"https:\/\/lemotdujour.fr\/?p=11503\">Amazon nous veut-il du bien ?<\/a> <\/span>\u00bb<br \/>\n<\/span><\/p>\n<p><span style=\"color: #777777; font-family: Arial;\">En France, selon &lt;<span style=\"color: #0000ff;\"><a style=\"color: #0000ff;\" href=\"https:\/\/www.syndicat-librairie.fr\/ressources\/chiffres-cles\">le syndicat de la Librairie<\/a><\/span>&gt; il existe <strong>3.500<\/strong> librairies ind\u00e9pendantes.<br \/>\n<\/span><\/p>\n<p><span style=\"color: #777777; font-family: Arial;\">C&rsquo;est beaucoup plus qu&rsquo;aux \u00c9tats-Unis. D&rsquo;apr\u00e8s &lt;<a href=\"https:\/\/www.bief.org\/fichiers\/operation\/4037\/media\/9512\/Etats-Unis_chiffres-cl%C3%A9s_2019.pdf\"><span style=\"color: #0000ff;\">cette publication<\/span><\/a>&gt; de 2019, sur tout le territoire des \u00c9tats-Unis il existe <strong>moins de 2 300<\/strong> librairies ind\u00e9pendantes.<br \/>\n<\/span><\/p>\n<p><span style=\"color: #777777; font-family: Arial;\">Dans mon monde id\u00e9al, il n&rsquo;y aurait pas Amazon.<br \/>\n<\/span><\/p>\n<p><span style=\"color: #777777; font-family: Arial;\">Mais je suis un r\u00e9aliste, dans notre monde Amazon existe.<br \/>\n<\/span><\/p>\n<p><span style=\"color: #777777; font-family: Arial;\">Fallait-il pour autant que notre Pr\u00e9sident, en pleine p\u00e9riode de manifestations sur les retraites, d\u00e9core le fondateur Jeff Bezos&nbsp;?<br \/>\n<\/span><\/p>\n<p><span style=\"color: #777777; font-family: Arial;\">Plusieurs journaux nous ont relat\u00e9 cette incongruit\u00e9&nbsp;:<br \/>\n<\/span><\/p>\n<ul>\n<li><span style=\"color: #0000ff;\"><a style=\"color: #0000ff;\" href=\"https:\/\/www.marianne.net\/politique\/macron\/emmanuel-macron-decerne-la-legion-dhonneur-a-jeff-bezos-le-patron-damazon\"><span style=\"font-family: Arial;\">&lt;Marianne&gt;<\/span><\/a><span style=\"font-family: Arial;\"><br \/>\n<\/span><\/span><\/li>\n<li><span style=\"color: #0000ff;\"><a style=\"color: #0000ff;\" href=\"https:\/\/www.lemonde.fr\/economie\/article\/2023\/02\/23\/jeff-bezos-decore-par-emmanuel-macron-une-legion-d-honneur-vivement-critiquee-par-des-elus-de-la-france-insoumise_6163067_3234.html\"><span style=\"font-family: Arial;\">&lt; Le Monde &gt;<\/span><\/a><span style=\"font-family: Arial;\"><br \/>\n<\/span><\/span><\/li>\n<li><span style=\"color: #0000ff;\"><a style=\"color: #0000ff;\" href=\"https:\/\/www.lefigaro.fr\/politique\/macron-a-discretement-remis-la-legion-d-honneur-a-jeff-bezos-la-gauche-s-indigne-20230223\"><span style=\"font-family: Arial;\">&lt;Le Figaro&gt; <\/span><\/a><span style=\"font-family: Arial;\"><br \/>\n<\/span><\/span><\/li>\n<li><span style=\"color: #0000ff;\"><a style=\"color: #0000ff;\" href=\"https:\/\/www.humanite.fr\/politique\/emmanuel-macron\/amazon-bezos-decore-par-macron-en-toute-discretion-784162\"><span style=\"font-family: Arial;\">&lt;L&rsquo;humanit\u00e9&gt;<\/span><\/a><\/span><span style=\"color: #777777; font-family: Arial;\"><br \/>\n<\/span><\/li>\n<\/ul>\n<p><span style=\"color: #777777; font-family: Arial;\">Mais il semble que ce soit \u00ab&nbsp;<strong>Le Point<\/strong>&nbsp;\u00bb qui a d\u00e9gain\u00e9 le premier&nbsp;: &lt;<span style=\"color: #0000ff;\"><a style=\"color: #0000ff;\" href=\"https:\/\/www.lepoint.fr\/politique\/les-indiscrets-macron-decore-bezos-en-secret-23-02-2023-2509722_20.php\">Les indiscrets \u2013 Macron d\u00e9core Bezos en secret<\/a>&gt;&nbsp;:<\/span><br \/>\n<\/span><\/p>\n<p style=\"margin-left: 28pt;\"><span style=\"color: #c00000; font-family: Arial;\">\u00ab&nbsp;C\u00e9r\u00e9monie fastueuse mais confidentielle, jeudi 16 f\u00e9vrier en fin d&rsquo;apr\u00e8s-midi au palais de l&rsquo;\u00c9lys\u00e9e : Emmanuel Macron a remis les insignes de la L\u00e9gion d&rsquo;honneur \u00e0 l&rsquo;Am\u00e9ricain Jeff Bezos, 4e fortune mondiale (111,3 milliards de dollars fin 2022), de passage \u00e0 Paris.<br \/>\nL&rsquo;\u00e9v\u00e9nement, pr\u00e9vu depuis plusieurs semaines, ne figurait pas \u00e0 l&rsquo;agenda officiel et n&rsquo;a \u00e9t\u00e9 suivi d&rsquo;aucun communiqu\u00e9.<br \/>\nL&rsquo;\u00c9lys\u00e9e avait-il peur d&rsquo;un f\u00e2cheux t\u00e9lescopage le jour o\u00f9 des milliers de manifestants d\u00e9filaient contre la r\u00e9forme des retraites ?<br \/>\nSeuls quelques invit\u00e9s tri\u00e9s sur le volet ont assist\u00e9 \u00e0 la r\u00e9ception.<br \/>\nBeau joueur, le fondateur d&rsquo;Amazon avait convi\u00e9 le patron de LVMH, Bernard Arnault, qui le devance d\u00e9sormais (1er, selon Forbes, avec 184,7 milliards de dollars).&nbsp;\u00bb<br \/>\n<\/span><\/p>\n<p><span style=\"color: #777777; font-family: Arial;\">La L\u00e9gion d&rsquo;honneur na\u00eet le 19 mai 1802 par la volont\u00e9 du Premier consul, Napol\u00e9on Bonaparte.<br \/>\n<\/span><\/p>\n<p><span style=\"color: #777777; font-family: Arial;\">Elle visait \u00e0 l&rsquo;\u00e9poque \u00e0 r\u00e9compenser les citoyens fran\u00e7ais. D&rsquo;abord pour saluer la bravoure ou la strat\u00e9gie militaire, mais aussi pour gratifier des civils en raison de leur m\u00e9rite au profit de la patrie.<br \/>\n<\/span><\/p>\n<p><span style=\"color: #777777; font-family: Arial;\">Le site de &lt;<span style=\"color: #0000ff;\"><a style=\"color: #0000ff;\" href=\"https:\/\/www.legiondhonneur.fr\/fr\/page\/fondements-et-histoire\/103\">l&rsquo;Ordre de la L\u00e9gion d&rsquo;Honneur<\/a><\/span>&gt; explique&nbsp;que&nbsp;:<br \/>\n<\/span><\/p>\n<p style=\"margin-left: 28pt;\"><span style=\"color: #c00000; font-family: Arial;\">\u00ab&nbsp;Les l\u00e9gionnaires \u0153uvrent au b\u00e9n\u00e9fice de la soci\u00e9t\u00e9 et non dans leur int\u00e9r\u00eat exclusif. Les d\u00e9cor\u00e9s, dans toute la diversit\u00e9 de leurs activit\u00e9s, contribuent au d\u00e9veloppement de la France, \u00e0 son rayonnement, \u00e0 sa d\u00e9fense. \u00bb<br \/>\n<\/span><\/p>\n<p><span style=\"color: #777777; font-family: Arial;\">Il est donc l\u00e9gitime de se poser les questions suivantes&nbsp;:<br \/>\n<\/span><\/p>\n<ul>\n<li><span style=\"color: #777777; font-family: Arial;\">Jeff Bezos \u0153uvre t&rsquo;il au b\u00e9n\u00e9fice de la soci\u00e9t\u00e9 ou dans son int\u00e9r\u00eat exclusif&nbsp;?<br \/>\n<\/span><\/li>\n<li><span style=\"color: #777777; font-family: Arial;\">Contribue t&rsquo;il au d\u00e9veloppement de la France&nbsp;? \u00e0 son rayonnement&nbsp;? \u00e0 sa d\u00e9fense&nbsp;?<br \/>\n<\/span><\/li>\n<\/ul>\n<p><span style=\"color: #777777; font-family: Arial;\"><img loading=\"lazy\" decoding=\"async\" class=\"wp-image-14592 alignleft\" src=\"https:\/\/lemotdujour.fr\/wp-content\/uploads\/2023\/04\/IMG_2878-scaled.jpg\" alt=\"\" width=\"452\" height=\"603\" srcset=\"https:\/\/lemotdujour.fr\/wp-content\/uploads\/2023\/04\/IMG_2878-scaled.jpg 1920w, https:\/\/lemotdujour.fr\/wp-content\/uploads\/2023\/04\/IMG_2878-225x300.jpg 225w, https:\/\/lemotdujour.fr\/wp-content\/uploads\/2023\/04\/IMG_2878-768x1024.jpg 768w, https:\/\/lemotdujour.fr\/wp-content\/uploads\/2023\/04\/IMG_2878-1152x1536.jpg 1152w, https:\/\/lemotdujour.fr\/wp-content\/uploads\/2023\/04\/IMG_2878-1536x2048.jpg 1536w\" sizes=\"auto, (max-width: 452px) 100vw, 452px\" \/>Pour contribuer \u00e0 la D\u00e9fense, il faudrait d\u00e9j\u00e0 qu&rsquo;il paie les imp\u00f4ts, en France, en proportion de ses profits, ce qui de source s\u00fbre n&rsquo;est pas le cas.<br \/>\n<\/span><\/p>\n<p><span style=\"color: #777777; font-family: Arial;\">Pourquoi le pr\u00e9sident de la R\u00e9publique a-t&rsquo;il distingu\u00e9 le fondateur d&rsquo;Amazon, \u00e0 l&rsquo;\u00c9lys\u00e9e, jeudi 16 f\u00e9vrier, en pleine cinqui\u00e8me journ\u00e9e de mobilisation contre la r\u00e9forme des retraites&nbsp;?<br \/>\n<\/span><\/p>\n<p><span style=\"color: #777777; font-family: Arial;\">Parce qu&rsquo;il cr\u00e9e de l&#8217;emploi en France, semble \u00eatre l&rsquo;argument.<br \/>\n<\/span><\/p>\n<p><span style=\"color: #777777; font-family: Arial;\">Il couvre, en effet, la France d&rsquo;entrep\u00f4ts. Cela fait-il rayonner la France ?<br \/>\n<\/span><\/p>\n<p><span style=\"color: #777777; font-family: Arial;\">Le Monde rappelle que la d\u00e9coration d&rsquo;un grand patron \u00e9tranger par l\u2019\u00c9lys\u00e9e n&rsquo;est pas sans pr\u00e9c\u00e9dent : Jamie Dimon, le patron de la banque JPMorgan Chase a re\u00e7u la L\u00e9gion d&rsquo;honneur en novembre 2022.<br \/>\n<\/span><\/p>\n<p><span style=\"color: #777777; font-family: Arial;\">Et avant Emmanuel Macron,<br \/>\n<\/span><\/p>\n<ul>\n<li><span style=\"color: #777777; font-family: Arial;\">Le fondateur de Microsoft, Bill Gates, avait \u00e9t\u00e9 fait commandeur de la L\u00e9gion d&rsquo;honneur par Fran\u00e7ois Hollande,<br \/>\n<\/span><\/li>\n<li><span style=\"color: #777777; font-family: Arial;\">Le PDG de Microsoft, Steve Ballmer, avait \u00e9t\u00e9 d\u00e9cor\u00e9 par Nicolas Sarkozy<br \/>\n<\/span><\/li>\n<li><span style=\"color: #777777; font-family: Arial;\">Jacques Chirac avait distingu\u00e9 Shoichiro Toyoda, le patron du constructeur japonais Toyota.<br \/>\n<\/span><\/li>\n<\/ul>\n<p><span style=\"color: #777777; font-family: Arial;\">\u00ab&nbsp;<strong>Le Monde<\/strong>&nbsp;\u00bb analyse que&nbsp;:<br \/>\n<\/span><\/p>\n<p style=\"margin-left: 28pt;\"><span style=\"color: #c00000; font-family: Arial;\">\u00ab&nbsp;[Cette distinction] accord\u00e9e par M. Macron \u00e0 M. Bezos illustre la dualit\u00e9 de la politique du pr\u00e9sident \u00e0 l&rsquo;\u00e9gard du fondateur d&rsquo;Amazon. Comme ailleurs, il a pratiqu\u00e9 le \u00ab en m\u00eame temps \u00bb. Sous sa pr\u00e9sidence, la France a pouss\u00e9 des r\u00e9gulations europ\u00e9ennes renfor\u00e7ant les responsabilit\u00e9s et le respect de la concurrence des plates-formes comme Amazon. Elle a instaur\u00e9 une taxation des services num\u00e9riques et oblig\u00e9 les services comme Prime Video (filiale d&rsquo;Amazon) \u00e0 consacrer 20 % de leur chiffre d&rsquo;affaires \u00e0 produire des programmes fran\u00e7ais.<br \/>\n<\/span><\/p>\n<p style=\"margin-left: 28pt;\"><span style=\"color: #c00000; font-family: Arial;\">Parall\u00e8lement, Emmanuel Macron a favoris\u00e9 l&rsquo;essor de l&rsquo;e-commerce, en particulier d&rsquo;Amazon, dont il a inaugur\u00e9 un entrep\u00f4t \u00e0 Amiens, en 2017. L\u2019\u00c9lys\u00e9e a toujours rappel\u00e9 que l&rsquo;entreprise am\u00e9ricaine et son patron cr\u00e9aient des emplois en France. En 2020, l&rsquo;ex\u00e9cutif s&rsquo;est oppos\u00e9 \u00e0 un moratoire sur l&rsquo;ouverture de nouveaux entrep\u00f4ts d&rsquo;e-commerce, soutenu entre autres par la convention citoyenne pour le climat, et \u00e0 un alignement de leur fiscalit\u00e9 sur celle des magasins physiques, r\u00e9clam\u00e9e par certains \u00e9lus. \u00bb<br \/>\n<\/span><\/p>\n<p><span style=\"color: #777777; font-family: Arial;\">Selon l&rsquo;AFP, la pr\u00e9sidence fran\u00e7aise a justifi\u00e9 aussi cette d\u00e9coration par le fait que&nbsp;:<br \/>\n<\/span><\/p>\n<p style=\"margin-left: 28pt;\"><span style=\"color: #c00000; font-family: Arial;\">Jeff Bezos est \u00ab un partenaire des initiatives pour la protection du climat et de la biodiversit\u00e9 men\u00e9es par la France, en particulier sur la protection des for\u00eats \u00bb<br \/>\n<\/span><\/p>\n<p><span style=\"color: #777777; font-family: Arial;\">A la fin de 2021, M. Bezos \u00e9tait pr\u00e9sent \u00e0 la COP26 de Glasgow, quand le pr\u00e9sident fran\u00e7ais a pr\u00e9sent\u00e9 la \u00ab grande muraille verte \u00bb. Le milliardaire am\u00e9ricain a promis de verser 1 milliard de dollars (945 millions d&rsquo;euros) \u00e0 ce projet de reforestation en Afrique, qui veut allier action publique et soutien priv\u00e9.<br \/>\n<\/span><\/p>\n<p><span style=\"color: #777777; font-family: Arial;\">Bon\u2026<br \/>\n<\/span><\/p>\n<p><span style=\"color: #777777; font-family: Arial;\">Ne serait-il pas judicieux qu&rsquo;il cesse plut\u00f4t de polluer et d&rsquo;utiliser de l&rsquo;\u00e9nergie pour <span style=\"color: #0000ff;\"><a style=\"color: #0000ff;\" href=\"https:\/\/fr.euronews.com\/2022\/08\/04\/sixieme-vol-de-tourisme-spatial-reussi-pour-blue-origin\">envoyer des milliardaires faire un tour dans l&rsquo;espace&nbsp;<\/a>?<\/span><br \/>\n<\/span><\/p>\n<p><span style=\"color: #777777; font-family: Arial;\"><img loading=\"lazy\" decoding=\"async\" class=\"wp-image-14589 alignright\" src=\"https:\/\/lemotdujour.fr\/wp-content\/uploads\/2023\/04\/Diogene.jpg\" alt=\"\" width=\"534\" height=\"356\" srcset=\"https:\/\/lemotdujour.fr\/wp-content\/uploads\/2023\/04\/Diogene.jpg 900w, https:\/\/lemotdujour.fr\/wp-content\/uploads\/2023\/04\/Diogene-300x200.jpg 300w, https:\/\/lemotdujour.fr\/wp-content\/uploads\/2023\/04\/Diogene-768x512.jpg 768w\" sizes=\"auto, (max-width: 534px) 100vw, 534px\" \/>Et je pense \u00e0 une autre Librairie lyonnaise en difficult\u00e9&nbsp;: \u00ab&nbsp;<strong>La Librairie Diog\u00e8ne<\/strong>&nbsp;\u00bb situ\u00e9e au c\u0153ur du Vieux Lyon<br \/>\n<\/span><\/p>\n<p><span style=\"color: #777777; font-family: Arial;\">Cette Librairie a \u00e9t\u00e9 cr\u00e9\u00e9e en 1973, dans un immeuble du XVe si\u00e8cle : la maison Le Viste.<br \/>\n<\/span><\/p>\n<p><span style=\"color: #777777; font-family: Arial;\">Librairie g\u00e9n\u00e9raliste, elle propose des livres de toutes \u00e9poques, sur tous sujets, et de tous prix sur plus de 300 m2, trois niveaux et deux boutiques.<br \/>\n<\/span><\/p>\n<p><span style=\"color: #777777; font-family: Arial;\">Elle s&rsquo;adresse au collectionneur, au bibliophile averti \u00e0 la recherche d&rsquo;ouvrages de collection mais aussi \u00e0 tout amoureux du livre qui aime chercher dans cette caverne d&rsquo;Ali Baba qui renferme des tr\u00e9sors d&rsquo;intelligence et de culture.<br \/>\n<\/span><\/p>\n<p><span style=\"color: #777777; font-family: Arial;\">Cette fois ce sont les propri\u00e9taires qui veulent l&rsquo;\u00e9viction de la Librairie pour utiliser autrement ces locaux.<br \/>\n<\/span><\/p>\n<p><span style=\"color: #777777; font-family: Arial;\">Vous pouvez faire comme Annie et moi et les 32897 autres lecteurs qui ont sign\u00e9 &lt;<span style=\"color: #0000ff;\"><a style=\"color: #0000ff;\" href=\"https:\/\/www.change.org\/p\/non-%C3%A0-la-fermeture-de-la-librairie-diog%C3%A8ne\">La p\u00e9tition<\/a><\/span>&gt; qui refuse la fermeture de la Librairie Diog\u00e8ne.<br \/>\n<\/span><\/p>\n<p><span style=\"color: #777777; font-family: Arial;\">Cette librairie dispose aussi d&rsquo;un site qui la pr\u00e9sente et explique aussi le conflit avec les propri\u00e9taires&nbsp;: <a href=\"https:\/\/librairiediogene.fr\/\"><span style=\"color: #0000ff;\">https:\/\/librairiediogene.fr\/<\/span><\/a><br \/>\n<\/span><\/p>\n<p><span style=\"color: #777777; font-family: Arial;\"><strong>Henri Loevenbruck<\/strong> a \u00e9crit la phrase que j&rsquo;ai mis en exergue dans son livre &lt;<a href=\"https:\/\/booknode.com\/ari_mackenzie_tome_3_le_mystere_fulcanelli_01066835\/extraits\"><span style=\"color: #0000ff;\">Le Myst\u00e8re Fulcanelli<\/span><\/a>&gt;<br \/>\n<\/span><\/p>\n<p><span style=\"color: #c00000; font-family: Arial;\">&lt;1745&gt;<\/span><\/p>\n<p><em><span style=\"color: #777777; font-family: Arial;\">Je vous invite \u00e0 lire en commentaire la r\u00e9ponse de Blanche Gardin \u00e0 une proposition d&rsquo;Amazon Prime<\/span><\/em><\/p>\n","protected":false},"excerpt":{"rendered":"<p>\u00ab&nbsp;Une librairie qui meurt, ce n&rsquo;est pas une page qui se tourne, c&rsquo;est un livre qui se ferme, \u00e0 jamais&nbsp;!\u00bb Henri Loevenbruck C&rsquo;est en me promenant, \u00e0 Lyon entre la basilique d&rsquo;Ainay et la Place Bellecour, que j&rsquo;ai vu l&rsquo;annonce<\/p>\n","protected":false},"author":1,"featured_media":0,"comment_status":"open","ping_status":"closed","sticky":false,"template":"","format":"standard","meta":{"footnotes":""},"categories":[1],"tags":[10,9,45,3],"class_list":["post-14579","post","type-post","status-publish","format-standard","hentry","category-motdujour","tag-economie","tag-litterature","tag-lyon","tag-politique"],"_links":{"self":[{"href":"https:\/\/lemotdujour.fr\/index.php?rest_route=\/wp\/v2\/posts\/14579","targetHints":{"allow":["GET"]}}],"collection":[{"href":"https:\/\/lemotdujour.fr\/index.php?rest_route=\/wp\/v2\/posts"}],"about":[{"href":"https:\/\/lemotdujour.fr\/index.php?rest_route=\/wp\/v2\/types\/post"}],"author":[{"embeddable":true,"href":"https:\/\/lemotdujour.fr\/index.php?rest_route=\/wp\/v2\/users\/1"}],"replies":[{"embeddable":true,"href":"https:\/\/lemotdujour.fr\/index.php?rest_route=%2Fwp%2Fv2%2Fcomments&post=14579"}],"version-history":[{"count":13,"href":"https:\/\/lemotdujour.fr\/index.php?rest_route=\/wp\/v2\/posts\/14579\/revisions"}],"predecessor-version":[{"id":14603,"href":"https:\/\/lemotdujour.fr\/index.php?rest_route=\/wp\/v2\/posts\/14579\/revisions\/14603"}],"wp:attachment":[{"href":"https:\/\/lemotdujour.fr\/index.php?rest_route=%2Fwp%2Fv2%2Fmedia&parent=14579"}],"wp:term":[{"taxonomy":"category","embeddable":true,"href":"https:\/\/lemotdujour.fr\/index.php?rest_route=%2Fwp%2Fv2%2Fcategories&post=14579"},{"taxonomy":"post_tag","embeddable":true,"href":"https:\/\/lemotdujour.fr\/index.php?rest_route=%2Fwp%2Fv2%2Ftags&post=14579"}],"curies":[{"name":"wp","href":"https:\/\/api.w.org\/{rel}","templated":true}]}}