{"id":14567,"date":"2023-04-18T00:45:06","date_gmt":"2023-04-17T22:45:06","guid":{"rendered":"https:\/\/lemotdujour.fr\/?p=14567"},"modified":"2023-04-18T10:14:42","modified_gmt":"2023-04-18T08:14:42","slug":"mardi-18-avril-2023","status":"publish","type":"post","link":"https:\/\/lemotdujour.fr\/?p=14567","title":{"rendered":"Mardi 18 avril 2023"},"content":{"rendered":"<div class=\"mdjTexte\">\u00ab C&rsquo;est l&rsquo;impuissance publique qui est au c\u0153ur [de notre crise d\u00e9mocratique !] \u00bb<\/div>\n<div class=\"mdjAuteur\">Pierre-Henri Tavoillot<\/div>\n<p><span style=\"color: #777777; font-family: Arial;\">Un des grands risques qui nous guette, dans notre vie sociale, c&rsquo;est de ne plus discuter qu&rsquo;avec celles et ceux qui sont d&rsquo;accord avec nous. Celles et ceux qui partagent nos col\u00e8res, nos analyses et nos convictions.<br \/>\n<\/span><\/p>\n<p><span style=\"font-size: 12pt;\"><span style=\"color: #777777; font-family: Arial;\">Ce risque que Zygmunt Bauman a d\u00e9crit de la mani\u00e8re suivante \u00a0:<\/span><span style=\"font-family: Arial;\"><br \/>\n<\/span><\/span><\/p>\n<p style=\"margin-left: 28pt;\"><span style=\"font-size: 12pt;\"><span style=\"color: #c00000; font-family: Arial;\">\u00ab S&rsquo;enfermer dans [\u2026] une zone de confort, o\u00f9 le seul bruit qu&rsquo;on entend est l&rsquo;\u00e9cho de sa propre voix, o\u00f9 la seule chose qu&rsquo;on voit est le reflet de son propre visage.\u00bb<\/span><span style=\"font-family: Arial;\"><br \/>\n<\/span><\/span><\/p>\n<p><img decoding=\"async\" class=\"alignleft\" src=\"https:\/\/lemotdujour.fr\/wp-content\/uploads\/2023\/04\/041723_2245_Mardi18avri1.jpg\" alt=\"\" align=\"left\" \/><span style=\"color: #777777; font-family: Arial;\">Nous avons le sentiment que le probl\u00e8me de la d\u00e9mocratie fran\u00e7aise est celui d&rsquo;un hyper-pr\u00e9sident qui a trop de pouvoir et qui en abuse.<br \/>\n<\/span><\/p>\n<p><span style=\"color: #777777; font-family: Arial;\">Il est vrai que le pr\u00e9sident actuel semble avoir cette conviction de d\u00e9tenir la v\u00e9rit\u00e9 et de ne pas consid\u00e9rer qu&rsquo;\u00e9couter les corps interm\u00e9diaires soit essentiel.<br \/>\n<\/span><\/p>\n<p><span style=\"color: #777777; font-family: Arial;\">Je ne parle m\u00eame pas de son style et de ses r\u00e9pliques qui ont souvent bless\u00e9 un grand nombre de fran\u00e7ais.<br \/>\n<\/span><\/p>\n<p><span style=\"color: #777777; font-family: Arial;\">D&rsquo;apr\u00e8s les sp\u00e9cialistes des sondages, il est le Pr\u00e9sident qui suscite le plus de haine, davantage m\u00eame que Nicolas Sarkozy qui avait en son temps aussi suscit\u00e9 le rejet d&rsquo;une part des fran\u00e7ais.<br \/>\n<\/span><\/p>\n<p><span style=\"color: #777777; font-family: Arial;\">Mais comme l&rsquo;explique Pierre-Henri Tavoillot, dans D\u00e9mocratie, il y a d&rsquo;un c\u00f4t\u00e9 le \u00ab\u00a0<strong>D\u00e9mos<\/strong>\u00a0\u00bb c&rsquo;est-\u00e0-dire le Peuple et de l&rsquo;autre c\u00f4t\u00e9 le \u00ab\u00a0<strong>Kratos<\/strong>\u00a0\u00bb qui est la capacit\u00e9 de d\u00e9cider.<br \/>\n<\/span><\/p>\n<p><span style=\"color: #777777; font-family: Arial;\">Notre sentiment est que le <strong>Kratos<\/strong> est trop fort<br \/>\n<\/span><\/p>\n<p><span style=\"color: #777777; font-family: Arial;\">Ce n&rsquo;est pas l&rsquo;avis de <strong>Pierre-Henri Tavoillot<\/strong>.<br \/>\n<\/span><\/p>\n<p><span style=\"color: #777777; font-family: Arial;\">J&rsquo;avais d\u00e9j\u00e0 \u00e9voqu\u00e9 ce philosophe, lors du mot du jour du &lt;<a href=\"https:\/\/lemotdujour.fr\/?p=8354\"><span style=\"color: #0000ff;\">23 mars 2020<\/span><\/a>&gt; et la sortie de son livre \u00ab<span style=\"color: blue;\"><span style=\"color: #0000ff;\">\u00a0<a style=\"color: #0000ff;\" href=\"https:\/\/www.odilejacob.fr\/catalogue\/sciences-humaines\/philosophie\/comment-gouverner-un-peuple-roi-_9782738146458.php\"><span style=\"text-decoration: underline;\">Comment gouverner un peuple-roi ?<\/span><\/a><\/span><span style=\"color: #777777;\">\u00a0\u00bb.<strong><br \/>\n<\/strong><\/span><\/span><\/span><\/p>\n<p><span style=\"color: #777777; font-family: Arial;\">Je l&rsquo;ai r\u00e9cemment entendu dans deux \u00e9missions\u00a0:<br \/>\n<\/span><\/p>\n<p><span style=\"color: #777777; font-family: Arial;\">La premi\u00e8re dans le \u00ab\u00a0Face \u00e0 Face\u00a0\u00bb de France Inter du 1<sup>er<\/sup> avril 2023 <span style=\"color: #000080;\"><strong>&lt;<\/strong><a style=\"color: #000080;\" href=\"https:\/\/www.radiofrance.fr\/franceinter\/podcasts\/le-grand-face-a-face\/le-grand-face-a-face-du-samedi-01-avril-2023-5623606\">L&rsquo;art de gouverner&gt; <\/a><\/span>o\u00f9 il \u00e9tait le seul invit\u00e9.<a href=\"https:\/\/www.radiofrance.fr\/franceinter\/podcasts\/le-grand-face-a-face\/le-grand-face-a-face-du-samedi-01-avril-2023-5623606\"><strong><br \/>\n<\/strong><\/a><\/span><span style=\"color: #777777; font-family: Arial;\">Et l&rsquo;\u00e9mission de France-Culture, \u00ab\u00a0L&rsquo;Esprit Public\u00a0\u00bb du dimanche 16 avril 2023 <\/span><span style=\"color: #000080;\"><a style=\"color: #000080;\" href=\"https:\/\/www.radiofrance.fr\/franceinter\/podcasts\/le-grand-face-a-face\/le-grand-face-a-face-du-samedi-01-avril-2023-5623606\"><span style=\"font-family: Arial;\">&lt;<\/span><\/a><a style=\"color: #000080;\" href=\"https:\/\/www.radiofrance.fr\/franceculture\/podcasts\/l-esprit-public\/comment-sortir-de-la-crise-democratique-faut-il-reformer-les-institutions-5582591\">Comment sortir de la crise d\u00e9mocratique ?<\/a>&gt;<\/span> <span style=\"color: #777777; font-family: Arial;\">dans laquelle il \u00e9tait un des participants.<br \/>\n<span style=\"color: #777777; font-family: Arial;\">Il intervient souvent dans l&rsquo;\u00e9mission \u00ab\u00a0C ce soir\u00a0\u00bb de France 5, dans laquelle il constitue souvent une voix dissidente.<br \/>\n<\/span><\/span><\/p>\n<p><span style=\"color: #777777; font-family: Arial;\">Dans l&rsquo;\u00e9mission de France Inter il dit (\u00e0 partir de 41\u00a0:20)<br \/>\n<\/span><\/p>\n<p style=\"margin-left: 28pt;\"><span style=\"color: #c00000; font-family: Arial;\">\u00ab\u00a0Je crois qu&rsquo;il faut prendre un peu de recul sur ce qu&rsquo;est la nature de la crise de la d\u00e9mocratie fran\u00e7aise.<br \/>\n<\/span><span style=\"color: #c00000; font-family: Arial;\">Personnellement, je suis un lib\u00e9ral. Un lib\u00e9ral, c&rsquo;est veiller \u00e0 l&rsquo;\u00e9quilibre entre la soci\u00e9t\u00e9 et l\u2019\u00c9tat, entre le Demos et le Kratos, entre le peuple et le pouvoir.<br \/>\n<\/span><span style=\"color: #c00000; font-family: Arial;\">Spontan\u00e9ment le lib\u00e9ralisme s&rsquo;est construit contre les pouvoirs abusifs, contre l&rsquo;absolutisme.<br \/>\n<\/span><span style=\"color: #c00000; font-family: Arial;\">Il fallait faire baisser le Kratos et faire augmenter le Demos. [\u2026]<br \/>\n<\/span><\/p>\n<p style=\"margin-left: 28pt;\"><span style=\"color: #c00000; font-family: Arial;\">Je pense qu&rsquo;aujourd&rsquo;hui, la crise profonde de notre d\u00e9mocratie ce n&rsquo;est pas que le Demos soit trop faible et le Kratos trop fort, c&rsquo;est exactement le contraire.<br \/>\n<\/span><\/p>\n<p style=\"margin-left: 28pt;\"><span style=\"color: #c00000; font-family: Arial;\">C&rsquo;est l&rsquo;impuissance publicque qui est au c\u0153ur. \u00bb<br \/>\n<\/span><\/p>\n<p><span style=\"color: #777777; font-family: Arial;\">Au c\u0153ur du r\u00e9cit d\u00e9mocratique, il y a cette promesse que la nation, en tant que souverain, est ma\u00eetre de ses choix et peut d\u00e9cider librement de son destin.<br \/>\n<\/span><\/p>\n<p><span style=\"color: #777777; font-family: Arial;\">Cette promesse n&rsquo;a jamais \u00e9t\u00e9 totalement respect\u00e9e.<br \/>\n<\/span><\/p>\n<p><span style=\"color: #777777; font-family: Arial;\">Mais aujourd&rsquo;hui, elle est devenue extr\u00eamement faible et encore plus pour un pays de moyenne importance comme la France.<br \/>\n<\/span><\/p>\n<p><span style=\"color: #777777; font-family: Arial;\">Nos grands d\u00e9fis sont plan\u00e9taires : r\u00e9chauffement climatique, crise de la biodiversit\u00e9, crise de l&rsquo;eau, paix entre les nations.<br \/>\n<\/span><\/p>\n<p><span style=\"color: #777777; font-family: Arial;\">Notre pays se trouve dans un maillage de d\u00e9pendance pour sa consommation, son financement, ses investissements, sa d\u00e9fense.<br \/>\n<\/span><\/p>\n<p><span style=\"color: #777777; font-family: Arial;\">Cette d\u00e9pendance qui est contrainte par de nombreux Trait\u00e9s, par notre appartenance \u00e0 l&rsquo;Union europ\u00e9enne, r\u00e9duit d&rsquo;autant les marges de man\u0153uvre de nos gouvernants.<br \/>\n<\/span><\/p>\n<p><span style=\"color: #777777; font-family: Arial;\">Jancovici pr\u00e9tend que nous sommes d\u00e9j\u00e0 en d\u00e9croissance, sans nous en apercevoir, que d\u00e8s lors les choix que nous devons faire pour financer les grandes politiques publiques que nous demandons \u00e0 nos gouvernants (Sant\u00e9, \u00c9ducation, Transition \u00e9cologique etc\u2026) deviennent encore plus difficiles, car il faut prendre \u00e0 l&rsquo;un pour donner \u00e0 l&rsquo;autre.<br \/>\n<\/span><\/p>\n<p><span style=\"color: #777777; font-family: Arial;\">Depuis bien longtemps nous consommons plus que nous produisons, et cachons ce d\u00e9s\u00e9quilibre par de l&#8217;emprunt et une augmentation de la dette.<br \/>\n<\/span><\/p>\n<p><span style=\"color: #777777; font-family: Arial;\">Notre soci\u00e9t\u00e9 est fractur\u00e9e, il devient quasi impossible de g\u00e9n\u00e9rer des consensus suffisamment larges.<br \/>\n<\/span><\/p>\n<p><span style=\"color: #777777; font-family: Arial;\">Je ne d\u00e9veloppe pas, mais on constate bien un probl\u00e8me d&rsquo;impuissance publique, d\u00e8s que le candidat se trouve dans le bureau du gouvernant.<br \/>\n<\/span><\/p>\n<p><span style=\"color: #777777; font-family: Arial;\">C&rsquo;est-\u00e0-dire que ce soit Emmanuel Macron ou Jean-Luc Melenchon et je ne cite pas la troisi\u00e8me, aucun ne dispose des moyens et possibilit\u00e9s d&rsquo;honorer les promesses qu&rsquo;il fait pour \u00eatre \u00e9lu.<br \/>\n<\/span><\/p>\n<p><span style=\"color: #777777; font-family: Arial;\">Bien s\u00fbr, il reste possible de gouverner autrement que le fait le Pr\u00e9sident actuel et d&rsquo;\u00e9viter certaines provocations et \u00e9cart de langage.<br \/>\n<\/span><\/p>\n<p><span style=\"color: #777777; font-family: Arial;\">Et il est un point que ne d\u00e9veloppe pas Tavoillot et dont je suis intimement persuad\u00e9, rien ne sera possible si on ne s&rsquo;attaque pas au creusement des injustices sociales.<br \/>\n<\/span><\/p>\n<p><span style=\"color: #777777; font-family: Arial;\">Car dans un monde o\u00f9 il faudra aller vers plus de sobri\u00e9t\u00e9, en rabattre sur notre soif de consommation et d\u2019hubris, il faut que le sentiment de l&rsquo;\u00e9quit\u00e9 et de la justice grandissent dans l&rsquo;esprit du plus grand nombre.<br \/>\n<\/span><\/p>\n<p><span style=\"color: #777777; font-family: Arial;\">Et probablement qu&rsquo;il faudrait aussi plus d&rsquo;honn\u00eatet\u00e9 de la part des candidats politiques dans la promesse de ce qu&rsquo;ils sont capables de r\u00e9aliser et une plus grande maturit\u00e9 de la part des citoyens pour accepter de l&rsquo;entendre. <\/span><\/p>\n<p><span style=\"color: #777777; font-family: Arial;\"><span style=\"color: #800000;\">&lt;1744&gt;<\/span><br \/>\n<\/span><\/p>\n<p><span style=\"color: #777777; font-family: Arial;\">\u00a0<\/span><\/p>\n","protected":false},"excerpt":{"rendered":"<p>\u00ab C&rsquo;est l&rsquo;impuissance publique qui est au c\u0153ur [de notre crise d\u00e9mocratique !] \u00bb Pierre-Henri Tavoillot Un des grands risques qui nous guette, dans notre vie sociale, c&rsquo;est de ne plus discuter qu&rsquo;avec celles et ceux qui sont d&rsquo;accord avec<\/p>\n","protected":false},"author":1,"featured_media":0,"comment_status":"open","ping_status":"closed","sticky":false,"template":"","format":"standard","meta":{"footnotes":""},"categories":[1],"tags":[15,6,3],"class_list":["post-14567","post","type-post","status-publish","format-standard","hentry","category-motdujour","tag-france","tag-philosophie","tag-politique"],"_links":{"self":[{"href":"https:\/\/lemotdujour.fr\/index.php?rest_route=\/wp\/v2\/posts\/14567","targetHints":{"allow":["GET"]}}],"collection":[{"href":"https:\/\/lemotdujour.fr\/index.php?rest_route=\/wp\/v2\/posts"}],"about":[{"href":"https:\/\/lemotdujour.fr\/index.php?rest_route=\/wp\/v2\/types\/post"}],"author":[{"embeddable":true,"href":"https:\/\/lemotdujour.fr\/index.php?rest_route=\/wp\/v2\/users\/1"}],"replies":[{"embeddable":true,"href":"https:\/\/lemotdujour.fr\/index.php?rest_route=%2Fwp%2Fv2%2Fcomments&post=14567"}],"version-history":[{"count":6,"href":"https:\/\/lemotdujour.fr\/index.php?rest_route=\/wp\/v2\/posts\/14567\/revisions"}],"predecessor-version":[{"id":14576,"href":"https:\/\/lemotdujour.fr\/index.php?rest_route=\/wp\/v2\/posts\/14567\/revisions\/14576"}],"wp:attachment":[{"href":"https:\/\/lemotdujour.fr\/index.php?rest_route=%2Fwp%2Fv2%2Fmedia&parent=14567"}],"wp:term":[{"taxonomy":"category","embeddable":true,"href":"https:\/\/lemotdujour.fr\/index.php?rest_route=%2Fwp%2Fv2%2Fcategories&post=14567"},{"taxonomy":"post_tag","embeddable":true,"href":"https:\/\/lemotdujour.fr\/index.php?rest_route=%2Fwp%2Fv2%2Ftags&post=14567"}],"curies":[{"name":"wp","href":"https:\/\/api.w.org\/{rel}","templated":true}]}}