{"id":14534,"date":"2023-04-06T00:20:07","date_gmt":"2023-04-05T22:20:07","guid":{"rendered":"https:\/\/lemotdujour.fr\/?p=14534"},"modified":"2023-04-06T12:28:49","modified_gmt":"2023-04-06T10:28:49","slug":"jeudi-6-avril-2023","status":"publish","type":"post","link":"https:\/\/lemotdujour.fr\/?p=14534","title":{"rendered":"Jeudi 6 avril 2023"},"content":{"rendered":"<div class=\"mdjTexte\">\u00ab\u00a0Il y a chez lui une arrogance nourrie d&rsquo;ignorance sociale et de m\u00e9connaissance de l&rsquo;histoire des d\u00e9mocraties.\u00a0\u00bb<\/div>\n<div class=\"mdjAuteur\">Pierre Rosanvallon parlant de notre Pr\u00e9sident de la R\u00e9publique<\/div>\n<p><span style=\"color: #777777; font-family: Arial;\">Ce jeudi 6 avril 2023 constitue la 11<sup>\u00e8me<\/sup> journ\u00e9e nationale de mobilisation, depuis le 19 janvier, contre la r\u00e9forme des retraites.<br \/>\n<\/span><\/p>\n<p><span style=\"color: #777777; font-family: Arial;\">\u00c9lisabeth Borne a re\u00e7u les organisations syndicales, ce mercredi, dans un dialogue de sourd dans lequel, au bout d&rsquo;une heure, la partie syndicale a quitt\u00e9 la r\u00e9union.<br \/>\n<\/span><\/p>\n<p><span style=\"color: #777777; font-family: Arial;\">Tout au long de ces semaines, la cheffe de gouvernement n&rsquo;a pas n\u00e9goci\u00e9 avec les repr\u00e9sentants sociaux, elle a pr\u00e9f\u00e9r\u00e9 n\u00e9gocier avec le parti des r\u00e9publicains, pensant cette mani\u00e8re de faire plus efficace. Bref, elle a cherch\u00e9 un compromis politique et non un compromis social. Et, elle a \u00e9chou\u00e9.<br \/>\n<\/span><\/p>\n<p><span style=\"color: #777777; font-family: Arial;\">Il semblerait que le Pr\u00e9sident Macron parie sur un essoufflement du combat syndical : l&rsquo;inflation, le manque \u00e0 gagner des jours de gr\u00e8ve et la lassitude conduisant \u00e0 une diminution de la mobilisation. Et, si en outre, parmi les derniers manifestants, la violence se d\u00e9chaine, rapidement la majorit\u00e9 des fran\u00e7ais qui aiment l&rsquo;ordre se d\u00e9tourneront de ce mouvement qui les inqui\u00e9tera, d\u00e8s lors.<br \/>\n<\/span><\/p>\n<p><span style=\"color: #777777; font-family: Arial;\">Il reste la d\u00e9cision du Conseil Constitutionnel, le Conseil pourrait-il censurer l&rsquo;int\u00e9gralit\u00e9 de la Loi\u00a0?<br \/>\n<\/span><\/p>\n<p><span style=\"color: #777777; font-family: Arial;\">Les constitutionnalistes ne sont pas d&rsquo;accord.<br \/>\n<\/span><\/p>\n<p><span style=\"color: #777777; font-family: Arial;\">&lt;<span style=\"color: #0000ff;\"><a style=\"color: #0000ff;\" href=\"https:\/\/www.radiofrance.fr\/franceinter\/podcasts\/l-invite-de-7h50\/l-invite-de-7h50-du-jeudi-30-mars-2023-3238965\">France Inter<\/a><\/span>&gt; avait r\u00e9uni deux d&rsquo;entre eux.<br \/>\n<\/span><\/p>\n<p><span style=\"color: #777777; font-family: Arial;\"><strong>Dominique Rousseau<\/strong> pense qu&rsquo;une telle censure totale est possible, parce que selon lui\u00a0:<br \/>\n<\/span><\/p>\n<p style=\"margin-left: 28pt;\"><span style=\"color: #c00000; font-family: Arial;\">\u00ab\u00a0Il y a dans la proc\u00e9dure d&rsquo;adoption de la loi sur les retraites une accumulation d&rsquo;outils qui font que personne ne peut contester que le d\u00e9bat a \u00e9t\u00e9 <strong>peu clair et insinc\u00e8re<\/strong>\u00a0\u00bb<br \/>\n<\/span><\/p>\n<p><span style=\"color: #777777; font-family: Arial;\">Il s&rsquo;appuie sur une d\u00e9cision du Conseil Constitutionnel qui exigeait que pour l&rsquo;adoption d&rsquo;une loi il fallait qu&rsquo;il y eut un d\u00e9bat clair et sinc\u00e8re. Or selon lui, les explications avanc\u00e9es par le Gouvernement sur des points pr\u00e9cis comme la retraite minimale de 1200 euros ou comme l&rsquo;utilisation de tous les arcanes de la Constitution pour raccourcir le temps d&rsquo;examen du texte peuvent conduire \u00e0 cette sanction.<br \/>\n<\/span><\/p>\n<p><span style=\"color: #777777; font-family: Arial;\">L&rsquo;autre constitutionnaliste, <strong>Anne Levade<\/strong>, ne croit pas \u00e0 cette hypoth\u00e8se. Pour l&rsquo;instant, le Conseil constitutionnel <span style=\"color: #0000ff;\"><a style=\"color: #0000ff;\" href=\"https:\/\/www.publicsenat.fr\/article\/politique\/reforme-des-retraites-le-spectre-d-une-censure-totale-du-texte-par-le-conseil\">n&rsquo;a censur\u00e9 int\u00e9gralement que deux textes<\/a> <\/span>un en 1979 et l&rsquo;autre en 2012.<br \/>\n<\/span><\/p>\n<p><span style=\"color: #777777; font-family: Arial;\">D\u00e8s lors, s&rsquo;il n&rsquo;y a pas censure int\u00e9grale et si comme le croit le Pr\u00e9sident, la contestation sociale s&rsquo;essoufle, la Loi sera promulgu\u00e9e et entrera en vigueur.<br \/>\n<\/span><\/p>\n<p><span style=\"color: #777777; font-family: Arial;\">Cette victoire l\u00e9gale, si elle a lieu, me semble pleine de danger politique.<br \/>\n<\/span><\/p>\n<p><span style=\"color: #777777; font-family: Arial;\">Je crois que, dans ce cas, le c\u0153ur du corps social fran\u00e7ais gardera un profond ressentiment de toute cette affaire.<br \/>\n<\/span><\/p>\n<p><span style=\"color: #777777; font-family: Arial;\">Les rocardiens et m\u00eame Michel Rocard avant sa mort ont exprim\u00e9 beaucoup de soutien \u00e0 Emmanuel Macron.<br \/>\n<\/span><\/p>\n<p><span style=\"color: #777777; font-family: Arial;\">Je crois que ce temps est r\u00e9volu.<br \/>\n<\/span><\/p>\n<p><span style=\"color: #777777; font-family: Arial;\">L&rsquo;un d&rsquo;entre eux\u00a0: l&rsquo;historien <strong>Pierre Rosanvallon<\/strong> exprime dans \u00ab\u00a0<strong>Lib\u00e9ration<\/strong>\u00a0\u00bb dans un<span style=\"color: #0000ff;\"> <a style=\"color: #0000ff;\" href=\"https:\/\/www.liberation.fr\/idees-et-debats\/lhistorien-pierre-rosanvallon-il-y-a-chez-emmanuel-macron-une-arrogance-nourrie-dignorance-sociale-20230403_HEYZOLZ3XJDD7J57UYTVZ44DHM\/\">article publi\u00e9 le 3 avril 2023\u00a0<\/a><\/span>:<br \/>\n<\/span><\/p>\n<p style=\"margin-left: 28pt;\"><span style=\"color: #c00000; font-family: Arial;\">\u00ab\u00a0Or, le grand probl\u00e8me d&rsquo;Emmanuel Macron est qu&rsquo;il n&rsquo;a qu&rsquo;une exp\u00e9rience sociale et politique limit\u00e9e, \u00e9tant pass\u00e9 directement de l&rsquo;ombre \u00e0 l&rsquo;Elys\u00e9e. Il y a chez lui une arrogance nourrie d&rsquo;ignorance sociale et de m\u00e9connaissance de l&rsquo;histoire des d\u00e9mocraties. Il est certain que dans l&rsquo;optique d&rsquo;une refonte des institutions, le comportement actuel du chef de l&rsquo;Etat pose la question de la mise en \u0153uvre constitutionnelle d&rsquo;autres moyens de r\u00e9solution des crises qui partent d&rsquo;en bas. Le r\u00e9f\u00e9rendum d&rsquo;initiative partag\u00e9e n&rsquo;en est qu&rsquo;une modalit\u00e9 trop modeste. Faute de cela, le temps des r\u00e9volutions pourrait revenir ou bien ce sera l&rsquo;accumulation des ranc\u0153urs toxiques qui ouvrira la voie au populisme d&rsquo;extr\u00eame droite.\u00a0\u00bb<br \/>\n<\/span><\/p>\n<p><span style=\"color: #777777; font-family: Arial;\">Pour Rosanvallon Macron doit faire \u00ab\u00a0<span style=\"color: #c00000;\">demi-tour<span style=\"color: #777777;\">\u00a0\u00bb sur le recul de l&rsquo;\u00e2ge de d\u00e9part \u00e0 la retraite. Et il ajoute\u00a0:<br \/>\n<\/span><\/span><\/span><\/p>\n<p style=\"margin-left: 28pt;\"><span style=\"color: #c00000; font-family: Arial;\">\u00ab\u00a0Rarement un projet de r\u00e9forme gouvernemental aura \u00e9t\u00e9 aussi mal pr\u00e9par\u00e9 et envisag\u00e9 sur un mode aussi technocratique et id\u00e9ologique, alors qu&rsquo;il y a une discussion complexe et argument\u00e9e \u00e0 mener sur le financement des retraites. Sur le fond, le d\u00e9bat a \u00e9t\u00e9 escamot\u00e9 en \u00e9tant r\u00e9tr\u00e9ci \u00e0 la question de l&rsquo;\u00e2ge de d\u00e9part. Cette approche ne prend pas en compte la diversit\u00e9 des situations et des conditions de travail. Le rapport au travail aurait ainsi d\u00fb \u00eatre abord\u00e9 en pr\u00e9alable \u00e0 toute discussion sur le financement. La retraite, c&rsquo;est le r\u00e9troviseur de la vie. Cette dimension existentielle n&rsquo;est pas prise en compte dans le projet actuel.\u00a0\u00bb<br \/>\n<\/span><\/p>\n<p><span style=\"color: #777777; font-family: Arial;\">Dans un autre article de Lib\u00e9ration publi\u00e9 le m\u00eame jour, le journal constate que\u00a0:<br \/>\n<\/span><\/p>\n<p><span style=\"color: #777777; font-family: Arial;\">\u00ab\u00a0<a href=\"https:\/\/www.liberation.fr\/idees-et-debats\/autour-demmanuel-macron-de-la-fuite-dans-le-monde-des-idees-20230403_DB5LQFXDM5HF3PBU63HFPZQ6AA\/\"><span style=\"color: #0000ff;\">Alors qu&rsquo;il avait dans un premier temps s\u00e9duit les milieux intellectuels, le Pr\u00e9sident voit de plus en plus d&rsquo;anciens soutiens s&rsquo;\u00e9lever publiquement contre lui. Jusque dans ses relais les plus proches.<\/span>\u00a0<\/a>\u00bb<br \/>\n<\/span><\/p>\n<p><span style=\"color: #777777; font-family: Arial;\">Et parmi ceux-ci, celui qui a \u00e9t\u00e9 en quelque sorte son mentor\u00a0: <strong>Jacques Attali<\/strong> qui l&rsquo;avait pr\u00e9sent\u00e9 \u00e0 Fran\u00e7ois Hollande en 2010, \u00e9v\u00e8nement essentiel dans le parcours exceptionnel de celui qui allait devenir notre jeune pr\u00e9sident en 2017.<br \/>\n<\/span><\/p>\n<p><span style=\"color: #777777; font-family: Arial;\">Jacques Attali \u00e9crivait simplement, le 15 mars 2023, toujours dans Lib\u00e9ration\u00a0: \u00ab\u00a0<a href=\"https:\/\/www.liberation.fr\/idees-et-debats\/jacques-attali-cette-reforme-des-retraites-est-mal-faite-et-injuste-20230315_LUZJ77O4IVCURL5PF7CLAWOYSI\/?redirected=1\"><span style=\"color: #0000ff;\">Cette r\u00e9forme des retraites est mal faite et injuste<\/span>.<\/a>\u00a0\u00bb et pr\u00e9cisait\u00a0:<br \/>\n<\/span><\/p>\n<p style=\"margin-left: 28pt;\"><span style=\"color: #c00000; font-family: Arial;\">\u00ab\u00a0Non, reculer l&rsquo;\u00e2ge de d\u00e9part n&rsquo;est pas la bonne m\u00e9thode. J&rsquo;ai toujours \u00e9t\u00e9 favorable \u00e0 la retraite \u00e0 points, un syst\u00e8me plus juste et plus \u00e9quitable. Autrement, on peut se concentrer sur la dur\u00e9e de cotisation. Je ne suis pas du tout favorable au report de l&rsquo;\u00e2ge l\u00e9gal de d\u00e9part \u00e0 64 ans, d&rsquo;autant plus qu&rsquo;il s&rsquo;agit d&rsquo;un \u00e2ge fictif. Quelqu&rsquo;un qui a besoin de 43 ann\u00e9es de cotisation et qui a commenc\u00e9 \u00e0 travailler \u00e0 25 ans partira \u00e0 la retraite \u00e0 68 ans alors que celui qui a commenc\u00e9 \u00e0 travailler plus t\u00f4t est p\u00e9nalis\u00e9. Avec l&rsquo;augmentation de l&rsquo;\u00e2ge de d\u00e9part, le gouvernement s&rsquo;est focalis\u00e9 sur quelque chose d&rsquo;absurde\u2026\u00a0\u00bb<br \/>\n<\/span><\/p>\n<p><span style=\"color: #777777; font-family: Arial;\">\u00ab<span style=\"color: #c00000;\">Reculer l&rsquo;\u00e2ge de d\u00e9part \u00e0 65 ans est \u00e0 la fois injuste et inefficace\u00bb,<span style=\"color: #777777;\"><span style=\"color: #0000ff;\"> <a style=\"color: #0000ff;\" href=\"https:\/\/www.liberation.fr\/idees-et-debats\/philippe-aghion-reculer-lage-de-depart-a-la-retraite-a-65-ans-est-injuste-et-inefficace-20221208_XTLMPESW3ZHDVL2IIRILHWFNHA\/\" target=\"_blank\" rel=\"noopener\">observait, toujours dans <em>Lib\u00e9ration,<\/em> quelques mois <\/a><\/span>plus t\u00f4t Philippe Aghion, l&rsquo;\u00e9conomiste qui avait \u00e9t\u00e9 un des principaux inspirateurs du programme d&rsquo;Emmanuel Macron en 2017.<br \/>\n<\/span><\/span><\/span><\/p>\n<p><span style=\"color: #777777; font-family: Arial;\">Dans le mot du jour du 24 juin 2022 \u00ab\u00a0<a style=\"color: #0000ff;\" href=\"https:\/\/lemotdujour.fr\/?p=13636\">Macron ou les illusions perdues<\/a>.\u00a0\u00bb <span style=\"color: #666699;\">j&rsquo;\u00e9voquais le livre de son ancien professeur <strong>Fran\u00e7ois Dosse<\/strong>, qui avait \u00e9t\u00e9 celui qui avait pr\u00e9sent\u00e9 le jeune homme \u00e0 Paul Ricoeur. Fran\u00e7ois Dosse avait \u00e9t\u00e9 enthousiaste par l&rsquo;arriv\u00e9e de Macron \u00e0 la pr\u00e9sidence de la R\u00e9publique avant de d\u00e9chanter.<\/span><\/span><br \/>\n<span style=\"color: #777777; font-family: Arial;\">Lib\u00e9ration pr\u00e9cise que Fran\u00e7ois Dosse n&rsquo;a loup\u00e9 aucune manifestation contre la r\u00e9forme des retraites et qu&rsquo;il a donn\u00e9 cette opinion sur son ancien \u00e9l\u00e8ve\u00a0:<br \/>\n<\/span><\/p>\n<p style=\"margin-left: 28pt;\"><span style=\"color: #c00000; font-family: Arial;\">\u00ab\u00a0Sa capacit\u00e9 d&rsquo;absorption des choses et de ma\u00eetrise fait qu&rsquo;il ne conna\u00eet pas la marche arri\u00e8re, il est toujours s\u00fbr d&rsquo;avoir raison.\u00a0\u00bb<br \/>\n<\/span><\/p>\n<p><span style=\"color: #777777; font-family: Arial;\">Devant un tel d\u00e9luge de critiques, un homme raisonnable devrait s&rsquo;interroger.<br \/>\n<\/span><\/p>\n<p><span style=\"color: #777777; font-family: Arial;\">Mais le Pr\u00e9sident Macron est il raisonnable ou s&rsquo;est-il laiss\u00e9 enfermer derri\u00e8re les murs de l\u2019\u00c9lys\u00e9e dans une prison de certitudes dont la plus dangereuse est qu&rsquo;il soit le seul \u00e0 comprendre ce qui est utile et n\u00e9cessaire \u00e0 la France et aux fran\u00e7ais ?<br \/>\n<\/span><\/p>\n<p><span style=\"color: maroon; font-family: Arial;\">&lt;1742&gt;<\/span><\/p>\n","protected":false},"excerpt":{"rendered":"<p>\u00ab\u00a0Il y a chez lui une arrogance nourrie d&rsquo;ignorance sociale et de m\u00e9connaissance de l&rsquo;histoire des d\u00e9mocraties.\u00a0\u00bb Pierre Rosanvallon parlant de notre Pr\u00e9sident de la R\u00e9publique Ce jeudi 6 avril 2023 constitue la 11\u00e8me journ\u00e9e nationale de mobilisation, depuis le<\/p>\n","protected":false},"author":1,"featured_media":0,"comment_status":"open","ping_status":"closed","sticky":false,"template":"","format":"standard","meta":{"footnotes":""},"categories":[1],"tags":[24,15,3],"class_list":["post-14534","post","type-post","status-publish","format-standard","hentry","category-motdujour","tag-actualite","tag-france","tag-politique"],"_links":{"self":[{"href":"https:\/\/lemotdujour.fr\/index.php?rest_route=\/wp\/v2\/posts\/14534","targetHints":{"allow":["GET"]}}],"collection":[{"href":"https:\/\/lemotdujour.fr\/index.php?rest_route=\/wp\/v2\/posts"}],"about":[{"href":"https:\/\/lemotdujour.fr\/index.php?rest_route=\/wp\/v2\/types\/post"}],"author":[{"embeddable":true,"href":"https:\/\/lemotdujour.fr\/index.php?rest_route=\/wp\/v2\/users\/1"}],"replies":[{"embeddable":true,"href":"https:\/\/lemotdujour.fr\/index.php?rest_route=%2Fwp%2Fv2%2Fcomments&post=14534"}],"version-history":[{"count":6,"href":"https:\/\/lemotdujour.fr\/index.php?rest_route=\/wp\/v2\/posts\/14534\/revisions"}],"predecessor-version":[{"id":14545,"href":"https:\/\/lemotdujour.fr\/index.php?rest_route=\/wp\/v2\/posts\/14534\/revisions\/14545"}],"wp:attachment":[{"href":"https:\/\/lemotdujour.fr\/index.php?rest_route=%2Fwp%2Fv2%2Fmedia&parent=14534"}],"wp:term":[{"taxonomy":"category","embeddable":true,"href":"https:\/\/lemotdujour.fr\/index.php?rest_route=%2Fwp%2Fv2%2Fcategories&post=14534"},{"taxonomy":"post_tag","embeddable":true,"href":"https:\/\/lemotdujour.fr\/index.php?rest_route=%2Fwp%2Fv2%2Ftags&post=14534"}],"curies":[{"name":"wp","href":"https:\/\/api.w.org\/{rel}","templated":true}]}}