{"id":14521,"date":"2023-03-29T01:04:34","date_gmt":"2023-03-28T23:04:34","guid":{"rendered":"https:\/\/lemotdujour.fr\/?p=14521"},"modified":"2023-03-31T00:43:10","modified_gmt":"2023-03-30T22:43:10","slug":"mercredi-29-fevrier-2023","status":"publish","type":"post","link":"https:\/\/lemotdujour.fr\/?p=14521","title":{"rendered":"Mercredi 29 mars 2023"},"content":{"rendered":"<div class=\"mdjTexte\">\u00ab&nbsp;Nous devrions toujours c\u00e9l\u00e9brer les immigr\u00e9s qui contribuent tellement \u00e0 notre pays.&nbsp;\u00bb<\/div>\n<div class=\"mdjAuteur\">Humza Yousaf qui vient d&rsquo;\u00eatre d\u00e9sign\u00e9 premier ministre de l&rsquo;\u00c9cosse<\/div>\n<p><span style=\"color: #777777; font-family: Arial;\">Il se passe quelque chose de l&rsquo;autre c\u00f4t\u00e9 de la Manche.<br \/>\n<\/span><\/p>\n<p><span style=\"color: #777777; font-family: Arial;\">D&rsquo;abord en octobre 2022, apr\u00e8s l&rsquo;\u00e9pisode court et peu glorieux de Liz Truss et celui tonitruant et peu s\u00e9rieux de Boris Johnson, les conservateurs britanniques ont d\u00e9sign\u00e9 comme premier ministre <strong>Rishi Sunak<\/strong><br \/>\n<\/span><\/p>\n<p><img decoding=\"async\" class=\"alignleft\" src=\"https:\/\/lemotdujour.fr\/wp-content\/uploads\/2023\/03\/032823_2257_Mercredi29f1.jpg\" alt=\"\" align=\"left\"><span style=\"color: #777777; font-family: Arial;\">Rishi Sunak est n\u00e9 le 12 mai 1980 \u00e0 Southampton dans le Hampshire en Angleterre.<br \/>\n<\/span><\/p>\n<p><span style=\"color: #777777; font-family: Arial;\">Mais il est le fils de Yashvir Sunak, n\u00e9 au Kenya, alors colonie britannique, et d&rsquo;Usha Sunak, pharmacienne n\u00e9e au Tanganyika, alors territoire sous mandat britannique.<br \/>\n<\/span><\/p>\n<p><span style=\"color: #777777; font-family: Arial;\">Sa famille est originaire du Pendjab et fait partie de la diaspora indienne d&rsquo;Ouganda, du Kenya et de Tanzanie .<br \/>\n<\/span><\/p>\n<p><span style=\"color: #777777; font-family: Arial;\">Celui qui dirige le Royaume-Uni est donc issu de l&rsquo;immigration indienne.<br \/>\n<\/span><\/p>\n<p><span style=\"color: #777777; font-family: Arial;\">Mais en creusant un peu j&rsquo;ai appris qu&rsquo;il \u00e9tait pratiquant de l&rsquo;Hindouisme. <\/span><span style=\"color: #777777; font-family: Arial;\">Lui-m\u00eame a soulign\u00e9 que le jour de sa d\u00e9signation, le lundi 24 octobre, correspondait au jour de la f\u00eate traditionnelle de <strong>Diwali.<\/strong><br \/>\n<\/span><\/p>\n<p><span style=\"color: #777777; font-family: Arial;\">Le <strong>Diwali <\/strong>c\u00e9l\u00e8bre la victoire de la lumi\u00e8re sur les t\u00e9n\u00e8bres et est f\u00eat\u00e9 \u00e0 travers le monde entier par la communaut\u00e9 hindoue.<br \/>\n<\/span><\/p>\n<p><span style=\"color: #777777; font-family: Arial;\">En Grande Bretagne, il n&rsquo;y a pas de constitution \u00e9crite. Il est de tradition que les d\u00e9put\u00e9s pr\u00eatent serment sur la bible. Mais, apr\u00e8s son \u00e9lection au Parlement en 2015, Rishi Sunak a pr\u00eat\u00e9 serment au Parlement sur <strong>la Bhagavad Gita,<\/strong> le livre sacr\u00e9 hindou.<br \/>\n<\/span><\/p>\n<p><span style=\"color: #777777; font-family: Arial;\">C&rsquo;est ce qu&rsquo;on lit dans cet article du Huffington Post&nbsp;: &lt; <a href=\"https:\/\/www.huffingtonpost.fr\/international\/article\/la-victoire-de-rishi-sunak-tombe-le-jour-du-diwali-tout-un-symbole_209364.html\"><span style=\"color: #0000ff;\">La victoire de Rishi Sunak tombe le jour du Diwali, tout un symbole<\/span><\/a> &gt;<br \/>\n<\/span><\/p>\n<p><span style=\"color: #777777; font-family: Arial;\">Au nord des iles britanniques, en \u00c9cosse, la premi\u00e8re ministre depuis 2014, <strong>Nicola Sturgeon<\/strong>, a annonc\u00e9 sa d\u00e9mission le 15 f\u00e9vrier 2023.<br \/>\n<\/span><\/p>\n<p><span style=\"color: #777777; font-family: Arial;\">Ce mardi 28 mars, le parlement local d&rsquo;Ecosse a d\u00e9sign\u00e9 pour la remplacer <strong>Humza Yousaf <\/strong>qui deviendra aujourd&rsquo;hui, mercredi, officiellement le premier ministre de l&rsquo;\u00c9cosse.<br \/>\n<\/span><\/p>\n<p><span style=\"color: #777777; font-family: Arial;\">Le journal suisse \u00ab&nbsp;<strong>Le Temps<\/strong>&nbsp;\u00bb constate que c&rsquo;est &lt;<a href=\"https:\/\/www.letemps.ch\/monde\/ecosse-humza-yousaf-premier-leader-musulman-dune-democratie-occidentale-elu\"><span style=\"color: #0000ff;\">la premi\u00e8re fois qu&rsquo;une d\u00e9mocratie occidentale \u00e9lit un leader musulman<\/span><\/a>&gt; et ajoute<br \/>\n<\/span><\/p>\n<p style=\"margin-left: 28pt;\"><span style=\"color: #c00000; font-family: Arial;\">\u00ab A l&rsquo;annonce de sa victoire \u00e0 la t\u00eate du parti, lundi, Humza Yousaf s&rsquo;est lev\u00e9, tout sourire, a donn\u00e9 une accolade aux deux candidates qu&rsquo;il avait battues, puis s&rsquo;est tourn\u00e9 vers ses parents, assis derri\u00e8re lui. Son p\u00e8re, collier de barbe blanche strict, sa m\u00e8re, foulard musulman sur la t\u00eate et une larme \u00e0 l&rsquo;\u0153il, d\u00e9bordaient de fiert\u00e9. Le nouveau leader du Scottish National Party (SNP), le parti ind\u00e9pendantiste \u00e9cossais, \u00e9lu avec 52,1% des voix, fait rarement de ses origines un argument politique, mais en ce jour historique, qui doit faire de lui mardi le premier ministre d&rsquo;\u00c9cosse, il a tenu \u00e0 les souligner. \u00abJe dois remercier mes grands-parents, aujourd&rsquo;hui d\u00e9c\u00e9d\u00e9s, d&rsquo;avoir \u00e9migr\u00e9 du Pendjab (au Pakistan) vers l&rsquo;Ecosse il y a plus de soixante ans. [\u2026] Ils n&rsquo;auraient jamais imagin\u00e9 que leur petit-fils serait un jour sur le point de devenir premier ministre.\u00bb \u00bb<br \/>\n<\/span><\/p>\n<p><img decoding=\"async\" class=\"alignright\" src=\"https:\/\/lemotdujour.fr\/wp-content\/uploads\/2023\/03\/032823_2257_Mercredi29f2.jpg\" alt=\"\" align=\"left\"><span style=\"color: #777777; font-family: Arial;\">Sa <span style=\"color: #0000ff;\"><a style=\"color: #0000ff;\" href=\"https:\/\/fr.wikipedia.org\/wiki\/Humza_Yousaf\">page Wikipedia<\/a><\/span> nous apprend qu&rsquo;il est n\u00e9 le 7 avril 1985 \u00e0 Glasgow.<br \/>\n<\/span><\/p>\n<p><span style=\"color: #777777; font-family: Arial;\">Il est le fils d&rsquo;immigr\u00e9s de premi\u00e8re g\u00e9n\u00e9ration : son p\u00e8re, Muzaffar Yousaf, est n\u00e9 \u00e0 Mian Channu au Pakistan et \u00e0 \u00e9migr\u00e9 \u00e0 Glasgow dans les ann\u00e9es 1960, pour travailler comme comptable. Son grand-p\u00e8re paternel travaillait dans l&rsquo;usine de machine de couture Singer \u00e0 Clydebank dans les ann\u00e9es 1960. Sa m\u00e8re, Shaaista Bhutta, est n\u00e9e au Kenya dans une famille originaire d&rsquo;Asie du Sud qui a subi de nombreuses attaques car elle \u00e9tait per\u00e7ue comme prenant le travail aux locaux et qui a \u00e9migr\u00e9 plus tard en \u00c9cosse pour \u00e9chapper aux violences anti-indiennes au Kenya.<br \/>\n<\/span><\/p>\n<p><span style=\"color: #777777; font-family: Arial;\">C&rsquo;est donc un \u00e9cossais issu de l&rsquo;immigration pakistanaise qui va diriger l&rsquo;\u00c9cosse en tant que chef du Parti National \u00c9cossais qui est un parti qui souhaite l&rsquo;ind\u00e9pendance de l&rsquo;\u00e9cosse.<br \/>\n<\/span><\/p>\n<p><span style=\"color: #777777; font-family: Arial;\"><strong>Jean-Marc Four<\/strong> dans sa chronique du 28 mars&nbsp;: &lt;<span style=\"color: #0000ff;\"><a style=\"color: #0000ff;\" href=\"https:\/\/www.radiofrance.fr\/franceinter\/podcasts\/le-monde-d-apres\/le-monde-d-apres-de-jean-marc-four-du-mardi-28-mars-2023-9214091\">Un musulman \u00e0 la t\u00eate de l&rsquo;Ecosse apr\u00e8s un hindouiste \u00e0 la t\u00eate du Royaume Uni<\/a><\/span>&gt; a ajout\u00e9<br \/>\n<\/span><\/p>\n<p style=\"margin-left: 28pt;\"><span style=\"color: #c00000; font-family: Arial;\">\u00ab&nbsp;Et face \u00e0 lui, en \u00c9cosse ; Yousaf aura pour premier opposant le chef du parti travailliste \u00e9cossais, Anar Sarwar qui, lui aussi, est d&rsquo;origine pakistanaise !&nbsp;\u00bb<br \/>\n<\/span><\/p>\n<p><span style=\"color: #777777; font-family: Arial;\">\u00ab&nbsp;<strong>L&rsquo;obs<\/strong>&nbsp;\u00bb dans un article &lt;<a href=\"https:\/\/www.nouvelobs.com\/monde\/20230328.OBS71475\/5-choses-a-savoir-sur-humza-yousaf-nouveau-premier-ministre-ecossais.html\"><span style=\"color: #0000ff;\">5 choses \u00e0 savoir sur Humza Yousaf<\/span><\/a>&gt; nous r\u00e9v\u00e8le que&nbsp;:<br \/>\n<\/span><\/p>\n<p style=\"margin-left: 28pt;\"><span style=\"color: #c00000; font-family: Arial;\">\u00ab&nbsp;Humza Yousaf dit avoir beaucoup souffert de racisme, en particulier apr\u00e8s les attentats du 11 septembre 2001. En 2021, avec son \u00e9pouse, il a port\u00e9 plainte pour discrimination contre une cr\u00e8che qui avait refus\u00e9 d&rsquo;accueillir leur fille&nbsp;\u00bb<br \/>\n<\/span><\/p>\n<p><span style=\"color: #777777; font-family: Arial;\">Jean Marc Four cite <strong>Humza Yousaf<\/strong> :<br \/>\n<\/span><\/p>\n<p style=\"margin-left: 28pt;\"><span style=\"color: #c00000; font-family: Arial;\">\u00ab Nous devrions toujours c\u00e9l\u00e9brer les immigr\u00e9s qui contribuent tellement \u00e0 notre pays. \u00bb.<br \/>\n<\/span><\/p>\n<p><span style=\"color: #777777; font-family: Arial;\">Il y a donc au Royaume Uni un homme issu de l&rsquo;immigration indienne et de religion Hindou qui est premier ministre et en \u00e9cosse un homme issu de l&rsquo;immigration pakistanaise et de religion musulmane qui est premier ministre<br \/>\n<\/span><\/p>\n<p><span style=\"color: #777777; font-family: Arial;\"><strong>Jean-Marc Four<\/strong> a analys\u00e9 ce constat de la mani\u00e8re suivante&nbsp;:<br \/>\n<\/span><\/p>\n<p style=\"margin-left: 28pt;\"><span style=\"color: #c00000; font-family: Arial;\">\u00ab&nbsp;[\u2026] c&rsquo;est tr\u00e8s r\u00e9v\u00e9lateur de la pouss\u00e9e spectaculaire des \u00e9lus issus de la diversit\u00e9 chez nos voisins britanniques. [\u2026]<br \/>\n<\/span><\/p>\n<p style=\"margin-left: 28pt;\"><span style=\"color: #c00000; font-family: Arial;\">L&rsquo;homme qui incarne d\u00e9sormais l&rsquo;\u00c9cosse est donc musulman, originaire du Pendjab au Pakistan par sa famille paternelle.<br \/>\n<\/span><\/p>\n<p style=\"margin-left: 28pt;\"><span style=\"color: #c00000; font-family: Arial;\">[\u2026] Et lorsqu&rsquo;il est devenu d\u00e9put\u00e9 il y a 12 ans, Yousaf a pr\u00eat\u00e9 serment en anglais et en ourdou, l&rsquo;une des langues du Pakistan.<br \/>\n<\/span><\/p>\n<p style=\"margin-left: 28pt;\"><span style=\"color: #c00000; font-family: Arial;\">[\u2026] Un dirigeant musulman, c&rsquo;est une premi\u00e8re dans un pays occidental.<br \/>\n<\/span><\/p>\n<p style=\"margin-left: 28pt;\"><span style=\"color: #c00000; font-family: Arial;\">[\u2026] Un ph\u00e9nom\u00e8ne similaire est donc \u00e0 l&rsquo;\u0153uvre \u00e0 Londres, au Parlement britannique.<br \/>\n<\/span><\/p>\n<p style=\"margin-left: 28pt;\"><span style=\"color: #c00000; font-family: Arial;\">Puisque vous le savez, le premier ministre britannique, depuis l&rsquo;automne, est lui aussi issu de l&rsquo;immigration.<br \/>\n<\/span><\/p>\n<p style=\"margin-left: 28pt;\"><span style=\"color: #c00000; font-family: Arial;\">Rishi Sunak est hindouiste, il a d&rsquo;ailleurs pr\u00eat\u00e9 serment sur la Baghavad Gita, l&rsquo;un des textes fondamentaux de cette religion. [\u2026]<br \/>\n<\/span><\/p>\n<p style=\"margin-left: 28pt;\"><span style=\"color: #c00000; font-family: Arial;\">Deux de ses principaux ministres sont \u00e9galement enfants d&rsquo;immigrants: la ministre de l&rsquo;Int\u00e9rieur Suella Braverman, originaire de l&rsquo;\u00eele de Maurice et le ministre des affaires \u00e9trang\u00e8res James Cleverly, originaire de Sierra Leone.<br \/>\n<\/span><\/p>\n<p style=\"margin-left: 28pt;\"><span style=\"color: #c00000; font-family: Arial;\">Ajoutons d&rsquo;autres figures du parti conservateur : Kemi Badenoch, originaire du Nigeria, ou Nadim Zahawi du Pakistan.<br \/>\n<\/span><\/p>\n<p style=\"margin-left: 28pt;\"><span style=\"color: #c00000; font-family: Arial;\">Quant au maire de Londres, c&rsquo;est le travailliste Sadiq Khan depuis maintenant 7 ans. Origine l\u00e0 encore : Pakistan.<br \/>\n<\/span><\/p>\n<p style=\"margin-left: 28pt;\"><span style=\"color: #c00000; font-family: Arial;\">Ces exemples nombreux disent une \u00e9volution majeure de la vie politique britannique : les \u00e9lus issus de la diversit\u00e9 acc\u00e8dent d\u00e9sormais aux plus hauts postes.<br \/>\n<\/span><\/p>\n<p style=\"margin-left: 28pt;\"><span style=\"color: #c00000; font-family: Arial;\">\u00c7a ne veut pas dire qu&rsquo;il n&rsquo;y a pas de racisme en Angleterre ou en \u00c9cosse. Il y en a : le nouveau premier ministre \u00e9cossais raconte que sa fille en a \u00e9t\u00e9 victime.<br \/>\n<\/span><\/p>\n<p style=\"margin-left: 28pt;\"><span style=\"color: #c00000; font-family: Arial;\">Mais l&rsquo;ascension sociale des \u00e9lus de 2\u00e8me ou 3\u00e8me g\u00e9n\u00e9ration est rapide en politique. <\/span><span style=\"color: #c00000; font-family: Arial;\">Parce que certains partis, comme le parti conservateur, ont impos\u00e9 des quotas.<br \/>\n<\/span><\/p>\n<p style=\"margin-left: 28pt;\"><span style=\"color: #c00000; font-family: Arial;\">Et aussi parce que la soci\u00e9t\u00e9 y est pr\u00eate. Elle n&rsquo;a pas de r\u00e9ticence \u00e0 porter \u00e0 sa t\u00eate un enfant de l&rsquo;immigration. <\/span><span style=\"color: #c00000; font-family: Arial;\">[\u2026]<br \/>\n<\/span><\/p>\n<p style=\"margin-left: 28pt;\"><span style=\"color: #c00000; font-family: Arial;\">En tout cas, le contraste entre la France et le Royaume-Uni, d\u00e9j\u00e0 frappant avec l&rsquo;av\u00e8nement de Sunak, devient saisissant avec celui de Yousaf : l&rsquo;\u00e9quivalent en France, ce serait un pr\u00e9sident ou un premier ministre issu des immigrations alg\u00e9rienne, marocaine, s\u00e9n\u00e9galaise.<br \/>\n<\/span><\/p>\n<p style=\"margin-left: 28pt;\"><span style=\"color: #c00000; font-family: Arial;\">D\u00e9j\u00e0 qu&rsquo;un ou une ministre, une Dati, un Ndiaye, une Vallaud Belkacem, c&rsquo;est rare. Alors un chef de gouvernement n&rsquo;en parlons pas.&nbsp;\u00bb<br \/>\n<\/span><\/p>\n<p><span style=\"color: #777777; font-family: Arial;\">Il me semble que nos amis britanniques ont, sur ce point, un peu d&rsquo;avance sur la France<br \/>\n<\/span><\/p>\n<p><span style=\"color: #c00000; font-family: Arial;\">&lt;1740&gt;<\/span><\/p>\n","protected":false},"excerpt":{"rendered":"<p>\u00ab&nbsp;Nous devrions toujours c\u00e9l\u00e9brer les immigr\u00e9s qui contribuent tellement \u00e0 notre pays.&nbsp;\u00bb Humza Yousaf qui vient d&rsquo;\u00eatre d\u00e9sign\u00e9 premier ministre de l&rsquo;\u00c9cosse Il se passe quelque chose de l&rsquo;autre c\u00f4t\u00e9 de la Manche. D&rsquo;abord en octobre 2022, apr\u00e8s l&rsquo;\u00e9pisode court<\/p>\n","protected":false},"author":1,"featured_media":0,"comment_status":"open","ping_status":"closed","sticky":false,"template":"","format":"standard","meta":{"footnotes":""},"categories":[1],"tags":[236,95,3,196],"class_list":["post-14521","post","type-post","status-publish","format-standard","hentry","category-motdujour","tag-ecosse","tag-immigration","tag-politique","tag-royaume-uni"],"_links":{"self":[{"href":"https:\/\/lemotdujour.fr\/index.php?rest_route=\/wp\/v2\/posts\/14521","targetHints":{"allow":["GET"]}}],"collection":[{"href":"https:\/\/lemotdujour.fr\/index.php?rest_route=\/wp\/v2\/posts"}],"about":[{"href":"https:\/\/lemotdujour.fr\/index.php?rest_route=\/wp\/v2\/types\/post"}],"author":[{"embeddable":true,"href":"https:\/\/lemotdujour.fr\/index.php?rest_route=\/wp\/v2\/users\/1"}],"replies":[{"embeddable":true,"href":"https:\/\/lemotdujour.fr\/index.php?rest_route=%2Fwp%2Fv2%2Fcomments&post=14521"}],"version-history":[{"count":4,"href":"https:\/\/lemotdujour.fr\/index.php?rest_route=\/wp\/v2\/posts\/14521\/revisions"}],"predecessor-version":[{"id":14533,"href":"https:\/\/lemotdujour.fr\/index.php?rest_route=\/wp\/v2\/posts\/14521\/revisions\/14533"}],"wp:attachment":[{"href":"https:\/\/lemotdujour.fr\/index.php?rest_route=%2Fwp%2Fv2%2Fmedia&parent=14521"}],"wp:term":[{"taxonomy":"category","embeddable":true,"href":"https:\/\/lemotdujour.fr\/index.php?rest_route=%2Fwp%2Fv2%2Fcategories&post=14521"},{"taxonomy":"post_tag","embeddable":true,"href":"https:\/\/lemotdujour.fr\/index.php?rest_route=%2Fwp%2Fv2%2Ftags&post=14521"}],"curies":[{"name":"wp","href":"https:\/\/api.w.org\/{rel}","templated":true}]}}