{"id":14507,"date":"2023-03-27T00:44:47","date_gmt":"2023-03-26T22:44:47","guid":{"rendered":"https:\/\/lemotdujour.fr\/?p=14507"},"modified":"2023-03-27T11:24:12","modified_gmt":"2023-03-27T09:24:12","slug":"lundi-27-mars-2023","status":"publish","type":"post","link":"https:\/\/lemotdujour.fr\/?p=14507","title":{"rendered":"Lundi 27 mars 2023"},"content":{"rendered":"<div class=\"mdjTexte\">\u00ab\u00a0Personne n&rsquo;a envie d&rsquo;\u00eatre un con-vaincu.\u00a0\u00bb<\/div>\n<div class=\"mdjAuteur\">Thomas d&rsquo;Ansembourg<\/div>\n<p><span style=\"color: #777777; font-family: Arial;\">Le climat social devient violent en France, vous ne trouvez pas\u00a0?<br \/>\n<\/span><\/p>\n<p><span style=\"color: #777777; font-family: Arial;\">Ce dimanche, les m\u00e9gabassines de Sainte-Solines se sont ajout\u00e9es \u00e0 la r\u00e9forme des retraites pour donner lieu \u00e0 des affrontements et des bless\u00e9s entre des manifestants et des forces de l&rsquo;ordre.<br \/>\n<\/span><\/p>\n<p><span style=\"color: #777777; font-family: Arial;\">J&rsquo;ai regard\u00e9 avec int\u00e9r\u00eat cette vid\u00e9o du m\u00e9dia \u00ab\u00a0<strong>Blast\u00a0<\/strong>\u00bb sur la probl\u00e9matique de cette solution mise en \u0153uvre par des c\u00e9r\u00e9aliers, pour pouvoir continuer \u00e0 produire comme avant la s\u00e9cheresse, en pr\u00e9levant,\u00a0 dans la nappe phr\u00e9atique, d&rsquo;immenses masses d&rsquo;eau dont ils ont besoin pour leur activit\u00e9.<br \/>\n<\/span><\/p>\n<p><span style=\"color: #777777; font-family: Arial;\">La cons\u00e9quence de cette solution est d&rsquo;aggraver \u00e0 terme le probl\u00e8me par un ass\u00e9chement renforc\u00e9 des sols et un effondrement acc\u00e9l\u00e9r\u00e9 du niveau de la nappe phr\u00e9atique et bien s\u00fbr de diminuer l&rsquo;eau disponible pour tous les autres utilisateurs. Et parmi ces utilisateurs il y a des humains mais aussi d&rsquo;autres esp\u00e8ces vivantes qui disparaissent et avec elles la biodiversit\u00e9.<br \/>\n<\/span><\/p>\n<p><a href=\"https:\/\/www.youtube.com\/watch?v=Zsq0nPkE57k\"><span style=\"font-family: Arial;\"><span style=\"color: #0000ff;\">&lt;M\u00e9gabassines\u00a0: la guerre est d\u00e9clar\u00e9e&gt;<\/span><\/span><\/a><span style=\"color: #777777; font-family: Arial;\"><br \/>\n<\/span><\/p>\n<p><span style=\"color: #777777; font-family: Arial;\">Mais pour revenir \u00e0 la r\u00e9forme des retraites, il faut rappeler quelques \u00e9l\u00e9ments chronologiques.<br \/>\n<\/span><\/p>\n<p><span style=\"color: #777777; font-family: Arial;\">En utilisant l&rsquo;argument de la guerre en Ukraine qui monopolisait son temps de r\u00e9flexion disponible, le pr\u00e9sident Macron a enjamb\u00e9 l&rsquo;\u00e9lection pr\u00e9sidentielle.<br \/>\n<\/span><\/p>\n<p><span style=\"color: #777777; font-family: Arial;\">Je veux dire qu&rsquo;il a pr\u00e9sent\u00e9 tardivement un programme minimal et il <\/span><span style=\"color: #777777; font-family: Arial;\">a refus\u00e9 tout d\u00e9bat sur ce programme et sur tout autre sujet.<br \/>\n<\/span><\/p>\n<p><span style=\"color: #777777; font-family: Arial;\">Si on ne peut plus d\u00e9battre pendant l&rsquo;\u00e9lection pr\u00e9sidentielle, quand pourra t&rsquo;on d\u00e9battre\u00a0?<br \/>\n<\/span><\/p>\n<p><span style=\"color: #777777; font-family: Arial;\">Le d\u00e9bat du second tour n&rsquo;en \u00e9tait pas un. Il s&rsquo;agissait simplement de montrer que l&rsquo;autre candidate n&rsquo;\u00e9tait pas capable d&rsquo;assurer le r\u00f4le. Elle a parfaitement collabor\u00e9 et jou\u00e9 le r\u00f4le qu&rsquo;on attendait d&rsquo;elle.<br \/>\n<\/span><\/p>\n<p><span style=\"color: #777777; font-family: Arial;\">Dans le programme lilliputien du Pr\u00e9sident sortant, il y avait quand m\u00eame une mesure\u00a0: l&rsquo;allongement de l&rsquo;\u00e2ge de d\u00e9part \u00e0 la retraite<br \/>\n<\/span><\/p>\n<p><span style=\"color: #777777; font-family: Arial;\">Et c&rsquo;est ainsi qu&rsquo;au pas de charge, cette affaire a \u00e9t\u00e9 men\u00e9e, en utilisant tous les rouages de la constitution pour que cela aille vite.<br \/>\n<\/span><\/p>\n<p><span style=\"color: #777777; font-family: Arial;\">Plut\u00f4t que de discuter avec les repr\u00e9sentants syndicaux, Emmanuel Macron a demand\u00e9 \u00e0 son gouvernement de n\u00e9gocier avec la Droite LR, dont la candidate proposait la m\u00eame r\u00e9forme dans son programme.<br \/>\n<\/span><\/p>\n<p><span style=\"color: #777777; font-family: Arial;\">Cela n&rsquo;a pas fonctionn\u00e9, parmi les d\u00e9put\u00e9s LR, il en est suffisamment qui d\u00e9testent tellement Macron qu&rsquo;ils sont pr\u00eats \u00e0 tout pour l&#8217;emp\u00eacher.<br \/>\n<\/span><\/p>\n<p><span style=\"color: #777777; font-family: Arial;\">L&rsquo;opposition de la NUPES a aussi jou\u00e9 un r\u00f4le d\u00e9l\u00e9t\u00e8re, elle n&rsquo;a pas d\u00e9battu mais vocif\u00e9r\u00e9, elle n&rsquo;a pas argument\u00e9 mais ass\u00e9n\u00e9 ses croyances et son r\u00e9cit. Elle a r\u00e9ussi \u00e0 aider Emmanuel Macron \u00e0 rendre l&rsquo;Assembl\u00e9e Nationale encore plus impopulaire.<br \/>\n<\/span><\/p>\n<p><span style=\"color: #777777; font-family: Arial;\">Et puis finalement le Pr\u00e9sident sortant qui est reparti pour un second mandat a pris la parole le 23 mars.<br \/>\n<\/span><\/p>\n<p><span style=\"color: #777777; font-family: Arial;\">Il me semble possible de r\u00e9sumer son intervention de la mani\u00e8re suivante\u00a0:<br \/>\n<\/span><\/p>\n<p><span style=\"color: #777777; font-family: Arial;\">\u00ab\u00a0J&rsquo;ai raison, ma r\u00e9forme est indispensable. C&rsquo;est celle qui peut le mieux r\u00e9pondre aux d\u00e9fis qui se pr\u00e9sentent \u00e0 nous. Vous ne l&rsquo;avez pas bien comprise, je ne l&rsquo;ai probablement pas bien expliqu\u00e9. Je vais donc vous en convaincre en vous explicitant mes arguments. \u00bb<br \/>\n<\/span><\/p>\n<p><span style=\"color: #777777; font-family: Arial;\">Il y a un certain nombre de fran\u00e7ais qui n&rsquo;ont pas \u00e9t\u00e9 satisfaits ni du 49-3, ni de la mani\u00e8re dont Monsieur Macron a tent\u00e9 de les convaincre qu&rsquo;il avait raison.<br \/>\n<\/span><\/p>\n<p><span style=\"color: #777777; font-family: Arial;\">J&rsquo;avais d\u00e9j\u00e0 \u00e9voqu\u00e9 <strong>Thomas d&rsquo;Ansembourg, <\/strong>lors du mot du jour du 10 janvier 2017 : <\/span><span style=\"color: #777777; font-family: Arial;\">\u00ab <a href=\"https:\/\/lemotdujour.fr\/?p=379\"><span style=\"color: #0000ff;\">La paix \u00e7a s&rsquo;apprend<\/span><\/a> \u00bb<br \/>\n<\/span><\/p>\n<p><span style=\"color: #777777; font-family: Arial;\"><strong>Thomas d&rsquo;Ansembourg<\/strong> est un psychoth\u00e9rapeute belge sp\u00e9cialis\u00e9 dans la communication non-violente.<br \/>\n<\/span><\/p>\n<p><span style=\"color: #777777; font-family: Arial;\">Il organise des s\u00e9minaires en ligne, mais on trouve facilement des petites interventions pleine de sens sur la communication entre les humains.<br \/>\n<\/span><\/p>\n<p><span style=\"color: #777777; font-family: Arial;\"><img loading=\"lazy\" decoding=\"async\" class=\"size-full wp-image-14515 alignleft\" src=\"https:\/\/lemotdujour.fr\/wp-content\/uploads\/2023\/03\/Dansembourg.png\" alt=\"\" width=\"415\" height=\"351\" srcset=\"https:\/\/lemotdujour.fr\/wp-content\/uploads\/2023\/03\/Dansembourg.png 415w, https:\/\/lemotdujour.fr\/wp-content\/uploads\/2023\/03\/Dansembourg-300x254.png 300w\" sizes=\"auto, (max-width: 415px) 100vw, 415px\" \/>Dans celle-ci, il s&rsquo;agit &lt;<span style=\"color: #0000ff;\"><a style=\"color: #0000ff;\" href=\"https:\/\/www.facebook.com\/endeveloppement\/videos\/270590141950383\">de la communication dans un couple<\/a><\/span>&gt;, mais je pense que ces r\u00e9flexions sont parfaitement adapt\u00e9es \u00e0 notre situation politique\u00a0:<br \/>\n<\/span><\/p>\n<p style=\"margin-left: 28pt;\"><span style=\"color: #c00000; font-family: Arial;\">\u00ab\u00a0Il y a infiniment plus d&rsquo;intelligence dans deux c\u0153urs qui essaient de se rapprocher.<br \/>\nJe dis bien qui essaient parce qu&rsquo;on n&rsquo;arrive pas toujours.<br \/>\nIl y a bien plus d&rsquo;intelligence dans deux c\u0153urs qui essaient de se rapprocher que dans deux intelligences qui essaient d&rsquo;avoir raison \u00e0 coup de gourdin qui est malheureusement quasiment le seul mod\u00e8le que nous ayons.<br \/>\n<\/span><\/p>\n<p style=\"margin-left: 28pt;\"><span style=\"color: #c00000; font-family: Arial;\">Lorsqu&rsquo;on regarde la moindre \u00e9mission t\u00e9l\u00e9vis\u00e9e avec ceux qui sont cens\u00e9 nous inspirer comme dirigeants, on voit des collisions d&rsquo;ego avec des \u00eatres qui veulent avoir raison\u00a0!<br \/>\n<strong>Et qui ne passent pas leur temps de silence \u00e0 \u00e9couter pour comprendre, mais \u00e0 pr\u00e9parer leur contre-attaque.<\/strong><br \/>\nC&rsquo;est d&rsquo;une mis\u00e8re. Une absence de discernement. C&rsquo;est d&rsquo;une grande pauvret\u00e9.<br \/>\nPrenez un petit moment d&rsquo;\u00e9coute de vous-m\u00eame pour aller voir les moments o\u00f9 vous vous retrouvez dans des rapports de force, dans cette pr\u00e9tention \u00e0 avoir raison, \u00e0 vouloir con-vaincre l&rsquo;autre.<br \/>\nVous entendez dans ce joli mot que personne n&rsquo;a envie d&rsquo;\u00eatre un con-vaincu\u00a0?<br \/>\nQu&rsquo;est ce qui s&rsquo;active en vous quand quelqu&rsquo;un veut vous convaincre\u00a0: La plupart du temps, c&rsquo;est la fuite\u00a0: \u00ab\u00a0Fous moi la paix\u00a0\u00bb ou la r\u00e9bellion\u00a0: \u00ab\u00a0Arr\u00eate d&rsquo;essayer de me convaincre, c&rsquo;est moi qui vais te convaincre et on enclenche des rapports de force.\u00a0\u00bb<br \/>\n<\/span><\/p>\n<p><span style=\"color: #777777; font-family: Arial;\">Il est beaucoup plus intelligent et sage de passer son temps de silence \u00e0 tenter de comprendre l&rsquo;autre que de pr\u00e9parer sa contre-attaque.<br \/>\n<\/span><\/p>\n<p><span style=\"color: #777777; font-family: Arial;\">Tous les fran\u00e7ais ne disent pas \u00e0 M Macron qu&rsquo;il ne faut pas une r\u00e9forme de la retraite, mais beaucoup disent\u00a0: \u00ab\u00a0pas celle-l\u00e0 et pas avec cette m\u00e9thode\u00a0\u00bb<br \/>\n<\/span><\/p>\n<p><span style=\"color: #777777; font-family: Arial;\">Mais il semble que M Macron ne cherche pas \u00e0 comprendre et continue dans son id\u00e9e et tente de faire des fran\u00e7ais des \u00ab\u00a0con-vaincus\u00a0\u00bb.<br \/>\n<\/span><\/p>\n<p><span style=\"color: #777777; font-family: Arial;\">Cette m\u00e9thode ne fonctionne visiblement pas.<br \/>\n<\/span><\/p>\n<p><span style=\"color: #777777; font-family: Arial;\"><strong>Thomas d&rsquo;Ansembourg<\/strong> ajoute\u00a0:<br \/>\n<\/span><\/p>\n<p style=\"margin-left: 28pt;\"><span style=\"color: #c00000; font-family: Arial;\">\u00ab\u00a0Il est temps de changer de mod\u00e8le.<br \/>\nC&rsquo;est vraiment un enjeu citoyen.<br \/>\nEt d&rsquo;arr\u00eater de s&rsquo;accrocher \u00e0 une vieille croyance que l&rsquo;homme est un loup pour l&rsquo;homme et que la violence est l&rsquo;expression de la nature humaine.<br \/>\nWaouh, qu&rsquo;est ce que nous avons \u00e9t\u00e9 plomb\u00e9s par ce syst\u00e8me de pens\u00e9e.<br \/>\nJ&rsquo;ai entendu \u00e7a dans le petit cours de psycho que j&rsquo;ai re\u00e7u dans mes \u00e9tudes de droit.<br \/>\nTout petit cours de psychologie\u00a0: la violence est l&rsquo;expression de la nature humaine<br \/>\n\u00c7a fait 25 ans que j&rsquo;exp\u00e9rimente le contraire.<br \/>\nLa violence n&rsquo;est pas l&rsquo;expression de notre nature.<br \/>\n<\/span><\/p>\n<p style=\"margin-left: 28pt;\"><span style=\"color: #c00000; font-family: Arial;\">La violence est l&rsquo;expression de la frustration de notre nature, ce qui n&rsquo;est pas du tout la m\u00eame chose.<br \/>\nSi vous \u00eates aim\u00e9, reconnu, trouvez du sens \u00e0 votre vie, avez une joyeuse appartenance, vous savez comment d\u00e9ployer vos talents et le monde autour de vous vous y encourage\u00a0: pourquoi seriez-vous violent\u00a0?<br \/>\nInversement, vous vous sentez pas aim\u00e9, vous n&rsquo;avez pas d&rsquo;appartenance, vous ne trouvez pas votre place dans la vie, la vie n&rsquo;a pas de sens \u00e0 vos yeux, vous ne vous sentez pas compris, vous ne comprenez rien \u00e0 ce qui se passe, l\u00e0 \u00e7a commence \u00e0 bouillonner\u00a0!<br \/>\n<\/span><\/p>\n<p style=\"margin-left: 28pt;\"><span style=\"color: #c00000; font-family: Arial;\">D&rsquo;o\u00f9 l&rsquo;urgence d&rsquo;apprendre \u00e0 bien conna\u00eetre notre nature, pour qu&rsquo;elle trouve sa voie, son expansion dans le respect de la nature de l&rsquo;autre \u00e9videmment.<br \/>\nC&rsquo;est ainsi que la connaissance de soi est un enjeu de sant\u00e9 publique.\u00a0\u00bb<br \/>\n<\/span><\/p>\n<p><span style=\"color: #777777; font-family: Arial;\">Message destin\u00e9 \u00e0 des couples, mais les fran\u00e7ais et leur pr\u00e9sident peuvent aussi l&rsquo;entendre avec int\u00e9r\u00eat, c&rsquo;est ce que je pense.<br \/>\n<\/span><\/p>\n<p><span style=\"color: #c00000; font-family: Arial;\">&lt;1739&gt;<\/span><\/p>\n","protected":false},"excerpt":{"rendered":"<p>\u00ab\u00a0Personne n&rsquo;a envie d&rsquo;\u00eatre un con-vaincu.\u00a0\u00bb Thomas d&rsquo;Ansembourg Le climat social devient violent en France, vous ne trouvez pas\u00a0? Ce dimanche, les m\u00e9gabassines de Sainte-Solines se sont ajout\u00e9es \u00e0 la r\u00e9forme des retraites pour donner lieu \u00e0 des affrontements et<\/p>\n","protected":false},"author":1,"featured_media":0,"comment_status":"open","ping_status":"closed","sticky":false,"template":"","format":"standard","meta":{"footnotes":""},"categories":[1],"tags":[15,3,98],"class_list":["post-14507","post","type-post","status-publish","format-standard","hentry","category-motdujour","tag-france","tag-politique","tag-retraite"],"_links":{"self":[{"href":"https:\/\/lemotdujour.fr\/index.php?rest_route=\/wp\/v2\/posts\/14507","targetHints":{"allow":["GET"]}}],"collection":[{"href":"https:\/\/lemotdujour.fr\/index.php?rest_route=\/wp\/v2\/posts"}],"about":[{"href":"https:\/\/lemotdujour.fr\/index.php?rest_route=\/wp\/v2\/types\/post"}],"author":[{"embeddable":true,"href":"https:\/\/lemotdujour.fr\/index.php?rest_route=\/wp\/v2\/users\/1"}],"replies":[{"embeddable":true,"href":"https:\/\/lemotdujour.fr\/index.php?rest_route=%2Fwp%2Fv2%2Fcomments&post=14507"}],"version-history":[{"count":6,"href":"https:\/\/lemotdujour.fr\/index.php?rest_route=\/wp\/v2\/posts\/14507\/revisions"}],"predecessor-version":[{"id":14517,"href":"https:\/\/lemotdujour.fr\/index.php?rest_route=\/wp\/v2\/posts\/14507\/revisions\/14517"}],"wp:attachment":[{"href":"https:\/\/lemotdujour.fr\/index.php?rest_route=%2Fwp%2Fv2%2Fmedia&parent=14507"}],"wp:term":[{"taxonomy":"category","embeddable":true,"href":"https:\/\/lemotdujour.fr\/index.php?rest_route=%2Fwp%2Fv2%2Fcategories&post=14507"},{"taxonomy":"post_tag","embeddable":true,"href":"https:\/\/lemotdujour.fr\/index.php?rest_route=%2Fwp%2Fv2%2Ftags&post=14507"}],"curies":[{"name":"wp","href":"https:\/\/api.w.org\/{rel}","templated":true}]}}