{"id":14486,"date":"2023-03-20T00:05:00","date_gmt":"2023-03-19T23:05:00","guid":{"rendered":"https:\/\/lemotdujour.fr\/?p=14486"},"modified":"2023-03-21T17:50:05","modified_gmt":"2023-03-21T16:50:05","slug":"lundi-20-mars-2023","status":"publish","type":"post","link":"https:\/\/lemotdujour.fr\/?p=14486","title":{"rendered":"Lundi 20 mars 2023"},"content":{"rendered":"<div class=\"mdjTexte\">\u00ab\u00a0Peut-\u00eatre aurait-il fallu commencer par l\u00e0 et assumer clairement qu&rsquo;aux yeux du pouvoir, cette r\u00e9forme s&rsquo;impose uniquement comme un signal adress\u00e9 aux march\u00e9s financiers.\u00a0\u00bb<\/div>\n<div class=\"mdjAuteur\">Micha\u00ebl Foessel<\/div>\n<p><span style=\"color: #777777; font-family: Arial;\">Et \u00c9lisabeth Borne d\u00e9gaina le 49-3, comme jadis John Wayne d\u00e9gainait son colt.<br \/>\n<\/span><\/p>\n<p><span style=\"color: #777777; font-family: Arial;\">Le jeudi 16 mars, Emmanuel Macron a r\u00e9uni \u00e0 trois reprises \u00c9lisabeth Borne et ses ministres, \u00e0 quelques heures d&rsquo;un vote extr\u00eamement incertain \u00e0 l&rsquo;Assembl\u00e9e nationale sur la r\u00e9forme des retraites. Et finalement, le chef de l&rsquo;\u00c9tat a d\u00e9cid\u00e9. La formule constitutionnelle est \u00ab\u00a0il a autoris\u00e9 la Premi\u00e8re ministre \u00e0 engager la responsabilit\u00e9 du gouvernement.\u00a0\u00bb<br \/>\n<\/span><\/p>\n<p><span style=\"color: #777777; font-family: Arial;\">Le <a href=\"https:\/\/www.huffingtonpost.fr\/politique\/article\/vers-un-49-3-pour-la-reforme-des-retraites-macron-reunit-un-conseil-des-ministres_215306.html\"><span style=\"color: #0000ff;\">Huffington Post<\/span><\/a> rapporte\u00a0:<br \/>\n<\/span><\/p>\n<p style=\"margin-left: 28pt;\"><span style=\"color: #c00000; font-family: Arial;\">\u00ab\u00a0Un choix que le chef de l&rsquo;\u00c9tat a justifi\u00e9 comme suit, comme l&rsquo;a rapport\u00e9 un participant \u00e0 l&rsquo;ultime conseil des ministres : \u00ab Mon int\u00e9r\u00eat politique et ma volont\u00e9 politique \u00e9taient d&rsquo;aller au vote. Parmi vous tous, je ne suis pas celui qui risque sa place ou son si\u00e8ge. <strong>Mais je consid\u00e8re qu&rsquo;en l&rsquo;\u00e9tat, les risques financiers, \u00e9conomiques sont trop grands.<\/strong> \u00bb Et le locataire de l&rsquo;\u00c9lys\u00e9e d&rsquo;ajouter : \u00ab On ne peut pas jouer avec l&rsquo;avenir du pays. \u00bb\u00a0\u00bb<br \/>\n<\/span><\/p>\n<p><span style=\"color: #777777; font-family: Arial;\">Qu&rsquo;est ce qui se cache derri\u00e8re ces risques financiers et \u00e9conomiques\u00a0?<br \/>\n<\/span><\/p>\n<p><span style=\"color: #777777; font-family: Arial;\">Tout le monde parle de la r\u00e9forme des retraites, en se focalisant sur les r\u00e8gles permettant de demander sa retraite et sur les conditions budg\u00e9taires de l&rsquo;\u00e9quilibre des caisses de retraite.<br \/>\n<\/span><\/p>\n<p><span style=\"color: #777777; font-family: Arial;\">Et on parle de justice, d&rsquo;impossibilit\u00e9 pour de nombreux m\u00e9tiers p\u00e9nibles de travailler jusqu&rsquo;\u00e0 64 ans, de l&rsquo;injustice du crit\u00e8re d&rsquo;\u00e2ge, de la n\u00e9cessit\u00e9 prioritaire d&rsquo;intervenir pour emp\u00eacher que le syst\u00e8me de retraite s&rsquo;effondre.<br \/>\n<\/span><\/p>\n<p><span style=\"color: #777777; font-family: Arial;\">D&rsquo;ailleurs, on entend de mani\u00e8re de moins en moins feutr\u00e9e cette id\u00e9e g\u00e9niale de pousser les fran\u00e7ais vers des syst\u00e8mes de retraite par capitalisation.<br \/>\n<\/span><\/p>\n<p><span style=\"color: #777777; font-family: Arial;\">Dans un tel syst\u00e8me on laisserait un syst\u00e8me par r\u00e9partition minimale, correspondant grosso modo \u00e0 une pension de base ayant pour vocation de permettre la survie de celles et ceux qui la touchent. Pour disposer de quelques \u00e9l\u00e9ments de confort, de culture et de loisirs il faudra compter sur un fonds de pension aupr\u00e8s duquel on aura cotis\u00e9 tout au long de sa vie. La r\u00e9mun\u00e9ration que le Fonds de pension donnera au retrait\u00e9 d\u00e9pendra des montants de cotisation qu&rsquo;il aura vers\u00e9 librement selon l&rsquo;ampleur de ses moyens, ses go\u00fbt et possibilit\u00e9s d&rsquo;\u00e9pargne.<br \/>\n<\/span><\/p>\n<ul>\n<li><span style=\"color: #777777; font-family: Arial;\">Cette \u00e9volution cr\u00e9era une fracture encore plus grande entre les pauvres et les riches.<br \/>\n<\/span><\/li>\n<li><span style=\"color: #777777; font-family: Arial;\">Ce syst\u00e8me ne pr\u00e9sente pas un caract\u00e8re d&rsquo;une grande stabilit\u00e9, les fonds de pension se trouvant \u00e0 la merci des crises financi\u00e8res, comme celle qui selon toute probabilit\u00e9 est en train de se d\u00e9velopper dans le monde financier et d&rsquo;assurance.<br \/>\n<\/span><\/li>\n<li><span style=\"color: #777777; font-family: Arial;\">Enfin, selon moi, le plus grave est qu&rsquo;on met ainsi l&rsquo;argent des retraites aux mains de fonds sp\u00e9culatifs dont l&rsquo;objectif est de faire le plus de gains possibles. Ce qui signifie dans le monde dans lequel nous vivons : faire pression sur les emplois, les salaires et avant de s&rsquo;int\u00e9resser \u00e0 l&rsquo;int\u00e9r\u00eat de la population et \u00e0 la survie de l&rsquo;humanit\u00e9, prioriser la rentabilit\u00e9 financi\u00e8re.<br \/>\n<\/span><\/li>\n<\/ul>\n<p><span style=\"color: #777777; font-family: Arial;\">Ceci me fait penser \u00e0 cette parole de Fran\u00e7ois Mitterrand qui dans un moment de lucidit\u00e9 socialiste aurait dit\u00a0:<br \/>\n<\/span><\/p>\n<p style=\"margin-left: 28pt;\"><span style=\"color: #c00000; font-family: Arial;\">\u00ab Ils s&rsquo;en prendront aux retraites, \u00e0 la sant\u00e9, \u00e0 la S\u00e9curit\u00e9 sociale, car ceux, disait-il, qui poss\u00e8dent beaucoup veulent toujours poss\u00e9der plus et les assurances priv\u00e9es attendent de faire main basse sur le pactole. Vous vous battrez le dos au mur, avait-il dit \u00e0 son gouvernement. \u00bb<br \/>\n<\/span><\/p>\n<p><span style=\"color: #777777; font-family: Arial;\">Il aurait dit cela lors du dernier conseil des ministres de 1993, avant la victoire de la Droite aux \u00e9lections l\u00e9gislatives et la mise en place du gouvernement Balladur.<br \/>\n<\/span><\/p>\n<p><span style=\"color: #777777; font-family: Arial;\">\u00ab Aurait dit \u00bb parce que le compte rendu de ce conseil des ministres n&rsquo;en fait pas \u00e9tat et que la <span style=\"color: #0000ff;\"><a style=\"color: #0000ff;\" href=\"https:\/\/www.20minutes.fr\/societe\/2667711-20191205-francois-mitterrand-vraiment-lance-prendront-retraites-sante-securite-sociale\">source de cette information<\/a><\/span> est S\u00e9gol\u00e8ne Royal lors d&rsquo;un discours qu&rsquo;elle a prononc\u00e9 en 2011, \u00e0 Jarnac la ville natale de Mitterrand. Elle a fait pr\u00e9c\u00e9der cette citation par ces mots :<br \/>\n<\/span><\/p>\n<p style=\"margin-left: 28pt;\"><span style=\"color: #c00000; font-family: Arial;\">\u00ab\u00a0Fran\u00e7ois Mitterrand n&rsquo;a jamais sous-estim\u00e9 l&rsquo;acharnement des int\u00e9r\u00eats financiers coalis\u00e9s. Nous sommes plusieurs ici \u00e0 nous souvenir de ce message pr\u00e9monitoire qu&rsquo;il nous adressait lors du dernier Conseil des ministres de 1993.\u00a0\u00bb<br \/>\n<\/span><\/p>\n<p><span style=\"color: #777777; font-family: Arial;\">Mais en r\u00e9alit\u00e9 lorsque Emmanuel Macron parle de risques financiers et \u00e9conomiques, il ne parle pas principalement et peut \u00eatre m\u00eame pas du tout de l&rsquo;\u00e9quilibre financier des retraites.<br \/>\n<\/span><\/p>\n<p><span style=\"color: #777777; font-family: Arial;\">Ainsi <strong>Alain Minc,<\/strong> celui qui a popularis\u00e9 le concept de \u00ab\u00a0cercle de la raison\u00a0\u00bb que finalement Emmanuel Macron a mis en \u0153uvre en imposant \u00ab\u00a0<strong>l&rsquo;extr\u00eame centre<\/strong> \u00bb qui gouverne et qui a pour seule alternative des forces populistes divis\u00e9es entre deux extr\u00eames irr\u00e9conciliables, do<\/span><span style=\"color: #777777; font-family: Arial;\">nnait ainsi la cl\u00e9 de cette affaire sur &lt;<span style=\"color: #0000ff;\"><a style=\"color: #0000ff;\" href=\"https:\/\/www.europe1.fr\/politique\/nous-vivons-a-credit-nous-sommes-obliges-de-faire-la-reforme-des-retraites-assure-leconomiste-alain-minc-4168194\">Europe 1, le 21 f\u00e9vrier 2023<\/a><\/span>&gt;<br \/>\n<\/span><\/p>\n<p style=\"margin-left: 28pt;\"><span style=\"color: #c00000; font-family: Arial;\">\u00ab\u00a0Il y a une chose qui n&rsquo;est pas dite, que les responsables politiques ne peuvent pas dire dans une France aussi \u00e9motive et populiste, qui est que nous avons 3.000 milliards de dette, nous vivons \u00e0 cr\u00e9dit, nous vivons en payant des taux d&rsquo;int\u00e9r\u00eat incroyablement bas, c&rsquo;est-\u00e0-dire tr\u00e8s proches de ceux de l&rsquo;Allemagne. Si, et le monde entier nous regarde, on ne fait pas cette r\u00e9forme, notre taux d&#8217;emprunt augmente par exemple de 1%. Je vais vous faire le calcul, c&rsquo;est 2 milliards et demi la premi\u00e8re ann\u00e9e, 5 milliards la deuxi\u00e8me, 7,5 la troisi\u00e8me, 10 la quatri\u00e8me. C&rsquo;est vertigineux [\u2026] Mais \u00e9videmment avec l&rsquo;atmosph\u00e8re ambiante, m\u00e9lenchoniste r\u00e9gnant, l&rsquo;absurdit\u00e9 vis-\u00e0-vis de l&rsquo;incompr\u00e9hension \u00e9conomique qui est propre \u00e0 ce pays, c&rsquo;est tr\u00e8s difficile de dire les march\u00e9s nous regardent, cette r\u00e9forme est un geste extr\u00eamement fort \u00e0 leurs yeux et nous sommes oblig\u00e9s de la faire parce que nous portons nos 3.000 milliards de dette.[\u2026] il n&rsquo;est pas facile pour les responsables politiques de dire ce qu&rsquo;un observateur peut dire en toute ing\u00e9nuit\u00e9\u00a0\u00bb.<br \/>\n<\/span><\/p>\n<p><span style=\"color: #777777; font-family: Arial;\">Il reprend ces arguments dans un article dans &lt;<a href=\"https:\/\/www.entreprendre.fr\/reforme-des-retraites-alain-minc-avertit-les-francais\/\"><span style=\"color: #0000ff;\">Sur le site Entreprendre<\/span><\/a>&gt; le 22 f\u00e9vrier.<br \/>\n<\/span><\/p>\n<p><span style=\"color: #777777; font-family: Arial;\">Et, en effet, Emmanuel Macron avait bien, devant les journalistes de l&rsquo;association de la presse pr\u00e9sidentielle,<span style=\"color: #0000ff;\"> <a style=\"color: #0000ff;\" href=\"https:\/\/www.huffingtonpost.fr\/politique\/article\/emmanuel-macron-tient-a-la-reforme-des-retraites-pour-2023_207657.html\">lundi 12 septembre 2022<\/a><\/span>, \u00e0 Nanterre (Hauts-de-Seine), expliqu\u00e9 qu&rsquo;il avait besoin d&rsquo;une r\u00e9forme d\u00e8s l&rsquo;\u00e9t\u00e9 2023 afin de financer les trois grands chantiers qu&rsquo;il s&rsquo;est fix\u00e9s en cette rentr\u00e9e : l&rsquo;\u00e9cole, la sant\u00e9 et la transition climatique.<br \/>\n<\/span><\/p>\n<p><span style=\"color: #777777; font-family: Arial;\">Donc il y a d&rsquo;un c\u00f4t\u00e9 celles et ceux qui discutent du bien fond\u00e9 de la r\u00e9forme des retraites de mani\u00e8re intrins\u00e8que, en constatant qu&rsquo;il n&rsquo;y a pas d&rsquo;urgence vitale de faire cette r\u00e9forme pour le financement des retraites. Les arguments \u00e9chang\u00e9s depuis que la r\u00e9forme a \u00e9t\u00e9 propos\u00e9e par le gouvernement n&rsquo;aborde que le sujet sous cet angle\u00a0: Faut-il faire une r\u00e9forme des retraites pour sauvegarder les retraites\u00a0?<br \/>\n<\/span><\/p>\n<p><span style=\"color: #777777; font-family: Arial;\">Alors qu&rsquo;au fond la pr\u00e9occupation du gouvernement est tout autre : il faut faire un signe aux march\u00e9s financiers pour prouver que la France est en mesure d&rsquo;\u00e9conomiser de l&rsquo;argent d&rsquo;un c\u00f4t\u00e9 pour pouvoir d&rsquo;une part faire diminuer sa dette et d&rsquo;autre part financer d&rsquo;autres d\u00e9penses urgentes.<br \/>\n<\/span><\/p>\n<p><span style=\"color: #777777; font-family: Arial;\">Je me souviens de Michel Rocard qui lors d&rsquo;un discours, regrettait que l\u2019\u00c9tat ait c\u00e9d\u00e9 ses instruments d&rsquo;intervention dans l&rsquo;\u00e9conomie et notamment la possibilit\u00e9 pour la Banque Centrale d&rsquo;\u00e9mettre du cr\u00e9dit au profit de l\u2019\u00c9tat au lieu d&rsquo;obliger ce dernier d&#8217;emprunter aux banques priv\u00e9es\u2026<br \/>\n<\/span><\/p>\n<p><span style=\"color: #777777; font-family: Arial;\">Il reconnaissait son erreur de ne pas s&rsquo;\u00eatre oppos\u00e9 \u00e0 cette \u00e9volution.<br \/>\n<\/span><\/p>\n<p><span style=\"color: #777777; font-family: Arial;\">Et maintenant nos \u00c9tats d\u00e9pendent des institutions financi\u00e8res priv\u00e9es et des agences de notation.<br \/>\n<\/span><\/p>\n<p><span style=\"color: #777777; font-family: Arial;\">R\u00e9cemment Liz Truss avait \u00e9t\u00e9 d\u00e9sign\u00e9e comme premier ministre du Royaume-Uni par le parti conservateur. Elle avait un programme totalement d\u00e9magogique de diminution des imp\u00f4ts, sans diminution des d\u00e9penses. Apr\u00e8s la p\u00e9riode de deuil d&rsquo;Elisabeth II qui a co\u00efncid\u00e9 avec le d\u00e9but de son mandat, elle a annonc\u00e9 officiellement son programme \u00e9conomique le 23 septembre 2022. Elle ne tiendra pas un mois aux pressions de la sph\u00e8re financi\u00e8re et des agences de notation et d\u00e9missionnera le 20 octobre 2022.<br \/>\n<\/span><\/p>\n<p><span style=\"color: #777777; font-family: Arial;\">Dans le monde d&rsquo;aujourd&rsquo;hui, les \u00c9tats sont oblig\u00e9s d&rsquo;\u00e9couter l&rsquo;avis de leurs cr\u00e9anciers.<br \/>\n<\/span><\/p>\n<p><span style=\"color: #777777; font-family: Arial;\"><strong>Micha\u00ebl F\u0153ssel,<\/strong> dans un article de l&rsquo;Obs, publi\u00e9 le 18 mars 2023 : \u00ab <span style=\"color: #0000ff;\"><a style=\"color: #0000ff;\" href=\"https:\/\/www.nouvelobs.com\/politique\/20230318.OBS70999\/michael-f-ssel-pourquoi-n-ont-ils-pas-assume-que-cette-reforme-etait-un-signal-aux-marches-financiers.html\">Pourquoi n&rsquo;ont-ils pas assum\u00e9 que cette r\u00e9forme \u00e9tait un signal aux march\u00e9s financiers ?<\/a><\/span> \u00bb, explique\u00a0:<br \/>\n<\/span><\/p>\n<p style=\"margin-left: 28pt;\"><span style=\"color: #c00000; font-family: Arial;\">\u00ab\u00a0En ce qui concerne les justifications de la r\u00e9forme, nous avons eu droit \u00e0 toute la palette des \u00e9l\u00e9ments de langage\u00a0: justice sociale, efficacit\u00e9, valeur travail, \u00e9quilibre budg\u00e9taire, sauvetage du syst\u00e8me par r\u00e9partition,\u00a0etc. Jusqu&rsquo;au comique avec la revendication par Olivier Dussopt de mener une <em>\u00ab\u00a0r\u00e9forme de gauche\u00a0\u00bb<\/em>\u2026 Logiquement, le moment d&rsquo;exacerbation de la crise a aussi \u00e9t\u00e9 celui de la v\u00e9rit\u00e9\u00a0: pour justifier l&rsquo;usage du 49.3, Emmanuel Macron a \u00e9voqu\u00e9 les n\u00e9cessit\u00e9s financi\u00e8res dans un contexte \u00e9conomique mondial d\u00e9grad\u00e9. Peut-\u00eatre aurait-il fallu commencer par l\u00e0 et assumer clairement qu&rsquo;aux yeux du pouvoir, cette r\u00e9forme s&rsquo;impose uniquement comme un signal adress\u00e9 aux march\u00e9s financiers apr\u00e8s une explosion de la dette due aux d\u00e9penses du <em>\u00ab\u00a0quoi qu&rsquo;il en co\u00fbte\u00a0\u00bb<\/em>.<br \/>\nAu moins, les choses auraient \u00e9t\u00e9 claires\u00a0: la hausse des taux d&rsquo;int\u00e9r\u00eat, les march\u00e9s qui regardent la France avec suspicion, la crise bancaire qui s&rsquo;annonce rendraient in\u00e9vitable le report de l&rsquo;\u00e2ge de d\u00e9part \u00e0 la retraite. Nous aurions alors peut-\u00eatre eu droit \u00e0 un d\u00e9bat int\u00e9ressant sur la d\u00e9pendance des politiques publiques \u00e0 l&rsquo;\u00e9gard des march\u00e9s financiers. Il est vrai qu&rsquo;il aurait fallu aussi pr\u00e9senter \u00e0 l&rsquo;opinion une balance un peu cruelle\u00a0: deux ann\u00e9es de la vie des gens en \u00e9change de deux points d\u00e9cern\u00e9s par les agences de notation.\u00a0\u00bb<br \/>\n<\/span><\/p>\n<p><span style=\"color: #777777; font-family: Arial;\">Il me semble, en effet, que pour qu&rsquo;une D\u00e9mocratie puisse fonctionner correctement, il faut poser les bonnes questions et dire les v\u00e9ritables raisons de l&rsquo;action politique.<br \/>\n<\/span><\/p>\n<p><span style=\"color: #777777; font-family: Arial;\">Le fiasco de cette r\u00e9forme pose bien d&rsquo;autres questions, mais celle-ci me parait essentiel.<br \/>\n<\/span><\/p>\n<p><span style=\"color: #777777; font-family: Arial;\">La question n&rsquo;est pas simple, en tout cas pas aussi simple que le sugg\u00e8re Micha\u00ebl F\u0153ssel.<br \/>\n<\/span><\/p>\n<p><span style=\"color: #777777; font-family: Arial;\">D\u00e8s qu&rsquo;on s&rsquo;arr\u00eate un peu, on constate que partout on a besoin d&rsquo;argent public : la transition \u00e9cologique, la sant\u00e9, l&rsquo;\u00e9ducation nationale, la justice, la d\u00e9fense, la culture partout\u2026<br \/>\n<\/span><\/p>\n<p><span style=\"color: #777777; font-family: Arial;\">Bien s\u00fbr, de ci de l\u00e0, il est possible d&rsquo;obtenir quelques financements suppl\u00e9mentaires et mettre fin \u00e0 certains gaspillages.<br \/>\n<\/span><\/p>\n<p><span style=\"color: #777777; font-family: Arial;\">Mais globalement il faut g\u00e9rer des priorit\u00e9s\u00a0: on ne peut pas tout donner \u00e0 tout le monde. Il faut faire des choix et savoir d\u00e9cider ce qui est prioritaire, ce qui l&rsquo;est moins.<br \/>\n<\/span><\/p>\n<p><span style=\"color: #777777; font-family: Arial;\">J&rsquo;ai \u00e9cout\u00e9 avec beaucoup d&rsquo;int\u00e9r\u00eat l&rsquo;\u00e9mission \u00ab\u00a0<span style=\"color: #0000ff;\"><a style=\"color: #0000ff;\" href=\"https:\/\/www.radiofrance.fr\/franceculture\/podcasts\/l-esprit-public\/reforme-des-retraites-crise-politique-crise-democratique-5287769\">Esprit Public\u00a0<\/a><\/span>\u00bb de ce dimanche qui a abord\u00e9 ces questions avec des invit\u00e9s ayant des avis assez diff\u00e9rents pour que l&rsquo;\u00e9change puisse \u00eatre f\u00e9cond.<br \/>\n<\/span><\/p>\n<p><span style=\"color: #777777; font-family: Arial;\">&lt;<span style=\"color: maroon;\">1738<span style=\"color: #777777;\">&gt;<\/span><\/span><\/span><\/p>\n","protected":false},"excerpt":{"rendered":"<p>\u00ab\u00a0Peut-\u00eatre aurait-il fallu commencer par l\u00e0 et assumer clairement qu&rsquo;aux yeux du pouvoir, cette r\u00e9forme s&rsquo;impose uniquement comme un signal adress\u00e9 aux march\u00e9s financiers.\u00a0\u00bb Micha\u00ebl Foessel Et \u00c9lisabeth Borne d\u00e9gaina le 49-3, comme jadis John Wayne d\u00e9gainait son colt. Le<\/p>\n","protected":false},"author":1,"featured_media":0,"comment_status":"open","ping_status":"closed","sticky":false,"template":"","format":"standard","meta":{"footnotes":""},"categories":[1],"tags":[10,15,3,98],"class_list":["post-14486","post","type-post","status-publish","format-standard","hentry","category-motdujour","tag-economie","tag-france","tag-politique","tag-retraite"],"_links":{"self":[{"href":"https:\/\/lemotdujour.fr\/index.php?rest_route=\/wp\/v2\/posts\/14486","targetHints":{"allow":["GET"]}}],"collection":[{"href":"https:\/\/lemotdujour.fr\/index.php?rest_route=\/wp\/v2\/posts"}],"about":[{"href":"https:\/\/lemotdujour.fr\/index.php?rest_route=\/wp\/v2\/types\/post"}],"author":[{"embeddable":true,"href":"https:\/\/lemotdujour.fr\/index.php?rest_route=\/wp\/v2\/users\/1"}],"replies":[{"embeddable":true,"href":"https:\/\/lemotdujour.fr\/index.php?rest_route=%2Fwp%2Fv2%2Fcomments&post=14486"}],"version-history":[{"count":9,"href":"https:\/\/lemotdujour.fr\/index.php?rest_route=\/wp\/v2\/posts\/14486\/revisions"}],"predecessor-version":[{"id":14499,"href":"https:\/\/lemotdujour.fr\/index.php?rest_route=\/wp\/v2\/posts\/14486\/revisions\/14499"}],"wp:attachment":[{"href":"https:\/\/lemotdujour.fr\/index.php?rest_route=%2Fwp%2Fv2%2Fmedia&parent=14486"}],"wp:term":[{"taxonomy":"category","embeddable":true,"href":"https:\/\/lemotdujour.fr\/index.php?rest_route=%2Fwp%2Fv2%2Fcategories&post=14486"},{"taxonomy":"post_tag","embeddable":true,"href":"https:\/\/lemotdujour.fr\/index.php?rest_route=%2Fwp%2Fv2%2Ftags&post=14486"}],"curies":[{"name":"wp","href":"https:\/\/api.w.org\/{rel}","templated":true}]}}