{"id":1447,"date":"2016-10-07T02:00:00","date_gmt":"2016-10-06T22:00:00","guid":{"rendered":"http:\/\/lemotdujour.fr\/?p=1447"},"modified":"2017-05-08T13:29:00","modified_gmt":"2017-05-08T11:29:00","slug":"vendredi-7-octobre-2016","status":"publish","type":"post","link":"https:\/\/lemotdujour.fr\/?p=1447","title":{"rendered":"Vendredi 7 octobre 2016"},"content":{"rendered":"<div class=\"mdjDate\">Vendredi 7 octobre 2016<\/div>\n<div class=\"mdjTexte\">\u00abPersonne au monde, ni en Alg\u00e9rie, ni au S\u00e9n\u00e9gal, ni en Chine, ne souhaite devenir minoritaire dans son village.\u00a0\u00bb<\/div>\n<div class=\"mdjAuteur\">Christophe Guilluy, lors des matins de France Culture du 13 septembre 2016<\/div>\n<div class=\"mdjComplements\">Christophe Guilluy est g\u00e9ographe et pr\u00e9sente des analyses tr\u00e8s int\u00e9ressantes sur la France d\u2019aujourd\u2019hui, la r\u00e9partition des richesses sur le territoire, le rapport qu\u2019il d\u00e9finit comme \u00ab\u00a0complexe\u00a0\u00bb \u00e0 l\u2019autre et la distance de plus en plus grande qui devient une s\u00e9paration entre la France d\u2019en haut et la France d\u2019en bas.<\/div>\n<div class=\"mdjComplements\">L\u2019exergue du mot du jour est sa r\u00e9ponse \u00e0 la citation de Guillaume Erner qui reprenait une des affirmations de son dernier ouvrage <a href=\"http:\/\/www.decitre.fr\/livres\/le-crepuscule-de-la-france-d-en-haut-9782081375345.html\">\u00a0&lt; Le cr\u00e9puscule de la France d\u2019en haut&gt;\u00a0<\/a> : \u00ab L\u2019opinion,\u00a0il n\u2019y a pas trop d\u2019\u00e9trangers en France, n\u2019est majoritaire que chez les cadres !\u00bb.<\/div>\n<div class=\"mdjComplements\">Le rapport \u00e0 l\u2019autre constitue un vrai sujet selon lui, mais\u00a0: <\/div>\n<div class=\"mdjCiter\">\u00ab\u00a0Avant d\u2019aborder ce sujet je voudrais savoir\u00a0:<\/div>\n<div class=\"mdjCiter\">1\u00b0 Combien tu gagnes\u00a0?<\/div>\n<div class=\"mdjCiter\">2\u00b0 O\u00f9 vis-tu\u00a0?<\/div>\n<div class=\"mdjCiter\">3\u00b0A quoi ressembles les gens qui habitent dans ton immeuble\u00a0?<\/div>\n<div class=\"mdjCiter\">4\u00b0 et o\u00f9 as-tu scolaris\u00e9 tes enfants\u00a0?<\/div>\n<div class=\"mdjCiter\">Apr\u00e8s la r\u00e9ponse \u00e0 ces questions, on peut parler.\u00a0\u00bb<\/div>\n<div class=\"mdjComplements\">Le clivage se fait selon classes sup\u00e9rieures et classes prol\u00e9taires.<\/div>\n<div class=\"mdjCiter\">\u00ab\u00a0Le multiculturalisme \u00e0 1000 euros par mois, ce n\u2019est pas la m\u00eame chose que le multiculturalisme \u00e0 10\u00a0000 euros par mois. \u00a0\u00bb<\/div>\n<div class=\"mdjComplements\">Mais il consid\u00e8re que cette fracture se trouve dans les discours pas dans les faits. Il explique ainsi que\u00a0: \u00ab\u00a0Les bobos qui aident les immigr\u00e9s sont probablement et dans leur plus grande majorit\u00e9 sinc\u00e8re dans leurs d\u00e9marches\u00a0\u00bb mais quand il s\u2019agit de choix r\u00e9sidentiel ou du choix de la scolarisation des enfants, le choix est celui du s\u00e9paratisme.<\/div>\n<div class=\"mdjComplements\">Et il \u00e9largit son propos en disant bien qu\u2019il ne parle pas que du \u00ab\u00a0petit blanc\u00a0\u00bb, il en va de m\u00eame pour la population d\u2019origine maghr\u00e9bine bien implant\u00e9e en France qui va aussi pratiquer l&rsquo;\u00e9vitement et la fuite lorsqu\u2019elle constate que le quartier, dans lequel elle vit, voit affluer une nouvelle population d\u2019immigration subsaharienne.<\/div>\n<div class=\"mdjComplements\">Et il pr\u00e9cise\u00a0: <\/div>\n<div class=\"mdjCiter\">\u00ab\u00a0Ce que je critique c\u2019est la condamnation des gens d\u2019en bas par les gens d\u2019en haut. Le rapport avec l\u2019autre est plus complexe pour les gens d\u2019en bas.\u00a0\u00bb<\/div>\n<div class=\"mdjComplements\">Avant son dernier ouvrage, Christophe Guilluy en avait publi\u00e9 2 autres qui avaient fait grand bruit et d\u00e9clench\u00e9 des pol\u00e9miques\u00a0:<\/div>\n<div class=\"mdjComplements\">D\u2019abord\u00a0: <a href=\"http:\/\/www.chez-mon-libraire.fr\/livre\/9782081289611-fractures-francaises-christophe-guilluy\/\">&lt;\u00a0Fractures fran\u00e7aises\u00a0&gt;,<\/a> puis surtout <a href=\"http:\/\/www.chez-mon-libraire.fr\/listeliv.php?base=paper&amp;mots_recherche=La%20France%20p%E9riph%E9rique\">&lt;La France p\u00e9riph\u00e9rique ; comment on a sacrifi\u00e9 les classes populaires&gt;<\/a><\/div>\n<div class=\"mdjComplements\">Dans ce dernier ouvrage, le g\u00e9ographe d\u00e9taille sa vision de la fracture territoriale en France.<\/div>\n<div class=\"mdjComplements\">Il oppose les grandes m\u00e9tropoles o\u00f9 sont produits les richesses et o\u00f9 vivent les dominants et les gagnants de la mondialisation et la France p\u00e9riph\u00e9rique, c\u2019est-\u00e0-dire le reste du territoire donc hors grandes m\u00e9tropoles o\u00f9 vivent la majorit\u00e9 des classes populaires.<\/div>\n<div class=\"mdjComplements\">Plus pr\u00e9cis\u00e9ment, il d\u00e9crit trois territoires\u00a0: la France p\u00e9riph\u00e9rique, les Grandes m\u00e9tropoles et les banlieues des grandes m\u00e9tropoles\u00a0 qu\u2019il d\u00e9crit comme \u00ab\u00a0les coulisses\u00a0\u00bb ou \u00ab\u00a0les vestiaires\u00a0\u00bb des m\u00e9tropoles o\u00f9 vivent les \u00e9migr\u00e9s qui travaillent dans le BTP, comme serveur ou dans les emplois de service au profit des dominants des m\u00e9tropoles. La Seine Saint Denis est le meilleur exemple de telles \u00ab\u00a0coulisses\u00a0\u00bb.<\/div>\n<div class=\"mdjComplements\">Il montre cette \u00e9volution o\u00f9 les classes populaires ne vivent plus \u00e0 l\u2019endroit o\u00f9 se cr\u00e9ent les richesses. Le besoin d\u2019ouvriers dans les usines n\u00e9cessitait leur pr\u00e9sence. Paris \u00e9tait une ville remplie d\u2019ouvriers et de classes populaires. Le march\u00e9 immobilier, la logique \u00e9conomique s\u2019est charg\u00e9e d\u2019\u00e9vacuer les gens qui n\u2019\u00e9taient plus utiles pour les besoins de l\u2019\u00e9conomie. Aujourd\u2019hui les classes populaires ne peuvent plus habiter pr\u00e8s des grandes m\u00e9tropoles que dans le parc social, alors qu\u2019au XX\u00e8me si\u00e8cle, les ouvriers \u00e9taient log\u00e9s pour leur plus grande part dans le parc des logements priv\u00e9s.<\/div>\n<div class=\"mdjComplements\">Ce d\u00e9coupage du territoire correspond d\u2019assez pr\u00e8s au vote pour ou contre le Front national.<\/div>\n<div class=\"mdjComplements\">Cette pens\u00e9e tr\u00e8s riche aurait probablement m\u00e9rit\u00e9 plusieurs mots du jour. Dans son dernier ouvrage il insiste sur la rupture et l\u2019incommunicabilit\u00e9 entre la France d\u2019en haut qui profite de la mondialisation et la France d\u2019en bas qui est la perdante de la mondialisation. Je finirai par cette r\u00e9flexion du g\u00e9ographe\u00a0: <a href=\"http:\/\/www.rtl.fr\/actu\/societe-faits-divers\/christophe-guilluy-on-a-un-systeme-economique-qui-marche-mais-qui-ne-fait-pas-societe-7785089294\">\u00ab\u00a0On a un syst\u00e8me \u00e9conomique qui marche mais qui ne fait pas soci\u00e9t\u00e9\u00a0\u00bb<\/a>.<\/div>\n<div class=\"mdjComplements\">\u00a0<\/div>\n<div class=\"mdjComplements\">&lt;<a href=\"http:\/\/www.franceculture.fr\/emissions\/linvite-des-matins\/la-faillite-des-elites\">Voici le lien vers les matins de France Culture du 13 septembre 2016<\/a>&gt;<\/div>\n<div class=\"mdjComplements\">et <a href=\"http:\/\/www.franceculture.fr\/emissions\/linvite-des-matins-2eme-partie\/linvite-des-matins-2eme-partie-mardi-13-septembre-2016\">&lt;la deuxi\u00e8me partie&gt;<\/a>.<\/div>\n<div class=\"mdjComplements\">Voici un lien vers un article qui <a href=\"http:\/\/www.agoravox.fr\/tribune-libre\/politiques-citoyens\/article\/la-france-peripherique-ou-la-159298\">&lt;Qui d\u00e9veloppe et approuve les th\u00e8ses d\u00e9velopp\u00e9es dans La France p\u00e9riph\u00e9rique&gt;<\/a><\/div>\n<div class=\"mdjComplements\">Et aussi deux articles plus critiques <a href=\"http:\/\/www.slate.fr\/story\/92641\/christophe-guilluy-france-peripherique\">&lt;Slate&gt;<\/a> et <a href=\"http:\/\/www.liberation.fr\/debats\/2016\/09\/29\/les-decoupages-malheureux-de-la-france-peripherique_1514886\">&lt;Lib\u00e9ration&gt;<\/a><\/div>\n","protected":false},"excerpt":{"rendered":"<p>Vendredi 7 octobre 2016 \u00abPersonne au monde, ni en Alg\u00e9rie, ni au S\u00e9n\u00e9gal, ni en Chine, ne souhaite devenir minoritaire dans son village.\u00a0\u00bb Christophe Guilluy, lors des matins de France Culture du 13 septembre 2016 Christophe Guilluy est g\u00e9ographe et<\/p>\n","protected":false},"author":1,"featured_media":0,"comment_status":"closed","ping_status":"closed","sticky":false,"template":"","format":"standard","meta":{"footnotes":""},"categories":[1],"tags":[],"class_list":["post-1447","post","type-post","status-publish","format-standard","hentry","category-motdujour"],"_links":{"self":[{"href":"https:\/\/lemotdujour.fr\/index.php?rest_route=\/wp\/v2\/posts\/1447","targetHints":{"allow":["GET"]}}],"collection":[{"href":"https:\/\/lemotdujour.fr\/index.php?rest_route=\/wp\/v2\/posts"}],"about":[{"href":"https:\/\/lemotdujour.fr\/index.php?rest_route=\/wp\/v2\/types\/post"}],"author":[{"embeddable":true,"href":"https:\/\/lemotdujour.fr\/index.php?rest_route=\/wp\/v2\/users\/1"}],"replies":[{"embeddable":true,"href":"https:\/\/lemotdujour.fr\/index.php?rest_route=%2Fwp%2Fv2%2Fcomments&post=1447"}],"version-history":[{"count":1,"href":"https:\/\/lemotdujour.fr\/index.php?rest_route=\/wp\/v2\/posts\/1447\/revisions"}],"predecessor-version":[{"id":1448,"href":"https:\/\/lemotdujour.fr\/index.php?rest_route=\/wp\/v2\/posts\/1447\/revisions\/1448"}],"wp:attachment":[{"href":"https:\/\/lemotdujour.fr\/index.php?rest_route=%2Fwp%2Fv2%2Fmedia&parent=1447"}],"wp:term":[{"taxonomy":"category","embeddable":true,"href":"https:\/\/lemotdujour.fr\/index.php?rest_route=%2Fwp%2Fv2%2Fcategories&post=1447"},{"taxonomy":"post_tag","embeddable":true,"href":"https:\/\/lemotdujour.fr\/index.php?rest_route=%2Fwp%2Fv2%2Ftags&post=1447"}],"curies":[{"name":"wp","href":"https:\/\/api.w.org\/{rel}","templated":true}]}}