{"id":14467,"date":"2023-03-07T00:14:00","date_gmt":"2023-03-06T23:14:00","guid":{"rendered":"https:\/\/lemotdujour.fr\/?p=14467"},"modified":"2023-03-06T22:38:24","modified_gmt":"2023-03-06T21:38:24","slug":"mardi-7-mars-2023","status":"publish","type":"post","link":"https:\/\/lemotdujour.fr\/?p=14467","title":{"rendered":"Mardi 7 mars 2023"},"content":{"rendered":"<div class=\"mdjTexte\">\u00ab\u00a0The K\u00f6ln Concert\u00a0\u00bb<\/div>\n<div class=\"mdjAuteur\">Keith Jarrett<\/div>\n<p><span style=\"color: #777777; font-family: Arial;\">Le jazz n&rsquo;est pas mon domaine.<br \/>\n<\/span><\/p>\n<p><span style=\"color: #777777; font-family: Arial;\">Il ne se trouve pas dans mon univers musical.<br \/>\n<\/span><\/p>\n<p><span style=\"color: #777777; font-family: Arial;\">Des amis pr\u00e9cieux, Jean-Fran\u00e7ois, Martine, Fran\u00e7ois ont tent\u00e9 de m&rsquo;y initier sans succ\u00e8s.<br \/>\n<\/span><\/p>\n<p><span style=\"color: #777777; font-family: Arial;\">Au bout de quelques minutes je sentais l&rsquo;ennui me submerger et m\u00eame un sentiment de malaise lorsque le blues me communiquait une impression de d\u00e9pression, bien loin de la vibration r\u00e9confortante, du bain r\u00e9g\u00e9n\u00e9rateur quand j&rsquo;\u00e9coute Bach, Schubert, Beethoven, Mahler etc..<br \/>\n<\/span><\/p>\n<p><span style=\"color: #777777; font-family: Arial;\">Mais j&rsquo;ai \u00e9t\u00e9 intrigu\u00e9 par une \u00e9mission \u00ab\u00a0<strong>MAXXI Classique<\/strong>\u00a0\u00bb que j&rsquo;ai \u00e9cout\u00e9 par hasard, le 24 janvier 2023, et qui parlait d&rsquo;un concert mythique\u00a0: &lt;<a href=\"https:\/\/www.radiofrance.fr\/francemusique\/podcasts\/maxxi-classique\/the-koeln-concert-keith-jarrett-a-l-opera-2593390\"><span style=\"color: #0000ff;\">The K\u00f6ln Concert : Keith Jarrett \u00e0 l&rsquo;op\u00e9ra<\/span><\/a>&gt;<br \/>\n<\/span><\/p>\n<p><span style=\"color: #777777; font-family: Arial;\">Et puis Ad\u00e8le Van Reeth, en a \u00e9galement parl\u00e9 dans son livre \u00ab\u00a0<strong>Inconsolable<\/strong>\u00a0\u00bb.<br \/>\n<\/span><\/p>\n<p><img decoding=\"async\" class=\"alignleft\" src=\"https:\/\/lemotdujour.fr\/wp-content\/uploads\/2023\/03\/030623_2114_Mardi7mars21.jpg\" alt=\"\" align=\"left\" \/><span style=\"color: #777777; font-family: Arial;\">Alors je me suis d\u00e9cid\u00e9 \u00e0 acqu\u00e9rir ce disque et \u00e0 l&rsquo;\u00e9couter.<br \/>\n<\/span><\/p>\n<p><span style=\"color: #777777; font-family: Arial;\">Ce concert a \u00e9t\u00e9 enregistr\u00e9 \u00e0 l&rsquo;Op\u00e9ra de Cologne il y a 48 ans, le 24 janvier 1975.<br \/>\n<\/span><\/p>\n<p><span style=\"color: #777777; font-family: Arial;\"><strong>Max Dozolme <\/strong>pr\u00e9sente ce concert ainsi<strong>\u00a0:<br \/>\n<\/strong><\/span><\/p>\n<p style=\"margin-left: 28pt;\"><span style=\"color: #c00000; font-family: Arial;\">\u00ab\u00a0Sol r\u00e9 do sol la. Cinq notes. Cinq notes et des sourires. Dans la salle, tout le monde reconnait dans ce motif musical la sonnerie annon\u00e7ant le d\u00e9but de chaque concert donn\u00e9 \u00e0 l&rsquo;Op\u00e9ra de Cologne. Du parterre aux balcons o\u00f9 il ne reste plus aucune place de libre, personne en revanche ne peut imaginer que ces cinq notes vont \u00eatre le point de d\u00e9part d&rsquo;une improvisation qui durera une soir\u00e9e enti\u00e8re.<br \/>\n<\/span><\/p>\n<p style=\"margin-left: 28pt;\"><span style=\"color: #c00000; font-family: Arial;\">Quand il monte sur la sc\u00e8ne de l&rsquo;op\u00e9ra, Keith Jarrett n&rsquo;est pas dans une tr\u00e8s grande forme. Cela fait plusieurs jours qu&rsquo;il encha\u00eene les concerts et il est \u00e9puis\u00e9.<br \/>\n<\/span><\/p>\n<p style=\"margin-left: 28pt;\"><span style=\"color: #c00000; font-family: Arial;\">La veille, il \u00e9tait \u00e0 Lausanne et il n&rsquo;a pas dormi depuis vingt-quatre heures.<br \/>\nUne fois arriv\u00e9 \u00e0 Cologne, apr\u00e8s dix heures de route, il d\u00e9couvre que le piano que l&rsquo;op\u00e9ra lui a r\u00e9serv\u00e9 est un vieux B\u00f6sendorfer qui n&rsquo;a pas \u00e9t\u00e9 r\u00e9vis\u00e9 depuis tr\u00e8s longtemps et qui sonne, selon l&rsquo;aveu-m\u00eame de Jarrett \u00ab comme un mauvais clavecin ou un piano dans lequel on aurait mis des punaises. [\u2026] Parce que ce piano poss\u00e8de des aigus qui ne lui plaisent pas et une sonorit\u00e9 peu int\u00e9ressante, le pianiste d\u00e9cide de solliciter au maximum le registre grave et m\u00e9dium du piano. Dans cette grande improvisation structur\u00e9e, il privil\u00e9gie \u00e9galement un jeu plut\u00f4t rythmique, compos\u00e9 de petits motifs et d&rsquo;accords a\u00e9r\u00e9s.\u00a0\u00bb<br \/>\n<\/span><\/p>\n<p><span style=\"color: #777777; font-family: Arial;\">Keith Jarrett envisage de renoncer et de ne pas jouer. Mais la salle est pleine, alors il h\u00e9site.<br \/>\n<\/span><\/p>\n<p><span style=\"color: #777777; font-family: Arial;\">Le site &lt;<a href=\"https:\/\/www.musanostra.com\/the-koln-concert-la-musique-dans-linstant\/\"><span style=\"color: #0000ff;\">Musanostra<\/span><\/a>&gt; pr\u00e9tend que ce concert aurait eu lieu \u00e0 23:30 apr\u00e8s l&rsquo;op\u00e9ra du soir et que les 1400 spectateurs prirent place dans la salle apr\u00e8s avoir entendu la sonnerie de rappel.<br \/>\n<\/span><\/p>\n<p><span style=\"color: #777777; font-family: Arial;\">Ce m\u00eame site, rapporte un propos que Keith Jarret a tenu \u00e0 propos de ce concert\u00a0:<br \/>\n<\/span><\/p>\n<p style=\"margin-left: 28pt;\"><span style=\"color: #c00000; font-family: Arial;\">\u00ab Je n&rsquo;avais aucune id\u00e9e de ce que j&rsquo;allais jouer. Pas de premi\u00e8re note, pas de th\u00e8me. Le vide. J&rsquo;ai totalement improvis\u00e9, du d\u00e9but \u00e0 la fin, suivant un processus intuitif. Une note engendrait une deuxi\u00e8me note, un accord m&rsquo;entra\u00eenait sur une plan\u00e8te harmonique qui \u00e9voluait constamment. Je me d\u00e9pla\u00e7ais dans la m\u00e9lodie, les dynamiques et les univers stylistiques, pas \u00e0 pas, sans savoir ce qui se passerait dans la seconde suivante \u00bb.<br \/>\n<\/span><\/p>\n<p><span style=\"color: #777777; font-family: Arial;\">Le producteur du disque qui sera r\u00e9alis\u00e9 \u00e0 partir de ce concert\u00a0; <strong>Manfred Eicher<\/strong> <a href=\"http:\/\/www.musiqxxl.fr\/the-koln-concert-k-jarrett\/\"><span style=\"color: #0000ff;\">d\u00e9clare<\/span><\/a>\u00a0:<br \/>\n<\/span><\/p>\n<p style=\"margin-left: 28pt;\"><span style=\"color: #c00000; font-family: Arial;\">\u00ab\u00a0D\u00e8s les premi\u00e8res mesures, j&rsquo;ai compris qu&rsquo;il avait d\u00e9cid\u00e9 de ne pas se battre contre l&rsquo;instrument mais de l&rsquo;accepter tel quel, et que \u00e7a allait avoir une influence sur son jeu, et peut-\u00eatre l&#8217;emmener dans des territoires qu&rsquo;il n&rsquo;avait pas forc\u00e9ment l&rsquo;habitude d&rsquo;explorer. Je n&rsquo;\u00e9tais pas dans la salle mais dans le bus qui servait de r\u00e9gie \u00e0 l&rsquo;enregistrement, et j&rsquo;ai tout de suite \u00e9t\u00e9 saisi par la splendeur m\u00e9lodique du motif originel, la fa\u00e7on extr\u00eamement virtuose et naturelle avec laquelle il le transformait en vagues lyriques successives, l&rsquo;art hautement dramaturgique avec lequel il d\u00e9roulait cette esp\u00e8ce de fil \u00e9motionnel tout du long, sans jamais le l\u00e2cher.\u00a0\u00bb<br \/>\n<\/span><\/p>\n<p><span style=\"color: #777777; font-family: Arial;\">Et <strong>Ad\u00e8le Van Reeth,<\/strong> en fait cette description pr\u00e9cise, dans \u00ab\u00a0Inconsolable\u00a0\u00bb pleine d&rsquo;\u00e9motion et de sensibilit\u00e9\u00a0:<br \/>\n<\/span><\/p>\n<p style=\"margin-left: 28pt;\"><span style=\"color: #c00000; font-family: Arial;\">\u00ab\u00a0La p\u00e9dale est bien appuy\u00e9e, les doigts cherchent et la m\u00e9lodie, instantan\u00e9ment, se dessine sous les yeux du public. Main gauche, touches effleur\u00e9es, main droite, une suite de notes tr\u00e8s simple et tr\u00e8s douce, puis la p\u00e9dale se rel\u00e2che et le rythme s&rsquo;installe, un rythme \u00e0 contretemps, la m\u00e9lodie chaloupe, le jazz qui cogne \u00e0 la porte, discr\u00e8tement, presque une minute, puis il repart, la m\u00e9lodie reste en l&rsquo;air, comme si elle n&rsquo;allait pas rester, comme si une seconde de silence et elle pouvait dispara\u00eetre, \u00e0 chaque note on croit qu&rsquo;il va s&rsquo;arr\u00eater, \u00e0 chaque note on prie pour que \u00e7a continue, quelques notes \u00e0 peine, c&rsquo;est si fragile et si beau, et c&rsquo;est \u00e7a, exactement \u00e7a, l&rsquo;intraduisible, la m\u00e9lodie du r\u00e9el qui se fait devant nous, en direct, d&rsquo;abord le silence puis ce concert, deux heures d&rsquo;improvisation totale qui saisissent tr\u00e8s exactement ce autour de quoi on tourne en permanence. Lui donne l&rsquo;impression de tourner en rond mais il y va tout droit, c&rsquo;est une \u00e9vidence, des cris dans la voix quand la touche percute au bon moment, le pied qui bat la mesure sur la p\u00e9dale, c&rsquo;est une percussion, \u00e7a cogne \u00e0 nouveau, puis presque plus rien, et \u00e7a repart, \u00e7a ne s&rsquo;arr\u00eate pas, \u00e7a gonfle, petit \u00e0 petit, \u00e7a monte, \u00e7a monte, qu&rsquo;est-ce que c&rsquo;est beau, et soudain \u00e7a part, apr\u00e8s sept minutes il trouve le th\u00e8me, le d\u00e9but de la jouissance accompagn\u00e9e par des cris qui y ressemblent \u00e9trangement, et la vie est lanc\u00e9e, la vie est saisie, c&rsquo;est l&rsquo;existence qui se joue devant nous, dans nos oreilles, sur sc\u00e8ne, et rien ne sera jamais aussi beau, si ce n&rsquo;est la reprise du th\u00e8me, quelques minutes plus tard, puis \u00e0 nouveau, encore et encore, une reprise sans cesse impr\u00e9visible et sans cesse implor\u00e9e, \u00ab ne nous laisse pas, semblent murmurer les spectateurs, montre-nous le chemin, toi qui ne parles pas, toi qui n&rsquo;\u00e9cris pas, toi qui joues et inventes au creux de l&rsquo;hiver, en plein mois de janvier, ce que nous avons au plus profond de nous, l&rsquo;exacte musique de notre c\u0153ur inconsolable \u00bb<br \/>\n<\/span><\/p>\n<p><span style=\"color: #777777; font-family: Arial;\">Max Dozolme conclut\u00a0:<br \/>\n<\/span><\/p>\n<p style=\"margin-left: 28pt;\"><span style=\"color: #c00000; font-family: Arial;\">\u00ab\u00a0Avec environ quatre millions de ventes \u00e0 ce jour, le K\u00f6ln Concert est l&rsquo;album du label ECM, de Keith Jarret et de piano jazz le plus vendu de tous les temps. Un concert qui a donn\u00e9 lieu \u00e0 une transcription, une partition \u00e9crite et \u00e9dit\u00e9e. Mais cet objet ne nous aide pas \u00e0 percer le myst\u00e8re du jeu de Jarrett. Aussi pr\u00e9cise soit-elle, la partition ne pourra jamais nous aider \u00e0 comprendre ce qui s&rsquo;est pass\u00e9 ce soir-l\u00e0 dans la t\u00eate de Keith Jarrett. Reste le disque, la photographie la plus fid\u00e8le d&rsquo;une \u0153uvre sans lendemain et immortelle.\u00a0\u00bb<br \/>\n<\/span><\/p>\n<p><span style=\"color: #777777; font-family: Arial;\">Apr\u00e8s avoir \u00e9cout\u00e9 plusieurs fois ce disque, surtout sa premi\u00e8re partie, j&rsquo;ai encha\u00een\u00e9 sur la 7\u00e8me symphonie de Mahler et je suis retourn\u00e9 dans mon univers. Ce n&rsquo;est pas, pour moi, la m\u00eame sensation, pas les m\u00eames vibrations, ni la m\u00eame \u00e9motion. <\/span><\/p>\n<p><span style=\"color: #777777; font-family: Arial;\">Mais je reconnais que cette exp\u00e9rience d&rsquo;un artiste fatigu\u00e9 jouant un instrument m\u00e9diocre et parvenant \u00e0 partir de 4 notes d&rsquo;improviser et de cr\u00e9er une \u0153uvre coh\u00e9rente, foisonnante\u00a0 et pleine de souffle, rel\u00e8ve certainement du g\u00e9nie et conduit \u00e0 un instant d&rsquo;\u00e9ternit\u00e9. <\/span><\/p>\n<p><span style=\"color: #777777; font-family: Arial;\">&lt;<span style=\"color: #800000;\">1736<\/span>&gt;<br \/>\n<\/span><\/p>\n","protected":false},"excerpt":{"rendered":"<p>\u00ab\u00a0The K\u00f6ln Concert\u00a0\u00bb Keith Jarrett Le jazz n&rsquo;est pas mon domaine. Il ne se trouve pas dans mon univers musical. Des amis pr\u00e9cieux, Jean-Fran\u00e7ois, Martine, Fran\u00e7ois ont tent\u00e9 de m&rsquo;y initier sans succ\u00e8s. Au bout de quelques minutes je sentais<\/p>\n","protected":false},"author":1,"featured_media":0,"comment_status":"open","ping_status":"closed","sticky":false,"template":"","format":"standard","meta":{"footnotes":""},"categories":[1],"tags":[17,20],"class_list":["post-14467","post","type-post","status-publish","format-standard","hentry","category-motdujour","tag-histoire","tag-musique"],"_links":{"self":[{"href":"https:\/\/lemotdujour.fr\/index.php?rest_route=\/wp\/v2\/posts\/14467","targetHints":{"allow":["GET"]}}],"collection":[{"href":"https:\/\/lemotdujour.fr\/index.php?rest_route=\/wp\/v2\/posts"}],"about":[{"href":"https:\/\/lemotdujour.fr\/index.php?rest_route=\/wp\/v2\/types\/post"}],"author":[{"embeddable":true,"href":"https:\/\/lemotdujour.fr\/index.php?rest_route=\/wp\/v2\/users\/1"}],"replies":[{"embeddable":true,"href":"https:\/\/lemotdujour.fr\/index.php?rest_route=%2Fwp%2Fv2%2Fcomments&post=14467"}],"version-history":[{"count":3,"href":"https:\/\/lemotdujour.fr\/index.php?rest_route=\/wp\/v2\/posts\/14467\/revisions"}],"predecessor-version":[{"id":14471,"href":"https:\/\/lemotdujour.fr\/index.php?rest_route=\/wp\/v2\/posts\/14467\/revisions\/14471"}],"wp:attachment":[{"href":"https:\/\/lemotdujour.fr\/index.php?rest_route=%2Fwp%2Fv2%2Fmedia&parent=14467"}],"wp:term":[{"taxonomy":"category","embeddable":true,"href":"https:\/\/lemotdujour.fr\/index.php?rest_route=%2Fwp%2Fv2%2Fcategories&post=14467"},{"taxonomy":"post_tag","embeddable":true,"href":"https:\/\/lemotdujour.fr\/index.php?rest_route=%2Fwp%2Fv2%2Ftags&post=14467"}],"curies":[{"name":"wp","href":"https:\/\/api.w.org\/{rel}","templated":true}]}}