{"id":14460,"date":"2023-03-05T14:14:32","date_gmt":"2023-03-05T13:14:32","guid":{"rendered":"https:\/\/lemotdujour.fr\/?p=14460"},"modified":"2023-03-05T14:29:10","modified_gmt":"2023-03-05T13:29:10","slug":"dimanche-5-mars-2023","status":"publish","type":"post","link":"https:\/\/lemotdujour.fr\/?p=14460","title":{"rendered":"Dimanche 5 mars 2023"},"content":{"rendered":"<div class=\"mdjTexte\">\u00ab J&rsquo;ai horreur de l&rsquo;imitation et des choses d\u00e9j\u00e0 connues. \u00bb<\/div>\n<div class=\"mdjAuteur\">Serge Prokofiev cit\u00e9 par Claude Samuel<\/div>\n<p><span style=\"color: #777777; font-family: Arial;\">Il y a 70 ans, jeudi <strong>le 5 mars 1953<\/strong>, l&rsquo;immense compositeur n\u00e9, en 1891, \u00e0 Sontsivka en Ukraine, <strong>Serge Prokofiev meurt<\/strong>, \u00e0 Moscou. Il avait 61 ans.<br \/>\n<\/span><\/p>\n<p><img loading=\"lazy\" decoding=\"async\" class=\"alignleft\" src=\"https:\/\/lemotdujour.fr\/wp-content\/uploads\/2023\/03\/030523_1314_Dimanche5ma1.jpg\" alt=\"\" width=\"305\" height=\"400\" align=\"left\" \/><span style=\"color: #777777; font-family: Arial;\">&lt;<a href=\"https:\/\/www.diapasonmag.fr\/a-la-une\/un-autre-5-mars-1953-la-mort-de-prokofiev-et-de-staline-6724.html\"><span style=\"color: #0000ff;\">Diapason Mag<\/span><\/a>&gt; raconte\u00a0:<br \/>\n<\/span><\/p>\n<p style=\"margin-left: 28pt;\"><span style=\"color: #c00000; font-family: Arial;\">\u00ab\u00a0Ce jour-l\u00e0, Serge Prokofiev avait repris le manuscrit \u00e0 peine esquiss\u00e9 de sa Sonate pour piano n\u00b0 10. Au d\u00e9but de l&rsquo;apr\u00e8s-midi, son m\u00e9decin \u00e9tait pass\u00e9 le voir et, malgr\u00e9 une grande fatigue et des troubles de sant\u00e9 qui avaient n\u00e9cessit\u00e9 au cours des huit derni\u00e8res ann\u00e9es de nombreux s\u00e9jours \u00e0 l&rsquo;h\u00f4pital, il avait fait quelques pas dans les rues enneig\u00e9es de Moscou, accompagn\u00e9 de Mira Mendelssohn, sa seconde \u00e9pouse. Ils avaient \u00e9voqu\u00e9 leur d\u00e9part pour leur r\u00e9sidence campagnarde de Nicolina Gora. Le printemps, enfin. Pour l&rsquo;heure, Prokofiev avait un rendez-vous avec les responsables du Bolcho\u00ef o\u00f9 son dernier ballet, La Fleur de pierre, avait \u00e9t\u00e9 mis en r\u00e9p\u00e9tition cinq jours auparavant. Malaise dans la soir\u00e9e, le m\u00e9decin revient avec un traitement d&rsquo;urgence. Congestion c\u00e9r\u00e9brale fatale \u00e0 21 heures. 5 mars 1953\u00a0\u00bb<br \/>\n<\/span><\/p>\n<p><span style=\"color: #777777; font-family: Arial;\">Mais son d\u00e9c\u00e8s ne sera annonc\u00e9 par la Pravda que le 11 mars, soit 6 jours apr\u00e8s. Un journal am\u00e9ricain avait publi\u00e9 la nouvelle le 9 mars.<br \/>\n<\/span><\/p>\n<p><span style=\"color: #777777; font-family: Arial;\">Parce qu&rsquo;il s&rsquo;\u00e9tait pass\u00e9 autre chose le 5 mars 1953\u00a0: la mort d&rsquo;un monstre sanguinaire et immonde qui avait enfin eu la bonne id\u00e9e de dispara\u00eetre de la surface de la terre.<br \/>\n<\/span><\/p>\n<p><span style=\"color: #777777; font-family: Arial;\">Staline \u00e9tait le nom de cet individu qui fait partie du top 3 de ce que notre esp\u00e8ce \u00ab Homo sapiens \u00bb a g\u00e9n\u00e9r\u00e9 de pire. Mao et Hitler ont \u00e9t\u00e9 \u00e0 l&rsquo;origine d&rsquo;encore plus de morts.<br \/>\n<\/span><\/p>\n<p><span style=\"color: #777777; font-family: Arial;\">\u00ab\u00a0<span style=\"color: #c00000;\">La plus \u00e9minente m\u00e9diocrit\u00e9 du Parti<span style=\"color: #777777;\">\u00a0\u00bb, <span style=\"color: #0000ff;\"><a style=\"color: #0000ff;\" href=\"https:\/\/www.lepoint.fr\/societe\/les-quatre-sanguinaires-04-08-2011-1361749_23.php\">disait son rival Trotski<\/a><\/span>. Un cas psychiatrique atteint d&rsquo;\u00ab\u00a0<span style=\"color: #c00000;\">hyst\u00e9rie<span style=\"color: #777777;\">\u00a0\u00bb et de \u00ab\u00a0<span style=\"color: #c00000;\">folie de la pers\u00e9cution<span style=\"color: #777777;\">\u00a0\u00bb, selon son successeur Nikita Khrouchtchev.<br \/>\n<\/span><\/span><\/span><\/span><\/span><\/span><\/span><\/p>\n<p><span style=\"color: #777777; font-family: Arial;\">Ce tyran disait de lui-m\u00eame \u00ab\u00a0<span style=\"color: #c00000;\">Je ne fais confiance \u00e0 personne, pas m\u00eame \u00e0 moi.<span style=\"color: #777777;\">\u00a0\u00bb<br \/>\n<\/span><\/span><\/span><\/p>\n<p><span style=\"color: #777777; font-family: Arial;\">Et aussi\u00a0: \u00ab\u00a0<span style=\"color: #c00000;\">La mort r\u00e9sout tous les probl\u00e8mes. Plus d&rsquo;homme, plus de probl\u00e8me<span style=\"color: #777777;\">\u00a0\u00bb. On lui attribue la paternit\u00e9 de plus de 20 millions de d\u00e9c\u00e8s pr\u00e9matur\u00e9s, auxquels il faut ajouter 28 millions de d\u00e9portations. Il ne niait d&rsquo;ailleurs pas un penchant pour le sadisme : \u00ab\u00a0<span style=\"color: #c00000;\">Le plus grand plaisir, c&rsquo;est de choisir son ennemi, pr\u00e9parer son coup, assouvir sa vengeance, puis aller se coucher.<span style=\"color: #777777;\">\u00a0\u00bb Un g\u00e9n\u00e9ral de l&rsquo;Arm\u00e9e rouge pouvait voir sa femme se faire arr\u00eater, \u00eatre \u00e9lev\u00e9 au grade de mar\u00e9chal deux jours plus tard et finir fusill\u00e9 quelques ann\u00e9es apr\u00e8s&#8230;<br \/>\n<\/span><\/span><\/span><\/span><\/span><\/p>\n<p><span style=\"color: #777777; font-family: Arial;\">&lt;<a href=\"https:\/\/www.diapasonmag.fr\/a-la-une\/un-autre-5-mars-1953-la-mort-de-prokofiev-et-de-staline-6724.html\"><span style=\"color: #0000ff;\">Diapason Mag<\/span><\/a>&gt; \u00e9voque le r\u00e9cit que Prokofiev serait mort de joie \u00a0:<br \/>\n<\/span><\/p>\n<p style=\"margin-left: 28pt;\"><span style=\"color: #c00000; font-family: Arial;\">\u00ab\u00a0Ce jour-l\u00e0, des rumeurs avaient couru dans la ville : le camarade Staline \u00e9tait tr\u00e8s malade, sinon d\u00e9j\u00e0 d\u00e9funt. On dira plus tard, mais sans preuves, que Prokofiev mourut (de joie) en apprenant par voie radiophonique le d\u00e9c\u00e8s du dictateur\u2026\u00a0\u00bb<br \/>\n<\/span><\/p>\n<p><span style=\"color: #777777; font-family: Arial;\">Selon une autre source auquel j&rsquo;ai eu acc\u00e8s, la mort de Staline a \u00e9t\u00e9 annonc\u00e9 50 minutes apr\u00e8s la mort de Prokofiev.<br \/>\n<\/span><\/p>\n<p><span style=\"color: #777777; font-family: Arial;\">Dans ces conditions l&rsquo;enterrement du compositeur fut \u00e9videmment compliqu\u00e9\u00a0:<br \/>\n<\/span><\/p>\n<p style=\"margin-left: 28pt;\"><span style=\"color: #c00000; font-family: Arial;\">\u00ab\u00a0Cependant le corps de Prokofiev fut transport\u00e9 dans la grande salle de l&rsquo;Union des compositeurs, une op\u00e9ration particuli\u00e8rement probl\u00e9matique dans une ville parsem\u00e9e de barrages de police, sillonn\u00e9e par des camions et des tanks. Quant \u00e0 l&rsquo;inhumation au cimeti\u00e8re de Novodievitchi, \u00e0 proximit\u00e9 des tombes de Scriabine et de Tchekhov, elle fut un peu particuli\u00e8re. Peu de personnes s&rsquo;\u00e9taient d\u00e9plac\u00e9es, sinon David O\u00efstrakh qui interpr\u00e9ta deux extraits de la <em>Sonate pour violon n\u00b0 2<\/em> du d\u00e9funt. Et il n&rsquo;y avait pas la moindre fleur, denr\u00e9e introuvable en ce jour de deuil national.\u00a0\u00bb<br \/>\n<\/span><\/p>\n<p><span style=\"color: #777777; font-family: Arial;\">La vie de cet homme fut une suite de contrari\u00e9t\u00e9.<br \/>\n<\/span><\/p>\n<p><span style=\"color: #777777; font-family: Arial;\">D&rsquo;abord il quitta son pays en 1918 pour fuir la guerre civile provoqu\u00e9e par l&rsquo;arriv\u00e9e au pouvoir des bolcheviks.<br \/>\n<\/span><\/p>\n<p><span style=\"color: #777777; font-family: Arial;\">Ensuite dans son exil, notamment \u00e0 Paris il fut dans l&rsquo;ombre de <strong>Stravinsky<\/strong> qui triomphait avec les ballets russes davantage que Prokofiev qui \u00e9crivait aussi pour la troupe de <strong>Diaghilev<\/strong> avec qui il monte \u00ab\u00a0Le Pas d&rsquo;acier\u00a0\u00bb (1928) et \u00ab\u00a0Le Fils prodigue\u00a0\u00bb (1929).<br \/>\n<\/span><\/p>\n<p><a href=\"https:\/\/en.wikipedia.org\/wiki\/File:Prokofiev_as_drawn_by_Henri_Matisse_1921_-_Gallica.jpg\"><img decoding=\"async\" class=\"alignright\" src=\"https:\/\/lemotdujour.fr\/wp-content\/uploads\/2023\/03\/030523_1314_Dimanche5ma2.jpg\" alt=\"\" align=\"left\" border=\"0\" \/><\/a><span style=\"color: #777777; font-family: Arial;\">Il rencontre les artistes de son temps comme Pablo Picasso et Henri Matisse qui fait de lui un portrait au fusain.<br \/>\n<\/span><\/p>\n<p><span style=\"color: #777777; font-family: Arial;\">Selon &lt;<a href=\"https:\/\/fr.wikipedia.org\/wiki\/Sergue%C3%AF_Prokofiev\"><span style=\"color: #0000ff;\">Wikipedia<\/span><\/a>&gt; \u00e0 partir de 1927, Prokofiev supporte de plus en plus mal l&rsquo;exil et correspond de plus en plus avec ses amis rest\u00e9s en URSS. Il d\u00e9cide d&rsquo;y faire une tourn\u00e9e dont le succ\u00e8s est tel qu&rsquo;il fait salle comble pendant plus de deux mois ; il est f\u00eat\u00e9 comme un h\u00e9ros national ayant conquis l&rsquo;Occident.<br \/>\n<\/span><\/p>\n<p><span style=\"color: #777777; font-family: Arial;\">Il envisage alors s\u00e9rieusement un retour au pays, ce qui lui permettrait de sortir enfin de l&rsquo;ombre de Stravinsky, d&rsquo;autant que Diaghilev dispara\u00eet de mani\u00e8re totalement inattendue \u00e0 Venise en 1929.<br \/>\n<\/span><\/p>\n<p><span style=\"color: #777777; font-family: Arial;\">Et puis, pour avoir des revenus suffisants que son seul m\u00e9tier de compositeur ne lui donne pas, il est oblig\u00e9 de poursuivre une carri\u00e8re de pianiste virtuose qui lui donne acc\u00e8s \u00e0 de nombreux concerts.<br \/>\n<\/span><\/p>\n<p><span style=\"color: #777777; font-family: Arial;\">Or Serge Prokofiev veut avant tout \u00eatre compositeur.<br \/>\n<\/span><\/p>\n<p><span style=\"color: #777777; font-family: Arial;\">Cette qu\u00eate, il la poursuit depuis son enfance.<br \/>\n<\/span><\/p>\n<p><span style=\"color: #777777; font-family: Arial;\">Je ne r\u00e9siste pas \u00e0 la tentation de raconter cette sc\u00e8ne de son enfance relat\u00e9e par Claude Samuel dans son ouvrage sur Prokofiev\u00a0:<br \/>\n<\/span><\/p>\n<p style=\"margin-left: 28pt;\"><span style=\"color: #c00000; font-family: Arial;\">\u00ab\u00a0Un jour, raconte Mme Prokofiev [sa m\u00e8re qui \u00e9tait bonne pianiste] lorsque j&rsquo;avais fini de jouer, il s&rsquo;approcha de moi, me tendit un papier et dit Voil\u00e0 une mazurka de Chopin que j&rsquo;ai compos\u00e9e, joue-la moi ! Je mis le papier devant moi et je commen\u00e7ai une des mazurkas de Chopin. \u00ab\u00a0Non ce n&rsquo;est pas \u00e7a\u00a0! joue la mazurka de Chopin que j&rsquo;ai compos\u00e9e\u00a0\u00bb Je r\u00e9pondis \u00e0 cela que je ne pouvais jouer ce qu&rsquo;il avait fait parce qu&rsquo;on n&rsquo;\u00e9crivait pas ainsi, <img loading=\"lazy\" decoding=\"async\" class=\"alignleft\" src=\"https:\/\/lemotdujour.fr\/wp-content\/uploads\/2023\/03\/030523_1314_Dimanche5ma3.jpg\" alt=\"\" width=\"537\" height=\"412\" align=\"left\" \/>mais en le voyant pr\u00eat \u00e0 pleurer, je dus lui montrer les erreurs de sa notation.\u00a0\u00bb<br \/>\n<\/span><\/p>\n<p><span style=\"color: #777777; font-family: Arial;\">Et le petit Serge appris vite et continua inlassablement \u00e0 composer.<br \/>\n<\/span><\/p>\n<p><span style=\"color: #777777; font-family: Arial;\">Et il commen\u00e7a m\u00eame \u00e0 avoir un peu de succ\u00e8s aupr\u00e8s de compositeurs russes importants et reconnus comme Serge Tanaeiv.<br \/>\n<\/span><\/p>\n<p><span style=\"color: #777777; font-family: Arial;\">Cette passion pour la composition il pensa pouvoir l&rsquo;exercer pleinement en Union sovi\u00e9tique qui lui promettait de l&rsquo;accueillir confortablement en le laissant composer \u00e0 sa guise et \u00e0 son rythme tout en lui versant une pension r\u00e9guli\u00e8re et sans condition lui permettant d&rsquo;\u00eatre compositeur \u00e0 plein temps.<br \/>\n<\/span><\/p>\n<p><span style=\"color: #777777; font-family: Arial;\">C&rsquo;est en 1936 qu&rsquo;il devient r\u00e9sident permanent \u00e0 Moscou. Au d\u00e9part, la r\u00e9alit\u00e9 correspond \u00e0 peu pr\u00e8s aux promesses.<br \/>\n<\/span><\/p>\n<p><span style=\"color: #777777; font-family: Arial;\">Mais \u00e0 partir de 1948, le Parti Communiste, Staline et son bras arm\u00e9 culturel Jdanov con\u00e7urent qu&rsquo;il fallait composer des \u0153uvres d&rsquo;art et notamment la musique selon des normes sovi\u00e9tiques.<br \/>\n<\/span><\/p>\n<p><span style=\"color: #777777; font-family: Arial;\">Ce fut l&rsquo;objet de la R\u00e9solution du parti communiste du 10 f\u00e9vrier 1948.<br \/>\n<\/span><\/p>\n<p><span style=\"color: #777777; font-family: Arial;\">J&rsquo;en ai d\u00e9j\u00e0 parl\u00e9 lors de mots du jour consacr\u00e9s \u00e0 Dimitri Chostakovitch.<br \/>\n<\/span><\/p>\n<p><span style=\"color: #777777; font-family: Arial;\">D\u00e8s lors la vie des compositeurs et des artistes devint un enfer. Interdit de quitter l&rsquo;Union sovi\u00e9tique, ils risquaient \u00e0 tout moment de perdre toute capacit\u00e9 \u00e0 exercer et donc \u00e0 obtenir des revenus. Bien plus ils \u00e9taient menac\u00e9s d&rsquo;\u00eatre envoy\u00e9s au Goulag, voire d&rsquo;\u00eatre ex\u00e9cut\u00e9 apr\u00e8s un proc\u00e8s exp\u00e9ditif.<br \/>\n<\/span><\/p>\n<p><span style=\"color: #777777; font-family: Arial;\">David O\u00efstrakh et Dimitri Chostakovtch ont racont\u00e9 comment, \u00e0 cette \u00e9poque, ils avaient pr\u00e9par\u00e9 une petite valise pour \u00eatre pr\u00eat, si un matin les sbires de ce r\u00e9gime sc\u00e9l\u00e9rat venaient les chercher pour les emmener. Probablement que Prokofiev en fit autant.<br \/>\n<\/span><\/p>\n<p><span style=\"color: #777777; font-family: Arial;\">Ce fut alors une vie de contrari\u00e9t\u00e9s avant une c\u00e9r\u00e9monie de l&rsquo;Adieu tronqu\u00e9e \u00e0 cause du \u00ab\u00a0<span style=\"color: #0000ff;\"><a style=\"color: #0000ff;\" href=\"https:\/\/lemotdujour.fr\/?p=924\">montagnard du Kremlin\u00a0<\/a><\/span>\u00bb comme l&rsquo;appelait <strong>Ossip Mandelstam<\/strong>.<br \/>\n<\/span><\/p>\n<p><span style=\"color: #777777; font-family: Arial;\">Prokofiev fut un remarquable compositeur. J&#8217;emprunte encore au livre de Claude Samuel cet auto-\u00e9valuation du compositeur qui me parait pertinente.<br \/>\n<\/span><\/p>\n<p style=\"margin-left: 28pt;\"><span style=\"color: #c00000; font-family: Arial;\">\u00ab\u00a0Le m\u00e9rite principal de ma vie a toujours \u00e9t\u00e9 la recherche de l&rsquo;originalit\u00e9 de ma propre langue musicale. J&rsquo;ai horreur de l&rsquo;imitation et j&rsquo;ai horreur des choses d\u00e9j\u00e0 connues.\u00a0\u00bb<br \/>\n<\/span><\/p>\n<p><span style=\"color: #777777; font-family: Arial;\">Il faut bien quelques liens vers des \u0153uvres magistrales\u00a0:<br \/>\n<\/span><\/p>\n<p><span style=\"color: #777777; font-family: Arial;\">D&rsquo;abord pour admirer la force rythmique de Prokofiev\u00a0: &lt; &lt;<a href=\"https:\/\/www.youtube.com\/watch?v=7U-L_n9tAJM\"><span style=\"color: #0000ff;\">Yuja Wang jouant le Precipitato de la 7\u00e8me sonate de piano<\/span><\/a>&gt;<br \/>\n<\/span><\/p>\n<p><span style=\"color: #777777; font-family: Arial;\">Son chef d&rsquo;\u0153uvre symphonique la &lt;<span style=\"color: #0000ff;\"><a style=\"color: #0000ff;\" href=\"https:\/\/www.youtube.com\/watch?v=bXxIopzRZco\">5\u00e8me symphonie par l&rsquo;Orchestre de Paris et Paavo J\u00e4rvi<\/a><\/span>&gt;<br \/>\n<\/span><\/p>\n<p><span style=\"color: #777777; font-family: Arial;\">Et son chef d&rsquo;\u0153uvre absolu, le ballet <span style=\"color: #0000ff;\">&lt;<a style=\"color: #0000ff;\" href=\"https:\/\/www.youtube.com\/watch?v=-hM0B70F1YM\">Rom\u00e9o et Juliette par l&rsquo;Op\u00e9ra de Paris<\/a>&gt;<\/span><br \/>\n<\/span><\/p>\n<p><span style=\"color: #c00000; font-family: Arial;\">&lt;1735&gt;<\/span><\/p>\n","protected":false},"excerpt":{"rendered":"<p>\u00ab J&rsquo;ai horreur de l&rsquo;imitation et des choses d\u00e9j\u00e0 connues. \u00bb Serge Prokofiev cit\u00e9 par Claude Samuel Il y a 70 ans, jeudi le 5 mars 1953, l&rsquo;immense compositeur n\u00e9, en 1891, \u00e0 Sontsivka en Ukraine, Serge Prokofiev meurt, \u00e0<\/p>\n","protected":false},"author":1,"featured_media":0,"comment_status":"open","ping_status":"closed","sticky":false,"template":"","format":"standard","meta":{"footnotes":""},"categories":[1],"tags":[17,29,20,218],"class_list":["post-14460","post","type-post","status-publish","format-standard","hentry","category-motdujour","tag-histoire","tag-hommage","tag-musique","tag-ukraine"],"_links":{"self":[{"href":"https:\/\/lemotdujour.fr\/index.php?rest_route=\/wp\/v2\/posts\/14460","targetHints":{"allow":["GET"]}}],"collection":[{"href":"https:\/\/lemotdujour.fr\/index.php?rest_route=\/wp\/v2\/posts"}],"about":[{"href":"https:\/\/lemotdujour.fr\/index.php?rest_route=\/wp\/v2\/types\/post"}],"author":[{"embeddable":true,"href":"https:\/\/lemotdujour.fr\/index.php?rest_route=\/wp\/v2\/users\/1"}],"replies":[{"embeddable":true,"href":"https:\/\/lemotdujour.fr\/index.php?rest_route=%2Fwp%2Fv2%2Fcomments&post=14460"}],"version-history":[{"count":4,"href":"https:\/\/lemotdujour.fr\/index.php?rest_route=\/wp\/v2\/posts\/14460\/revisions"}],"predecessor-version":[{"id":14465,"href":"https:\/\/lemotdujour.fr\/index.php?rest_route=\/wp\/v2\/posts\/14460\/revisions\/14465"}],"wp:attachment":[{"href":"https:\/\/lemotdujour.fr\/index.php?rest_route=%2Fwp%2Fv2%2Fmedia&parent=14460"}],"wp:term":[{"taxonomy":"category","embeddable":true,"href":"https:\/\/lemotdujour.fr\/index.php?rest_route=%2Fwp%2Fv2%2Fcategories&post=14460"},{"taxonomy":"post_tag","embeddable":true,"href":"https:\/\/lemotdujour.fr\/index.php?rest_route=%2Fwp%2Fv2%2Ftags&post=14460"}],"curies":[{"name":"wp","href":"https:\/\/api.w.org\/{rel}","templated":true}]}}