{"id":14439,"date":"2023-02-28T00:12:00","date_gmt":"2023-02-27T23:12:00","guid":{"rendered":"https:\/\/lemotdujour.fr\/?p=14439"},"modified":"2023-02-27T23:25:44","modified_gmt":"2023-02-27T22:25:44","slug":"mardi-28-fevrier-2023","status":"publish","type":"post","link":"https:\/\/lemotdujour.fr\/?p=14439","title":{"rendered":"Mardi 28 f\u00e9vrier 2023"},"content":{"rendered":"<div class=\"mdjTexte\">\u00ab\u00a0Un archiviste, c&rsquo;est quelqu&rsquo;un qui sait jeter.\u00a0\u00bb<\/div>\n<div class=\"mdjAuteur\">Benoit Van Reeth<\/div>\n<p><span style=\"color: #777777; font-family: Arial;\">Benoit van Reeth \u00e9tait archiviste pal\u00e9ographe, \u00e9l\u00e8ve de la prestigieuse <a href=\"https:\/\/www.chartes.psl.eu\/\"><span style=\"color: #0000ff;\">Ecole nationale des Chartes<\/span><\/a><span style=\"color: #0000ff;\">.<\/span><br \/>\n<\/span><\/p>\n<p><img decoding=\"async\" class=\"alignright\" src=\"https:\/\/lemotdujour.fr\/wp-content\/uploads\/2023\/02\/022723_2212_Mardi28fvri1.jpg\" alt=\"\" align=\"left\" \/><span style=\"color: #777777; font-family: Arial;\">Cette \u00e9cole cr\u00e9\u00e9e en 1832 a eu pour \u00e9l\u00e8ve, l&rsquo;\u00e9crivain Fran\u00e7ois Mauriac, les historiens Jean Favier et R\u00e9gine Pernoud et le philosophe Ren\u00e9 Girard.<br \/>\n<\/span><\/p>\n<p><span style=\"color: #777777; font-family: Arial;\">Dans sa pr\u00e9sentation il est pr\u00e9cis\u00e9 que cette \u00e9cole est sp\u00e9cialis\u00e9e dans la <strong>formation aux sciences auxiliaires de l&rsquo;histoire<\/strong>. En France, c&rsquo;est l&rsquo;\u00e9cole incontournable pour acc\u00e9der au dipl\u00f4me et au m\u00e9tier d&rsquo;archiviste pal\u00e9ographe.<br \/>\n<\/span><\/p>\n<p><span style=\"color: #777777; font-family: Arial;\">Son \u00e9tablissement principal se trouve 65 rue Richelieu Paris 2<sup>\u00e8me<\/sup>, \u00e0 quelques pas de la biblioth\u00e8que nationale Richelieu.<br \/>\n<\/span><\/p>\n<p><span style=\"color: #777777; font-family: Arial;\">Qu&rsquo;est-ce qu&rsquo;un archiviste\u00a0?<br \/>\n<\/span><\/p>\n<p><span style=\"color: #777777; font-family: Arial;\">Le dictionnaire le Robert donne cette d\u00e9finition : \u00ab\u00a0<span style=\"color: #c00000;\">Sp\u00e9cialiste pr\u00e9pos\u00e9 \u00e0 la garde, \u00e0 la conservation des archives.<span style=\"color: #777777;\">\u00a0\u00bb<br \/>\n<\/span><\/span><\/span><\/p>\n<p><span style=\"color: #777777; font-family: Arial;\">J&rsquo;aime beaucoup la d\u00e9finition de l&rsquo;ONISEP qui tente de d\u00e9crire tous les m\u00e9tiers pour que les jeunes \u00e9tudiants puissent choisir celui qui leur convient<br \/>\n<\/span><\/p>\n<p style=\"margin-left: 28pt;\"><span style=\"color: #c00000; font-family: Arial;\">\u00ab\u00a0Collecter, \u00e9tudier, classer, restaurer ou transmettre sur demande tout type de documents (du manuscrit du Moyen \u00c2ge, \u00e0 l&rsquo;enregistrement vid\u00e9o en passant par l&rsquo;acte notari\u00e9), tel est le r\u00f4le de l&rsquo;archiviste.\u00a0\u00bb<br \/>\n<\/span><\/p>\n<p><span style=\"color: #777777; font-family: Arial;\">Et un pal\u00e9ographe\u00a0?<br \/>\n<\/span><\/p>\n<p><span style=\"color: #777777; font-family: Arial;\">Selon Wikipedia\u00a0: \u00ab\u00a0<span style=\"color: #c00000;\">La pal\u00e9ographie (du grec ancien palai\u03ccs (\u00ab ancien \u00bb), et graph\u00eda (\u00ab \u00e9criture \u00bb) est l&rsquo;\u00e9tude des \u00e9critures manuscrites anciennes, ind\u00e9pendamment de la langue utilis\u00e9e (grec ancien, latin classique, latin m\u00e9di\u00e9val, occitan m\u00e9di\u00e9val, ancien fran\u00e7ais, moyen fran\u00e7ais, fran\u00e7ais classique, anciens caract\u00e8res chinois, arabe, notation musicale, etc.).<span style=\"color: #777777;\">\u00a0\u00bb<br \/>\n<\/span><\/span><\/span><\/p>\n<p><span style=\"color: #777777; font-family: Arial;\">C&rsquo;est \u00e9videmment le p\u00e8re d&rsquo;Ad\u00e8le Van Reeth dont il \u00e9tait question hier.<br \/>\n<\/span><\/p>\n<p><span style=\"color: #777777; font-family: Arial;\">Lors de l&rsquo;entretien men\u00e9 dans le cadre de &lt;<span style=\"color: #0000ff;\"><a style=\"color: #0000ff;\" href=\"https:\/\/www.youtube.com\/watch?v=42qKYp-kD3Q\"> la Librairie Mollat <\/a><\/span><strong>&gt;<\/strong> , \u00e0 partir de la minute 17, Ad\u00e8le Van Reeth explique\u00a0:<br \/>\n<\/span><\/p>\n<p style=\"margin-left: 28pt;\"><span style=\"color: #c00000; font-family: Arial;\">\u00ab Mon p\u00e8re \u00e9tait archiviste et nous vivions aux archives. Nous avons v\u00e9cu dans beaucoup de villes diff\u00e9rentes. [\u2026] Je me promenais au milieu de tous ces documents. Et je demandais \u00e0 mon p\u00e8re : c&rsquo;est quoi \u00eatre archiviste ?. C&rsquo;est compliqu\u00e9. [\u2026] Un archiviste c&rsquo;est pas simplement quelqu&rsquo;un qui garde des documents pour les rendre accessibles aux historiens et aux chercheurs. [\u2026] Il n&rsquo;y a que certains documents qui peuvent \u00eatre conserv\u00e9s et pas d&rsquo;autres. [\u2026] Et puis surtout un archiviste, sa mission num\u00e9ro un c&rsquo;est conserver et rendre accessible, mais avant cela il faut trier. Et qui dit trier, dit savoir jeter. Et en fait, ce que mon p\u00e8re me r\u00e9p\u00e9tait souvent et ce qui me fascinait : \u00ab Un archiviste, c&rsquo;est quelqu&rsquo;un qui sait jeter \u00bb. Je pense \u00e0 mon p\u00e8re \u00e0 chaque d\u00e9m\u00e9nagement [quand je veux garder beaucoup de choses] pour pouvoir mieux pr\u00e9server, il faut savoir jeter. \u00bb<br \/>\n<\/span><\/p>\n<p><span style=\"color: #777777; font-family: Arial;\">Voil\u00e0 une r\u00e9flexion qui me semble particuli\u00e8rement utile et pertinente et pas seulement dans le cadre d&rsquo;un d\u00e9m\u00e9nagement.<br \/>\n<\/span><\/p>\n<p><span style=\"color: #777777; font-family: Arial;\">C&rsquo;est une r\u00e9flexion qui concerne la vie en g\u00e9n\u00e9ral\u00a0: si on veut bien conserver les choses essentielles, il faut savoir jeter ce qui ne l&rsquo;est pas.<br \/>\n<\/span><\/p>\n<p><img decoding=\"async\" class=\"alignleft\" src=\"https:\/\/lemotdujour.fr\/wp-content\/uploads\/2023\/02\/022723_2212_Mardi28fvri2.png\" alt=\"\" align=\"left\" \/><span style=\"color: #777777; font-family: Arial;\">Quand Ad\u00e8le Van Reeth a annonc\u00e9 <a href=\"https:\/\/www.lest-eclair.fr\/id237643\/article\/2021-03-03\/benoit-van-reeth-ancien-directeur-des-archives-departementales-de-laube-nous\"><span style=\"color: #0000ff;\">la mort de son p\u00e8re<\/span><\/a>, elle l&rsquo;a illustr\u00e9e par la photo des archives d\u00e9partementales du Rh\u00f4ne.<br \/>\n<\/span><\/p>\n<p><span style=\"color: #777777; font-family: Arial;\">Ce b\u00e2timent se situe \u00e0 15 mn \u00e0 pied de notre domicile.<br \/>\n<\/span><\/p>\n<p><span style=\"color: #777777; font-family: Arial;\">Benoit Van Reeth fut le directeur des archives du Rh\u00f4ne de 2003 \u00e0 2014.<br \/>\n<\/span><\/p>\n<p><span style=\"color: #777777; font-family: Arial;\">Beno\u00eet Van Reeth assura la conception et la pr\u00e9paration du d\u00e9m\u00e9nagement des Archives dans ce nouveau b\u00e2timent inaugur\u00e9 en septembre 2014, \u00e0 c\u00f4t\u00e9 de la gare de la Part-Dieu.<br \/>\n<\/span><\/p>\n<p><span style=\"color: #777777; font-family: Arial;\">C&rsquo;est ce que l&rsquo;on apprend sur ce site des &lt;<a href=\"https:\/\/archives.rhone.fr\/page\/la-modernisation-des-archives-du-rhone\"><span style=\"color: #0000ff;\">Archives du Rh\u00f4ne<\/span><\/a>&gt;<br \/>\n<\/span><\/p>\n<p><span style=\"color: #777777; font-family: Arial;\">Il finira sa carri\u00e8re \u00e0 partir de 2014 \u00e0 Aix en Provence comme directeur des Archives nationales d&rsquo;outre-mer.<br \/>\n<\/span><\/p>\n<p><span style=\"color: #777777; font-family: Arial;\">&lt;<span style=\"color: #0000ff;\"><a style=\"color: #0000ff;\" href=\"https:\/\/actualitte.com\/article\/99134\/vie-litteraire\/deces-de-l-archiviste-paleographe-benoit-van-reeth-pere-de-la-philosophe\">Les actualit\u00e9s du livre<\/a><\/span>&gt; lui ont rendu hommage et racont\u00e9 tout son parcours au sein des archives de France.<br \/>\n<\/span><\/p>\n<p><span style=\"color: #777777; font-family: Arial;\">Le hasard du butinage et de l&rsquo;\u00e9criture du mot du jour, font que celui-ci est publi\u00e9 un 28 f\u00e9vrier, soit exactement 2 ans apr\u00e8s la mort de cet homme du classement, du rangement et de l&rsquo;Histoire.<br \/>\n<\/span><\/p>\n<p><span style=\"color: #777777; font-family: Arial;\">Il nous apprend que si on veut s&rsquo;attacher \u00e0 l&rsquo;essentiel, \u00e0 ce qui a du prix et de la valeur, il faut savoir se d\u00e9barrasser du reste.<br \/>\n<\/span><\/p>\n<p><span style=\"color: #c00000; font-family: Arial;\">&lt;1734&gt;<\/span><\/p>\n","protected":false},"excerpt":{"rendered":"<p>\u00ab\u00a0Un archiviste, c&rsquo;est quelqu&rsquo;un qui sait jeter.\u00a0\u00bb Benoit Van Reeth Benoit van Reeth \u00e9tait archiviste pal\u00e9ographe, \u00e9l\u00e8ve de la prestigieuse Ecole nationale des Chartes. Cette \u00e9cole cr\u00e9\u00e9e en 1832 a eu pour \u00e9l\u00e8ve, l&rsquo;\u00e9crivain Fran\u00e7ois Mauriac, les historiens Jean Favier<\/p>\n","protected":false},"author":1,"featured_media":0,"comment_status":"open","ping_status":"closed","sticky":false,"template":"","format":"standard","meta":{"footnotes":""},"categories":[1],"tags":[17,29,6],"class_list":["post-14439","post","type-post","status-publish","format-standard","hentry","category-motdujour","tag-histoire","tag-hommage","tag-philosophie"],"_links":{"self":[{"href":"https:\/\/lemotdujour.fr\/index.php?rest_route=\/wp\/v2\/posts\/14439","targetHints":{"allow":["GET"]}}],"collection":[{"href":"https:\/\/lemotdujour.fr\/index.php?rest_route=\/wp\/v2\/posts"}],"about":[{"href":"https:\/\/lemotdujour.fr\/index.php?rest_route=\/wp\/v2\/types\/post"}],"author":[{"embeddable":true,"href":"https:\/\/lemotdujour.fr\/index.php?rest_route=\/wp\/v2\/users\/1"}],"replies":[{"embeddable":true,"href":"https:\/\/lemotdujour.fr\/index.php?rest_route=%2Fwp%2Fv2%2Fcomments&post=14439"}],"version-history":[{"count":4,"href":"https:\/\/lemotdujour.fr\/index.php?rest_route=\/wp\/v2\/posts\/14439\/revisions"}],"predecessor-version":[{"id":14445,"href":"https:\/\/lemotdujour.fr\/index.php?rest_route=\/wp\/v2\/posts\/14439\/revisions\/14445"}],"wp:attachment":[{"href":"https:\/\/lemotdujour.fr\/index.php?rest_route=%2Fwp%2Fv2%2Fmedia&parent=14439"}],"wp:term":[{"taxonomy":"category","embeddable":true,"href":"https:\/\/lemotdujour.fr\/index.php?rest_route=%2Fwp%2Fv2%2Fcategories&post=14439"},{"taxonomy":"post_tag","embeddable":true,"href":"https:\/\/lemotdujour.fr\/index.php?rest_route=%2Fwp%2Fv2%2Ftags&post=14439"}],"curies":[{"name":"wp","href":"https:\/\/api.w.org\/{rel}","templated":true}]}}