{"id":14421,"date":"2023-02-27T00:26:29","date_gmt":"2023-02-26T23:26:29","guid":{"rendered":"https:\/\/lemotdujour.fr\/?p=14421"},"modified":"2023-02-28T09:26:47","modified_gmt":"2023-02-28T08:26:47","slug":"lundi-27-fevrier-2023","status":"publish","type":"post","link":"https:\/\/lemotdujour.fr\/?p=14421","title":{"rendered":"Lundi 27 f\u00e9vrier 2023"},"content":{"rendered":"<div class=\"mdjTexte\">\u00ab\u00a0Le monde continue mais sans toi, et pour moi ce n&rsquo;est pas le m\u00eame monde.\u00a0\u00bb<\/div>\n<div class=\"mdjAuteur\">Ad\u00e8le Van Reeth \u00ab\u00a0Inconsolable\u00a0\u00bb<\/div>\n<p style=\"margin-left: 28pt;\"><span style=\"color: #c00000; font-family: Arial;\">\u00ab\u00a0J&rsquo;entre ici en perdante.<br \/>\nJe sais que les mots ne pourront rien. Je sais qu&rsquo;ils n&rsquo;auront aucune action sur mon chagrin.<br \/>\nComme le reste de la litt\u00e9rature. Je ne dis pas qu&rsquo;elle est inutile, je dis qu&rsquo;elle ne console pas.<br \/>\nPourquoi \u00e9crire alors ?<br \/>\nPlus envie de lire. Plus envie de rien.<br \/>\nMais les mots, les mots restent, ils dansent, ils percutent, et quand je cloue le bon mot au r\u00e9el, parfois, je jouis.<br \/>\nLe go\u00fbt des mots, quand il s&rsquo;efface je suis molle.<br \/>\nJe n&rsquo;ai pas de grande th\u00e9orie sur le pouvoir de la litt\u00e9rature ni sur l&rsquo;utilit\u00e9 de la philosophie.<br \/>\nJe ne revendique rien.<br \/>\nJe suis seule.<br \/>\nEt tout a d\u00e9j\u00e0 \u00e9t\u00e9 dit\u00a0\u00bb<br \/>\n<\/span><\/p>\n<p><span style=\"color: #777777; font-family: Arial;\">C&rsquo;est ainsi que d\u00e9bute \u00ab <strong>Inconsolable\u00a0<\/strong>\u00bb l&rsquo;essai qu&rsquo;<strong>Ad\u00e8le Van Reeth<\/strong> a \u00e9crit \u00e0 la suite de la mort de son p\u00e8re. Il avait 65 ans.<br \/>\n<\/span><\/p>\n<p><span style=\"color: #777777; font-family: Arial;\">Mon fr\u00e8re en avait 74.<br \/>\n<\/span><\/p>\n<p><span style=\"color: #777777; font-family: Arial;\">Quand on perd un \u00eatre cher, on dresse l&rsquo;oreille, on fixe le regard vers celles et ceux qui connaissent la m\u00eame d\u00e9chirure et qui s&rsquo;expriment ou \u00e9crivent.<br \/>\n<\/span><\/p>\n<p><span style=\"color: #777777; font-family: Arial;\">Ad\u00e8le Van Reeth est depuis septembre 2022, pr\u00e9sidente de France Inter. Je l&rsquo;avais d\u00e9couverte lorsqu&rsquo;elle animait les \u00e9missions de France Culture d&rsquo;abord \u00ab\u00a0Les Nouveaux Chemins de la connaissance\u00a0\u00bb qui est devenue \u00ab\u00a0Les Chemins de la philosophie\u00a0\u00bb en 2017.<br \/>\n<\/span><\/p>\n<p><span style=\"color: #777777; font-family: Arial;\">Son entr\u00e9e dans ce livre sur le chagrin, mot qu&rsquo;elle pr\u00e9f\u00e8re \u00e0 deuil, est pessimiste.<br \/>\n<\/span><\/p>\n<p><span style=\"color: #777777; font-family: Arial;\">Il semble qu&rsquo;il n&rsquo;y a rien \u00e0 faire et que la consolation est hors d&rsquo;atteinte.<br \/>\n<\/span><\/p>\n<p><span style=\"color: #777777; font-family: Arial;\">Dans &lt;\u00a0<span style=\"color: #0000ff;\"><a style=\"color: #0000ff;\" href=\"https:\/\/www.youtube.com\/watch?v=42qKYp-kD3Q\">cet entretien avec <strong>Pierre Coutelle<\/strong><\/a><\/span><strong> &gt;<\/strong> dans le cadre des rencontres organis\u00e9es par la \u00ab\u00a0<strong>Librairie Mollat<\/strong>\u00a0\u00bb de Bordeaux, Ad\u00e8le Van Reeth affirme\u00a0:<br \/>\n<\/span><\/p>\n<p style=\"margin-left: 28pt;\"><span style=\"color: #c00000; font-family: Arial;\">\u00ab\u00a0La philosophie ou la litt\u00e9rature ne nous apporteront pas la consolation ultime\u00a0\u00bb.<br \/>\n<\/span><\/p>\n<p><span style=\"color: #777777; font-family: Arial;\">Je comprends cette expression \u00ab\u00a0<strong>consolation ultime<\/strong> \u00bb comme un processus qui fait oublier le chagrin et conduit \u00e0 passer \u00e0 autre chose.<br \/>\n<\/span><\/p>\n<p><span style=\"color: #777777; font-family: Arial;\">Elle ajoute\u00a0: \u00ab\u00a0<span style=\"color: #c00000;\">Des livres, une \u0153uvre d&rsquo;art, un animal domestique, de l&rsquo;alcool peuvent apporter de la consolation, mais pas la consolation ultime<span style=\"color: #777777;\">\u00a0\u00bb<br \/>\n<\/span><\/span><\/span><\/p>\n<p><span style=\"color: #777777; font-family: Arial;\">Et elle explique\u00a0:<br \/>\n<\/span><\/p>\n<p style=\"margin-left: 28pt;\"><span style=\"color: #c00000; font-family: Arial;\">\u00ab Je pose l&rsquo;hypoth\u00e8se que nous sommes depuis la naissance des \u00eatres inconsolables. C&rsquo;est-\u00e0-dire que nous naissons avec une perte, un manque, une f\u00ealure. \u00bb<br \/>\n<\/span><\/p>\n<p><span style=\"color: #777777; font-family: Arial;\">L&rsquo;hypoth\u00e8se qu&rsquo;elle \u00e9met s&rsquo;appuie, bien s\u00fbr, sur la perception de notre finitude. Nous sommes inconsolables parce que nous sommes mortels. Et elle parle de l&rsquo;exp\u00e9rience de l&rsquo;\u00e9tat d&rsquo;\u00ab\u00a0inconsolable\u00a0\u00bb lors de la perte d&rsquo;un \u00eatre proche et aim\u00e9.<br \/>\n<\/span><\/p>\n<p><span style=\"color: #777777; font-family: Arial;\">Elle fustige \u00ab\u00a0les marchands de consolation\u00a0\u00bb, remet en cause le bien-fond\u00e9 de ce qu&rsquo;on appelle \u00ab\u00a0le travail de deuil\u00a0\u00bb qu&rsquo;elle assimile \u00e0 un \u00ab\u00a0manuel \u00e0 suivre\u00a0\u00bb et conteste les \u00ab\u00a0injonctions \u00e0 la consolation\u00a0\u00bb.<br \/>\n<\/span><\/p>\n<p style=\"margin-left: 28pt;\"><span style=\"color: #c00000; font-family: Arial;\">\u00ab\u00a0Il y a un temps, un moment juste apr\u00e8s la mort de l&rsquo;\u00eatre aim\u00e9 o\u00f9 on peut avoir envie de rester triste [\u2026] Il y a un moment o\u00f9 la tristesse para\u00eet \u00eatre un lien encore vivant avec la personne qui n&rsquo;est plus. Tant que je suis triste, je maintiens un lien avec cette personne que je ne peux plus toucher, avec qui je ne peux plus parler. [\u2026] Le rapport \u00e0 la tristesse est beaucoup plus int\u00e9ressant que ce que l&rsquo;on dit.\u00a0Il y a une mani\u00e8re de vivre non malgr\u00e9 la tristesse, mais avec la tristesse en allant bien. En retrouvant le go\u00fbt, l&rsquo;app\u00e9tit de la vie, m\u00eame en d\u00e9cuplant ce gout de la vie, parce que la tristesse nous apporte, nous enseigne quelque chose. <strong>Je crois qu&rsquo;il y a une sagesse de la tristesse.<\/strong> Il me semble que c&rsquo;est plus int\u00e9ressant et m\u00eame plus r\u00e9confortant que dire \u00ab\u00a0consolez-vous\u00a0\u00bb et vouloir que la personne s\u00e8che ses larmes \u00e0 tout prix. \u00bb<br \/>\n<\/span><\/p>\n<p><span style=\"color: #777777; font-family: Arial;\">Mais ce qui m&rsquo;a le plus marqu\u00e9 dans son t\u00e9moignage c&rsquo;est cette phrase qu&rsquo;elle a \u00e9crite dans son essai et qu&rsquo;elle adresse \u00e0 son p\u00e8re mort\u00a0:<br \/>\n<\/span><\/p>\n<p style=\"margin-left: 28pt;\"><span style=\"color: #c00000; font-family: Arial;\">\u00ab Le monde continue mais sans toi, et pour moi ce n&rsquo;est pas le m\u00eame monde. \u00bb<br \/>\n<\/span><\/p>\n<p><span style=\"color: #777777; font-family: Arial;\">C&rsquo;est ce que je ressens profond\u00e9ment, la vie continue, bien s\u00fbr, mais ce n&rsquo;est plus le m\u00eame monde\u00a0!<br \/>\n<\/span><\/p>\n<p><span style=\"color: #777777; font-family: Arial;\">Et elle a cette autre inspiration\u00a0:<br \/>\n<\/span><\/p>\n<p style=\"margin-left: 28pt;\"><span style=\"color: #c00000; font-family: Arial;\">\u00ab\u00a0Une absence dit ce qui n&rsquo;est pas\u00a0!<br \/>\nMais rien n&rsquo;est plus pr\u00e9sent qu&rsquo;une absence quand il s&rsquo;agit d&rsquo;une personne qui vous manque autant.\u00a0\u00bb<br \/>\n<\/span><\/p>\n<p><span style=\"color: #777777; font-family: Arial;\">Dans la derni\u00e8re page du livre Ad\u00e8le Van Reeth \u00e9crit :<br \/>\n<\/span><\/p>\n<p style=\"margin-left: 28pt;\"><span style=\"color: #c00000; font-family: Arial;\">\u00ab\u00a0Mon papa, je voulais te dire que je vais bien [&#8230;] je vais bien avec la tristesse, si je n&rsquo;avais pas de tristesse, j&rsquo;irais bien aussi, mais pas de la m\u00eame fa\u00e7on. La tristesse sera toujours l\u00e0, c&rsquo;est ainsi, mais elle ne m&#8217;emp\u00eache pas d&rsquo;aller bien.[&#8230;] On m&rsquo;a dit que pour aller bien il fallait me consoler, il fallait que la tristesse disparaisse, mais il n&rsquo;en est rien. Je vais bien non pas malgr\u00e9 la tristesse mais avec elle.\u00a0\u00bb<br \/>\n<\/span><\/p>\n<p><span style=\"color: #777777; font-family: Arial;\">Dans un duo tr\u00e8s int\u00e9ressant avec la philosophe <strong>Vinciane Despret, <\/strong>elles engagent des variations sur ce th\u00e8me\u00a0: \u00ab\u00a0aller bien avec la tristesse\u00a0\u00bb dans l&rsquo;\u00e9mission de France Culture\u00a0:<strong> \u00ab\u00a0Le book club\u00a0\u00bb\u00a0: &lt;<\/strong><a href=\"https:\/\/www.radiofrance.fr\/franceculture\/podcasts\/le-book-club\/ecrire-la-mort-avec-vinciane-despret-et-adele-van-reeth-4570260\"><span style=\"color: #0000ff;\">\u00c9crire la mort<\/span><strong>&gt;<\/strong><br \/>\n<\/a><\/span><\/p>\n<p><span style=\"color: #777777; font-family: Arial;\"><strong>Vinciane Despret <\/strong>a aussi \u00e9crit un livre<strong>\u00a0: \u00ab\u00a0Les morts \u00e0 l&rsquo;\u0153uvre<\/strong>\u00a0\u00bb paru d\u00e9but janvier 2023.<br \/>\n<\/span><\/p>\n<p><span style=\"color: #777777; font-family: Arial;\">Dans ce livre, Vinciane Despret raconte cinq histoires de morts pour lesquels les vivants ont command\u00e9 une \u0153uvre d&rsquo;art gr\u00e2ce \u00e0 un protocole politique et artistique nomm\u00e9 \u00ab\u00a0<strong>le programme des Nouveaux Commanditaires<\/strong>\u00a0\u00bb.<br \/>\n<\/span><span style=\"color: #777777; font-family: Arial;\">Son livre est une enqu\u00eate qui se concentre sur ce protocole artistique qui a \u00e9t\u00e9 mis en \u0153uvre par le photographe <strong>Fran\u00e7ois Hertz<\/strong> en se posant simplement la question : \u00ab\u00a0si les \u00c9tats, les banques, les entreprises ont le droit de commander des \u0153uvres d&rsquo;art, pourquoi les citoyens n&rsquo;auraient pas le droit ? \u00bb<br \/>\n<\/span><\/p>\n<p><span style=\"color: #777777; font-family: Arial;\">Bien s\u00fbr il faut argumenter et tous n&rsquo;auront pas gain de cause, mais il est possible \u00e0 chacun de commander une \u0153uvre d&rsquo;art.<br \/>\n<\/span><\/p>\n<p><span style=\"color: #777777; font-family: Arial;\">Il existe un site des \u00ab<a href=\"http:\/\/www.nouveauxcommanditaires.eu\/fr\/home\/accueil\"><span style=\"color: blue; text-decoration: underline;\"><span style=\"color: #0000ff; text-decoration: underline;\">Nouveaux Commanditaires<\/span><\/span><\/a>\u00bb\u00a0et une page expliquant \u00ab<span style=\"color: #0000ff;\"><a style=\"color: #0000ff;\" href=\"http:\/\/www.nouveauxcommanditaires.eu\/fr\/44\/le-protocole\">le protocole<\/a><\/span>\u00bb qui se termine par ce paragraphe\u00a0:<\/span><\/p>\n<p style=\"margin-left: 28pt;\"><span style=\"color: #c00000; font-family: Arial;\">\u00ab\u00a0Financ\u00e9e par des subventions priv\u00e9es et publiques, l&rsquo;\u0153uvre devient la propri\u00e9t\u00e9 d&rsquo;une collectivit\u00e9 et sa valeur est, non plus marchande, mais celle de l&rsquo;usage que cette collectivit\u00e9 en fait et de l&rsquo;importance symbolique qu&rsquo;elle lui accorde.\u00a0\u00bb<br \/>\n<\/span><\/p>\n<p><span style=\"color: #777777; font-family: Arial;\">Dans l&rsquo;\u00e9mission en duo avec Ad\u00e8le van Reeth, Vinciane Despret a cit\u00e9 une \u00e9lue locale qui \u00e0 la r\u00e9ception d&rsquo;une \u0153uvre, cr\u00e9\u00e9e dans le cadre de ce protocole, a exprim\u00e9 cette qu\u00eate\u00a0:<br \/>\n<\/span><\/p>\n<p style=\"margin-left: 28pt;\"><span style=\"color: #c00000; font-family: Arial;\">\u00ab Faire de l&rsquo;absence, une beaut\u00e9 \u00bb<br \/>\n<\/span><\/p>\n<p><span style=\"color: #777777; font-family: Arial;\">A la fin, de la f\u00eate de ses 70 ans, mon fr\u00e8re G\u00e9rard a d\u00e9ball\u00e9 son violon et jou\u00e9 quelques \u0153uvres dont une \u00ab\u00a0Valse moderato\u00a0\u00bb \u00e9crite par notre p\u00e8re qui lui avait d\u00e9di\u00e9 ce morceau, alors que tout jeune gar\u00e7on de 15 ans, il se trouvait seul \u00e0 Paris, dans une famille d&rsquo;accueil pour suivre les cours du Conservatoire national sup\u00e9rieur de musique de Paris.<br \/>\n<\/span><\/p>\n<p><span style=\"color: #777777; font-family: Arial;\">Vous trouverez si vous le souhaitez une vid\u00e9o de ce moment derri\u00e8re ce lien\u00a0: &lt;<span style=\"color: #0000ff;\"><a style=\"color: #0000ff;\" href=\"https:\/\/lemotdujour.fr\/?page_id=14322\">G\u00e9rard joue<\/a><\/span>&gt;<br \/>\n<\/span><\/p>\n<p><span style=\"color: #c00000; font-family: Arial;\">&lt;1733&gt;<\/span><\/p>\n","protected":false},"excerpt":{"rendered":"<p>\u00ab\u00a0Le monde continue mais sans toi, et pour moi ce n&rsquo;est pas le m\u00eame monde.\u00a0\u00bb Ad\u00e8le Van Reeth \u00ab\u00a0Inconsolable\u00a0\u00bb \u00ab\u00a0J&rsquo;entre ici en perdante. Je sais que les mots ne pourront rien. Je sais qu&rsquo;ils n&rsquo;auront aucune action sur mon chagrin.<\/p>\n","protected":false},"author":1,"featured_media":0,"comment_status":"open","ping_status":"closed","sticky":false,"template":"","format":"standard","meta":{"footnotes":""},"categories":[1],"tags":[29,153,6],"class_list":["post-14421","post","type-post","status-publish","format-standard","hentry","category-motdujour","tag-hommage","tag-mort","tag-philosophie"],"_links":{"self":[{"href":"https:\/\/lemotdujour.fr\/index.php?rest_route=\/wp\/v2\/posts\/14421","targetHints":{"allow":["GET"]}}],"collection":[{"href":"https:\/\/lemotdujour.fr\/index.php?rest_route=\/wp\/v2\/posts"}],"about":[{"href":"https:\/\/lemotdujour.fr\/index.php?rest_route=\/wp\/v2\/types\/post"}],"author":[{"embeddable":true,"href":"https:\/\/lemotdujour.fr\/index.php?rest_route=\/wp\/v2\/users\/1"}],"replies":[{"embeddable":true,"href":"https:\/\/lemotdujour.fr\/index.php?rest_route=%2Fwp%2Fv2%2Fcomments&post=14421"}],"version-history":[{"count":10,"href":"https:\/\/lemotdujour.fr\/index.php?rest_route=\/wp\/v2\/posts\/14421\/revisions"}],"predecessor-version":[{"id":14447,"href":"https:\/\/lemotdujour.fr\/index.php?rest_route=\/wp\/v2\/posts\/14421\/revisions\/14447"}],"wp:attachment":[{"href":"https:\/\/lemotdujour.fr\/index.php?rest_route=%2Fwp%2Fv2%2Fmedia&parent=14421"}],"wp:term":[{"taxonomy":"category","embeddable":true,"href":"https:\/\/lemotdujour.fr\/index.php?rest_route=%2Fwp%2Fv2%2Fcategories&post=14421"},{"taxonomy":"post_tag","embeddable":true,"href":"https:\/\/lemotdujour.fr\/index.php?rest_route=%2Fwp%2Fv2%2Ftags&post=14421"}],"curies":[{"name":"wp","href":"https:\/\/api.w.org\/{rel}","templated":true}]}}