{"id":14416,"date":"2023-02-22T06:45:00","date_gmt":"2023-02-22T05:45:00","guid":{"rendered":"https:\/\/lemotdujour.fr\/?p=14416"},"modified":"2023-02-21T06:49:01","modified_gmt":"2023-02-21T05:49:01","slug":"mercredi-22-fevrier-2023","status":"publish","type":"post","link":"https:\/\/lemotdujour.fr\/?p=14416","title":{"rendered":"Mercredi 22 f\u00e9vrier 2023"},"content":{"rendered":"<div class=\"mdjTexte\">\u00ab&nbsp;Historiquement, ce travail de \u00ab reproduction sociale \u00bb, comme j&rsquo;entends le nommer, a \u00e9t\u00e9 assign\u00e9 aux femmes, bien que les hommes s&rsquo;en soient aussi toujours en partie charg\u00e9s. \u00c9tant \u00e0 la fois affectif et mat\u00e9riel, souvent non r\u00e9mun\u00e9r\u00e9, c&rsquo;est un travail indispensable \u00e0 la soci\u00e9t\u00e9.&nbsp;\u00bb<\/div>\n<div class=\"mdjAuteur\">Nancy Fraser<\/div>\n<p><span style=\"color: #777777; font-family: Arial;\">A la lecture du mot du jour d&rsquo;hier, Annie m&rsquo;a interpell\u00e9 en remarquant que je ne disais pas que le travail hors emploi \u00e9tait indispensable \u00e0 la soci\u00e9t\u00e9.<br \/>\n<\/span><\/p>\n<p><span style=\"color: #777777; font-family: Arial;\">C&rsquo;est exact.<br \/>\n<\/span><\/p>\n<p><span style=\"color: #777777; font-family: Arial;\">Mais j&rsquo;avais d\u00e9j\u00e0 \u00e9crit un tel mot du jour, le 14 octobre 2016, en faisant r\u00e9f\u00e9rence \u00e0 une conf\u00e9rence de la philosophe <strong>Nancy Fraser&nbsp;: &lt;<\/strong><span style=\"color: #0000ff;\"><a style=\"color: #0000ff;\" href=\"https:\/\/lemotdujour.fr\/?p=1457\">Les contradictions sociales du capitalisme contemporain<\/a><\/span><strong>&gt;<br \/>\n<\/strong><\/span><\/p>\n<p><span style=\"color: maroon; font-family: Arial;\">&lt;Mot du jour sans num\u00e9ro&gt;<\/span><\/p>\n","protected":false},"excerpt":{"rendered":"<p>\u00ab&nbsp;Historiquement, ce travail de \u00ab reproduction sociale \u00bb, comme j&rsquo;entends le nommer, a \u00e9t\u00e9 assign\u00e9 aux femmes, bien que les hommes s&rsquo;en soient aussi toujours en partie charg\u00e9s. \u00c9tant \u00e0 la fois affectif et mat\u00e9riel, souvent non r\u00e9mun\u00e9r\u00e9, c&rsquo;est un<\/p>\n","protected":false},"author":1,"featured_media":0,"comment_status":"open","ping_status":"closed","sticky":false,"template":"","format":"standard","meta":{"footnotes":""},"categories":[1],"tags":[233],"class_list":["post-14416","post","type-post","status-publish","format-standard","hentry","category-motdujour","tag-rappel"],"_links":{"self":[{"href":"https:\/\/lemotdujour.fr\/index.php?rest_route=\/wp\/v2\/posts\/14416","targetHints":{"allow":["GET"]}}],"collection":[{"href":"https:\/\/lemotdujour.fr\/index.php?rest_route=\/wp\/v2\/posts"}],"about":[{"href":"https:\/\/lemotdujour.fr\/index.php?rest_route=\/wp\/v2\/types\/post"}],"author":[{"embeddable":true,"href":"https:\/\/lemotdujour.fr\/index.php?rest_route=\/wp\/v2\/users\/1"}],"replies":[{"embeddable":true,"href":"https:\/\/lemotdujour.fr\/index.php?rest_route=%2Fwp%2Fv2%2Fcomments&post=14416"}],"version-history":[{"count":3,"href":"https:\/\/lemotdujour.fr\/index.php?rest_route=\/wp\/v2\/posts\/14416\/revisions"}],"predecessor-version":[{"id":14419,"href":"https:\/\/lemotdujour.fr\/index.php?rest_route=\/wp\/v2\/posts\/14416\/revisions\/14419"}],"wp:attachment":[{"href":"https:\/\/lemotdujour.fr\/index.php?rest_route=%2Fwp%2Fv2%2Fmedia&parent=14416"}],"wp:term":[{"taxonomy":"category","embeddable":true,"href":"https:\/\/lemotdujour.fr\/index.php?rest_route=%2Fwp%2Fv2%2Fcategories&post=14416"},{"taxonomy":"post_tag","embeddable":true,"href":"https:\/\/lemotdujour.fr\/index.php?rest_route=%2Fwp%2Fv2%2Ftags&post=14416"}],"curies":[{"name":"wp","href":"https:\/\/api.w.org\/{rel}","templated":true}]}}