{"id":14404,"date":"2023-02-21T00:31:00","date_gmt":"2023-02-20T23:31:00","guid":{"rendered":"https:\/\/lemotdujour.fr\/?p=14404"},"modified":"2023-02-21T06:28:21","modified_gmt":"2023-02-21T05:28:21","slug":"mardi-21-fevrier-2023","status":"publish","type":"post","link":"https:\/\/lemotdujour.fr\/?p=14404","title":{"rendered":"Mardi 21 f\u00e9vrier 2023"},"content":{"rendered":"<div class=\"mdjTexte\">\u00ab\u00a0C&rsquo;est durant la p\u00e9riode de [non-emploi] que l&rsquo;on peut encore r\u00eaver, \u00e0 la mani\u00e8re du jeune Marx, d&rsquo;\u00e9chapper \u00e0 la sp\u00e9cialisation, d&rsquo;\u00eatre tour \u00e0 tour chasseur, p\u00eacheur ou lecteur de Platon\u00a0\u00bb<\/div>\n<div class=\"mdjAuteur\">Raymond Aron \u00ab\u00a0Les d\u00e9sillusions du progr\u00e8s\u00a0\u00bb page 185<\/div>\n<p><span style=\"color: #777777; font-family: Arial;\">Dans &lt;<span style=\"color: #0000ff;\"><a style=\"color: #0000ff;\" href=\"https:\/\/lemotdujour.fr\/?p=14365\"><span style=\"color: #0000ff;\">le<\/span> mot du jour du 31 janvier 2023<\/a><\/span>&gt; j&rsquo;esquissais une explication qui tentait d&rsquo;approcher ce d\u00e9sir tr\u00e8s fort, cet attachement, en France, \u00e0 une retraite ne venant pas trop tard dans la vie humaine.<br \/>\n<\/span><\/p>\n<p><span style=\"color: #777777; font-family: Arial;\">Cette explication parlait non pas de la retraite, mais du travail et de l&rsquo;insatisfaction actuelle d&rsquo;un grand nombre par rapport au contenu, au sens et \u00e0 l&rsquo;organisation de leur activit\u00e9 professionnelle.<br \/>\n<\/span><\/p>\n<p><span style=\"color: #777777; font-family: Arial;\">Je reprenais dans cet article la distinction que faisait le philosophe <strong>Bernard Stiegler<\/strong> entre <strong>\u00ab\u00a0le travail<\/strong>\u00a0\u00bb et <strong>\u00ab\u00a0l&#8217;emploi<\/strong>\u00a0\u00bb.<br \/>\n<\/span><\/p>\n<p><span style=\"color: #777777; font-family: Arial;\">\u00ab\u00a0L&#8217;emploi\u00a0\u00bb \u00e9tant toujours du travail, mais du travail r\u00e9mun\u00e9r\u00e9, celui qui permet \u00e0 \u00ab\u00a0l&#8217;employ\u00e9\u00a0\u00bb de toucher un revenu. Il permet aussi, au niveau macro-\u00e9conomique d&rsquo;abonder le fameux \u00ab\u00a0PIB\u00a0\u00bb si important pour la foule des \u00e9conomistes traditionnels et des politiques qui exercent le pouvoir.<br \/>\n<\/span><\/p>\n<p><span style=\"color: #777777; font-family: Arial;\">Mais l&#8217;emploi n&rsquo;englobe pas tout le travail r\u00e9alis\u00e9 dans une soci\u00e9t\u00e9 et cela de tr\u00e8s loin.<br \/>\n<\/span><\/p>\n<p><span style=\"color: #777777; font-family: Arial;\">Quand une assistante maternelle s&rsquo;occupe d&rsquo;enfants c&rsquo;est du travail et un emploi. Quand une m\u00e8re ou un p\u00e8re font exactement la m\u00eame chose \u00e0 l&rsquo;\u00e9gard de leurs enfants c&rsquo;est aussi du travail, mais ce n&rsquo;est pas de l&#8217;emploi.<br \/>\n<\/span><\/p>\n<p><span style=\"color: #777777; font-family: Arial;\">Quand un retrait\u00e9, dans un cadre associatif, aide b\u00e9n\u00e9volement des jeunes scolaires \u00e0 am\u00e9liorer leur compr\u00e9hension de ce qui\u00a0 leur est demand\u00e9, il exerce un travail mais non un emploi.<br \/>\n<\/span><\/p>\n<p><span style=\"color: #777777; font-family: Arial;\">Et aussi quand une femme ou un homme, travaillent dans leur jardin pour produire des l\u00e9gumes ou des fleurs, le verbe utilis\u00e9, \u00e0 raison, est sans ambig\u00fcit\u00e9. Mais ce n&rsquo;est pas un emploi\u00a0!<br \/>\n<\/span><\/p>\n<p><span style=\"color: #777777; font-family: Arial;\">Alors, certes la r\u00e9forme des retraites que notre Pr\u00e9sident a brusquement d\u00e9gain\u00e9 pendant une campagne pr\u00e9sidentielle assez pauvre en proposition, en contradiction formelle avec ce qu&rsquo;il proposait cinq ans auparavant est tr\u00e8s critiquable.<br \/>\n<\/span><\/p>\n<p><span style=\"color: #777777; font-family: Arial;\">Mais dans le mot du jour d&rsquo;aujourd&rsquo;hui je veux revenir \u00e0 la probl\u00e9matique de \u00ab\u00a0l&#8217;emploi\u00a0\u00bb dans notre soci\u00e9t\u00e9 moderne.<br \/>\n<\/span><\/p>\n<p><span style=\"color: #777777; font-family: Arial;\">Dans les ann\u00e9es 80, il y a 40 ans, j&rsquo;ai beaucoup lu <strong>Raymond Aron<\/strong>. Ce n&rsquo;\u00e9tait pas une lecture habituelle des gens de gauche dont je me r\u00e9clamais. Mais il m&rsquo;attirait parce que lorsque je le lisais, je me sentais plus intelligent, je comprenais mieux ce qui \u00e9tait en train de se passer devant mes yeux, sur la sc\u00e8ne internationale, comme dans la soci\u00e9t\u00e9 dans laquelle je vivais.<br \/>\n<\/span><\/p>\n<p><span style=\"color: #777777; font-family: Arial;\">On ne sait plus tr\u00e8s bien qui le premier a eu cette formule\u00a0:<br \/>\n<\/span><\/p>\n<p style=\"margin-left: 28pt;\"><span style=\"color: #c00000; font-family: Arial;\">\u00ab J&rsquo;aime mieux avoir tort avec Sartre que raison avec Aron\u00bb<br \/>\n<\/span><\/p>\n<p><span style=\"color: #777777; font-family: Arial;\"><img loading=\"lazy\" decoding=\"async\" class=\"wp-image-14410 alignleft\" src=\"https:\/\/lemotdujour.fr\/wp-content\/uploads\/2023\/02\/Deux-intellectuels-dans-le-siecle.jpg\" alt=\"\" width=\"275\" height=\"432\" srcset=\"https:\/\/lemotdujour.fr\/wp-content\/uploads\/2023\/02\/Deux-intellectuels-dans-le-siecle.jpg 600w, https:\/\/lemotdujour.fr\/wp-content\/uploads\/2023\/02\/Deux-intellectuels-dans-le-siecle-191x300.jpg 191w\" sizes=\"auto, (max-width: 275px) 100vw, 275px\" \/>La formule avait \u00e9t\u00e9 repris, en 1987, dans un essai <strong>d&rsquo;Etienne Barilier<\/strong>, \u00ab\u00a0<strong>Les Petits Camarades<\/strong> \u00bb qui \u00e9voquait les destins parall\u00e8les de Sartre et Aron qui avaient \u00e9t\u00e9 camarades dans la m\u00eame promotion de l&rsquo;ENS de la rue d&rsquo;Ulm entre 1924 et 1928.<br \/>\n<\/span><\/p>\n<p><span style=\"color: #777777; font-family: Arial;\">Cet article de \u00ab\u00a0<strong>l&rsquo;Express\u00a0<\/strong>\u00bb\u00a0de 1995 : &lt;<span style=\"color: #0000ff;\"><a style=\"color: #0000ff;\" href=\"https:\/\/www.lexpress.fr\/informations\/sartre-aron-duels-au-sommet_609889.html\">Sartre-Aron: duels au sommet<\/a><\/span>&gt; \u00e9voque cette relation \u00e0 travers un autre essai celui de <strong>Jean-Fran\u00e7ois Sirinelli<\/strong>\u00a0: \u00ab\u00a0<strong>Deux Intellectuels dans le si\u00e8cle. Sartre et Aron<\/strong>\u00a0\u00bb ( Fayard ).<br \/>\n<\/span><\/p>\n<p><span style=\"color: #777777; font-family: Arial;\">Pour ma part, j&rsquo;ai tr\u00e8s vite, \u00e9t\u00e9 attir\u00e9 davantage par le r\u00e9alisme de Raymond Aron qui analysait le monde et les individus tels qu&rsquo;ils \u00e9taient et envisageait les chemins permettant d&rsquo;am\u00e9liorer la situation en partant du r\u00e9el, plut\u00f4t que Jean-Paul Sartre qui inventait un monde id\u00e9al dans sa t\u00eate et poursuivait le dessin de tordre la r\u00e9alit\u00e9 pour essayer de l&rsquo;amener vers ses id\u00e9es. La d\u00e9marche de Sartre \u00e9tait r\u00e9volutionnaire, les r\u00e9volutions ont vers\u00e9 beaucoup de sang et abouti \u00e0 des catastrophes souvent monstrueuses.<br \/>\n<\/span><\/p>\n<p><span style=\"color: #777777; font-family: Arial;\">Alors bien s\u00fbr, beaucoup de choses ont chang\u00e9 depuis que Raymond Aron analysait le monde\u00a0:<br \/>\n<\/span><\/p>\n<ul>\n<li><span style=\"color: #777777; font-family: Arial;\">En premier lieu, l&rsquo;Union sovi\u00e9tique s&rsquo;est effondr\u00e9e.<br \/>\n<\/span><\/li>\n<li><span style=\"color: #777777; font-family: Arial;\">La r\u00e9volution num\u00e9rique a impos\u00e9 d&rsquo;autres organisations.<br \/>\n<\/span><\/li>\n<li><span style=\"color: #777777; font-family: Arial;\">La France s&rsquo;est largement d\u00e9sindustrialis\u00e9e.<br \/>\n<\/span><\/li>\n<li><span style=\"color: #777777; font-family: Arial;\">L&rsquo;\u00e9conomie s&rsquo;est mondialis\u00e9e et financiaris\u00e9e.<br \/>\n<\/span><\/li>\n<li><span style=\"color: #777777; font-family: Arial;\">Les probl\u00e8mes \u00e9cologiques et de ressources se sont impos\u00e9s \u00e0 nous.<br \/>\n<\/span><\/li>\n<\/ul>\n<p><span style=\"color: #777777; font-family: Arial;\">Mais Raymond Aron avait d\u00e9j\u00e0 largement abord\u00e9 le sujet de la modernit\u00e9 et de ses limites.<br \/>\n<\/span><\/p>\n<p><span style=\"color: #777777; font-family: Arial;\">Ainsi, il a publi\u00e9 en 1969, un livre \u00ab <strong>Les d\u00e9sillusions du progr\u00e8s<\/strong>\u00a0\u00bb dans lequel, entre autre, il montrait que le progr\u00e8s n&rsquo;\u00e9tait pas le m\u00eame pour tous et qu&rsquo;il ne signifiait pas forc\u00e9ment des lendemains qui chantent.<br \/>\n<\/span><\/p>\n<p><span style=\"color: #777777; font-family: Arial;\">Vous trouverez sur le site \u00ab\u00a0CAIRN\u00a0\u00bb une analyse globale de cet ouvrage par Serge Paugam\u00a0:\u00a0 \u00ab\u00a0<span style=\"color: #0000ff;\"><a style=\"color: #0000ff;\" href=\"https:\/\/www.cairn.info\/revue-sociologie-2012-4-page-413.htm\">Relectures de Raymond Aron, Les D\u00e9sillusions du progr\u00e8s (1969)\u00a0<\/a><\/span>\u00bb<br \/>\n<\/span><\/p>\n<p><span style=\"color: #777777; font-family: Arial;\">Mais c&rsquo;est un point pr\u00e9cis de cet ouvrage qui est rest\u00e9 dans ma m\u00e9moire, 40 ans apr\u00e8s sa lecture.<br \/>\n<\/span><\/p>\n<p><span style=\"color: #777777; font-family: Arial;\">Et en feuilletant le livre, j&rsquo;ai retrouv\u00e9 ce constat qui m&rsquo;avait alors interpell\u00e9 et qui depuis, au regard de mon exp\u00e9rience professionnelle, me parait totalement pertinent.<br \/>\n<\/span><\/p>\n<p><span style=\"color: #777777; font-family: Arial;\"><img loading=\"lazy\" decoding=\"async\" class=\"size-full wp-image-14411 alignright\" src=\"https:\/\/lemotdujour.fr\/wp-content\/uploads\/2023\/02\/Raymond-Aron.jpg\" alt=\"\" width=\"368\" height=\"315\" srcset=\"https:\/\/lemotdujour.fr\/wp-content\/uploads\/2023\/02\/Raymond-Aron.jpg 368w, https:\/\/lemotdujour.fr\/wp-content\/uploads\/2023\/02\/Raymond-Aron-300x257.jpg 300w\" sizes=\"auto, (max-width: 368px) 100vw, 368px\" \/>Raymond Aron n&rsquo;avait pas anticip\u00e9 la r\u00e9flexion de Bernard Stiegler et au contraire, il r\u00e9duisait le concept de \u00ab\u00a0travail\u00a0\u00bb au seul \u00ab\u00a0emploi\u00a0\u00bb\u00a0:<br \/>\n<\/span><\/p>\n<p style=\"margin-left: 28pt;\"><span style=\"color: #c00000; font-family: Arial;\">\u00ab\u00a0J&rsquo;ai pris jusqu&rsquo;\u00e0 pr\u00e9sent le terme de travail ou de m\u00e9tier en un sens neutre et social\u00a0: ni ch\u00e2timent divin, ni obligation morale, ni maniement d&rsquo;outils, ni transformation de la mati\u00e8re, le travail d\u00e9signe l&rsquo;activit\u00e9 exerc\u00e9e le plus souvent hors du foyer, en vue d&rsquo;un salaire ou d&rsquo;un traitement. Cette d\u00e9finition refl\u00e8te, me semble-t &lsquo;il, la conception dominante de notre \u00e9poque.\u00a0\u00bb<br \/>\n<em>Raymond Aron \u00ab\u00a0Les d\u00e9sillusions du progr\u00e8s\u00a0\u00bb page 185<\/em><br \/>\n<\/span><\/p>\n<p><span style=\"color: #777777; font-family: Arial;\"><img loading=\"lazy\" decoding=\"async\" class=\"wp-image-14414 alignleft\" src=\"https:\/\/lemotdujour.fr\/wp-content\/uploads\/2023\/02\/Le-livre-des-desillusions-du-progres.jpg\" alt=\"\" width=\"189\" height=\"307\" srcset=\"https:\/\/lemotdujour.fr\/wp-content\/uploads\/2023\/02\/Le-livre-des-desillusions-du-progres.jpg 397w, https:\/\/lemotdujour.fr\/wp-content\/uploads\/2023\/02\/Le-livre-des-desillusions-du-progres-185x300.jpg 185w\" sizes=\"auto, (max-width: 189px) 100vw, 189px\" \/>Et il posait cette limite \u00e0 l&rsquo;\u00e9panouissement du plus grand nombre des individus dans le cadre professionnel\u00a0:<br \/>\n<\/span><\/p>\n<p style=\"margin-left: 28pt;\"><span style=\"color: #c00000; font-family: Arial;\">\u00ab toutes les soci\u00e9t\u00e9s, y compris les plus riches, continuent de former les hommes dont elles ont besoin, mais qu&rsquo;aucune d&rsquo;entre elles, en d\u00e9pit des objectifs proclam\u00e9s, n&rsquo;a besoin que tous les hommes accomplissent pleinement les virtualit\u00e9s qu&rsquo;ils portent en eux. Aucune n&rsquo;a besoin que beaucoup deviennent des personnalit\u00e9s et soient capables de libert\u00e9 par rapport au milieu. \u00bb<br \/>\n<em>Raymond Aron \u00ab\u00a0Les d\u00e9sillusions du progr\u00e8s\u00a0\u00bb<\/em><br \/>\n<\/span><\/p>\n<p><span style=\"color: #777777; font-family: Arial;\">Le monde \u00e9conomique a besoin de personnes qui se sp\u00e9cialisent pour \u00eatre efficaces et productives :<br \/>\n<\/span><\/p>\n<p style=\"margin-left: 28pt;\"><span style=\"color: #c00000; font-family: Arial;\">\u00ab\u00a0Certes, la sp\u00e9cialisation professionnelle requiert une formation, elle aussi sp\u00e9cialis\u00e9e, elle oblige chacun \u00e0 sacrifier certaines aspirations \u00e0 restreindre son horizon intellectuel\u00a0: prix \u00e0 payer mais que l&rsquo;homme d&rsquo;aujourd&rsquo;hui doit payer\u00a0\u00bb.<br \/>\n<em>Raymond Aron \u00ab\u00a0Les d\u00e9sillusions du progr\u00e8s\u00a0\u00bb<\/em><br \/>\n<\/span><\/p>\n<p><span style=\"color: #777777; font-family: Arial;\">Et il en arrive \u00e0 cette conclusion.<br \/>\n<\/span><\/p>\n<p style=\"margin-left: 28pt;\"><span style=\"color: #c00000; font-family: Arial;\">\u00ab\u00a0C&rsquo;est durant la p\u00e9riode de non-travail que l&rsquo;on peut encore r\u00eaver, \u00e0 la mani\u00e8re du jeune Marx, d&rsquo;\u00e9chapper \u00e0 la sp\u00e9cialisation, d&rsquo;\u00eatre tour \u00e0 tour chasseur, p\u00eacheur ou lecteur de Platon\u00a0\u00bb<br \/>\n<em>Raymond Aron \u00ab\u00a0Les d\u00e9sillusions du progr\u00e8s\u00a0\u00bb page 185<\/em><br \/>\n<\/span><\/p>\n<p><span style=\"color: #777777; font-family: Arial;\">C&rsquo;est ce constat que j&rsquo;ai retenu et retrouv\u00e9 dans ce livre.<br \/>\n<\/span><\/p>\n<p><span style=\"color: #777777; font-family: Arial;\">Je l&rsquo;ai pris pour exergue de ce mot du jour, mais je me suis permis de l&rsquo;amender dans le sens de la dichotomie d\u00e9crite par Bernard Stiegler en rempla\u00e7ant le mot \u00ab\u00a0travail\u00a0\u00bb par \u00ab\u00a0emploi\u00a0\u00bb. Ce qui correspond exactement \u00e0 ce que voulait dire Raymond Aron.<br \/>\n<\/span><\/p>\n<p><span style=\"color: #777777; font-family: Arial;\">Et bien entendu, la p\u00e9riode de la retraite correspond id\u00e9alement \u00e0 cette p\u00e9riode de non-emploi permettant de r\u00eaver d&rsquo;\u00eatre lecteur de Platon ou de mener une autre activit\u00e9 large et \u00e9panouissante tr\u00e8s loin de la r\u00e9duction \u00e0 la sp\u00e9cialisation professionnelle.<br \/>\n<\/span><\/p>\n<p><span style=\"color: #c00000; font-family: Arial;\">&lt;1732&gt;<\/span><\/p>\n","protected":false},"excerpt":{"rendered":"<p>\u00ab\u00a0C&rsquo;est durant la p\u00e9riode de [non-emploi] que l&rsquo;on peut encore r\u00eaver, \u00e0 la mani\u00e8re du jeune Marx, d&rsquo;\u00e9chapper \u00e0 la sp\u00e9cialisation, d&rsquo;\u00eatre tour \u00e0 tour chasseur, p\u00eacheur ou lecteur de Platon\u00a0\u00bb Raymond Aron \u00ab\u00a0Les d\u00e9sillusions du progr\u00e8s\u00a0\u00bb page 185 Dans<\/p>\n","protected":false},"author":1,"featured_media":0,"comment_status":"open","ping_status":"closed","sticky":false,"template":"","format":"standard","meta":{"footnotes":""},"categories":[1],"tags":[98,11,75],"class_list":["post-14404","post","type-post","status-publish","format-standard","hentry","category-motdujour","tag-retraite","tag-sociologie","tag-travail"],"_links":{"self":[{"href":"https:\/\/lemotdujour.fr\/index.php?rest_route=\/wp\/v2\/posts\/14404","targetHints":{"allow":["GET"]}}],"collection":[{"href":"https:\/\/lemotdujour.fr\/index.php?rest_route=\/wp\/v2\/posts"}],"about":[{"href":"https:\/\/lemotdujour.fr\/index.php?rest_route=\/wp\/v2\/types\/post"}],"author":[{"embeddable":true,"href":"https:\/\/lemotdujour.fr\/index.php?rest_route=\/wp\/v2\/users\/1"}],"replies":[{"embeddable":true,"href":"https:\/\/lemotdujour.fr\/index.php?rest_route=%2Fwp%2Fv2%2Fcomments&post=14404"}],"version-history":[{"count":5,"href":"https:\/\/lemotdujour.fr\/index.php?rest_route=\/wp\/v2\/posts\/14404\/revisions"}],"predecessor-version":[{"id":14415,"href":"https:\/\/lemotdujour.fr\/index.php?rest_route=\/wp\/v2\/posts\/14404\/revisions\/14415"}],"wp:attachment":[{"href":"https:\/\/lemotdujour.fr\/index.php?rest_route=%2Fwp%2Fv2%2Fmedia&parent=14404"}],"wp:term":[{"taxonomy":"category","embeddable":true,"href":"https:\/\/lemotdujour.fr\/index.php?rest_route=%2Fwp%2Fv2%2Fcategories&post=14404"},{"taxonomy":"post_tag","embeddable":true,"href":"https:\/\/lemotdujour.fr\/index.php?rest_route=%2Fwp%2Fv2%2Ftags&post=14404"}],"curies":[{"name":"wp","href":"https:\/\/api.w.org\/{rel}","templated":true}]}}