{"id":14399,"date":"2023-02-20T03:42:00","date_gmt":"2023-02-20T02:42:00","guid":{"rendered":"https:\/\/lemotdujour.fr\/?p=14399"},"modified":"2023-08-15T01:05:23","modified_gmt":"2023-08-14T23:05:23","slug":"lundi-20-fevrier-2023","status":"publish","type":"post","link":"https:\/\/lemotdujour.fr\/?p=14399","title":{"rendered":"Lundi 20 f\u00e9vrier 2023"},"content":{"rendered":"<div class=\"mdjTexte\">\u00ab\u00a0Airglow\u00a0\u00bb<\/div>\n<div class=\"mdjAuteur\">Lueur d&rsquo;air, ph\u00e9nom\u00e8ne naturel rare d&rsquo;origine chimique dans la haute atmosph\u00e8re<\/div>\n<p><span style=\"color: #777777; font-family: Arial;\">Au d\u00e9part il y a une magnifique photo d&rsquo;un \u00e9tudiant de 22 ans\u00a0<strong>: Julien Looten<\/strong>.<br \/>\n<\/span><\/p>\n<p><img loading=\"lazy\" decoding=\"async\" class=\"alignnone size-full wp-image-14398\" src=\"https:\/\/lemotdujour.fr\/wp-content\/uploads\/2023\/02\/021823_2242_Lundi20fvri1.jpg\" alt=\"\" width=\"2000\" height=\"1195\" srcset=\"https:\/\/lemotdujour.fr\/wp-content\/uploads\/2023\/02\/021823_2242_Lundi20fvri1.jpg 2000w, https:\/\/lemotdujour.fr\/wp-content\/uploads\/2023\/02\/021823_2242_Lundi20fvri1-300x179.jpg 300w, https:\/\/lemotdujour.fr\/wp-content\/uploads\/2023\/02\/021823_2242_Lundi20fvri1-1024x612.jpg 1024w, https:\/\/lemotdujour.fr\/wp-content\/uploads\/2023\/02\/021823_2242_Lundi20fvri1-768x459.jpg 768w, https:\/\/lemotdujour.fr\/wp-content\/uploads\/2023\/02\/021823_2242_Lundi20fvri1-1536x918.jpg 1536w\" sizes=\"auto, (max-width: 2000px) 100vw, 2000px\" \/><\/p>\n<p><span style=\"color: #777777; font-family: Arial;\">La photo prise le 21 janvier 2023 vers 22 heures, est garantie sans trucage. Toutefois pour r\u00e9aliser ce que l&rsquo;on voit, il a fallu \u00e0 ce jeune homme patient et disposant d&rsquo;une solide connaissance de la technique photographique\u00a0: r\u00e9aliser un \u00ab\u00a0grand panorama\u00a0\u00bb d&rsquo;une quarantaine d&rsquo;images, cumulant environ une heure d&rsquo;exposition. Il a ensuite d\u00fb les assembler et enfin utiliser un logiciel pour r\u00e9gler la distorsion, la balance des blancs.<br \/>\n<\/span><\/p>\n<p><span style=\"color: #777777; font-family: Arial;\">S&rsquo;il n&rsquo;y a pas de trucage, il y a au moins beaucoup de technique.<br \/>\n<\/span><\/p>\n<p><span style=\"color: #777777; font-family: Arial;\">Julien Looten l&rsquo;a ensuite publi\u00e9 sur Instagram\u00a0: &lt; <span style=\"color: #0000ff;\"><a style=\"color: #0000ff;\" href=\"https:\/\/www.instagram.com\/p\/Cn42shuMNLs\/%20\">https:\/\/www.instagram.com\/p\/Cn42shuMNLs\/<\/a><\/span>&gt; avec ce commentaire\u00a0:<br \/>\n<\/span><\/p>\n<p style=\"margin-left: 28pt;\"><span style=\"color: #c00000; font-family: Arial;\">\u00ab Samedi soir, je me suis rendu au Ch\u00e2teau de Losse (Dordogne) pour prendre en photo la Voie lact\u00e9e. Un ph\u00e9nom\u00e8ne exceptionnel s&rsquo;est produit ce soir-l\u00e0\u2026 un airglow extraordinaire<br \/>\n<\/span><\/p>\n<p style=\"margin-left: 28pt;\"><span style=\"color: #c00000; font-family: Arial;\">Le ciel semble \u00eatre couvert de \u00ab\u00a0nuages multicolores\u00a0\u00bb&#8230; Il ne s&rsquo;agit pas de couleurs parasites ou de traitements sp\u00e9ciaux. Il s&rsquo;agit d&rsquo;un ph\u00e9nom\u00e8ne naturel rare caus\u00e9 par une r\u00e9action chimique dans la haute atmosph\u00e8re, o\u00f9 les rayons du soleil excitent des mol\u00e9cules qui \u00e9mettent alors une tr\u00e8s faible lumi\u00e8re (chimiluminescence).<br \/>\n<\/span><\/p>\n<p style=\"margin-left: 28pt;\"><span style=\"color: #c00000; font-family: Arial;\">Ces \u00ab\u00a0nuages\u00a0\u00bb sont situ\u00e9s entre 100 et 300 km d&rsquo;altitude. La couleur du ph\u00e9nom\u00e8ne change en fonction de l&rsquo;altitude. Il peut prendre des formes \u00e9tranges, comme ici sous forme de \u00ab\u00a0vagues \u00bb. Ces nuages semblent \u00e9merger du p\u00f4le Nord (extr\u00e9mit\u00e9 droite) et Sud (extr\u00e9mit\u00e9 gauche).<br \/>\n<\/span><\/p>\n<p style=\"margin-left: 28pt;\"><span style=\"color: #c00000; font-family: Arial;\">Le airglow peut \u00eatre observ\u00e9 \u00e0 l&rsquo;\u0153il nu. C&rsquo;\u00e9tait le cas ce soir-l\u00e0, je l&rsquo;ai m\u00eame confondu avec du brouillard. <strong>En revanche, les couleurs ne sont pas visibles par l&rsquo;\u0153il humain, qui est bien moins sensible qu&rsquo;un capteur d&rsquo;appareil photo<\/strong>.<br \/>\n<\/span><\/p>\n<p style=\"margin-left: 28pt;\"><span style=\"color: #c00000; font-family: Arial;\">L&rsquo;arche de la Voie lact\u00e9e est ici, visible dans sa totalit\u00e9, gr\u00e2ce \u00e0 un panorama de 180\u00b0. \u00c0 gauche, la constellation d&rsquo;Orion. Au centre : Mars, les Pl\u00e9iades et la n\u00e9buleuse Californie. \u00c0 droite : la constellation de Cassiop\u00e9e et la galaxie d&rsquo;Androm\u00e8de \u00bb<br \/>\n<\/span><\/p>\n<p><span style=\"color: #777777; font-family: Arial;\">Cette photo a \u00e9t\u00e9 rep\u00e9r\u00e9e par la <strong>Nasa,<\/strong> qui l&rsquo;a ensuite publi\u00e9e sur un de ses sites le mercredi 15 f\u00e9vrier\u00a0: &lt;<a href=\"https:\/\/apod.nasa.gov\/apod\/ap230215.html\"><span style=\"color: #0000ff;\">Astronomy Picture of the Day<\/span><\/a>&gt;<br \/>\n<\/span><\/p>\n<p><span style=\"color: #777777; font-family: Arial;\">Cette \u00e9tonnante photo prise en Dordogne a ainsi fait le tour du monde<br \/>\n<\/span><\/p>\n<p><span style=\"color: #777777; font-family: Arial;\">Pour ma part j&rsquo;ai d\u00e9couvert cette photo sur le site du journal \u00ab\u00a0<strong>La Montagne<\/strong>\u00a0\u00bb, quotidien r\u00e9gional de Clermont-Ferrand,\u00a0: &lt;<span style=\"color: #0000ff;\"><a style=\"color: #0000ff;\" href=\"https:\/\/www.lamontagne.fr\/brive-la-gaillarde-19100\/actualites\/reperee-par-la-nasa-cette-etonnante-photo-prise-tout-pres-de-la-correze-fait-le-tour-du-monde_14262523\/\">Rep\u00e9r\u00e9e par la Nasa<\/a><\/span>&gt;<br \/>\n<\/span><\/p>\n<p><span style=\"color: #777777; font-family: Arial;\">Ce journal nous apprend que Julien Looten \u00e9tudie l&rsquo;arch\u00e9ologie \u00e0 Bordeaux et se passionne pour l&rsquo;astrophotographie, une discipline consistant \u00e0 immortaliser des objets c\u00e9lestes.<br \/>\n<\/span><\/p>\n<p><span style=\"color: #777777; font-family: Arial;\">Il nous apprend aussi que c&rsquo;est la seconde fois que Julien Looten a \u00e9t\u00e9 rep\u00e9r\u00e9 par la NASA. En ao\u00fbt, une de ses photos prise au cap du Dramont avait d\u00e9j\u00e0 \u00e9t\u00e9 s\u00e9lectionn\u00e9e pour servir de \u00ab\u00a0Picture of the day\u00a0\u00bb.<br \/>\n<\/span><\/p>\n<p><span style=\"color: #777777; font-family: Arial;\">C&rsquo;est aussi une aubaine pour le site touristique du ch\u00e2teau de Losse.<br \/>\n<\/span><\/p>\n<p><span style=\"color: #777777; font-family: Arial;\">\u00ab\u00a0La Montagne\u00a0\u00bb, \u00e9crit\u00a0:<br \/>\n<\/span><\/p>\n<p style=\"margin-left: 28pt;\"><span style=\"color: #c00000; font-family: Arial;\">\u00ab\u00a0Le gestionnaire de ce site touristique, Martin de Roquefeuil, se dit \u00ab\u00a0tr\u00e8s fier\u00a0\u00bb de voir cette magnifique b\u00e2tisse du XVI\u00e8me si\u00e8cle ainsi mise en avant. \u00ab\u00a0J&rsquo;ai \u00e9norm\u00e9ment de retours. Et notre site Internet, qui est d&rsquo;habitude plut\u00f4t en sommeil \u00e0 cette \u00e9poque de l&rsquo;ann\u00e9e puisque nous sommes ferm\u00e9s jusqu&rsquo;au printemps, a connu un gros pic de fr\u00e9quentation ces derniers jours. Localement, on m&rsquo;en parle beaucoup, les gens m&rsquo;envoient les reportages qui sont faits sur le sujet.\u00a0\u00bb\u00a0\u00bb<br \/>\n<\/span><\/p>\n<p><span style=\"color: #777777; font-family: Arial;\">Les journaux se sont fait l&rsquo;\u00e9cho de cette photo et de sa destin\u00e9e\u00a0:<br \/>\n<\/span><\/p>\n<p><span style=\"color: #777777; font-family: Arial;\">\u00ab\u00a0<strong>La Voix du Nord<\/strong>\u00a0\u00bb\u00a0: : &lt;<a href=\"https:\/\/www.lavoixdunord.fr\/1291291\/article\/2023-02-13\/la-superbe-photo-astronomique-d-un-nordiste-mise-l-honneur-par-la-nasa\"><span style=\"color: #0000ff;\">La superbe photo astronomique d&rsquo;un Nordiste mise \u00e0 l&rsquo;honneur par la Nasa !<\/span>&gt;<\/a><br \/>\n<\/span><\/p>\n<p><span style=\"color: #777777; font-family: Arial;\">M\u00eame \u00ab\u00a0<strong>TF1\u00a0\u00bb<\/strong> en a parl\u00e9\u00a0: &lt;<a href=\"https:\/\/www.tf1.fr\/tf1\/jt-13h\/videos\/ce-photographe-nous-en-met-plein-la-vue-76038157.html\"><span style=\"color: #0000ff;\">Ce photographe nous en met plein la vue !<\/span><\/a>&gt;<br \/>\n<\/span><\/p>\n<p><span style=\"color: #777777; font-family: Arial;\">Et \u00ab\u00a0<strong>Ouest France<\/strong>\u00a0\u00bb &lt;<a href=\"https:\/\/www.ouest-france.fr\/nouvelle-aquitaine\/perigueux-24000\/sa-photo-dun-airglow-capturee-en-dordogne-est-limage-du-jour-selectionnee-par-la-nasa-d88de92e-ad17-11ed-b38d-c3ab18a57c7c\"><span style=\"color: #0000ff;\">Sa photo d&rsquo;un \u00ab airglow \u00bb captur\u00e9e en Dordogne est l&rsquo;image du jour s\u00e9lectionn\u00e9e par la Nasa<\/span><\/a>&gt;<br \/>\n<\/span><\/p>\n<p><span style=\"color: #777777; font-family: Arial;\">La plateforme num\u00e9rique : \u00ab\u00a0Lille Aux Artistes\u00a0\u00bb qui promeut les artistes et la culture des Hauts-de-France dispose d&rsquo;une page consacr\u00e9e \u00e0 cet \u00e9tudiant artiste\u00a0: &lt;<span style=\"color: #0000ff;\"><a style=\"color: #0000ff;\" href=\"https:\/\/www.lilleauxartistes.org\/collections\/julien-looten\"><strong>Julien Looten<\/strong><\/a><\/span><strong>&gt;<br \/>\n<\/strong><\/span><\/p>\n<p><span style=\"color: #777777; font-family: Arial;\">Il faut savoir que sur le site de la NASA, <strong>\u00ab\u00a0Apod\u00a0\u00bb <\/strong>c&rsquo;est g\u00e9n\u00e9ralement, des images captur\u00e9es par des t\u00e9lescopes comme James Webb ou Hubble qui sont publi\u00e9es.<br \/>\n<\/span><\/p>\n<p><span style=\"color: #777777; font-family: Arial;\">Un tel voisinage ne peut \u00eatre que valorisant<br \/>\n<\/span><\/p>\n<p><span style=\"color: #777777; font-family: Arial;\">On pourrait dire que la nature est belle.<br \/>\n<\/span><\/p>\n<p><span style=\"color: #777777; font-family: Arial;\">Cela est certes vrai.<br \/>\n<\/span><\/p>\n<p><span style=\"color: #777777; font-family: Arial;\">Il faut cependant savoir qu&rsquo;il n&rsquo;est pas possible de voir ce que montre cette photo, \u00e0 l&rsquo;\u0153il nu.<br \/>\n<\/span><\/p>\n<p><span style=\"color: #c00000; font-family: Arial;\">&lt;1731&gt;<span style=\"color: #777777;\"><br \/>\n<\/span><\/span><\/p>\n<p><span style=\"color: #777777; font-family: Arial;\">\u00a0<\/span><\/p>\n","protected":false},"excerpt":{"rendered":"<p>\u00ab\u00a0Airglow\u00a0\u00bb Lueur d&rsquo;air, ph\u00e9nom\u00e8ne naturel rare d&rsquo;origine chimique dans la haute atmosph\u00e8re Au d\u00e9part il y a une magnifique photo d&rsquo;un \u00e9tudiant de 22 ans\u00a0: Julien Looten. La photo prise le 21 janvier 2023 vers 22 heures, est garantie sans<\/p>\n","protected":false},"author":1,"featured_media":0,"comment_status":"open","ping_status":"closed","sticky":false,"template":"","format":"standard","meta":{"footnotes":""},"categories":[1],"tags":[48,28,35],"class_list":["post-14399","post","type-post","status-publish","format-standard","hentry","category-motdujour","tag-nature","tag-photo","tag-sciences"],"_links":{"self":[{"href":"https:\/\/lemotdujour.fr\/index.php?rest_route=\/wp\/v2\/posts\/14399","targetHints":{"allow":["GET"]}}],"collection":[{"href":"https:\/\/lemotdujour.fr\/index.php?rest_route=\/wp\/v2\/posts"}],"about":[{"href":"https:\/\/lemotdujour.fr\/index.php?rest_route=\/wp\/v2\/types\/post"}],"author":[{"embeddable":true,"href":"https:\/\/lemotdujour.fr\/index.php?rest_route=\/wp\/v2\/users\/1"}],"replies":[{"embeddable":true,"href":"https:\/\/lemotdujour.fr\/index.php?rest_route=%2Fwp%2Fv2%2Fcomments&post=14399"}],"version-history":[{"count":4,"href":"https:\/\/lemotdujour.fr\/index.php?rest_route=\/wp\/v2\/posts\/14399\/revisions"}],"predecessor-version":[{"id":14403,"href":"https:\/\/lemotdujour.fr\/index.php?rest_route=\/wp\/v2\/posts\/14399\/revisions\/14403"}],"wp:attachment":[{"href":"https:\/\/lemotdujour.fr\/index.php?rest_route=%2Fwp%2Fv2%2Fmedia&parent=14399"}],"wp:term":[{"taxonomy":"category","embeddable":true,"href":"https:\/\/lemotdujour.fr\/index.php?rest_route=%2Fwp%2Fv2%2Fcategories&post=14399"},{"taxonomy":"post_tag","embeddable":true,"href":"https:\/\/lemotdujour.fr\/index.php?rest_route=%2Fwp%2Fv2%2Ftags&post=14399"}],"curies":[{"name":"wp","href":"https:\/\/api.w.org\/{rel}","templated":true}]}}