{"id":1439,"date":"2016-10-03T02:00:00","date_gmt":"2016-10-02T22:00:00","guid":{"rendered":"http:\/\/lemotdujour.fr\/?p=1439"},"modified":"2017-05-08T13:28:58","modified_gmt":"2017-05-08T11:28:58","slug":"lundi-3-octobre-2016","status":"publish","type":"post","link":"https:\/\/lemotdujour.fr\/?p=1439","title":{"rendered":"Lundi 3 octobre 2016"},"content":{"rendered":"<div class=\"mdjDate\">Lundi 3 octobre 2016<\/div>\n<div class=\"mdjTexte\">\u00abLa premi\u00e8re victime du carnage de Nice, le 14 juillet 2016, \u00e9tait une musulmane.\u00bb<\/div>\n<div class=\"mdjAuteur\">Rappel d&rsquo;un simple fait objectif<\/div>\n<div class=\"mdjComplements\">Comme, le journal le Monde l&rsquo;avait fait pour la tuerie du Bataclan et de Paris, il publie un article par victime du 14 juillet 2016 \u00e0 Nice.<\/div>\n<div class=\"mdjComplements\">Ce 1er octobre, le journal a publi\u00e9 un article sur <strong>Fatima Charrihi<\/strong> qui fut la premi\u00e8re victime du camion et de son conducteur meurtrier et haineux.<\/div>\n<div class=\"mdjComplements\">Fatima Charrihi, la premi\u00e8re victime \u00e9tait musulmane.<\/div>\n<div class=\"mdjComplements\">Elle avait presque le m\u00eame \u00e2ge que moi, m\u00eame un peu plus jeune, elle portait un voile qui lui couvrait les cheveux.<\/div>\n<div class=\"mdjComplements\">Le lendemain, sa fille Hanane, qui porte aussi le voile, est venue sur la promenade des anglais accompagn\u00e9e de sa s\u0153ur, pour se recueillir \u00e0 l&rsquo;endroit o\u00f9 sa m\u00e8re a perdu la vie.<\/div>\n<div class=\"mdjComplements\"><a href=\"http:\/\/leplus.nouvelobs.com\/contribution\/1541449-ma-mere-musulmane-a-ete-tuee-a-nice-un-passant-m-a-dit-que-c-etait-tant-mieux.html\">Hanane raconte<\/a> : \u00abLundi, sur la Promenade des Anglais, j\u2019ai ressenti avec ma famille le besoin de venir d\u00e9poser des fleurs en hommage \u00e0 ma m\u00e8re. Sur le chemin, nous avons \u00e9t\u00e9 alpagu\u00e9s par un homme qui nous a dit : \u00ab\u00a0On ne veut plus de vous chez nous.<\/div>\n<div class=\"mdjComplements\">\u00c7a m\u2019a fait de la peine, mais j\u2019ai pr\u00e9f\u00e9r\u00e9 ne pas r\u00e9agir. Plus tard, un homme assis \u00e0 la terrasse nous a balanc\u00e9 : \u00ab\u00a0Maintenant, vous sortez en meute.\u00a0\u00bb<\/div>\n<div class=\"mdjComplements\">Cette fois-ci, je n\u2019ai pas pu m\u2019emp\u00eacher de lui dire que nous \u00e9tions en deuil, que notre m\u00e8re faisait partie des victimes. Il nous a r\u00e9torqu\u00e9 : \u00ab\u00a0Tant mieux, \u00e7a fait un en moins.\u00a0\u00bb<\/div>\n<div class=\"mdjComplements\">Je me suis mise \u00e0 trembler de tous mes membres, mais j\u2019ai r\u00e9ussi \u00e0 garder mon sang-froid. Ma s\u0153ur a commenc\u00e9 \u00e0 lui crier dessus. Lui s\u2019est lev\u00e9 et nous a menac\u00e9 de nous frapper. Nous sommes partis en vitesse. \u00bb<\/div>\n<div class=\"mdjComplements\">L&rsquo;article du Monde nous parle un peu de Fatima Charrihi :<\/div>\n<div class=\"mdjComplements\">\u00abSon petit-fils sur les genoux, bien install\u00e9e sur une large balan\u00e7oire, Fatima Charrihi \u00e9num\u00e8re en riant les noms de ses nombreux petits-enfants tandis que le gar\u00e7onnet de 6 ans les r\u00e9p\u00e8te \u00e0 tue-t\u00eate. Depuis la mort de leur m\u00e8re, les sept enfants de Fatima, \u00e2g\u00e9s de 14 \u00e0 37 ans, regardent souvent cette vid\u00e9o, qu\u2019ils se sont partag\u00e9e sur le groupe WhatsApp baptis\u00e9 \u00ab Famille Charrihi \u00bb. Comme image d\u2019illustration, ils ont choisi une photo de leur m\u00e8re : visage poupon, regard nimb\u00e9 de douceur, sourire \u00e9clatant qui donne \u00e0 ses yeux une forme de demi-lune.<\/div>\n<div class=\"mdjComplements\">\u00ab C\u2019\u00e9tait le pilier de la famille \u00bb, r\u00e9sume Ali, le fils a\u00een\u00e9 de 37 ans, qui voyait sa m\u00e8re au moins trois fois par semaine. Fatima avait une attention particuli\u00e8re pour chacun de ses enfants. A la pri\u00e8re de l\u2019aube, elle laissait ses chaussons encore chauds \u00e0 Hanane, qui d\u00e9testait les levers aux aurores. La fratrie tisse le portrait d\u2019une femme \u00ab patiente \u00bb, \u00ab humble \u00bb, \u00ab douce \u00bb, \u00ab tol\u00e9rante \u00bb, \u00ab g\u00e9n\u00e9reuse \u00bb et \u00ab pieuse \u00bb.<\/div>\n<div class=\"mdjComplements\">Hanane, 27 ans, que sa m\u00e8re appelait quotidiennement, pr\u00e9cise que Fatima \u00e9tait aussi une femme autoritaire, notamment lorsqu\u2019il s\u2019agissait des devoirs scolaires. Issue d\u2019une famille de paysans berb\u00e8res imp\u00e9cunieux, elle n\u2019\u00e9tait jamais all\u00e9e \u00e0 l\u2019\u00e9cole et ne savait pas lire. \u00ab Elle demandait aux plus grands de v\u00e9rifier que tout le monde avait bien fait ses devoirs \u00bb, se souvient Hanane, pr\u00e9paratrice en pharmacie pour la plus grande fiert\u00e9 de sa m\u00e8re. \u00ab Elle savait que c\u2019est gr\u00e2ce \u00e0 l\u2019\u00e9cole que l\u2019on aurait une situation \u00bb, ajoute Ali, la voix \u00e9teinte.<\/div>\n<div class=\"mdjComplements\">[&#8230;] Comme des centaines de personnes qui ont crois\u00e9 le chemin de Fatima, la femme qui l\u2019employait depuis seize ans s\u2019est rendue \u00e0 la pri\u00e8re fun\u00e9raire en son hommage. Elle a pleur\u00e9 la m\u00e9moire de cette femme \u00ab pleine de bons conseils \u00bb qui \u00ab avait toujours un mot pour r\u00e9conforter. \u00bb D\u2019autres ont salu\u00e9 la bont\u00e9 de cette m\u00e8re de famille qui partageait volontiers les plats traditionnels qu\u2019elle cuisinait. Tous se sont souvenus de la complicit\u00e9 in\u00e9branlable qui unissait Fatima et Hamed, son mari depuis quarante-trois ans. \u00ab Je ne les ai jamais vus se disputer mais ils se taquinaient tout le temps \u00bb, abonde Latifa, la fille a\u00een\u00e9e, trouvant les mots \u00e0 la place de son p\u00e8re, trop \u00e9mu pour exprimer l\u2019ineffable.<\/div>\n<div class=\"mdjComplements\">Le soir du 14 juillet, le couple s\u2019est justement chamaill\u00e9. Fatima voulait accompagner ses petits-enfants sur la promenade. Hamed, lui, aurait pr\u00e9f\u00e9r\u00e9 observer le feu d\u2019artifice de son balcon. Sa femme a eu le dernier mot. Alors qu\u2019il garait la voiture, le camion a percut\u00e9 Fatima, premi\u00e8re victime de l\u2019attentat.\u00bb<\/div>\n<div class=\"mdjComplements\">Quelquefois raconter simplement les faits, la r\u00e9alit\u00e9, constitue la plus simple et grande le\u00e7on de philosophie.<\/div>\n<div class=\"mdjComplements\">Fatima \u00e9tait une femme simple, taquine, m\u00e8re, grand-m\u00e8re, elle voulait que ses enfants r\u00e9ussissent dans la vie et elle \u00e9tait habit\u00e9e de bons sentiments \u00e0 l&rsquo;\u00e9gard des autres.\u200b<\/div>\n<div class=\"mdjComplements\">Elle a rencontr\u00e9 la haine d&rsquo;un musulman criminel.<\/div>\n<div class=\"mdjComplements\">Le lendemain, ses filles ont aussi rencontr\u00e9 la haine, la haine de personnes qui veulent cultiver une communaut\u00e9 de \u00ab\u00a0Nous\u00a0\u00bb oppos\u00e9s \u00e0 \u00ab\u00a0Eux\u00a0\u00bb.<\/div>\n<div class=\"mdjComplements\">Pos\u00e9ment, calmement et r\u00e9solument, je m&rsquo;inscris dans le \u00ab\u00a0Nous\u00a0\u00bb dans lequel se trouve Fatima Charrihi, femme musulmane voil\u00e9e qui voulait que ses enfant r\u00e9ussissent en France. Et je ne veux pas faire partie du \u00ab\u00a0Nous\u00a0\u00bb imagin\u00e9 par les gens haineux qu&rsquo;ont rencontr\u00e9 les filles de cette femme qui a \u00e9t\u00e9 la premi\u00e8re victime de tuerie de la promenade des anglais.<\/div>\n<div class=\"mdjComplements\">L&rsquo;article du Monde se trouve derri\u00e8re ce lien : <a href=\"http:\/\/www.lemonde.fr\/societe\/visuel\/2016\/10\/01\/fatima-charrihi-55-ans-en%20memoire%20nice_5006637_3224.html\">http:\/\/www.lemonde.fr\/societe\/visuel\/2016\/10\/01\/fatima-charrihi-55-ans-en memoire nice_5006637_3224.html<\/a><\/div>\n","protected":false},"excerpt":{"rendered":"<p>Lundi 3 octobre 2016 \u00abLa premi\u00e8re victime du carnage de Nice, le 14 juillet 2016, \u00e9tait une musulmane.\u00bb Rappel d&rsquo;un simple fait objectif Comme, le journal le Monde l&rsquo;avait fait pour la tuerie du Bataclan et de Paris, il publie<\/p>\n","protected":false},"author":1,"featured_media":0,"comment_status":"closed","ping_status":"closed","sticky":false,"template":"","format":"standard","meta":{"footnotes":""},"categories":[1],"tags":[],"class_list":["post-1439","post","type-post","status-publish","format-standard","hentry","category-motdujour"],"_links":{"self":[{"href":"https:\/\/lemotdujour.fr\/index.php?rest_route=\/wp\/v2\/posts\/1439","targetHints":{"allow":["GET"]}}],"collection":[{"href":"https:\/\/lemotdujour.fr\/index.php?rest_route=\/wp\/v2\/posts"}],"about":[{"href":"https:\/\/lemotdujour.fr\/index.php?rest_route=\/wp\/v2\/types\/post"}],"author":[{"embeddable":true,"href":"https:\/\/lemotdujour.fr\/index.php?rest_route=\/wp\/v2\/users\/1"}],"replies":[{"embeddable":true,"href":"https:\/\/lemotdujour.fr\/index.php?rest_route=%2Fwp%2Fv2%2Fcomments&post=1439"}],"version-history":[{"count":1,"href":"https:\/\/lemotdujour.fr\/index.php?rest_route=\/wp\/v2\/posts\/1439\/revisions"}],"predecessor-version":[{"id":1440,"href":"https:\/\/lemotdujour.fr\/index.php?rest_route=\/wp\/v2\/posts\/1439\/revisions\/1440"}],"wp:attachment":[{"href":"https:\/\/lemotdujour.fr\/index.php?rest_route=%2Fwp%2Fv2%2Fmedia&parent=1439"}],"wp:term":[{"taxonomy":"category","embeddable":true,"href":"https:\/\/lemotdujour.fr\/index.php?rest_route=%2Fwp%2Fv2%2Fcategories&post=1439"},{"taxonomy":"post_tag","embeddable":true,"href":"https:\/\/lemotdujour.fr\/index.php?rest_route=%2Fwp%2Fv2%2Ftags&post=1439"}],"curies":[{"name":"wp","href":"https:\/\/api.w.org\/{rel}","templated":true}]}}