{"id":1433,"date":"2016-09-28T02:00:00","date_gmt":"2016-09-27T22:00:00","guid":{"rendered":"http:\/\/lemotdujour.fr\/?p=1433"},"modified":"2017-05-08T13:28:50","modified_gmt":"2017-05-08T11:28:50","slug":"mercredi-28-septembre-2016","status":"publish","type":"post","link":"https:\/\/lemotdujour.fr\/?p=1433","title":{"rendered":"Mercredi 28 septembre 2016"},"content":{"rendered":"<div class=\"mdjDate\">Mercredi 28 septembre 2016<\/div>\n<div class=\"mdjTexte\">\u00ab On ne peut pas interdire tout ce qu&rsquo;on rejette \u00bb<\/div>\n<div class=\"mdjAuteur\">Thomas de Maizi\u00e8re, Ministre de l&rsquo;Int\u00e9rieur allemand<\/div>\n<div class=\"mdjComplements\">C&rsquo;est un invit\u00e9 de l&rsquo;\u00e9mission du Matin de France Culture du 29\/08\/2016 qui a rapport\u00e9 cette phrase du Ministre allemand.<\/div>\n<div class=\"mdjComplements\">Elle me para\u00eet tr\u00e8s appropri\u00e9e pour ce temps o\u00f9 divers comportements de certains de nos concitoyennes et concitoyens nous heurtent.<\/div>\n<div class=\"mdjComplements\">On ne peut pas, parce que nous sommes dans un pays de libert\u00e9, libert\u00e9 que nous ch\u00e9rissons.<\/div>\n<div class=\"mdjComplements\">Et que si nous retournions vers une soci\u00e9t\u00e9 de normes dans tous les domaines nous perdrions notre libert\u00e9 et notre \u00e2me. <\/div>\n<div class=\"mdjComplements\">Pendant ce temps, en Iran qui s\u2019est enfin ouvert au reste du monde \u2013 et au monde lib\u00e9ral. <a href=\"https:\/\/www.franceinter.fr\/emissions\/la-revue-de-presse-de-frederic-pommier\/la-revue-de-presse-de-frederic-pommier-25-septembre-2016\">Mais cette lib\u00e9ralisation n\u2019est, pour l\u2019heure, qu\u2019\u00e9conomique. Pas morale, pas sociale\u2026<\/a> Pour preuve, donc, cette \u00ab fatwa \u00bb lanc\u00e9e le 10 septembre par la plus haute autorit\u00e9 du pays : les Iraniennes n\u2019ont plus le droit de faire du v\u00e9lo. Et ce, parce qu\u2019en montant sur une bicyclette \u2013 c\u2019est ce qu\u2019a dit Ali Khamenei : \u00ab elles attirent l\u2019attention des hommes et exposent la soci\u00e9t\u00e9 \u00e0 la corruption \u00bb. Mais oui, mais oui, bien s\u00fbr\u2026 \u00ab Faire du v\u00e9lo : le nouveau d\u00e9fi des Iraniennes \u00bb, lit-on sur le site NOUVELLES NEWS, qui nous explique que certaines sont entr\u00e9es en r\u00e9sistance : elles se montrent en train de p\u00e9daler \u2013 photos sur les r\u00e9seaux sociaux\u2026 \u00ab Nous n\u2019abandonnerons pas nos v\u00e9los \u00bb, lance une m\u00e8re avec sa fille. Sachant donc qu\u2019elles risquent aujourd\u2019hui d\u2019\u00eatre arr\u00eat\u00e9es par la police\u2026<\/div>\n<div class=\"mdjComplements\">L&rsquo;Iran est le contraire d&rsquo;un pays de libert\u00e9. La th\u00e9ocratie s&rsquo;attaque toujours aux libert\u00e9s et l&rsquo;exp\u00e9rience montre que c&rsquo;est d&rsquo;abord aux libert\u00e9s des femmes.<\/div>\n","protected":false},"excerpt":{"rendered":"<p>Mercredi 28 septembre 2016 \u00ab On ne peut pas interdire tout ce qu&rsquo;on rejette \u00bb Thomas de Maizi\u00e8re, Ministre de l&rsquo;Int\u00e9rieur allemand C&rsquo;est un invit\u00e9 de l&rsquo;\u00e9mission du Matin de France Culture du 29\/08\/2016 qui a rapport\u00e9 cette phrase du<\/p>\n","protected":false},"author":1,"featured_media":0,"comment_status":"closed","ping_status":"closed","sticky":false,"template":"","format":"standard","meta":{"footnotes":""},"categories":[1],"tags":[],"class_list":["post-1433","post","type-post","status-publish","format-standard","hentry","category-motdujour"],"_links":{"self":[{"href":"https:\/\/lemotdujour.fr\/index.php?rest_route=\/wp\/v2\/posts\/1433","targetHints":{"allow":["GET"]}}],"collection":[{"href":"https:\/\/lemotdujour.fr\/index.php?rest_route=\/wp\/v2\/posts"}],"about":[{"href":"https:\/\/lemotdujour.fr\/index.php?rest_route=\/wp\/v2\/types\/post"}],"author":[{"embeddable":true,"href":"https:\/\/lemotdujour.fr\/index.php?rest_route=\/wp\/v2\/users\/1"}],"replies":[{"embeddable":true,"href":"https:\/\/lemotdujour.fr\/index.php?rest_route=%2Fwp%2Fv2%2Fcomments&post=1433"}],"version-history":[{"count":1,"href":"https:\/\/lemotdujour.fr\/index.php?rest_route=\/wp\/v2\/posts\/1433\/revisions"}],"predecessor-version":[{"id":1434,"href":"https:\/\/lemotdujour.fr\/index.php?rest_route=\/wp\/v2\/posts\/1433\/revisions\/1434"}],"wp:attachment":[{"href":"https:\/\/lemotdujour.fr\/index.php?rest_route=%2Fwp%2Fv2%2Fmedia&parent=1433"}],"wp:term":[{"taxonomy":"category","embeddable":true,"href":"https:\/\/lemotdujour.fr\/index.php?rest_route=%2Fwp%2Fv2%2Fcategories&post=1433"},{"taxonomy":"post_tag","embeddable":true,"href":"https:\/\/lemotdujour.fr\/index.php?rest_route=%2Fwp%2Fv2%2Ftags&post=1433"}],"curies":[{"name":"wp","href":"https:\/\/api.w.org\/{rel}","templated":true}]}}