{"id":14325,"date":"2023-01-10T00:03:00","date_gmt":"2023-01-09T23:03:00","guid":{"rendered":"https:\/\/lemotdujour.fr\/?p=14325"},"modified":"2023-01-09T23:56:53","modified_gmt":"2023-01-09T22:56:53","slug":"mardi-10-janvier-2023","status":"publish","type":"post","link":"https:\/\/lemotdujour.fr\/?p=14325","title":{"rendered":"Mardi 10 janvier 2023"},"content":{"rendered":"<div class=\"mdjTexte\">\u00ab\u00a0Ce n&rsquo;est qu&rsquo;en entrant dans l&rsquo;oc\u00e9an [\u2026] que la rivi\u00e8re saura qu&rsquo;il ne s&rsquo;agit pas de dispara\u00eetre dans l&rsquo;oc\u00e9an, mais de devenir oc\u00e9an.\u00a0\u00bb<\/div>\n<div class=\"mdjAuteur\">Auteur inconnu<\/div>\n<p><span style=\"color: #777777; font-family: Arial;\">Continuer.<br \/>\n<\/span><\/p>\n<p><span style=\"color: #777777; font-family: Arial;\">Continuer \u00e0 \u00e9crire des mots du jour.<br \/>\n<\/span><\/p>\n<p><span style=\"color: #777777; font-family: Arial;\">Je vais encore beaucoup parler de la mort.<br \/>\n<\/span><\/p>\n<p><span style=\"color: #777777; font-family: Arial;\">Mais, pour moi, parler de la mort, c&rsquo;est avant tout parler de la vie.<br \/>\n<\/span><\/p>\n<p><span style=\"color: #777777; font-family: Arial;\">Parler des vivants qui sont affect\u00e9s dans leurs sentiments, leur quotidien, leur confort, par l&rsquo;absence.<br \/>\n<\/span><\/p>\n<p><span style=\"color: #777777; font-family: Arial;\">Parler de ce qui reste de vivant, en nous, de ceux qui sont partis.<br \/>\n<\/span><\/p>\n<p><span style=\"color: #777777; font-family: Arial;\">Personne n&rsquo;a su exprimer cela de mani\u00e8re plus lumineuse que Tacite\u00a0:<br \/>\n<\/span><\/p>\n<p style=\"margin-left: 28pt;\"><span style=\"color: #c00000; font-family: Arial;\">\u00ab\u00a0Le vrai tombeau des morts, c&rsquo;est le c\u0153ur des vivants.\u00a0\u00bb<br \/>\n<\/span><\/p>\n<p><span style=\"color: #777777; font-family: Arial;\">Le deuil de mon fr\u00e8re a pr\u00e9cipit\u00e9 l&rsquo;\u00e9volution que je souhaitais mettre en \u0153uvre \u00e0 partir du 1<sup>er<\/sup> f\u00e9vrier 2023.<br \/>\n<\/span><\/p>\n<p><span style=\"color: #777777; font-family: Arial;\">Pourquoi le 1<sup>er<\/sup> f\u00e9vrier 2023\u00a0?<br \/>\n<\/span><\/p>\n<p><span style=\"color: #777777; font-family: Arial;\">Ce jour-l\u00e0 sera le premier de la derni\u00e8re p\u00e9riode de ma vie, celle de retrait\u00e9\u00a0!<br \/>\n<\/span><\/p>\n<p><span style=\"color: #777777; font-family: Arial;\">Jusqu&rsquo;\u00e0 pr\u00e9sent mon ambition a \u00e9t\u00e9 d&rsquo;\u00e9crire un mot du jour par jour de semaine, en dehors des cong\u00e9s.<br \/>\n<\/span><\/p>\n<p><span style=\"color: #777777; font-family: Arial;\">Cette ambition s&rsquo;est fracass\u00e9e, d&rsquo;abord devant le traumatisme de la guerre en Ukraine, ensuite le deuil inattendu de mon fr\u00e8re ain\u00e9.<br \/>\n<\/span><\/p>\n<p><span style=\"color: #777777; font-family: Arial;\">Le changement s&rsquo;est donc impos\u00e9 pr\u00e9matur\u00e9ment avant ce 1<sup>er<\/sup> f\u00e9vrier.<br \/>\n<\/span><\/p>\n<p><span style=\"color: #777777; font-family: Arial;\">Je ne suivrai plus la discipline d&rsquo;\u00e9crire un mot du jour, chaque jour. Mais d&rsquo;en \u00e9crire un chaque fois qu&rsquo;un sujet, un \u00e9v\u00e8nement, une pens\u00e9e me poussera \u00e0 \u00e9crire.<br \/>\n<\/span><\/p>\n<p><span style=\"color: #777777; font-family: Arial;\">Ce ne sera plus\u00a0: \u00ab\u00a0<strong>Le mot du jour<\/strong> \u00bb, mais une \u00ab <strong>invitation \u00e0 un mot du jour<\/strong>\u2026\u00bb<br \/>\n<\/span><\/p>\n<p><span style=\"color: #777777; font-family: Arial;\">Aujourd&rsquo;hui, je souhaite partager un po\u00e8me et aussi une explication sur la difficult\u00e9, souvent pr\u00e9sente, de v\u00e9rifier les sources des textes que l&rsquo;on partage.<br \/>\n<\/span><\/p>\n<p><span style=\"color: #777777; font-family: Arial;\">Voici d&rsquo;abord un texte magnifique qui peut se lire \u00e0 l&rsquo;heure de la mort, mais aussi \u00e0 l&rsquo;heure de beaucoup de moments de la vie, lorsqu&rsquo;il s&rsquo;agit de passer d&rsquo;un monde connu, d&rsquo;un confort relatif et de quelques certitudes vers l&rsquo;inconnu et l&rsquo;incertitude.<br \/>\n<\/span><\/p>\n<p style=\"margin-left: 28pt;\"><span style=\"color: #c00000; font-family: Arial;\">\u00ab\u00a0On dit qu&rsquo;avant d&rsquo;entrer dans la mer,<br \/>\nune rivi\u00e8re tremble de peur.<br \/>\nElle regarde en arri\u00e8re le chemin<br \/>\nqu&rsquo;elle a parcouru, depuis les sommets,<br \/>\nles montagnes, la longue route sinueuse<br \/>\nqui traverse des for\u00eats et des villages,<br \/>\net voit devant elle un oc\u00e9an si vaste<br \/>\nqu&rsquo;y p\u00e9n\u00e9trer ne para\u00eet rien d&rsquo;autre<br \/>\nque devoir dispara\u00eetre \u00e0 jamais.<br \/>\nMais il n&rsquo;y a pas d&rsquo;autre moyen.<br \/>\nLa rivi\u00e8re ne peut pas revenir en arri\u00e8re.<br \/>\nPersonne ne peut revenir en arri\u00e8re.<br \/>\nRevenir en arri\u00e8re est impossible dans l&rsquo;existence.<br \/>\nLa rivi\u00e8re a besoin de prendre le risque<br \/>\net d&rsquo;entrer dans l&rsquo;oc\u00e9an.<br \/>\nCe n&rsquo;est qu&rsquo;en entrant dans l&rsquo;oc\u00e9an<br \/>\nque la peur dispara\u00eetra,<br \/>\nparce que c&rsquo;est alors seulement<br \/>\nque la rivi\u00e8re saura qu&rsquo;il ne s&rsquo;agit pas<br \/>\nde dispara\u00eetre dans l&rsquo;oc\u00e9an,<br \/>\nmais de devenir oc\u00e9an.\u00a0\u00bb<br \/>\n<\/span><\/p>\n<p><span style=\"color: #777777; font-family: Arial;\">Qui est l&rsquo;auteur de ce texte, qui parle d&rsquo;une rivi\u00e8re qui ne peut revenir en arri\u00e8re et qui va s&rsquo;accomplir en devenant oc\u00e9an ?<br \/>\n<\/span><\/p>\n<p><span style=\"color: #777777; font-family: Arial;\">Ce texte a \u00e9t\u00e9 publi\u00e9 des dizaines de fois sur les r\u00e9seaux sociaux ou des pages internet, en donnant comme auteur <strong>Khalil Gibran.<br \/>\n<\/strong><\/span><\/p>\n<p><span style=\"color: #777777; font-family: Arial;\">Ce po\u00e8te libanais, inoubliable auteur du livre \u00ab\u00a0<strong>Le Proph\u00e8te<\/strong> \u00bb qui a pass\u00e9 la plus grande partie de sa vie aux \u00c9tats-Unis et qui est mort en 1931, \u00e0 New York, \u00e0 48 ans.<br \/>\n<\/span><\/p>\n<p><span style=\"color: #777777; font-family: Arial;\">Certains pr\u00e9cisaient que ce texte est inclus dans \u00ab\u00a0Le Proph\u00e8te\u00a0\u00bb.<br \/>\n<\/span><\/p>\n<p><span style=\"color: #777777; font-family: Arial;\">Cette affirmation me semblait fausse. Je suis all\u00e9 m&rsquo;en assurer en reprenant ce livre.<br \/>\n<\/span><\/p>\n<p><span style=\"color: #777777; font-family: Arial;\">Dans un des derniers po\u00e8mes, Khalil Gibran parle de la mort et dit\u00a0:<br \/>\n<\/span><\/p>\n<p style=\"margin-left: 28pt;\"><span style=\"color: #c00000; font-family: Arial;\">\u00ab\u00a0Vous voudriez percer le secret de la mort,<br \/>\nMais comment le d\u00e9couvririez-vous si vous ne le pourchassez au c\u0153ur m\u00eame de la vie\u00a0?\u00a0\u00bb<br \/>\n<\/span><\/p>\n<p><span style=\"color: #777777; font-family: Arial;\">Et un peu plus loin, il \u00e9voque la rivi\u00e8re et la mer\u00a0:<br \/>\n<\/span><\/p>\n<p style=\"margin-left: 28pt;\"><span style=\"color: #c00000; font-family: Arial;\">\u00ab\u00a0Si vraiment vous souhaitez percevoir la nature de la mort, faites que vos c\u0153urs s&rsquo;ouvrent largement au corps de la vie,<br \/>\nParce que la vie et mort ne font qu&rsquo;un, comme fleuve et oc\u00e9an. \u00bb<br \/>\n<\/span><\/p>\n<p><span style=\"color: #777777; font-family: Arial;\">Mais pas de texte qui \u00e9voque la rivi\u00e8re qui disparait dans l&rsquo;oc\u00e9an et qui devient oc\u00e9an.<br \/>\n<\/span><\/p>\n<p><img decoding=\"async\" class=\"alignleft\" src=\"https:\/\/lemotdujour.fr\/wp-content\/uploads\/2023\/01\/010923_2233_Mardi10janv1.jpg\" alt=\"\" align=\"left\" \/><span style=\"color: #777777; font-family: Arial;\">Mes recherches m&rsquo;ont conduit \u00e0 d\u00e9couvrir que la collection \u00ab\u00a0Bouquins\u00a0\u00bb de Robert Laffont avait publi\u00e9 un ouvrage ayant pour titre \u00ab\u00a0<strong>Khalil Gibran : \u0152uvres compl\u00e8tes<\/strong>\u00a0\u00bb<br \/>\n<\/span><\/p>\n<p><span style=\"color: #777777; font-family: Arial;\">Je suis all\u00e9 l&#8217;emprunter \u00e0 la Biblioth\u00e8que Municipale de Lyon.<br \/>\n<\/span><\/p>\n<p><span style=\"color: #777777; font-family: Arial;\">Et j&rsquo;ai cherch\u00e9\u2026<br \/>\n<\/span><\/p>\n<p><span style=\"color: #777777; font-family: Arial;\">Mais je n&rsquo;ai pas trouv\u00e9.<br \/>\n<\/span><\/p>\n<p><span style=\"color: #777777; font-family: Arial;\">Dans une des \u0153uvres publi\u00e9es \u00ab\u00a0<strong>L&rsquo;Errant<\/strong> \u00bb il existe un texte qui a pour titre \u00ab\u00a0<strong>La rivi\u00e8re<\/strong>\u00a0\u00bb (<em>page 767<\/em>) et qui relate la discussion de deux petits ruisseaux\u00a0:<br \/>\n<\/span><\/p>\n<p style=\"margin-left: 28pt;\"><span style=\"color: #c00000; font-family: Arial;\">\u00ab\u00a0L&rsquo;un des ruisseaux s&rsquo;enquit\u00a0: \u00ab\u00a0Comment es-tu arriv\u00e9 l\u00e0, mon ami et comment \u00e9tait ton chemin\u00a0?\u00a0\u00bb<br \/>\n<\/span><\/p>\n<p><span style=\"color: #777777; font-family: Arial;\">Ce texte se conclut ainsi\u00a0:<br \/>\n<\/span><\/p>\n<p style=\"margin-left: 28pt;\"><span style=\"color: #c00000; font-family: Arial;\">\u00ab\u00a0A cet instant, la rivi\u00e8re leur dit d&rsquo;une voix forte\u00a0: \u00ab\u00a0Venez, venez, allons vers la mer.<br \/>\nVenez, venez donc et cessez de discuter. Rejoignez-moi. Nous allons \u00e0 la mer.<br \/>\nVenez, venez vous jeter en moi, vous oublierez vos errances qu&rsquo;elles soient tristes ou joyeuses.<br \/>\n<\/span><\/p>\n<p style=\"margin-left: 28pt;\"><span style=\"color: #c00000; font-family: Arial;\">Venez, venez et vous et moi, nous oublierons tous nos m\u00e9andres lorsque nous atteindrons le c\u0153ur de notre m\u00e8re, la mer.\u00a0\u00bb\u00a0\u00bb<br \/>\n<\/span><\/p>\n<p><span style=\"color: #777777; font-family: Arial;\">Mais la rivi\u00e8re qui tremble de peur avant de se jeter dans l&rsquo;oc\u00e9an ne se trouve pas dans les 950 pages des \u0153uvres compl\u00e8tes.<br \/>\n<\/span><\/p>\n<p><span style=\"color: #777777; font-family: Arial;\">Peut \u00eatre se trouve t&rsquo;il ailleurs, dans un ouvrage non publi\u00e9 dans ce bouquin. <\/span><span style=\"color: #777777; font-family: Arial;\">Restons prudent&#8230;<br \/>\n<\/span><\/p>\n<p><span style=\"color: #777777; font-family: Arial;\">Mais pour l&rsquo;instant, rien ne me permet de dire que ce texte est de Khalil Gibran.<br \/>\n<\/span><\/p>\n<p><span style=\"color: #777777; font-family: Arial;\">Il est rationnel d&rsquo;\u00e9crire que l&rsquo;auteur est inconnu.<br \/>\n<\/span><\/p>\n<p><span style=\"color: #777777; font-family: Arial;\">Il arrive que des personnes non connues trouve qu&rsquo;un de leur texte m\u00e9riterait qu&rsquo;il soit connu et d\u00e8s lors tente de le publier en pr\u00e9tendant qu&rsquo;il a \u00e9t\u00e9 \u00e9crit par un auteur connu.<br \/>\n<\/span><\/p>\n<p><span style=\"color: #777777; font-family: Arial;\">J&rsquo;ai trouv\u00e9 un site &lt;<a href=\"https:\/\/theophilelancien.org\/%3e\"><span style=\"color: #0000ff;\">https:\/\/theophilelancien.org\/<\/span>&gt;<\/a> qui pr\u00e9tend donner la parole \u00e0 un sage qui s&rsquo;appelle Theophile l&rsquo;ancien, sans plus de pr\u00e9cisions.<br \/>\n<\/span><\/p>\n<p><span style=\"color: #777777; font-family: Arial;\">Sur ce site il y a une page qui a pour titre\u00a0: \u00ab\u00a0<a href=\"https:\/\/theophilelancien.org\/riviere-ocean\/\"><span style=\"color: #0000ff;\">La rivi\u00e8re et l&rsquo;Oc\u00e9an<\/span>\u00a0<\/a>\u00bb dans laquelle on peut lire<br \/>\n<\/span><\/p>\n<p style=\"margin-left: 28pt;\"><span style=\"color: #c00000; font-family: Arial;\">\u00ab Quand la rivi\u00e8re se jette dans l&rsquo;Oc\u00e9an, elle perd son nom. \u00bb<br \/>\n<\/span><\/p>\n<p style=\"margin-left: 28pt;\"><span style=\"color: #c00000; font-family: Arial;\">[\u2026]\u00a0Cette m\u00e9taphore m&rsquo;inspire. La rivi\u00e8re perd tout naturellement son identit\u00e9 quand elle rejoint l&rsquo;Oc\u00e9an, et tout se fait en douceur.<br \/>\n<\/span><\/p>\n<p style=\"margin-left: 28pt;\"><span style=\"color: #c00000; font-family: Arial;\">La rivi\u00e8re en amont continue sa vie. Elle jaillit des profondeurs de la terre, puis s&rsquo;\u00e9coule en traversant diff\u00e9rents reliefs, contournant ou submergeant les obstacles. Elle re\u00e7oit les eaux de la pluie et les eaux des autres petits ruisseaux. Elle bouillonne en cascade, se repose paisiblement dans les lacs et se retrouve parfois m\u00eame, emprisonn\u00e9e par un barrage. Elle irrigue toutes les terres qu&rsquo;elle traverse.<br \/>\n<\/span><\/p>\n<p style=\"margin-left: 28pt;\"><span style=\"color: #c00000; font-family: Arial;\">Plus elle avance vers l&rsquo;Oc\u00e9an, plus elle s&rsquo;enrichit de limon nourrissant les terres environnantes [\u2026] Le plus difficile, c&rsquo;est toujours le premier cycle. Une fois que la rivi\u00e8re a perdu son identit\u00e9 en se jetant dans l&rsquo;Oc\u00e9an, elle devient l&rsquo;Oc\u00e9an, sa conscience englobe tout l&rsquo;Oc\u00e9an [\u2026]<br \/>\n<\/span><\/p>\n<p style=\"margin-left: 28pt;\"><span style=\"color: #c00000; font-family: Arial;\">La conscience de la rivi\u00e8re est devenue oc\u00e9anique. Elle est \u00e0 la fois la rivi\u00e8re, l&rsquo;Oc\u00e9an et les cours d&rsquo;eau\u2026 Elle est l&rsquo;Eau.\u00a0\u00bb<br \/>\n<\/span><\/p>\n<p><span style=\"color: #777777; font-family: Arial;\">L&rsquo;esprit de ce d\u00e9veloppement me parait assez proche de celui que je cherchais.<br \/>\n<\/span><\/p>\n<p><span style=\"color: #777777; font-family: Arial;\">Je ne sais pas pour autant qui se cache derri\u00e8re Th\u00e9ophile l&rsquo;ancien.<br \/>\n<\/span><\/p>\n<p><span style=\"color: #777777; font-family: Arial;\">En musique, il a toujours exist\u00e9 des inconnus qui ont pr\u00e9tendu que le morceau qu&rsquo;ils ont \u00e9crit \u00e9tait d&rsquo;un glorieux ain\u00e9.<br \/>\n<\/span><\/p>\n<p><span style=\"color: #777777; font-family: Arial;\">Tomaso Albinoni est un compositeur baroque v\u00e9nitien qui est n\u00e9 en 1671.<br \/>\n<\/span><\/p>\n<p><span style=\"color: #777777; font-family: Arial;\">Mis \u00e0 part quelques m\u00e9lomanes fouineurs comme moi, il n&rsquo;est connu qu&rsquo;\u00e0 travers une seule \u0153uvre : le c\u00e9l\u00e8bre \u00ab <strong>Adagio d&rsquo;Albinoni<\/strong>\u00a0\u00bb qui n&rsquo;a pas \u00e9t\u00e9 \u00e9crit par Albinoni mais par Remo Giazotto qui est d\u00e9c\u00e9d\u00e9 en 1998.<br \/>\n<\/span><\/p>\n<p><span style=\"color: #777777; font-family: Arial;\">Vous apprendrez cela sur cette page de Radio France\u00a0: &lt; <span style=\"color: #0000ff;\"><a style=\"color: #0000ff;\" href=\"https:\/\/www.radiofrance.fr\/francemusique\/podcasts\/maxxi-classique\/le-mystere-de-l-adagio-d-albinoni-6004084\">Le myst\u00e8re de l&rsquo;Adagio d&rsquo;Albinoni<\/a> <\/span>&gt;.<br \/>\n<\/span><\/p>\n<p><span style=\"color: #777777; font-family: Arial;\">Nous ne savons pas de qui est ce texte.<br \/>\n<\/span><\/p>\n<p><span style=\"color: #777777; font-family: Arial;\">Il reste tr\u00e8s inspirant\u00a0:<br \/>\n<\/span><\/p>\n<p style=\"margin-left: 28pt;\"><span style=\"color: #c00000; font-family: Arial;\">\u00ab\u00a0La rivi\u00e8re a besoin de prendre le risque<br \/>\net d&rsquo;entrer dans l&rsquo;oc\u00e9an.<br \/>\nCe n&rsquo;est qu&rsquo;en entrant dans l&rsquo;oc\u00e9an<br \/>\nque la peur dispara\u00eetra,<br \/>\nparce que c&rsquo;est alors seulement<br \/>\nque la rivi\u00e8re saura qu&rsquo;il ne s&rsquo;agit pas<br \/>\nde dispara\u00eetre dans l&rsquo;oc\u00e9an,<br \/>\nmais de devenir oc\u00e9an.\u00a0\u00bb<br \/>\n<\/span><\/p>\n<p><span style=\"color: #c00000; font-family: Arial;\">&lt;1727&gt;<\/span><\/p>\n","protected":false},"excerpt":{"rendered":"<p>\u00ab\u00a0Ce n&rsquo;est qu&rsquo;en entrant dans l&rsquo;oc\u00e9an [\u2026] que la rivi\u00e8re saura qu&rsquo;il ne s&rsquo;agit pas de dispara\u00eetre dans l&rsquo;oc\u00e9an, mais de devenir oc\u00e9an.\u00a0\u00bb Auteur inconnu Continuer. Continuer \u00e0 \u00e9crire des mots du jour. Je vais encore beaucoup parler de la<\/p>\n","protected":false},"author":1,"featured_media":0,"comment_status":"open","ping_status":"closed","sticky":false,"template":"","format":"standard","meta":{"footnotes":""},"categories":[1],"tags":[19,6,8],"class_list":["post-14325","post","type-post","status-publish","format-standard","hentry","category-motdujour","tag-personnel","tag-philosophie","tag-poesie"],"_links":{"self":[{"href":"https:\/\/lemotdujour.fr\/index.php?rest_route=\/wp\/v2\/posts\/14325","targetHints":{"allow":["GET"]}}],"collection":[{"href":"https:\/\/lemotdujour.fr\/index.php?rest_route=\/wp\/v2\/posts"}],"about":[{"href":"https:\/\/lemotdujour.fr\/index.php?rest_route=\/wp\/v2\/types\/post"}],"author":[{"embeddable":true,"href":"https:\/\/lemotdujour.fr\/index.php?rest_route=\/wp\/v2\/users\/1"}],"replies":[{"embeddable":true,"href":"https:\/\/lemotdujour.fr\/index.php?rest_route=%2Fwp%2Fv2%2Fcomments&post=14325"}],"version-history":[{"count":4,"href":"https:\/\/lemotdujour.fr\/index.php?rest_route=\/wp\/v2\/posts\/14325\/revisions"}],"predecessor-version":[{"id":14331,"href":"https:\/\/lemotdujour.fr\/index.php?rest_route=\/wp\/v2\/posts\/14325\/revisions\/14331"}],"wp:attachment":[{"href":"https:\/\/lemotdujour.fr\/index.php?rest_route=%2Fwp%2Fv2%2Fmedia&parent=14325"}],"wp:term":[{"taxonomy":"category","embeddable":true,"href":"https:\/\/lemotdujour.fr\/index.php?rest_route=%2Fwp%2Fv2%2Fcategories&post=14325"},{"taxonomy":"post_tag","embeddable":true,"href":"https:\/\/lemotdujour.fr\/index.php?rest_route=%2Fwp%2Fv2%2Ftags&post=14325"}],"curies":[{"name":"wp","href":"https:\/\/api.w.org\/{rel}","templated":true}]}}