{"id":14313,"date":"2022-10-28T06:49:00","date_gmt":"2022-10-28T04:49:00","guid":{"rendered":"https:\/\/lemotdujour.fr\/?p=14313"},"modified":"2025-02-08T22:42:19","modified_gmt":"2025-02-08T21:42:19","slug":"vendredi-28-octobre","status":"publish","type":"post","link":"https:\/\/lemotdujour.fr\/?p=14313","title":{"rendered":"Vendredi 28 octobre 2022"},"content":{"rendered":"<div class=\"mdjTexte\">\u00ab&nbsp;Nous ne nous verrons plus sur terre&nbsp;\u00bb<\/div>\n<div class=\"mdjAuteur\">Guillaume Apollinaire<\/div>\n\n\n<div class=\"wp-block-media-text alignwide is-stacked-on-mobile\"><figure class=\"wp-block-media-text__media\"><img loading=\"lazy\" decoding=\"async\" width=\"1024\" height=\"768\" src=\"https:\/\/lemotdujour.fr\/wp-content\/uploads\/2022\/10\/Bruyere-1024x768.jpg\" alt=\"\" class=\"wp-image-14315 size-full\" srcset=\"https:\/\/lemotdujour.fr\/wp-content\/uploads\/2022\/10\/Bruyere-1024x768.jpg 1024w, https:\/\/lemotdujour.fr\/wp-content\/uploads\/2022\/10\/Bruyere-300x225.jpg 300w, https:\/\/lemotdujour.fr\/wp-content\/uploads\/2022\/10\/Bruyere-768x576.jpg 768w, https:\/\/lemotdujour.fr\/wp-content\/uploads\/2022\/10\/Bruyere-1536x1152.jpg 1536w, https:\/\/lemotdujour.fr\/wp-content\/uploads\/2022\/10\/Bruyere-2048x1536.jpg 2048w\" sizes=\"auto, (max-width: 1024px) 100vw, 1024px\" \/><\/figure><div class=\"wp-block-media-text__content\">\n<p>L\u2019Adieu<\/p>\n\n\n\n<p class=\"has-vivid-red-color has-text-color\">J\u2019ai cueilli ce brin de bruy\u00e8re<br>L\u2019automne est morte souviens-t\u2019en<br>Nous ne nous verrons plus sur terre<br>Odeur du temps brin de bruy\u00e8re<br>Et souviens-toi que je t\u2019attends<\/p>\n\n\n\n<p><\/p>\n\n\n\n<p><\/p>\n\n\n\n<p>Guillaume Apollinaire, Alcools, 1913<\/p>\n<\/div><\/div>\n\n\n\n<figure class=\"wp-block-image size-large\"><img loading=\"lazy\" decoding=\"async\" width=\"1024\" height=\"768\" src=\"https:\/\/lemotdujour.fr\/wp-content\/uploads\/2022\/10\/Folder-1024x768.jpg\" alt=\"\" class=\"wp-image-14316\" srcset=\"https:\/\/lemotdujour.fr\/wp-content\/uploads\/2022\/10\/Folder-1024x768.jpg 1024w, https:\/\/lemotdujour.fr\/wp-content\/uploads\/2022\/10\/Folder-300x225.jpg 300w, https:\/\/lemotdujour.fr\/wp-content\/uploads\/2022\/10\/Folder-768x576.jpg 768w, https:\/\/lemotdujour.fr\/wp-content\/uploads\/2022\/10\/Folder-1536x1152.jpg 1536w, https:\/\/lemotdujour.fr\/wp-content\/uploads\/2022\/10\/Folder-2048x1536.jpg 2048w\" sizes=\"auto, (max-width: 1024px) 100vw, 1024px\" \/><figcaption><strong>G\u00e9rard Klam<\/strong>, n\u00e9 le jeudi 30 octobre 1947 \u00e0 Forbach, d\u00e9c\u00e9d\u00e9 le lundi 24 octobre 2022 \u00e0 Nantes<\/figcaption><\/figure>\n\n\n<p><span style=\"color: #c00000; font-family: Arial;\">&lt;1726&gt;<\/span><\/p>","protected":false},"excerpt":{"rendered":"<p>\u00ab&nbsp;Nous ne nous verrons plus sur terre&nbsp;\u00bb Guillaume Apollinaire L\u2019Adieu J\u2019ai cueilli ce brin de bruy\u00e8reL\u2019automne est morte souviens-t\u2019enNous ne nous verrons plus sur terreOdeur du temps brin de bruy\u00e8reEt souviens-toi que je t\u2019attends Guillaume Apollinaire, Alcools, 1913 &lt;1726&gt;<\/p>\n","protected":false},"author":1,"featured_media":0,"comment_status":"open","ping_status":"closed","sticky":false,"template":"","format":"standard","meta":{"footnotes":""},"categories":[1],"tags":[29,19],"class_list":["post-14313","post","type-post","status-publish","format-standard","hentry","category-motdujour","tag-hommage","tag-personnel"],"_links":{"self":[{"href":"https:\/\/lemotdujour.fr\/index.php?rest_route=\/wp\/v2\/posts\/14313","targetHints":{"allow":["GET"]}}],"collection":[{"href":"https:\/\/lemotdujour.fr\/index.php?rest_route=\/wp\/v2\/posts"}],"about":[{"href":"https:\/\/lemotdujour.fr\/index.php?rest_route=\/wp\/v2\/types\/post"}],"author":[{"embeddable":true,"href":"https:\/\/lemotdujour.fr\/index.php?rest_route=\/wp\/v2\/users\/1"}],"replies":[{"embeddable":true,"href":"https:\/\/lemotdujour.fr\/index.php?rest_route=%2Fwp%2Fv2%2Fcomments&post=14313"}],"version-history":[{"count":2,"href":"https:\/\/lemotdujour.fr\/index.php?rest_route=\/wp\/v2\/posts\/14313\/revisions"}],"predecessor-version":[{"id":16299,"href":"https:\/\/lemotdujour.fr\/index.php?rest_route=\/wp\/v2\/posts\/14313\/revisions\/16299"}],"wp:attachment":[{"href":"https:\/\/lemotdujour.fr\/index.php?rest_route=%2Fwp%2Fv2%2Fmedia&parent=14313"}],"wp:term":[{"taxonomy":"category","embeddable":true,"href":"https:\/\/lemotdujour.fr\/index.php?rest_route=%2Fwp%2Fv2%2Fcategories&post=14313"},{"taxonomy":"post_tag","embeddable":true,"href":"https:\/\/lemotdujour.fr\/index.php?rest_route=%2Fwp%2Fv2%2Ftags&post=14313"}],"curies":[{"name":"wp","href":"https:\/\/api.w.org\/{rel}","templated":true}]}}