{"id":1431,"date":"2016-09-27T02:00:00","date_gmt":"2016-09-26T22:00:00","guid":{"rendered":"http:\/\/lemotdujour.fr\/?p=1431"},"modified":"2017-05-08T13:28:50","modified_gmt":"2017-05-08T11:28:50","slug":"mardi-27-septembre-2016","status":"publish","type":"post","link":"https:\/\/lemotdujour.fr\/?p=1431","title":{"rendered":"Mardi 27 septembre 2016"},"content":{"rendered":"<div class=\"mdjDate\">Mardi 27 septembre 2016<\/div>\n<div class=\"mdjTexte\">\u00ab\u00a0L\u2019essentialisme\u00a0\u00bb<\/div>\n<div class=\"mdjAuteur\">Concept philosophique qui suppose l\u2019existence d\u2019une essence pr\u00e9c\u00e9dant l\u2019existence<\/div>\n<div class=\"mdjComplements\">Comme Monsieur Jourdain faisait de la prose sans le savoir, nous versons souvent dans l\u2019essentialisme sans nous en rendre compte. Pourquoi\u00a0?<\/div>\n<div class=\"mdjComplements\">Tr\u00e8s simplement\u00a0: nous affirmons \u00ab\u00a0Les jeunes\u00a0\u00bb sont \u2026 et nous y ajoutons une qualit\u00e9 ou une mani\u00e8re de se comporter que nous pr\u00e9tendons donc \u00eatre partag\u00e9es par tous les jeunes, parce qu\u2019ils font partie de la cat\u00e9gorie \u00ab\u00a0jeune\u00a0\u00bb. Les jeunes qui se trouvent dans les grandes \u00e9coles d\u2019ing\u00e9nieurs, les jeunes qui poursuivent des \u00e9tudes \u00e0 l\u2019Universit\u00e9 et les jeunes qui ont quitt\u00e9 l\u2019\u00e9cole sans dipl\u00f4mes\u2026sont tous des jeunes. Il est donc possible de les rassembler dans un grand ensemble d\u2019individus qui ont des points communs que nous savons d\u00e9crypter et synth\u00e9tiser.<\/div>\n<div class=\"mdjComplements\">En philosophie, l\u2019essentialisme s&rsquo;oppose \u00e0 l\u2019existentialisme qui postule que l&rsquo;\u00eatre humain forme l&rsquo;essence de sa vie par ses propres actions, celles-ci n&rsquo;\u00e9tant pas pr\u00e9d\u00e9termin\u00e9es par des doctrines th\u00e9ologiques, philosophiques ou morales. L&rsquo;existentialisme consid\u00e8re donc chaque personne comme un \u00eatre unique ma\u00eetre de ses actes, de son destin et des valeurs qu&rsquo;il d\u00e9cide d&rsquo;adopter. <\/div>\n<div class=\"mdjComplements\">Mais aujourd&rsquo;hui, comme hier l&rsquo;essentialisme est tr\u00e8s pr\u00e9sent.<\/div>\n<div class=\"mdjComplements\">Ces jugements p\u00e9remptoires sur les jeunes sont tr\u00e8s r\u00e9ducteurs, manquent d\u2019intelligence et de nuance.<\/div>\n<div class=\"mdjComplements\">Mais il y a un essentialisme encore plus dangereux. Pendant longtemps ce fut une attitude \u00e0 l\u2019\u00e9gard des juifs. Les juifs sont\u2026.<\/div>\n<div class=\"mdjComplements\">Il y avait des juifs pauvres et des juifs riches, des juifs commer\u00e7ants et des juifs musiciens, des juifs croyants et des juifs assimil\u00e9s, mais tous les juifs poss\u00e9daient des caract\u00e9ristiques communes, pour l\u2019essentiel tr\u00e8s n\u00e9gatives au regard de ceux qui jugeaient.<\/div>\n<div class=\"mdjComplements\">Ma fille Natacha qui est jeune mais unique, probablement comme tous les autres jeunes, poss\u00e8de de belles et fortes convictions humanistes, de justice et d\u2019\u00e9quit\u00e9.<\/div>\n<div class=\"mdjComplements\">Elle est toujours r\u00e9volt\u00e9e quand on parle des musulmans de mani\u00e8re globale et n\u00e9gative.<\/div>\n<div class=\"mdjComplements\">Elle n\u2019aime pas l\u2019essentialisme et elle a raison.<\/div>\n<div class=\"mdjComplements\">Le musulman, \u00e7a n\u2019existe pas !<\/div>\n<div class=\"mdjComplements\">Il existe des musulmans, dans leur diversit\u00e9, pour les uns tr\u00e8s croyants, pour les autres presque sortis de la religion, n\u2019ayant plus qu\u2019un lien distendu avec la communaut\u00e9 de leurs parents. Et bien s\u00fbr, il existe tous les stades interm\u00e9diaires entre ces deux extr\u00eames.<\/div>\n<div class=\"mdjComplements\">Nous savons qu\u2019il existe aussi quelques individus qui se d\u00e9clarent musulmans et qui veulent du mal \u00e0 ceux qui ne pensent pas comme eux, ou tout simplement comme \u00e0 Nice veulent tuer sans distinction.<\/div>\n<div class=\"mdjComplements\">Il existe aussi des Etats th\u00e9ocratiques et archa\u00efques qui professent une religion obscurantiste, violente et sectaire. Je veux \u00e9videmment parler des monarchies du Golfe, du Pakistan et de l\u2019Iran. Mais il ne s\u2019agit pas \u00ab\u00a0des musulmans\u00a0\u00bb, mais de certains musulmans. Ces Etats influent des rigoristes qui sont dans notre pays et pr\u00eachent de m\u00eame fa\u00e7on un islam archa\u00efque et sectaire. Mais ils constituent une minorit\u00e9.<\/div>\n<div class=\"mdjComplements\">Toutefois, l\u2019obscurantisme est une tare bien r\u00e9partie dans le monde, non r\u00e9serv\u00e9e \u00e0 des minorit\u00e9s du monde musulman.<\/div>\n<div class=\"mdjComplements\">Et Natacha m\u2019a guid\u00e9 vers un reportage qui montre cet obscurantisme qui pr\u00e9tend que les musulmans sont\u2026 en r\u00e9sum\u00e9 des gens qu\u2019on ne peut avoir pour voisin et qu\u2019il faut emp\u00eacher de construire des mosqu\u00e9es, de se r\u00e9unir et vivre leur Foi en paix\u00a0: <a href=\"https:\/\/youtu.be\/WvMLOITnnzo\">https:\/\/youtu.be\/WvMLOITnnzo<\/a><\/div>\n<div class=\"mdjComplements\">Ce reportage de Canal +, nous am\u00e8ne \u00e0 New York, mais aussi dans l\u2019Am\u00e9rique profonde et en France, \u00e0 Paris, \u00e0 la Goutte d\u2019or \u2026<\/div>\n<div class=\"mdjComplements\">Je laisserai le dernier mot \u00e0 ma fille qui est jeune et d\u00e9j\u00e0 bien sage\u00a0: \u00ab\u00a0Il existe des lieux o\u00f9 croire est devenu un combat surtout quand on est musulman. Et comme ce fut un combat pour les juifs de croire pendant la seconde guerre mondiale.<\/div>\n<div class=\"mdjComplements\">L&rsquo;ouverture d&rsquo;esprit doit se faire dans les deux sens. [L\u2019acceptation des croyances et de la Foi de l\u2019autre(*)] est le plus grand des combats qui devrait \u00eatre men\u00e9 par tous.\u00a0\u00bb<\/div>\n<div class=\"mdjComplements\">(*) Natacha avait simplement utilis\u00e9 le mot de \u00ab\u00a0tol\u00e9rance\u00a0\u00bb\u200b, que je me suis permis d&rsquo;exprimer autrement \u00e0 la suite du mot du jour d&rsquo;hier&#8230;<\/div>\n","protected":false},"excerpt":{"rendered":"<p>Mardi 27 septembre 2016 \u00ab\u00a0L\u2019essentialisme\u00a0\u00bb Concept philosophique qui suppose l\u2019existence d\u2019une essence pr\u00e9c\u00e9dant l\u2019existence Comme Monsieur Jourdain faisait de la prose sans le savoir, nous versons souvent dans l\u2019essentialisme sans nous en rendre compte. Pourquoi\u00a0? Tr\u00e8s simplement\u00a0: nous affirmons \u00ab\u00a0Les<\/p>\n","protected":false},"author":1,"featured_media":0,"comment_status":"closed","ping_status":"closed","sticky":false,"template":"","format":"standard","meta":{"footnotes":""},"categories":[1],"tags":[],"class_list":["post-1431","post","type-post","status-publish","format-standard","hentry","category-motdujour"],"_links":{"self":[{"href":"https:\/\/lemotdujour.fr\/index.php?rest_route=\/wp\/v2\/posts\/1431","targetHints":{"allow":["GET"]}}],"collection":[{"href":"https:\/\/lemotdujour.fr\/index.php?rest_route=\/wp\/v2\/posts"}],"about":[{"href":"https:\/\/lemotdujour.fr\/index.php?rest_route=\/wp\/v2\/types\/post"}],"author":[{"embeddable":true,"href":"https:\/\/lemotdujour.fr\/index.php?rest_route=\/wp\/v2\/users\/1"}],"replies":[{"embeddable":true,"href":"https:\/\/lemotdujour.fr\/index.php?rest_route=%2Fwp%2Fv2%2Fcomments&post=1431"}],"version-history":[{"count":1,"href":"https:\/\/lemotdujour.fr\/index.php?rest_route=\/wp\/v2\/posts\/1431\/revisions"}],"predecessor-version":[{"id":1432,"href":"https:\/\/lemotdujour.fr\/index.php?rest_route=\/wp\/v2\/posts\/1431\/revisions\/1432"}],"wp:attachment":[{"href":"https:\/\/lemotdujour.fr\/index.php?rest_route=%2Fwp%2Fv2%2Fmedia&parent=1431"}],"wp:term":[{"taxonomy":"category","embeddable":true,"href":"https:\/\/lemotdujour.fr\/index.php?rest_route=%2Fwp%2Fv2%2Fcategories&post=1431"},{"taxonomy":"post_tag","embeddable":true,"href":"https:\/\/lemotdujour.fr\/index.php?rest_route=%2Fwp%2Fv2%2Ftags&post=1431"}],"curies":[{"name":"wp","href":"https:\/\/api.w.org\/{rel}","templated":true}]}}