{"id":1429,"date":"2016-09-26T02:00:00","date_gmt":"2016-09-25T22:00:00","guid":{"rendered":"http:\/\/lemotdujour.fr\/?p=1429"},"modified":"2020-11-13T11:23:20","modified_gmt":"2020-11-13T10:23:20","slug":"lundi-26-septembre-2016","status":"publish","type":"post","link":"https:\/\/lemotdujour.fr\/?p=1429","title":{"rendered":"Lundi 26 septembre 2016"},"content":{"rendered":"<div class=\"mdjDate\">Lundi 26 septembre 2016<\/div>\n<div class=\"mdjTexte\">\u00ab Je ne viens pas pr\u00eacher la tol\u00e9rance. \u00bb<\/div>\n<div class=\"mdjAuteur\">Mirabeau<\/div>\n<div class=\"mdjComplements\">La r\u00e9flexion de R\u00e9gis Debray que j&rsquo;ai tent\u00e9 de synth\u00e9tiser la semaine derni\u00e8re sur la croyance, le sacr\u00e9 et le monoth\u00e9isme me semble particuli\u00e8rement riche et f\u00e9conde. Et il faut constater que s&rsquo;il aborde tous ces sujets avec une pens\u00e9e et une d\u00e9marche scientifique de l&rsquo;agnostique qu&rsquo;il est, il reste tr\u00e8s empathique avec la croyance, le sacr\u00e9 et m\u00eame Dieu. Dans la conclusion de sa quatri\u00e8me \u00e9mission, celle consacr\u00e9e \u00e0 Dieu, il r\u00e9cuse ceux qui voudraient faire du Dieu monoth\u00e9iste un bouc \u00e9missaire et lui faire porter la responsabilit\u00e9 de nos malheurs actuels. A tout prendre, il pense m\u00eame que le Dieu monoth\u00e9iste est une solution bien meilleure que les autres religions que l&rsquo;Homme a invent\u00e9 pour essayer de le remplacer.<\/div>\n<div class=\"mdjComplements\">Et que dire de la religion de l&rsquo;argent ? Devenir milliardaire semble \u00eatre l&rsquo;objectif de vie de certains. Cette qu\u00eate permet-elle de faire vivre les hommes ensemble ? Permet-elle de cr\u00e9er le \u00ab\u00a0Nous\u00a0\u00bb indispensable \u00e0 cimenter une soci\u00e9t\u00e9 humaine ?<\/div>\n<div class=\"mdjComplements\">Pour finir, provisoirement, cette r\u00e9flexion sur le religieux, je voudrai encore partager avec vous ce d\u00e9veloppement de R\u00e9gis Debray sur la tol\u00e9rance qu&rsquo;il a men\u00e9 dans l&rsquo;\u00e9mission sur la la\u00efcit\u00e9.<\/div>\n<div class=\"mdjComplements\">Car, dans ce domaine de la cohabitation des croyances concurrentes, la tol\u00e9rance me paraissait une valeur positive \u00e0 encourager.<\/div>\n<div class=\"mdjComplements\">Tel n&rsquo;est pas l&rsquo;avis de Mirabeau, ni de Debray qui en appelle au premier : &nbsp;<\/div>\n<div class=\"mdjComplements\">\u00ab La la\u00efcit\u00e9 n\u2019est pas non plus la tol\u00e9rance. La tol\u00e9rance est un mot que Mirabeau jugeait injurieux.<\/div>\n<div class=\"mdjComplements\">Pourquoi ?<\/div>\n<div class=\"mdjComplements\">Parce que la tol\u00e9rance c\u2019est de l\u2019indulgence. C\u2019est une indulgence propre \u00e0 l\u2019ancien r\u00e9gime. C\u2019est la condescendance d\u2019un sup\u00e9rieur qui l\u00e8ve un interdit parce que cela lui parait bon ou qui octroie l\u2019impunit\u00e9 \u00e0 un inf\u00e9rieur.<\/div>\n<div class=\"mdjComplements\">Disons, le ma\u00eetre tol\u00e8re, le ma\u00eetre souffre la diff\u00e9rence d\u2019un oblig\u00e9 qui n\u2019est pas son \u00e9gal, il le fait mais il pourrait ne pas le faire. Ainsi de<a href=\"https:\/\/fr.wikipedia.org\/wiki\/%C3%89dit_de_Versailles\"> l\u2019Edit de tol\u00e9rance du 29 novembre 1787<\/a> qui fut une concession de Sa Majest\u00e9 \u00e0 l\u2019\u00e9gard de la minorit\u00e9 protestante.<\/div>\n<div class=\"mdjComplements\">Un droit n\u2019est pas conc\u00e9d\u00e9, il est reconnu.<\/div>\n<div class=\"mdjComplements\">Et la tol\u00e9rance est \u00e0 la la\u00efcit\u00e9 ce que la charit\u00e9 est \u00e0 la justice \u00bb<\/div>\n<div class=\"mdjComplements\">Oui, la s\u00e9curit\u00e9 sociale, les allocations ch\u00f4mage, les pensions d\u2019invalidit\u00e9 sont chez nous des droits, non de la charit\u00e9. La d\u00e9r\u00e9gulation g\u00e9n\u00e9rale, et si nous n\u2019arrivons pas \u00e0 stabiliser notre Etat social conduira tr\u00e8s probablement \u00e0 diminuer les droits et redonner beaucoup de place \u00e0 la charit\u00e9, autrement dit au bon vouloir des riches.<\/div>\n<div class=\"mdjComplements\">R\u00e9gis Debray fait une juste comparaison avec \u00ab la tol\u00e9rance face \u00e0 la la\u00efcit\u00e9 \u00bb.<\/div>\n<div class=\"mdjComplements\">Et vous trouverez le propos de Mirabeau page 166 dans ce livre \u00ab Chefs-d\u2019\u0153uvre oratoires de Mirabeau \u00bb qui a \u00e9t\u00e9 num\u00e9ris\u00e9 par notre \u00ab ami Google \u00bb et dont je cite l\u2019extrait complet :<\/div>\n<div class=\"mdjComplements\">\u00ab Je ne viens pas pr\u00eacher la tol\u00e9rance. La libert\u00e9 la plus illimit\u00e9e de religion est \u00e0 mes yeux un droit si sacr\u00e9, que le mot tol\u00e9rance, qui voudrait l\u2019exprimer, me para\u00eet en quelque sorte tyrannique lui-m\u00eame ; puisque l\u2019existence de l\u2019autorit\u00e9 qui a le pouvoir de tol\u00e9rer attente \u00e0 la libert\u00e9 de penser, par cela m\u00eame qu\u2019elle tol\u00e8re, et qu\u2019ainsi elle pourrait ne pas tol\u00e9rer. \u00bb<\/div>\n<div class=\"mdjComplements\">Vous trouverez le travail de notre ami <a href=\"https:\/\/books.google.fr\/books?id=ynQBAAAAYAAJ&amp;pg=PA166&amp;lpg=PA166&amp;dq=MIRABEAU+%2B+%22Je+ne+viens+pas+pr%C3%AAcher+la+tol%C3%A9rance%22&amp;source=bl&amp;ots=EA7HSuIcW_&amp;sig=B2DEDxANtQmVHLSII5eIOBKZlx0&amp;hl=fr&amp;sa=X&amp;ved=0ahUKEwjzvOfo1ZjPAhWHtxQKHfAUA2oQ6AEIPTAH\">&lt;ICI&gt;<\/a><\/div>\n","protected":false},"excerpt":{"rendered":"<p>Lundi 26 septembre 2016 \u00ab Je ne viens pas pr\u00eacher la tol\u00e9rance. \u00bb Mirabeau La r\u00e9flexion de R\u00e9gis Debray que j&rsquo;ai tent\u00e9 de synth\u00e9tiser la semaine derni\u00e8re sur la croyance, le sacr\u00e9 et le monoth\u00e9isme me semble particuli\u00e8rement riche et<\/p>\n","protected":false},"author":1,"featured_media":0,"comment_status":"closed","ping_status":"closed","sticky":false,"template":"","format":"standard","meta":{"footnotes":""},"categories":[1],"tags":[15,17,34],"class_list":["post-1429","post","type-post","status-publish","format-standard","hentry","category-motdujour","tag-france","tag-histoire","tag-religion"],"_links":{"self":[{"href":"https:\/\/lemotdujour.fr\/index.php?rest_route=\/wp\/v2\/posts\/1429","targetHints":{"allow":["GET"]}}],"collection":[{"href":"https:\/\/lemotdujour.fr\/index.php?rest_route=\/wp\/v2\/posts"}],"about":[{"href":"https:\/\/lemotdujour.fr\/index.php?rest_route=\/wp\/v2\/types\/post"}],"author":[{"embeddable":true,"href":"https:\/\/lemotdujour.fr\/index.php?rest_route=\/wp\/v2\/users\/1"}],"replies":[{"embeddable":true,"href":"https:\/\/lemotdujour.fr\/index.php?rest_route=%2Fwp%2Fv2%2Fcomments&post=1429"}],"version-history":[{"count":2,"href":"https:\/\/lemotdujour.fr\/index.php?rest_route=\/wp\/v2\/posts\/1429\/revisions"}],"predecessor-version":[{"id":10082,"href":"https:\/\/lemotdujour.fr\/index.php?rest_route=\/wp\/v2\/posts\/1429\/revisions\/10082"}],"wp:attachment":[{"href":"https:\/\/lemotdujour.fr\/index.php?rest_route=%2Fwp%2Fv2%2Fmedia&parent=1429"}],"wp:term":[{"taxonomy":"category","embeddable":true,"href":"https:\/\/lemotdujour.fr\/index.php?rest_route=%2Fwp%2Fv2%2Fcategories&post=1429"},{"taxonomy":"post_tag","embeddable":true,"href":"https:\/\/lemotdujour.fr\/index.php?rest_route=%2Fwp%2Fv2%2Ftags&post=1429"}],"curies":[{"name":"wp","href":"https:\/\/api.w.org\/{rel}","templated":true}]}}