{"id":14278,"date":"2022-10-20T05:19:00","date_gmt":"2022-10-20T03:19:00","guid":{"rendered":"https:\/\/lemotdujour.fr\/?p=14278"},"modified":"2022-11-02T11:39:18","modified_gmt":"2022-11-02T10:39:18","slug":"jeudi-19-octobre-2022","status":"publish","type":"post","link":"https:\/\/lemotdujour.fr\/?p=14278","title":{"rendered":"Jeudi 20 octobre 2022"},"content":{"rendered":"<div class=\"mdjTexte\">\u00ab Pause (Se tenir debout ! Sophia Aram) \u00bb<\/div>\n<div class=\"mdjAuteur\">Jour sans mot du jour nouveau<\/div>\n<p><span style=\"color: #777777; font-family: Arial;\">Je partage la chronique de <strong>Sophia Aram<\/strong> de ce lundi 17 octobre, sans commentaire, mais en rappelant le contexte.<br \/>\n<\/span><\/p>\n<p><img loading=\"lazy\" decoding=\"async\" class=\"alignleft\" src=\"https:\/\/lemotdujour.fr\/wp-content\/uploads\/2022\/10\/101922_2119_Jeudi19octo1.jpg\" alt=\"\" width=\"387\" height=\"372\" align=\"left\"><span style=\"color: #777777; font-family: Arial;\">Je rappelle que <strong>Samuel Paty<\/strong> a \u00e9t\u00e9 assassin\u00e9 et d\u00e9capit\u00e9 par un fou de Dieu qui se r\u00e9clamait de l&rsquo;islam.<br \/>\n<\/span><\/p>\n<p><span style=\"color: #777777; font-family: Arial;\">Ce crime a \u00e9t\u00e9 commis il y a deux ans.<br \/>\n<\/span><\/p>\n<p><span style=\"color: #777777; font-family: Arial;\">Son assassin a \u00e9t\u00e9 enterr\u00e9 en Tch\u00e9tch\u00e9nie.<br \/>\n<\/span><\/p>\n<p><span style=\"color: #777777; font-family: Arial;\">&lt;<span style=\"color: #0000ff;\"><a style=\"color: #0000ff;\" href=\"https:\/\/www.la-croix.com\/Monde\/Lassassin-Samuel-Paty-enterre-village-Tchetchenie-2020-12-08-1201128962\">La Croix<\/a><\/span>&gt; rapporte qu&rsquo;apr\u00e8s le rapatriement du corps, la t\u00e9l\u00e9vision tch\u00e9tch\u00e8ne, dans un reportage, a pr\u00e9sent\u00e9 le terroriste en \u00ab jeune craignant Dieu \u00bb qui n&rsquo;\u00e9tait pas agressif mais serait devenu meurtrier \u00e0 cause d&rsquo;une \u00ab provocation islamophobe \u00bb.<br \/>\n<\/span><\/p>\n<p><span style=\"color: #777777; font-family: Arial;\">Cette t\u00e9l\u00e9vision est sous \u00e9troit contr\u00f4le de Ramzan Kadyrov, le sinistre pr\u00e9sident de ce pays et executeur des basses besognes de Vladimir Poutine.<br \/>\n<\/span><\/p>\n<p><span style=\"color: #777777; font-family: Arial;\">Vous trouverez la chronique de Sophia Aram sur cette page de France Inter&nbsp;: <a href=\"https:\/\/www.radiofrance.fr\/franceinter\/podcasts\/le-billet-de-sophia-aram\/le-billet-de-sophia-aram-du-lundi-17-octobre-2022-3910596\"><span style=\"color: #0000ff;\">&lt;Se tenir debout&gt;<\/span><\/a><br \/>\n<\/span><\/p>\n<p><span style=\"color: #777777; font-family: Arial;\">Et vous pouvez la voir en &lt;<span style=\"color: #0000ff;\"><a style=\"color: #0000ff;\" href=\"https:\/\/www.youtube.com\/watch?v=RYjUxw80vRk\">Video<\/a><\/span>&gt;<br \/>\n<\/span><\/p>\n<p style=\"margin-left: 28pt;\"><span style=\"color: #c00000; font-family: Arial;\">\u00ab&nbsp;Bonjour \u00e0 tous, Allah a dit\u2026<br \/>\n<\/span><\/p>\n<p style=\"margin-left: 28pt;\"><span style=\"color: #c00000; font-family: Arial;\">\u00c7a va, je d\u00e9conne, on se d\u00e9tend\u2026 On sait qu&rsquo;on peut rire de tout\u2026 M\u00eame si maintenant au fond de nous il y a toujours une petite voix qui rajoute \u00ab\u00a0oui mais\u2026 \u00e0 condition d&rsquo;\u00eatre sous protection polici\u00e8re\u00a0\u00bb.<br \/>\n<\/span><\/p>\n<p style=\"margin-left: 28pt;\"><span style=\"color: #c00000; font-family: Arial;\">On a beau jouer les foufous pr\u00eats \u00e0 tout dire, il faut reconna\u00eetre que sur le droit d&#8217;emmerder Dieu, \u00e7a ne s&rsquo;est toujours pas d\u00e9tendu.<br \/>\n<\/span><\/p>\n<p style=\"margin-left: 28pt;\"><span style=\"color: #c00000; font-family: Arial;\">Pas plus tard que la semaine derni\u00e8re, le mus\u00e9e m\u00e9morial du terrorisme a choisi de ne pas exposer les dessins des \u00e9l\u00e8ves participant \u00e0 l&rsquo;exposition incluant des caricatures de Charlie Hebdo\u2026 Voil\u00e0, c&rsquo;est tout. C&rsquo;est juste le mus\u00e9e m\u00e9morial du terrorisme qui renonce \u00e0 d\u00e9fendre les principes pour lesquels une partie des victimes de terrorisme en France sont morts. Autant je comprends la volont\u00e9 de prot\u00e9ger les \u00e9l\u00e8ves, autant je me dis qu&rsquo;il aurait peut-\u00eatre \u00e9t\u00e9 plus simple d&rsquo;anonymiser leurs travaux, plut\u00f4t que d&rsquo;assassiner une deuxi\u00e8me fois Charlie Hebdo.<br \/>\n<\/span><\/p>\n<p style=\"margin-left: 28pt;\"><span style=\"color: #c00000; font-family: Arial;\">Le probl\u00e8me c&rsquo;est que si tu cumules ceux qui se couchent parce qu&rsquo;ils ont peur, ceux qui ne veulent pas de vagues et ceux qui prennent les musulmans pour des b\u00e9b\u00e9s phoques \u00e7a r\u00e9duit consid\u00e9rablement le nombre de personnes qui restent debout.<br \/>\n<\/span><\/p>\n<p style=\"margin-left: 28pt;\"><span style=\"color: #c00000; font-family: Arial;\">Et c&rsquo;est quand tout le monde se couche que ceux qui restent debout deviennent des cibles.<br \/>\n<\/span><\/p>\n<p style=\"margin-left: 28pt;\"><span style=\"color: #c00000; font-family: Arial;\">Est-ce que la r\u00e9daction de Charlie aurait \u00e9t\u00e9 d\u00e9cim\u00e9e si l&rsquo;ensemble des journaux avaient publi\u00e9 les caricatures du proph\u00e8te ?<br \/>\n<\/span><\/p>\n<p style=\"margin-left: 28pt;\"><span style=\"color: #c00000; font-family: Arial;\">Samuel Paty aurait-il \u00e9t\u00e9 assassin\u00e9 si tout le monde avait d\u00e9fendu l&rsquo;id\u00e9e qu&rsquo;aucune croyance ne saurait interdire la libert\u00e9 de chacun de la critiquer, de la moquer et de la remettre en cause ? Personne ne le sait, mais j&rsquo;imagine qu&rsquo;il y aurait peut-\u00eatre moins de monde pour mettre dans la t\u00eate des croyants que se moquer de leur croyance c&rsquo;est du blasph\u00e8me ou de l'\u00a0\u00bbislamophobie\u00a0\u00bb.<br \/>\n<\/span><\/p>\n<p style=\"margin-left: 28pt;\"><span style=\"color: #c00000; font-family: Arial;\">C&rsquo;est tout ce que ceux qui d\u00e9fendent la libert\u00e9 d&rsquo;expression n&rsquo;ont cess\u00e9 de dire.<br \/>\n<\/span><\/p>\n<p style=\"margin-left: 28pt;\"><span style=\"color: #c00000; font-family: Arial;\">Avant-hier avec une poign\u00e9e d&rsquo;enseignants et d&rsquo;\u00e9l\u00e8ves participant \u00e0 la remise du premier prix Samuel Paty \u00e0 la Sorbonne, Micka\u00eblle Paty, la s\u0153ur de Samuel, se tenait debout pour nous rappeler notre devoir de faire front, notre devoir de m\u00e9moire, notre devoir de v\u00e9rit\u00e9, mais aussi notre devoir de convaincre tous ceux qui doutent qu&rsquo;enseigner c&rsquo;est expliquer, et non se taire\u2026 Et puisqu&rsquo;il est encore n\u00e9cessaire de le rappeler : qu&rsquo;on ne met pas un \u00ab\u00a0oui mais\u00a0\u00bb apr\u00e8s une d\u00e9capitation.<br \/>\n<\/span><\/p>\n<p style=\"margin-left: 28pt;\"><span style=\"color: #c00000; font-family: Arial;\">Samedi dernier Micka\u00eblle Paty a rappel\u00e9 dans un discours -qu&rsquo;il faut lire, relire et diffuser- que les caricatures sont l\u00e0 pour montrer qu&rsquo;on peut ne pas \u00eatre d&rsquo;accord avec telle personne, telle opinion politique ou religieuse et qu&rsquo;en d\u00e9fendant ce principe, Samuel Paty donnait \u00e0 ses \u00e9l\u00e8ve la possibilit\u00e9 de comprendre que la la\u00efcit\u00e9 permet de croire et de ne pas croire, et, dans les deux cas, \u00ab\u00a0sans pression\u00a0\u00bb.<br \/>\n<\/span><\/p>\n<p style=\"margin-left: 28pt;\"><span style=\"color: #c00000; font-family: Arial;\">Contrairement \u00e0 ce qui a \u00e9t\u00e9 dit par quelques irresponsables, il n&rsquo;y a que deux \u00e9l\u00e8ves sur soixante, (trois si l&rsquo;on compte l&rsquo;\u00e9l\u00e8ve absente) \u2026 \u00e0 s&rsquo;\u00eatre sentis bless\u00e9s par le cours de Samuel Paty.<br \/>\n<\/span><\/p>\n<p style=\"margin-left: 28pt;\"><span style=\"color: #c00000; font-family: Arial;\">Alors franchement, chacun est libre d&rsquo;assouvir ses pulsions mis\u00e9rabilistes ou sa condescendance maladive en leur accordant toute l&rsquo;attention qu&rsquo;ils souhaitent, mais il n&rsquo;est pas acceptable de le faire en sacrifiant nos principes les plus fondamentaux.<br \/>\n<\/span><\/p>\n<p style=\"margin-left: 28pt;\"><span style=\"color: #c00000; font-family: Arial;\">C&rsquo;est pour cette raison qu&rsquo;il est plus que temps que chacun comprenne la n\u00e9cessit\u00e9 de se tenir debout.&nbsp;\u00bb<br \/>\n<\/span><\/p>\n<p><img decoding=\"async\" src=\"https:\/\/lemotdujour.fr\/wp-content\/uploads\/2022\/10\/101922_2119_Jeudi19octo2.jpg\" alt=\"\"><br \/>\n<span style=\"color: #777777; font-family: Arial;\"><span style=\"color: #800000;\">&lt;Mot du jour sans num\u00e9ro&gt;<\/span><br \/>\n<\/span><\/p>\n","protected":false},"excerpt":{"rendered":"<p>\u00ab Pause (Se tenir debout ! Sophia Aram) \u00bb Jour sans mot du jour nouveau Je partage la chronique de Sophia Aram de ce lundi 17 octobre, sans commentaire, mais en rappelant le contexte. Je rappelle que Samuel Paty a<\/p>\n","protected":false},"author":1,"featured_media":0,"comment_status":"open","ping_status":"closed","sticky":false,"template":"","format":"standard","meta":{"footnotes":""},"categories":[1],"tags":[96],"class_list":["post-14278","post","type-post","status-publish","format-standard","hentry","category-motdujour","tag-pause"],"_links":{"self":[{"href":"https:\/\/lemotdujour.fr\/index.php?rest_route=\/wp\/v2\/posts\/14278","targetHints":{"allow":["GET"]}}],"collection":[{"href":"https:\/\/lemotdujour.fr\/index.php?rest_route=\/wp\/v2\/posts"}],"about":[{"href":"https:\/\/lemotdujour.fr\/index.php?rest_route=\/wp\/v2\/types\/post"}],"author":[{"embeddable":true,"href":"https:\/\/lemotdujour.fr\/index.php?rest_route=\/wp\/v2\/users\/1"}],"replies":[{"embeddable":true,"href":"https:\/\/lemotdujour.fr\/index.php?rest_route=%2Fwp%2Fv2%2Fcomments&post=14278"}],"version-history":[{"count":6,"href":"https:\/\/lemotdujour.fr\/index.php?rest_route=\/wp\/v2\/posts\/14278\/revisions"}],"predecessor-version":[{"id":14285,"href":"https:\/\/lemotdujour.fr\/index.php?rest_route=\/wp\/v2\/posts\/14278\/revisions\/14285"}],"wp:attachment":[{"href":"https:\/\/lemotdujour.fr\/index.php?rest_route=%2Fwp%2Fv2%2Fmedia&parent=14278"}],"wp:term":[{"taxonomy":"category","embeddable":true,"href":"https:\/\/lemotdujour.fr\/index.php?rest_route=%2Fwp%2Fv2%2Fcategories&post=14278"},{"taxonomy":"post_tag","embeddable":true,"href":"https:\/\/lemotdujour.fr\/index.php?rest_route=%2Fwp%2Fv2%2Ftags&post=14278"}],"curies":[{"name":"wp","href":"https:\/\/api.w.org\/{rel}","templated":true}]}}