{"id":14256,"date":"2022-10-18T02:55:00","date_gmt":"2022-10-18T00:55:00","guid":{"rendered":"https:\/\/lemotdujour.fr\/?p=14256"},"modified":"2022-10-17T22:59:26","modified_gmt":"2022-10-17T20:59:26","slug":"mardi-18-octobre-2022","status":"publish","type":"post","link":"https:\/\/lemotdujour.fr\/?p=14256","title":{"rendered":"Mardi 18 octobre 2022"},"content":{"rendered":"<div class=\"mdjTexte\">\u00ab Pause (O\u00f9 atterrir ? Bruno Latour) \u00bb<\/div>\n<div class=\"mdjAuteur\">Jour sans mot du jour nouveau<\/div>\n<p><span style=\"color: #777777; font-family: Arial;\">Plusieurs mots du jour ont \u00e9t\u00e9 consacr\u00e9s \u00e0 Bruno Latour qui vient de d\u00e9c\u00e9der le 9 octobre 2022. :<br \/>\n<\/span><\/p>\n<p><img loading=\"lazy\" decoding=\"async\" class=\"alignleft\" src=\"https:\/\/lemotdujour.fr\/wp-content\/uploads\/2022\/10\/101722_2055_Mardi18octo1.jpg\" alt=\"\" width=\"509\" height=\"267\" align=\"left\"><span style=\"color: #777777; font-family: Arial;\">Le premier fut celui du <span style=\"color: #0000ff;\">&lt;<a style=\"color: #0000ff;\" href=\"https:\/\/lemotdujour.fr\/?p=6127\">8 f\u00e9vrier 2019<\/a>&gt;<\/span> dans lequel je reprenais cette question vertigineuse qu&rsquo;il posait&nbsp;: O\u00f9 atterrir&nbsp;?<br \/>\n<\/span><\/p>\n<p><span style=\"color: #777777; font-family: Arial;\">Et en effet, s&rsquo;il n&rsquo;existe pas de plan\u00e8te, de terre, de sol, de territoire pour y loger le Globe de la globalisation vers lequel tous les pays pr\u00e9tendent se diriger, pour vivre tous comme des am\u00e9ricains, il s&rsquo;agit d&rsquo;atterrir. C&rsquo;est-\u00e0-dire prendre en compte les contraintes et les ressources dont on dispose.<\/span><br \/>\n<span style=\"color: #777777; font-family: Arial;\"><span style=\"color: #800000;\">&lt;Mot du jour sans num\u00e9ro&gt;<\/span><br \/>\n<\/span><\/p>\n","protected":false},"excerpt":{"rendered":"<p>\u00ab Pause (O\u00f9 atterrir ? Bruno Latour) \u00bb Jour sans mot du jour nouveau Plusieurs mots du jour ont \u00e9t\u00e9 consacr\u00e9s \u00e0 Bruno Latour qui vient de d\u00e9c\u00e9der le 9 octobre 2022. : Le premier fut celui du &lt;8 f\u00e9vrier<\/p>\n","protected":false},"author":1,"featured_media":0,"comment_status":"open","ping_status":"closed","sticky":false,"template":"","format":"standard","meta":{"footnotes":""},"categories":[1],"tags":[96],"class_list":["post-14256","post","type-post","status-publish","format-standard","hentry","category-motdujour","tag-pause"],"_links":{"self":[{"href":"https:\/\/lemotdujour.fr\/index.php?rest_route=\/wp\/v2\/posts\/14256","targetHints":{"allow":["GET"]}}],"collection":[{"href":"https:\/\/lemotdujour.fr\/index.php?rest_route=\/wp\/v2\/posts"}],"about":[{"href":"https:\/\/lemotdujour.fr\/index.php?rest_route=\/wp\/v2\/types\/post"}],"author":[{"embeddable":true,"href":"https:\/\/lemotdujour.fr\/index.php?rest_route=\/wp\/v2\/users\/1"}],"replies":[{"embeddable":true,"href":"https:\/\/lemotdujour.fr\/index.php?rest_route=%2Fwp%2Fv2%2Fcomments&post=14256"}],"version-history":[{"count":3,"href":"https:\/\/lemotdujour.fr\/index.php?rest_route=\/wp\/v2\/posts\/14256\/revisions"}],"predecessor-version":[{"id":14260,"href":"https:\/\/lemotdujour.fr\/index.php?rest_route=\/wp\/v2\/posts\/14256\/revisions\/14260"}],"wp:attachment":[{"href":"https:\/\/lemotdujour.fr\/index.php?rest_route=%2Fwp%2Fv2%2Fmedia&parent=14256"}],"wp:term":[{"taxonomy":"category","embeddable":true,"href":"https:\/\/lemotdujour.fr\/index.php?rest_route=%2Fwp%2Fv2%2Fcategories&post=14256"},{"taxonomy":"post_tag","embeddable":true,"href":"https:\/\/lemotdujour.fr\/index.php?rest_route=%2Fwp%2Fv2%2Ftags&post=14256"}],"curies":[{"name":"wp","href":"https:\/\/api.w.org\/{rel}","templated":true}]}}