{"id":1425,"date":"2016-09-22T02:00:00","date_gmt":"2016-09-21T22:00:00","guid":{"rendered":"http:\/\/lemotdujour.fr\/?p=1425"},"modified":"2020-05-04T23:20:30","modified_gmt":"2020-05-04T21:20:30","slug":"jeudi-22-septembre-2016","status":"publish","type":"post","link":"https:\/\/lemotdujour.fr\/?p=1425","title":{"rendered":"Jeudi 22 septembre 2016"},"content":{"rendered":"<div class=\"mdjDate\">Jeudi 22 septembre 2016<\/div>\n<div class=\"mdjTexte\">\u00abDieu<br \/>\nC\u2019est l\u2019Infini qui dit \u00ab&nbsp;Moi, je&nbsp;\u00bb et qui de surcroit pense \u00e0 moi.\u00bb<\/div>\n<div class=\"mdjAuteur\">R\u00e9gis Debray<\/div>\n<p><span style=\"color: #777777; font-family: Arial;\">Pour qu&rsquo;il n&rsquo;y ait pas d&rsquo;ambig\u00fcit\u00e9, R\u00e9gis Debray pr\u00e9cise toute de suite que son sujet est pr\u00e9cis et d\u00e9limit\u00e9, il va parler de \u00ab&nbsp;<strong>Dieu&nbsp;<\/strong>\u00bb avec <strong>D<\/strong> majuscule, l&rsquo;Unique.<br \/>\n<\/span><\/p>\n<p><span style=\"color: #777777; font-family: Arial;\">Celui qui a \u00e9merg\u00e9 dans une r\u00e9gion pr\u00e9cise&nbsp;: le croissant fertile en M\u00e9sopotamie, entre l&rsquo;Irak et l&rsquo;Egypte d&rsquo;aujourd&rsquo;hui et qui dans le chapitre 3, \u00a76 du livre de l&rsquo;Exode s&rsquo;est pr\u00e9sent\u00e9 \u00e0 Mo\u00efse par ces mots&nbsp;:<br \/>\n<\/span><\/p>\n<p style=\"margin-left: 28pt;\"><span style=\"color: #c00000; font-family: Arial;\">\u00ab&nbsp;Je suis le Dieu de ton p\u00e8re, le Dieu d&rsquo;Abraham, le Dieu d&rsquo;Isaac, le Dieu de Jacob.&nbsp;\u00bb<br \/>\n<\/span><\/p>\n<p><span style=\"color: #777777; font-family: Arial;\">Celui que les h\u00e9breux ont d\u00e9sign\u00e9 par le t\u00e9tragramme \u00ab&nbsp;<a href=\"https:\/\/fr.wikipedia.org\/wiki\/YHWH\"><span style=\"color: blue; text-decoration: underline;\">YHWH<\/span><\/a>&nbsp;\u00bb, que les chr\u00e9tiens ont plut\u00f4t appel\u00e9 \u00ab&nbsp;Seigneur&nbsp;\u00bb ou \u00ab&nbsp;Mon P\u00e8re&nbsp;\u00bb et qui a pour nom arabe et pour les musulmans du monde entier \u00ab Allah \u00bb. Car il y a bien continuit\u00e9 entre les 3 religions du Livre et qui tous parle de la m\u00eame entit\u00e9 transcendante, universelle et unique.<br \/>\n<\/span><\/p>\n<p><span style=\"color: #777777; font-family: Arial;\">Le Dieu du monoth\u00e9isme ! Alors que R\u00e9gis Debray pr\u00e9cise<br \/>\n<\/span><\/p>\n<p style=\"margin-left: 28pt;\"><span style=\"color: #c00000; font-family: Arial;\">\u00ab&nbsp;Le terme de monoth\u00e9isme ne figure pas dans l&rsquo;Ancien Testament, pas plus que celui de religion dans le nouveau.&nbsp;\u00bb.<br \/>\n<\/span><\/p>\n<p><span style=\"color: #777777; font-family: Arial;\">Et R\u00e9gis Debray de d\u00e9finir&nbsp;:<br \/>\n<\/span><\/p>\n<p style=\"margin-left: 28pt;\"><span style=\"color: #c00000; font-family: Arial;\">\u00ab&nbsp;C&rsquo;est l&rsquo;Infini qui dit \u00ab&nbsp;Moi, je&nbsp;\u00bb et qui de surcroit pense \u00e0 moi. Il allie ces deux qualit\u00e9s a priori incompatibles qui sont la Transcendance et la proximit\u00e9. D&rsquo;une part, le Cr\u00e9ateur est radicalement sup\u00e9rieur et distinct du monde cr\u00e9\u00e9, du monde sensible qui m&rsquo;entoure mais il m&rsquo;est possible de l&rsquo;interpeller, dans un rapport intime de personne \u00e0 personne. Autrement dit c&rsquo;est un dehors absolu qui peut me parler du dedans. Il nous entend, nous voit et nous console. Et on peut s&rsquo;adresser \u00e0 lui non seulement par un datif c\u00e9r\u00e9monieux&nbsp;: \u00ab&nbsp;Deo Gratias&nbsp;\u00bb, \u00ab&nbsp;Merci \u00e0 Dieu&nbsp;\u00bb, mais par un vocatif plein de reproches&nbsp;:&nbsp;\u00ab&nbsp;<a href=\"http:\/\/saintebible.com\/matthew\/27-46.htm\"><span style=\"color: blue; text-decoration: underline;\">Mon Dieu, pourquoi m&rsquo;as-<strong>Tu<\/strong> abandonn\u00e9&nbsp;?&nbsp;<\/span><\/a>\u00bb. [\u2026] Tutoyer l&rsquo;Absolu un peu rudement, c&rsquo;est bel et bien une r\u00e9volution dans l&rsquo;Histoire de l&rsquo;esprit\u2026\u00bb<br \/>\n<\/span><\/p>\n<p><span style=\"color: #777777; font-family: Arial;\">Et R\u00e9gis Debray de nous inviter&nbsp;:<br \/>\n<\/span><\/p>\n<p style=\"margin-left: 28pt;\"><span style=\"color: #c00000; font-family: Arial;\">\u00ab&nbsp;Alors ouvrons le dossier&nbsp;\u00bb<br \/>\n<\/span><\/p>\n<p><span style=\"color: #777777; font-family: Arial;\">Je vous avoue que cette \u00e9mission est encore plus compliqu\u00e9e \u00e0 r\u00e9sumer que les quatre autres, tant le cheminement intellectuel du philosophe sur ce sujet est f\u00e9cond, imbriqu\u00e9, large et laisse peu de place \u00e0 la possibilit\u00e9 de simplement picorer.<br \/>\n<\/span><\/p>\n<p><span style=\"color: #777777; font-family: Arial;\">Je vous en livre l&rsquo;introduction&nbsp;:<br \/>\n<\/span><\/p>\n<p style=\"margin-left: 28pt;\"><span style=\"color: #c00000; font-family: Arial;\">\u00ab&nbsp;Ce Dieu majuscule n&rsquo;est pas n\u00e9 de rien, ni n&rsquo;importe o\u00f9, il a donc une Histoire. Il a une \u00e9cologie, c&rsquo;est-\u00e0-dire un milieu\u2026 Il a une logistique, c&rsquo;est-\u00e0-dire des moyens de transport et il a un medium, c&rsquo;est-\u00e0-dire un support. Il a aussi des probl\u00e8mes \u00e0 r\u00e9soudre, certains d&rsquo;ordre intellectuel et il a des responsabilit\u00e9s d&rsquo;ordre historique. L&rsquo;affaire on le voit n&rsquo;est pas simple.<br \/>\n<\/span><\/p>\n<p style=\"margin-left: 28pt;\"><span style=\"color: #c00000; font-family: Arial;\">L&rsquo;Historique d&rsquo;abord&nbsp;! Car l&rsquo;Eternel n&rsquo;a rien d&rsquo;\u00e9ternel. Celui qui est entr\u00e9 dans l&rsquo;Histoire des hommes a lui-m\u00eame une Histoire toute fraiche. \u00ab&nbsp;Dieu&nbsp;\u00bb est un \u00ab&nbsp;tard venu&nbsp;\u00bb dans l&rsquo;Histoire des entit\u00e9s c\u00e9lestes. L&rsquo;homo sapiens a environ 100&nbsp;000 ans d&rsquo;existence, l&rsquo;\u00e2ge des toutes premi\u00e8res s\u00e9pultures.&nbsp;\u00bb<br \/>\n<\/span><\/p>\n<p><span style=\"color: #777777; font-family: Arial;\">Et il pose cette question et donne cette r\u00e9ponse&nbsp;: \u00ab&nbsp;<span style=\"color: #c00000;\">Et Dieu quel \u00e2ge a-t-il&nbsp;? 2500 ans&nbsp;!<span style=\"color: #777777;\">&nbsp;\u00bb<br \/>\n<\/span><\/span><\/span><\/p>\n<p><span style=\"color: #777777; font-family: Arial;\">Et il continue<br \/>\n<\/span><\/p>\n<p style=\"margin-left: 28pt;\"><span style=\"color: #c00000; font-family: Arial;\">\u00ab&nbsp;C&rsquo;est un&nbsp; parachut\u00e9 de derni\u00e8re minute sur les terres de sapiens sapiens et m\u00eame sur ceux &nbsp;du peuple H\u00e9breux.&nbsp;[\u2026] Cette tribu fut d&rsquo;abord, comme tous les autres, polyth\u00e9istes, puis <a href=\"https:\/\/fr.wikipedia.org\/wiki\/Monol%C3%A2trie\"><span style=\"color: blue; text-decoration: underline;\">monol\u00e2tre<\/span><\/a> c&rsquo;est-\u00e0-dire avec un Dieu national identitaire qui en tol\u00e8re d&rsquo;autres chez les voisins, avant d&#8217;embraser la cause d&rsquo;un Dieu universel \u00e0 tous les peuples et singulier, ayant conclu une alliance avec le seul peuple h\u00e9breux.<br \/>\n<\/span><\/p>\n<p style=\"margin-left: 28pt;\"><span style=\"color: #c00000; font-family: Arial;\">Ce Dieu dont nous parlons a \u00e9merg\u00e9 entre le 7<sup>\u00e8me<\/sup> et le 6<sup>\u00e8me<\/sup> si\u00e8cle avant notre \u00e8re. Entre le r\u00e8gne centralisateur de Josias (-627) et l&rsquo;exil \u00e0 Babylone (-587). Sa premi\u00e8re apparition incontestable, appara\u00eet dans les derniers chapitres du Livre d&rsquo;Isa\u00efe dans la Bible, livre \u00e9crit apr\u00e8s le retour des Jud\u00e9ens captifs \u00e0 Babylone, apr\u00e8s leur lib\u00e9ration par le perse Cyrus.<br \/>\n<\/span><\/p>\n<p style=\"margin-left: 28pt;\"><span style=\"color: #c00000; font-family: Arial;\">Dieu le p\u00e8re, fut l&rsquo;enfant d&rsquo;une catastrophe, d&rsquo;une catastrophe humiliante qu&rsquo;a \u00e9t\u00e9 la destruction du royaume de Juda et du Premier Temple de J\u00e9rusalem par Nabuchodonosor en -587.<br \/>\n<\/span><\/p>\n<p style=\"margin-left: 28pt;\"><span style=\"color: #c00000; font-family: Arial;\">C&rsquo;est le fruit d&rsquo;une grande construction r\u00e9dactionnelle, d&rsquo;une r\u00e9daction \u00ab&nbsp;ex post ante&nbsp;\u00bb, faite apr\u00e8s coup. Une reconstruction litt\u00e9raire par une \u00e9lite captive \u00e0 Babylone et qui a voulu s&rsquo;expliquer le pourquoi de sa d\u00e9faite et de sa d\u00e9portation, en r\u00e9\u00e9crivant tout son pass\u00e9, en s&rsquo;inventant \u00e0 titre r\u00e9trospectif un Dieu aussi protecteur que le puissant Dieu babylonien Mardouk, Dieu avec lequel cette \u00e9lite avait fait alliance. Et c&rsquo;est pour avoir rompu ce pacte d&rsquo;alliance qu&rsquo;est intervenu la punition divine et l&rsquo;envoi en exil pour cause de d\u00e9sob\u00e9issance. Ce fut une terrible m\u00e9saventure qui est consign\u00e9e dans le Deut\u00e9ronome, non sans quelque m\u00e9galomanie propre \u00e0 r\u00e9parer une honte nationale&nbsp;\u00bb<br \/>\n<\/span><\/p>\n<p><span style=\"color: #777777; font-family: Arial;\">Arriv\u00e9 \u00e0 ce stade vous \u00eates \u00e0 la 11<sup>\u00e8me<\/sup> minute de l&rsquo;\u00e9mission qui dure 1 heure et dont vous trouverez l&rsquo;int\u00e9gralit\u00e9 derri\u00e8re ce lien : <a href=\"http:\/\/www.franceculture.fr\/emissions\/allons-aux-faits\/realites-religieuses-45-que-faut-il-entendre-par-dieu\"><span style=\"color: blue; text-decoration: underline;\">&lt;Allons aux faits : Que faut-il entendre par Dieu ?&gt;<\/span><\/a>.<br \/>\n<\/span><\/p>\n<p><a href=\"https:\/\/fr.wikipedia.org\/wiki\/Datation_de_la_Bible\"><span style=\"color: blue; font-family: Arial; text-decoration: underline;\">&lt;La datation scientifique de l&rsquo;\u00e9criture de la bible h\u00e9bra\u00efque la situe bien autour de la d\u00e9portation \u00e0 Babylone&gt;.&nbsp; <\/span><\/a><span style=\"color: #777777; font-family: Arial;\">Si la rigueur scientifique ne permet pas d&rsquo;affirmer que le personnage de Mo\u00efse a \u00e9t\u00e9 invent\u00e9 \u00e0 ce moment-l\u00e0, [<em>il faut cependant savoir qu&rsquo;aucune source historique en dehors des textes bibliques ne fait mention de Mo\u00efse<\/em>], on a \u00e9crit l&rsquo;histoire de ce personnage \u00e0 ce moment de l&rsquo;Histoire. Pour Abraham et ses enfants qui sont encore plus \u00e9loign\u00e9s de cette p\u00e9riode, il en va de m\u00eame.<br \/>\n<\/span><\/p>\n<p><img decoding=\"async\" class=\"alignleft\" src=\"https:\/\/lemotdujour.fr\/wp-content\/uploads\/2020\/05\/050420_1852_LundiXXmai21.jpg\" alt=\"\" align=\"left\"><span style=\"color: #777777; font-family: Arial;\">R\u00e9gis Debray montre aussi que l&rsquo;\u00e9mergence de Dieu a d\u00fb attendre l&rsquo;apparition de l&rsquo;\u00e9criture, dans la m\u00eame r\u00e9gion du croissant fertile.<br \/>\n<\/span><\/p>\n<p><span style=\"color: #777777; font-family: Arial;\">En outre, le Dieu monoth\u00e9iste pr\u00e9sente cet avantage par rapport aux dieux statufi\u00e9s qu&rsquo;il est facile de l&#8217;emmener avec soi. Les h\u00e9breux ont trouv\u00e9 cette solution d&#8217;emmener avec eux, l&rsquo;arche d&rsquo;alliance c&rsquo;est \u00e0 dire les tables sacr\u00e9s des commandements divins. Les autres peuples \u00e9taient incapables d&#8217;emmener avec eux la grande statue de Baal ou de Marmouk. Le monoth\u00e9isme aime la d\u00e9mat\u00e9rialisation.<br \/>\n<\/span><\/p>\n<p><span style=\"color: #777777; font-family: Arial;\">Le croyant sinc\u00e8re peut \u00eatre choqu\u00e9 que l&rsquo;on \u00e9crive : <strong>ton Dieu a 2500 ans<\/strong>. En effet, si Dieu existe, il a toujours exist\u00e9, sinon il ne serait pas Dieu.<br \/>\n<\/span><\/p>\n<p><span style=\"color: #777777; font-family: Arial;\">Certes !<br \/>\n<\/span><\/p>\n<p><span style=\"color: #777777; font-family: Arial;\">Mais ce que montre R\u00e9gis Debray, c&rsquo;est que Sapiens Sapiens a v\u00e9cu 97 250 ans sur ses 100 000 ans d&rsquo;existence sans Dieu monoth\u00e9iste. Aujourd&rsquo;hui encore, d&rsquo;immenses civilisations comme la chinoise, l&rsquo;indienne se passent tr\u00e8s bien d&rsquo;un Dieu unique et universel.<br \/>\n<\/span><\/p>\n<p><span style=\"color: #777777; font-family: Arial;\">R\u00e9gis Debray a \u00e9crit un livre, paru en 2003, que nous poss\u00e9dons dans notre biblioth\u00e8que et que je n&rsquo;ai pas encore lu <a href=\"http:\/\/www.decitre.fr\/livres\/dieu-un-itineraire-9782738113061.html\"><span style=\"color: blue; text-decoration: underline;\">&lt;Dieu un itin\u00e9raire&gt;<\/span><\/a>.<br \/>\n<\/span><\/p>\n<p><a href=\"http:\/\/vrbatim.fr\/dieu-regis-debray-dialogue-avec-jean-francois-colosimo-sur-le-retour-du-religieux\/\"><span style=\"color: blue; font-family: Arial; text-decoration: underline;\">&lt;Vous pourrez aussi regarder ce dialogue d&rsquo;une grande intelligence entre R\u00e9gis Debray et Jean-Fran\u00e7ois Colosimo&gt;<\/span><\/a><span style=\"color: #777777; font-family: Arial;\"><br \/>\n<\/span><\/p>\n<p><span style=\"color: #c00000; font-family: Arial;\">&lt;753&gt;<br \/>\n<\/span><\/p>\n","protected":false},"excerpt":{"rendered":"<p>Jeudi 22 septembre 2016 \u00abDieu C\u2019est l\u2019Infini qui dit \u00ab&nbsp;Moi, je&nbsp;\u00bb et qui de surcroit pense \u00e0 moi.\u00bb R\u00e9gis Debray Pour qu&rsquo;il n&rsquo;y ait pas d&rsquo;ambig\u00fcit\u00e9, R\u00e9gis Debray pr\u00e9cise toute de suite que son sujet est pr\u00e9cis et d\u00e9limit\u00e9, il<\/p>\n","protected":false},"author":1,"featured_media":0,"comment_status":"closed","ping_status":"closed","sticky":false,"template":"","format":"standard","meta":{"footnotes":""},"categories":[1],"tags":[17,34],"class_list":["post-1425","post","type-post","status-publish","format-standard","hentry","category-motdujour","tag-histoire","tag-religion"],"_links":{"self":[{"href":"https:\/\/lemotdujour.fr\/index.php?rest_route=\/wp\/v2\/posts\/1425","targetHints":{"allow":["GET"]}}],"collection":[{"href":"https:\/\/lemotdujour.fr\/index.php?rest_route=\/wp\/v2\/posts"}],"about":[{"href":"https:\/\/lemotdujour.fr\/index.php?rest_route=\/wp\/v2\/types\/post"}],"author":[{"embeddable":true,"href":"https:\/\/lemotdujour.fr\/index.php?rest_route=\/wp\/v2\/users\/1"}],"replies":[{"embeddable":true,"href":"https:\/\/lemotdujour.fr\/index.php?rest_route=%2Fwp%2Fv2%2Fcomments&post=1425"}],"version-history":[{"count":3,"href":"https:\/\/lemotdujour.fr\/index.php?rest_route=\/wp\/v2\/posts\/1425\/revisions"}],"predecessor-version":[{"id":8773,"href":"https:\/\/lemotdujour.fr\/index.php?rest_route=\/wp\/v2\/posts\/1425\/revisions\/8773"}],"wp:attachment":[{"href":"https:\/\/lemotdujour.fr\/index.php?rest_route=%2Fwp%2Fv2%2Fmedia&parent=1425"}],"wp:term":[{"taxonomy":"category","embeddable":true,"href":"https:\/\/lemotdujour.fr\/index.php?rest_route=%2Fwp%2Fv2%2Fcategories&post=1425"},{"taxonomy":"post_tag","embeddable":true,"href":"https:\/\/lemotdujour.fr\/index.php?rest_route=%2Fwp%2Fv2%2Ftags&post=1425"}],"curies":[{"name":"wp","href":"https:\/\/api.w.org\/{rel}","templated":true}]}}