{"id":14244,"date":"2022-10-17T00:22:21","date_gmt":"2022-10-16T22:22:21","guid":{"rendered":"https:\/\/lemotdujour.fr\/?p=14244"},"modified":"2022-10-17T00:42:00","modified_gmt":"2022-10-16T22:42:00","slug":"lundi-17-octobre-2022","status":"publish","type":"post","link":"https:\/\/lemotdujour.fr\/?p=14244","title":{"rendered":"Lundi 17 octobre 2022"},"content":{"rendered":"<div class=\"mdjTexte\">\u00ab\u00a0La nature, \u00e7a n&rsquo;existe pas.\u00a0\u00bb<\/div>\n<div class=\"mdjAuteur\">Philippe Descola<\/div>\n<p><span style=\"color: #777777; font-family: Arial;\"><strong>Philippe Descola<\/strong> est un anthropologue, disciple de Claude Levi Strauss. Il est n\u00e9 en 1949.<br \/>\n<\/span><\/p>\n<p><span style=\"color: #777777; font-family: Arial;\">Je l&rsquo;avais \u00e9voqu\u00e9 lors du confinement en renvoyant vers une page de Radio France. C&rsquo;\u00e9tait le mot du jour du &lt;<a href=\"https:\/\/lemotdujour.fr\/?p=8634\"><span style=\"color: #0000ff;\">22 avril 2020<\/span><\/a>&gt;:<br \/>\n<\/span><\/p>\n<p><span style=\"color: #777777; font-family: Arial;\">Il a \u00e9t\u00e9 l&rsquo;invit\u00e9 du Grand Face \u00e0 Face du samedi 15 octobre 2022, interrog\u00e9 par <strong>Ali Baddou, Natacha Polony et Gilles Finchelstein<\/strong>.<br \/>\n<\/span><\/p>\n<p><span style=\"color: #777777; font-family: Arial;\">C&rsquo;\u00e9tait en raison de son actualit\u00e9\u00a0: il vient de publier un livre avec <strong>Alessandro Pignocchi<\/strong>\u00a0: \u00ab\u00a0<span style=\"color: #0000ff;\"><a style=\"color: #0000ff;\" href=\"https:\/\/www.seuil.com\/ouvrage\/ethnographies-des-mondes-a-venir-philippe-descola\/9782021473018\">Ethnographies des mondes \u00e0 venir<\/a>\u00a0<\/span>\u00bb paru le 23\/09\/2022.<br \/>\n<\/span><\/p>\n<p><span style=\"color: #0000ff;\"><img loading=\"lazy\" decoding=\"async\" class=\"alignleft\" src=\"https:\/\/lemotdujour.fr\/wp-content\/uploads\/2022\/10\/101622_2212_Lundi17octo1.jpg\" alt=\"\" width=\"329\" height=\"459\" align=\"left\" \/><\/span><span style=\"color: #777777; font-family: Arial;\">Seuil pr\u00e9sente cet ouvrage ainsi\u00a0:<br \/>\n<\/span><\/p>\n<p style=\"margin-left: 28pt;\"><span style=\"color: #c00000; font-family: Arial;\">\u00ab\u00a0Au cours d&rsquo;une conversation tr\u00e8s libre, Alessandro Pignocchi, auteur de BD \u00e9cologiste, invite Philippe Descola, professeur au Coll\u00e8ge de France, \u00e0 refaire le monde. Si l&rsquo;on veut enrayer la catastrophe \u00e9cologique en cours, il va falloir, nous dit-on, changer de fond en comble nos relations \u00e0 la nature, aux milieux de vie ou encore aux vivants non-humains. Mais qu&rsquo;est-ce que cela signifie concr\u00e8tement ? Dans quels projets de soci\u00e9t\u00e9 cette n\u00e9cessaire transformation peut-elle s&rsquo;inscrire ? Et quels sont les leviers d&rsquo;action pour la faire advenir ? En puisant son inspiration dans les donn\u00e9es anthropologiques, les luttes territoriales et les combats autochtones, ce livre esquisse la perspective d&rsquo;une soci\u00e9t\u00e9 hybride qui verrait s&rsquo;articuler des structures \u00e9tatiques et des territoires autonomes dans un foisonnement h\u00e9t\u00e9rog\u00e8ne de modes d&rsquo;organisation sociale, de mani\u00e8res d&rsquo;habiter et de cohabiter.<br \/>\n<\/span><\/p>\n<p style=\"margin-left: 28pt;\"><span style=\"color: #c00000; font-family: Arial;\">Des planches de BD, en contrepoint de ce dialogue vif, nous tendent un miroir dr\u00f4lissime de notre soci\u00e9t\u00e9 malade en convoquant un anthropologue jivaro, des m\u00e9sanges punks ou des hommes politiques nomades et anthropophages en qu\u00eate de m\u00e9tamorphoses.\u00a0\u00bb<br \/>\n<\/span><\/p>\n<p><span style=\"color: #777777; font-family: Arial;\">J&rsquo;ai trouv\u00e9 cet entretien tr\u00e8s int\u00e9ressant et j&rsquo;ai d&rsquo;ailleurs tent\u00e9 d&rsquo;acheter le livre dans ma librairie habituelle, mais elle avait vendu tous les exemplaires disponibles.<br \/>\n<\/span><\/p>\n<p><span style=\"color: #777777; font-family: Arial;\">Cet entretien vous pouvez l&rsquo;\u00e9couter en version audio, \u00e0 partir de la 24<sup>\u00e8me<\/sup> minute\u00a0: <\/span><span style=\"color: #777777; font-family: Arial;\">&lt;<span style=\"color: #0000ff;\"><a style=\"color: #0000ff;\" href=\"https:\/\/www.radiofrance.fr\/franceinter\/podcasts\/le-grand-face-a-face\/le-grand-face-a-face-du-samedi-15-octobre-2022-2526218\">Le Grand Face \u00e0 face<\/a><\/span>&gt;<br \/>\n<\/span><\/p>\n<p><span style=\"color: #777777; font-family: Arial;\">Ou en version vid\u00e9o\u00a0\u00e0 partir de la 27<sup>\u00e8me<\/sup> minute\u00a0: &lt;<span style=\"color: #0000ff;\"><a style=\"color: #0000ff;\" href=\"https:\/\/www.youtube.com\/watch?v=LmmxZyLvP5A\">Le Grand Face \u00e0 Face<\/a><\/span>&gt;<br \/>\n<\/span><\/p>\n<p><span style=\"color: #777777; font-family: Arial;\"><img loading=\"lazy\" decoding=\"async\" class=\"size-full wp-image-14248 alignleft\" src=\"https:\/\/lemotdujour.fr\/wp-content\/uploads\/2022\/10\/alessandro-Pignocchi.jpg\" alt=\"\" width=\"258\" height=\"267\" \/>Il avait \u00e9galement \u00e9t\u00e9 invit\u00e9 par \u00ab\u00a0<a href=\"https:\/\/www.radiofrance.fr\/franceinter\/podcasts\/la-terre-au-carre\/la-terre-au-carre-du-mardi-04-octobre-2022-9494720\"><span style=\"color: #0000ff;\">La t\u00eate au carr\u00e9<\/span>\u00a0<\/a>\u00bb du 4 octobre de <strong>Matthieu Vidard<\/strong>. Dans cette \u00e9mission il \u00e9tait accompagn\u00e9 <strong>d&rsquo;Alessandro Pignocchi<\/strong>.<br \/>\n<\/span><\/p>\n<p><span style=\"color: #777777; font-family: Arial;\">Jeune \u00e9tudiant, dans les ann\u00e9es 1970, il \u00e9tait parti au fin fond de l&rsquo;Amazonie, entre l&rsquo;\u00c9quateur et le P\u00e9rou, \u00e0 la d\u00e9couverte du peuple des <strong>\u00ab\u00a0Achuars\u00a0\u00bb.<\/strong> Il y a pass\u00e9 trois ans en immersion puis y a fait plusieurs s\u00e9jours.<br \/>\n<\/span><\/p>\n<p><span style=\"color: #777777; font-family: Arial;\">Dans l&rsquo;\u00e9mission, il revient plusieurs fois sur cette exp\u00e9rience et surtout sur l&rsquo;\u00e9volution de sa conception des relations entre les humains et les non humains.<br \/>\n<\/span><\/p>\n<p><span style=\"color: #777777; font-family: Arial;\">L&rsquo;anthropologue avait d\u00e9j\u00e0 d\u00e9velopp\u00e9 ces id\u00e9es et donn\u00e9 les m\u00eames exemples dans une interview du 1<sup>er<\/sup> f\u00e9vrier 2020 \u00e0 \u00ab\u00a0<strong>REPORTERRE\u00a0<\/strong>\u00bb\u00a0: &lt;<a href=\"https:\/\/reporterre.net\/Philippe-Descola-La-nature-ca-n-existe-pas\"><span style=\"color: #0000ff;\">Philippe Descola : \u00ab La nature, \u00e7a n&rsquo;existe pas<\/span>.<span style=\"color: #0000ff;\">\u00bb<\/span><\/a>&gt;<br \/>\n<\/span><\/p>\n<p><span style=\"color: #777777; font-family: Arial;\">Je dois dire quelques mots sur ce site et son fondateur qui est aussi l&rsquo;interviewer de Philippe Descola.<br \/>\n<\/span><\/p>\n<p><span style=\"color: #777777; font-family: Arial;\">Ce site \u00ab\u00a0<a href=\"https:\/\/reporterre.net\/\"><span style=\"color: #0000ff;\">REPORTERRE<\/span><\/a>\u00a0\u00bb a \u00e9t\u00e9 cr\u00e9\u00e9 en 2007 par le journaliste du \u00ab\u00a0Monde\u00a0\u00bb <strong>Herv\u00e9 Kempf<\/strong> et a pour sous-titre \u00ab\u00a0Le quotidien de l&rsquo;Ecologie\u00a0\u00bb.<br \/>\n<\/span><\/p>\n<p><span style=\"color: #777777; font-family: Arial;\">Ce site en ligne est en acc\u00e8s libre, sans publicit\u00e9 et il est financ\u00e9 par les dons de ses lecteurs<br \/>\n<\/span><\/p>\n<p><span style=\"color: #777777; font-family: Arial;\">Herv\u00e9 Kempf avait quitt\u00e9 le quotidien Le Monde en 2013, estimant que ce journal ne prenait pas assez en compte les d\u00e9fis \u00e9cologiques. Il s&rsquo;\u00e9tait notamment vu oppos\u00e9 un refus r\u00e9p\u00e9t\u00e9 de la direction du journal de le laisser r\u00e9aliser des reportages sur le projet d&rsquo;a\u00e9roport de Notre-Dame-des-Landes.<br \/>\n<\/span><\/p>\n<p><span style=\"color: #777777; font-family: Arial;\">Il s&rsquo;agit d&rsquo;un tr\u00e8s long article, le site estime \u00e0 25 minutes le temps de lecture.<br \/>\n<\/span><\/p>\n<p><span style=\"color: #777777; font-family: Arial;\">Dans cet article il explique pourquoi il consid\u00e8re que la nature n&rsquo;existe pas\u00a0:<br \/>\n<\/span><\/p>\n<p style=\"margin-left: 28pt;\"><span style=\"color: #c00000; font-family: Arial;\">\u00ab\u00a0 \u00ab La nature a-t-elle une conscience ? \u00bb : cela renvoie \u00e0 des interpr\u00e9tations romantiques parce que la nature est une abstraction.<br \/>\nLa nature, je n&rsquo;ai cess\u00e9 de le montrer au fil des trente derni\u00e8res ann\u00e9es : <strong>la nature, cela n&rsquo;existe pas<\/strong>.<br \/>\nLa nature est un concept, une abstraction. C&rsquo;est une fa\u00e7on d&rsquo;\u00e9tablir une distance entre les humains et les non- humains qui est n\u00e9e par une s\u00e9rie de processus, de d\u00e9cantations successives de la rencontre de la philosophie grecque et de la transcendance des monoth\u00e9ismes, et qui a pris sa forme d\u00e9finitive avec la r\u00e9volution scientifique.<br \/>\nLa nature est un dispositif m\u00e9taphysique, que l&rsquo;Occident et les Europ\u00e9ens ont invent\u00e9 pour mettre en avant la distanciation des humains vis-\u00e0-vis du monde, un monde qui devenait alors un syst\u00e8me de ressources, un domaine \u00e0 explorer dont on essaye de comprendre les lois.\u00a0\u00bb<br \/>\n<\/span><\/p>\n<p><span style=\"color: #777777; font-family: Arial;\">Et il me semble tr\u00e8s int\u00e9ressant de savoir que le mot \u00ab\u00a0<strong>nature<\/strong>\u00a0\u00bb est un mot quasi exclusivement utilis\u00e9 par les europ\u00e9ens dans leurs langues\u00a0:<br \/>\n<\/span><\/p>\n<p style=\"margin-left: 28pt;\"><span style=\"color: #c00000; font-family: Arial;\">\u00ab\u00a0Non seulement les Achuars n&rsquo;ont pas de terme pour d\u00e9signer la nature, mais c&rsquo;est un terme quasiment introuvable ailleurs que dans les langues europ\u00e9ennes, y compris dans les grandes civilisations japonaise et chinoise.\u00a0\u00bb<br \/>\n<\/span><\/p>\n<p><span style=\"color: #777777; font-family: Arial;\">C&rsquo;est donc une invention europ\u00e9enne\u00a0: l&rsquo;id\u00e9e que l&rsquo;homme est un animal \u00e0 part et qu&rsquo;il dispose pour son bien-\u00eatre et son plaisir d&rsquo;un environnement qu&rsquo;il peut utiliser \u00e0 sa guise. Cet environnement, l&rsquo;europ\u00e9en l&rsquo;appelle la nature comprenant les autres animaux, les v\u00e9g\u00e9taux et aussi les min\u00e9raux.\u00a0:<br \/>\n<\/span><\/p>\n<p style=\"margin-left: 28pt;\"><span style=\"color: #c00000; font-family: Arial;\">\u00ab\u00a0Ce n&rsquo;est pas une invention d&rsquo;ailleurs -,cela s&rsquo;est fait petit \u00e0 petit. C&rsquo;est une attention \u00e0 des d\u00e9tails du monde qui a \u00e9t\u00e9 amplifi\u00e9e. Et cette attention a pour r\u00e9sultat que les dimensions physiques caract\u00e9risent les continuit\u00e9s. Effectivement les humains sont des animaux. Tandis que les dimensions morales et cognitives caract\u00e9risent les discontinuit\u00e9s : les humains sont r\u00e9put\u00e9s \u00eatre des \u00eatres tout \u00e0 fait diff\u00e9rents du reste des \u00eatres organis\u00e9s, en particulier du fait qu&rsquo;ils ont la r\u00e9flexivit\u00e9. C&rsquo;est quelque chose qui a \u00e9t\u00e9 tr\u00e8s bien th\u00e9matis\u00e9 au XVIIe si\u00e8cle, avec le cogito cart\u00e9sien : \u00ab Je pense donc je suis. \u00bb Je suis capable r\u00e9flexivement de m&rsquo;appr\u00e9hender comme un \u00eatre pensant. Et, en cela je suis compl\u00e8tement diff\u00e9rent des autres existants.\u00a0\u00bb<br \/>\n<\/span><\/p>\n<p><span style=\"color: #777777; font-family: Arial;\">Descartes qui \u00e9crit aussi sans son \u00ab\u00a0<strong>Discours de la m\u00e9thode<\/strong> \u00bb de se rendre ma\u00eetres et possesseurs de la nature :<br \/>\n<\/span><\/p>\n<p style=\"margin-left: 28pt;\"><span style=\"color: #c00000; font-family: Arial;\">\u00ab Et qu&rsquo;au lieu de cette philosophie sp\u00e9culative qu&rsquo;on enseigne dans les \u00e9coles, on en peut trouver une pratique, par laquelle, connaissant la force et les actions du feu, de l&rsquo;eau, de l&rsquo;air, des astres, des cieux, et de tous les autres corps qui nous environnent, aussi distinctement que nous connaissons les divers m\u00e9tiers de nos artisans, nous les pourrions employer en m\u00eame fa\u00e7on \u00e0 tous les usages auxquels ils sont propres, et ainsi nous rendre comme ma\u00eetres et possesseurs de la nature. \u00bb<br \/>\n<em>Descartes, Discours de la M\u00e9thode<\/em><br \/>\n<\/span><\/p>\n<p><span style=\"color: #777777; font-family: Arial;\">Mais les religions \u00ab du Livre \u00bb l&rsquo;avait pr\u00e9c\u00e9d\u00e9 et ont jou\u00e9 dans cette d\u00e9rive un r\u00f4le essentiel :<br \/>\n<\/span><\/p>\n<p style=\"margin-left: 28pt;\"><span style=\"color: #c00000; font-family: Arial;\">\u00ab\u00a0Dieu les b\u00e9nit et leur dit : Reproduisez-vous, devenez nombreux, remplissez la terre et soumettez-la ! Dominez sur les poissons de la mer, sur les oiseaux du ciel et sur tout animal qui se d\u00e9place sur la terre ! \u00bb<br \/>\n<em>Gen\u00e8se 1.28<\/em><br \/>\n<\/span><\/p>\n<p><span style=\"color: #777777; font-family: Arial;\">Et c&rsquo;est ainsi que la culture occidentale s&rsquo;est construite en s\u00e9parant radicalement l&rsquo;Homme, de la Nature.<br \/>\n<\/span><\/p>\n<p><span style=\"color: #777777; font-family: Arial;\"><img loading=\"lazy\" decoding=\"async\" class=\"wp-image-14250 alignright\" src=\"https:\/\/lemotdujour.fr\/wp-content\/uploads\/2022\/10\/Philippe-Descola.jpg\" alt=\"\" width=\"508\" height=\"335\" srcset=\"https:\/\/lemotdujour.fr\/wp-content\/uploads\/2022\/10\/Philippe-Descola.jpg 717w, https:\/\/lemotdujour.fr\/wp-content\/uploads\/2022\/10\/Philippe-Descola-300x198.jpg 300w\" sizes=\"auto, (max-width: 508px) 100vw, 508px\" \/>Et Descola revient sur les raisons de son int\u00e9r\u00eat pour les Achuars\u00a0:<br \/>\n<\/span><\/p>\n<p style=\"margin-left: 28pt;\"><span style=\"color: #c00000; font-family: Arial;\">\u00ab\u00a0Pourquoi l&rsquo;Amazonie m&rsquo;int\u00e9ressait-elle ? Parce qu&rsquo;il y a dans les descriptions que l&rsquo;on donne des rapports que les Indiens des basses terres d&rsquo;Am\u00e9rique du Sud entretiennent avec la for\u00eat, une constante qu&rsquo;on d\u00e9note d\u00e8s les premiers chroniqueurs du XVIe si\u00e8cle : d&rsquo;une part, ces gens l\u00e0 n&rsquo;ont pas d&rsquo;existence sociale, ils sont &lsquo;sans foi, ni loi sans roi&rsquo; comme on disait \u00e0 l&rsquo;\u00e9poque. C&rsquo;est-\u00e0-dire ils n&rsquo;ont pas de religion, pas de temple, pas de ville, pas m\u00eame de village quelquefois. Et en m\u00eame temps, disait-on, ils sont suradapt\u00e9s \u00e0 la nature. J&#8217;emploie un terme moderne, mais l&rsquo;id\u00e9e est bien celle-l\u00e0 : ils seraient des sortes de prolongements de la nature. Buffon parlait au XVIIIe si\u00e8cle \u00ab d&rsquo;automates impuissants \u00bb, d&rsquo;\u00ab animaux du second rang \u00bb, des termes d\u00e9pr\u00e9ciatifs qui soulignaient cet aspect de suradaptation. Le naturaliste Humbold disait ainsi des Indiens Warao du delta de l&rsquo;Or\u00e9noque qu&rsquo;ils \u00e9taient comme des abeilles qui butinent le palmier \u2013- en l&rsquo;occurrence, un palmier Morisia fructosa, dont on extrait une f\u00e9cule. Et donc ils vivraient de cela comme des insectes butineurs.\u00a0\u00bb<br \/>\n<\/span><\/p>\n<p><span style=\"color: #777777; font-family: Arial;\">Mais Philippe Descola en tire une tout autre conclusion\u00a0:<br \/>\n<\/span><\/p>\n<p style=\"margin-left: 28pt;\"><span style=\"color: #c00000; font-family: Arial;\">\u00ab\u00a0Les Achuars mettent l&rsquo;accent &#8211; et d&rsquo;autres peuples dans le monde &#8211; sur une continuit\u00e9 des int\u00e9riorit\u00e9s, sur le fait qu&rsquo;on peut d\u00e9celer des intentions chez des non-humains qui permettent de les ranger avec les humains sur le plan moral et cognitif.<br \/>\n<\/span><\/p>\n<p><span style=\"color: #777777; font-family: Arial;\">Et il raconte une exp\u00e9rience qu&rsquo;il a cit\u00e9 aussi dans l&rsquo;\u00e9mission de France Inter plus succinctement\u00a0:<br \/>\n<\/span><\/p>\n<p style=\"margin-left: 28pt;\"><span style=\"color: #c00000; font-family: Arial;\">\u00ab\u00a0J&rsquo;ai \u00e9t\u00e9 en Amazonie avec l&rsquo;id\u00e9e que peut-\u00eatre, s&rsquo;ils n&rsquo;avaient pas d&rsquo;institutions sociales imm\u00e9diatement visibles c&rsquo;\u00e9tait parce qu&rsquo;ils avaient \u00e9tendu les limites de la soci\u00e9t\u00e9 au-del\u00e0 du monde des humains. [\u2026]<br \/>\n<\/span><\/p>\n<p style=\"margin-left: 28pt;\"><span style=\"color: #c00000; font-family: Arial;\">Nous avons commenc\u00e9 \u00e0 comprendre ce qui se passait lorsque nous avons discut\u00e9 avec les gens de l&rsquo;interpr\u00e9tation qu&rsquo;ils donnaient \u00e0 leurs r\u00eaves. C&rsquo;est une soci\u00e9t\u00e9 \u2014 on le retrouve dans bien des r\u00e9gions du monde \u2014 o\u00f9, avant le lever du jour, les gens se r\u00e9unissent autour du feu, il fait un peu frais, et o\u00f9 l&rsquo;on discute des r\u00eaves de la nuit pour d\u00e9cider des choses que l&rsquo;on va faire dans la journ\u00e9e. Une sorte \u00ab\u00a0<strong>d&rsquo;oniromancie.<\/strong>\u00a0\u00bb<br \/>\n<\/span><\/p>\n<p style=\"margin-left: 28pt;\"><span style=\"color: #c00000; font-family: Arial;\">L&rsquo;oniromancie, c&rsquo;est-\u00e0-dire l&rsquo;interpr\u00e9tation des r\u00eaves. Il y avait des r\u00eaves \u00e9tranges, dans lesquels des non-humains, des animaux, des plantes se pr\u00e9sentaient sous forme humaine au r\u00eaveur pour d\u00e9clarer des choses, des messages, des informations, se plaindre. L\u00e0, j&rsquo;\u00e9tais un peu perdu, parce qu&rsquo;autant l&rsquo;oniromancie est quelque chose de classique, autant l&rsquo;id\u00e9e qu&rsquo;un singe ou qu&rsquo;un plant de manioc va venir sous forme humaine pendant la nuit d\u00e9clarer quelque chose au r\u00eaveur \u00e9tait inattendue. [\u2026]<br \/>\n<\/span><\/p>\n<p style=\"margin-left: 28pt;\"><span style=\"color: #c00000; font-family: Arial;\">C&rsquo;\u00e9tait donc une femme qui racontait son r\u00eave et disait qu&rsquo;une jeune femme \u00e9tait venue la voir pendant la nuit. L&rsquo;id\u00e9e du r\u00eave est simple et classique dans de nombreuses cultures : l&rsquo;\u00e2me se d\u00e9barrasse des contraintes corporelles, et entretient des rapports avec d&rsquo;autres \u00e2mes qui sont \u00e9galement lib\u00e9r\u00e9es des contraintes corporelles et s&rsquo;expriment dans une langue universelle. Celle-ci permet donc de franchir les barri\u00e8res de la communication qui rendent difficile pour une femme de parler \u00e0 un plant de manioc.<br \/>\n<\/span><\/p>\n<p style=\"margin-left: 28pt;\"><span style=\"color: #c00000; font-family: Arial;\">Donc, la jeune femme venue la visiter lui avait dit : \u00ab Voil\u00e0, tu as cherch\u00e9 \u00e0 m&#8217;empoisonner \u00bb \u00ab Comment ? Pourquoi ? \u00bb Et elle r\u00e9pondait : \u00ab Parce que tu m&rsquo;as plant\u00e9e tr\u00e8s pr\u00e8s d&rsquo;une plante toxique \u00bb. Celle-ci est le barbasco, une plante utilis\u00e9e dans la r\u00e9gion pour modifier la tension superficielle de l&rsquo;eau et priver les poissons d&rsquo;oxyg\u00e8ne. Elle n&rsquo;a pas d&rsquo;effet sur la rivi\u00e8re \u00e0 long terme mais elle asphyxie les poissons, et c&rsquo;est d&rsquo;ailleurs une plante qu&rsquo;on utilise pour se suicider. La jeune femme disait : \u00ab Tu m&rsquo;as plant\u00e9 tout pr\u00e8s de cette plante. Et, tu as cherch\u00e9 \u00e0 m&#8217;empoisonner. \u00bb Pourquoi disait-elle cela ? Parce qu&rsquo;elle apparaissait sous une forme humaine, parce que les plantes et les animaux se voient comme des humains. Et lorsqu&rsquo;ils viennent nous parler, ils adoptent une forme humaine pour communiquer avec nous.\u00a0\u00bb<br \/>\n<\/span><\/p>\n<p><span style=\"color: #777777; font-family: Arial;\">Et quand Herv\u00e9 Kempff le relance en envisageant que la femme avait l&rsquo;intuition d&rsquo;avoir mal agi et que son r\u00eave est une cons\u00e9quence de cette intuition\u00a0: :<br \/>\n<\/span><\/p>\n<p style=\"margin-left: 28pt;\"><span style=\"color: #c00000; font-family: Arial;\">\u00ab\u00a0Je ne sais pas. On peut supposer qu&rsquo;en effet, elle avait soup\u00e7onn\u00e9 qu&rsquo;elle avait plant\u00e9 ses plants de manioc trop pr\u00e8s de ses plants de barbasco. Et que c&rsquo;est apparu sous la forme d&rsquo;un r\u00eave. En tout cas, ce genre de r\u00eave met la puce \u00e0 l&rsquo;oreille puisque les non-humains y paraissent comme des sujets analogues aux humains, en mesure de communiquer avec eux.\u00a0\u00bb<br \/>\n<\/span><\/p>\n<p><span style=\"color: #777777; font-family: Arial;\">Je ne peux pas citer tout ce long article que vous pouvez aller lire.<br \/>\n<\/span><\/p>\n<p><span style=\"color: #777777; font-family: Arial;\">A une question d&rsquo;Herv\u00e9 Kempff il r\u00e9pond qu&rsquo;il r\u00eave aussi mais pas comme les achuars car\u00a0:<br \/>\n<\/span><\/p>\n<p style=\"margin-left: 28pt;\"><span style=\"color: #c00000; font-family: Arial;\">\u00ab\u00a0On ne devient pas animiste comme \u00e7a.\u00a0\u00bb<br \/>\n<\/span><\/p>\n<p><span style=\"color: #777777; font-family: Arial;\">En conclusion il dit comme son grand ami Bruno Latour qui vient de mourir\u00a0:<br \/>\n<\/span><\/p>\n<p style=\"margin-left: 28pt;\"><span style=\"color: #c00000; font-family: Arial;\">\u00ab\u00a0[Il faut] Inventer des formes alternatives d&rsquo;habiter la Terre, des formes alternatives de s&rsquo;organiser entre humains et d&rsquo;entretenir des relations avec les non-humains. Je reprends la formule de Gramsci, \u00ab le pessimisme de la lucidit\u00e9 et l&rsquo;optimisme de la volont\u00e9 \u00bb. Moi, je dirais \u00ab le pessimisme du scientifique et l&rsquo;optimisme de la volont\u00e9 \u00bb<br \/>\n<\/span><\/p>\n<p><span style=\"color: #777777; font-family: Arial;\">Je redonne les diff\u00e9rents liens\u00a0:<br \/>\n<\/span><\/p>\n<ul>\n<li><span style=\"color: #777777; font-family: Arial;\">&lt;<a href=\"https:\/\/www.radiofrance.fr\/franceinter\/podcasts\/le-grand-face-a-face\/le-grand-face-a-face-du-samedi-15-octobre-2022-2526218\"><span style=\"color: #0000ff;\">Le Grand Face \u00e0 face<\/span><\/a><span style=\"color: #0000ff;\">&gt;<\/span><br \/>\n<\/span><\/li>\n<li><span style=\"color: #777777; font-family: Arial;\"><span style=\"color: #0000ff;\">\u00ab\u00a0<a style=\"color: #0000ff;\" href=\"https:\/\/www.radiofrance.fr\/franceinter\/podcasts\/la-terre-au-carre\/la-terre-au-carre-du-mardi-04-octobre-2022-9494720\">La t\u00eate au carr\u00e9\u00a0<\/a>\u00bb<\/span><br \/>\n<\/span><\/li>\n<li><span style=\"color: #777777; font-family: Arial;\">\u00ab\u00a0<strong>REPORTERRE\u00a0<\/strong>\u00bb\u00a0: &lt;<a href=\"https:\/\/reporterre.net\/Philippe-Descola-La-nature-ca-n-existe-pas\"><span style=\"color: #0000ff;\">Philippe Descola : \u00ab La nature, \u00e7a n&rsquo;existe pas<\/span> \u00bb<\/a>&gt;<br \/>\n<\/span><\/li>\n<\/ul>\n<p><span style=\"color: #c00000; font-family: Arial;\">&lt;1723&gt;<br \/>\n<\/span><\/p>\n","protected":false},"excerpt":{"rendered":"<p>\u00ab\u00a0La nature, \u00e7a n&rsquo;existe pas.\u00a0\u00bb Philippe Descola Philippe Descola est un anthropologue, disciple de Claude Levi Strauss. Il est n\u00e9 en 1949. Je l&rsquo;avais \u00e9voqu\u00e9 lors du confinement en renvoyant vers une page de Radio France. C&rsquo;\u00e9tait le mot du<\/p>\n","protected":false},"author":1,"featured_media":0,"comment_status":"open","ping_status":"closed","sticky":false,"template":"","format":"standard","meta":{"footnotes":""},"categories":[1],"tags":[231,43,48],"class_list":["post-14244","post","type-post","status-publish","format-standard","hentry","category-motdujour","tag-anthropologie","tag-ecologie","tag-nature"],"_links":{"self":[{"href":"https:\/\/lemotdujour.fr\/index.php?rest_route=\/wp\/v2\/posts\/14244","targetHints":{"allow":["GET"]}}],"collection":[{"href":"https:\/\/lemotdujour.fr\/index.php?rest_route=\/wp\/v2\/posts"}],"about":[{"href":"https:\/\/lemotdujour.fr\/index.php?rest_route=\/wp\/v2\/types\/post"}],"author":[{"embeddable":true,"href":"https:\/\/lemotdujour.fr\/index.php?rest_route=\/wp\/v2\/users\/1"}],"replies":[{"embeddable":true,"href":"https:\/\/lemotdujour.fr\/index.php?rest_route=%2Fwp%2Fv2%2Fcomments&post=14244"}],"version-history":[{"count":5,"href":"https:\/\/lemotdujour.fr\/index.php?rest_route=\/wp\/v2\/posts\/14244\/revisions"}],"predecessor-version":[{"id":14253,"href":"https:\/\/lemotdujour.fr\/index.php?rest_route=\/wp\/v2\/posts\/14244\/revisions\/14253"}],"wp:attachment":[{"href":"https:\/\/lemotdujour.fr\/index.php?rest_route=%2Fwp%2Fv2%2Fmedia&parent=14244"}],"wp:term":[{"taxonomy":"category","embeddable":true,"href":"https:\/\/lemotdujour.fr\/index.php?rest_route=%2Fwp%2Fv2%2Fcategories&post=14244"},{"taxonomy":"post_tag","embeddable":true,"href":"https:\/\/lemotdujour.fr\/index.php?rest_route=%2Fwp%2Fv2%2Ftags&post=14244"}],"curies":[{"name":"wp","href":"https:\/\/api.w.org\/{rel}","templated":true}]}}