{"id":14227,"date":"2022-10-11T00:07:00","date_gmt":"2022-10-10T22:07:00","guid":{"rendered":"https:\/\/lemotdujour.fr\/?p=14227"},"modified":"2022-10-10T23:56:27","modified_gmt":"2022-10-10T21:56:27","slug":"mardi-11-octobre-2022","status":"publish","type":"post","link":"https:\/\/lemotdujour.fr\/?p=14227","title":{"rendered":"Mardi 11 octobre 2022"},"content":{"rendered":"<div class=\"mdjTexte\">\u00ab&nbsp;Une ivresse extatique de la destruction.&nbsp;\u00bb<\/div>\n<div class=\"mdjAuteur\">Pierre-Henri Castel<\/div>\n<p><span style=\"color: #777777; font-family: Arial;\">J&rsquo;avais d\u00e9j\u00e0 parl\u00e9 de ce livre lors du mot du jour du 3 avril 2020, en plein confinement.<br \/>\n<\/span><\/p>\n<p><img decoding=\"async\" class=\"alignleft\" src=\"https:\/\/lemotdujour.fr\/wp-content\/uploads\/2022\/10\/101022_2147_Mardi10octo1.jpg\" alt=\"\" align=\"left\"><span style=\"color: #777777; font-family: Arial;\">Dans \u00ab&nbsp;<a href=\"https:\/\/www.philomag.com\/les-livres\/lessai-du-mois\/le-mal-qui-vient-36181\"><span style=\"color: #002060;\"><strong>Le mal qui vient&nbsp;<\/strong><\/span><\/a>\u00bb Pierre-Henri Castel se place dans le cadre du d\u00e9fi climatique et \u00e9voque l&rsquo;hypoth\u00e8se que l&rsquo;humanit\u00e9 ne parvienne pas \u00e0 surmonter ce d\u00e9fi.<br \/>\n<\/span><\/p>\n<p><span style=\"color: #777777; font-family: Arial;\">Il examine cette situation en se centrant sur ceux qui par esprit de jouissance, voudront se livrer \u00e0 ce qu&rsquo;il appelle une <span style=\"color: #c00000; font-family: Arial;\">\u00ab&nbsp;ivresse extatique de la destruction&nbsp;\u00bb\u2009: \u00ab&nbsp;plus la fin sera certaine, donc proche, plus la derni\u00e8re jouissance qui nous restera sera la jouissance du Mal&nbsp;\u00bb.<br \/>\n<\/span><\/span><\/p>\n<p><span style=\"color: #777777; font-family: Arial;\">Et pour \u00e9clairer cette hypoth\u00e8se historiquement, il \u00e9voque ce qui s&rsquo;est pass\u00e9 dans les derniers mois du nazisme.<br \/>\n<\/span><\/p>\n<p><span style=\"color: #777777; font-family: Arial;\">Ce livre et cette r\u00e9flexion m&rsquo;est venue lors de mes mots du jour autour du destin de la famille d&rsquo;Anne Frank.<br \/>\n<\/span><\/p>\n<p><span style=\"color: #777777; font-family: Arial;\">Parce que revenons sur le calendrier.<br \/>\n<\/span><\/p>\n<p><span style=\"color: #777777; font-family: Arial;\">Anne Frank et sa famille seront emmen\u00e9s au camp d&rsquo;Auschwitz le 3 septembre 1944.<br \/>\n<\/span><\/p>\n<p><span style=\"color: #777777; font-family: Arial;\">C&rsquo;est \u00e9crit dans tous les articles concernant Anne Frank, c&rsquo;est le dernier convoi vers les camps d&rsquo;extermination partant des Pays Bas.<br \/>\n<\/span><\/p>\n<p><span style=\"color: #777777; font-family: Arial;\">Mais quelle est la situation de l&rsquo;Allemagne nazie \u00e0 cette date&nbsp;?<br \/>\n<\/span><\/p>\n<ul>\n<li><span style=\"color: #777777; font-family: Arial;\">Le 31 janvier 1943, l&rsquo;arm\u00e9e allemande s&rsquo;est rendue \u00e0 Stalingrad.<br \/>\n<\/span><\/li>\n<li><span style=\"color: #777777; font-family: Arial;\">En septembre 1944, l&rsquo;arm\u00e9e rouge a fait reculer la Wehrmacht jusqu&rsquo;\u00e0 la Bulgarie et continue vers les fronti\u00e8res de l&rsquo;Allemagne<br \/>\n<\/span><\/li>\n<li><span style=\"color: #777777; font-family: Arial;\">Les Alli\u00e9s ont d\u00e9barqu\u00e9 en Sicile le 10 juillet 1943, Rome a \u00e9t\u00e9 lib\u00e9r\u00e9e du joug allemand le 4 juin 1944, la Toscane est libre en ao\u00fbt 1944, l&rsquo;Italie s&rsquo;est retourn\u00e9e contre l&rsquo;Allemagne.<br \/>\n<\/span><\/li>\n<li><span style=\"color: #777777; font-family: Arial;\">Les alli\u00e9s ont d\u00e9barqu\u00e9 sur les c\u00f4tes de Normandie, le 6 juin 1944<br \/>\n<\/span><\/li>\n<li><span style=\"color: #777777; font-family: Arial;\">Paris est lib\u00e9r\u00e9 depuis le 25 aout 1944<br \/>\n<\/span><\/li>\n<li><span style=\"color: #777777; font-family: Arial;\">Le 15 ao\u00fbt, des troupes am\u00e9ricaines et fran\u00e7aises ont d\u00e9barqu\u00e9 en Provence<br \/>\n<\/span><\/li>\n<\/ul>\n<p><span style=\"color: #777777; font-family: Arial;\">L&rsquo;Allemagne est encercl\u00e9e, ses arm\u00e9es reculent partout.<br \/>\n<\/span><\/p>\n<p><span style=\"color: #777777; font-family: Arial;\">Ils pr\u00e9parent bien un dernier sursaut dans les Ardennes \u00e0 No\u00ebl 1944, sursaut qui \u00e9chouera.<br \/>\n<\/span><\/p>\n<p><span style=\"color: #777777; font-family: Arial;\">Leurs arm\u00e9es sont d\u00e9cim\u00e9es, ils sont devant des puissances disposant d&rsquo;un armement sup\u00e9rieur et d&rsquo;un nombre de soldats valides largement sup\u00e9rieur.<br \/>\n<\/span><\/p>\n<p><span style=\"color: #777777; font-family: Arial;\">Et ils s&rsquo;obstinent \u00e0 perp\u00e9tuer le g\u00e9nocide juif, alors que la raison devrait les inciter vers une tout autre voie.<br \/>\n<\/span><\/p>\n<p><span style=\"color: #777777; font-family: Arial;\">Parce que ceux qui savent qu&rsquo;ils vont perdre devraient \u00e9viter d&rsquo;aggraver leur cas et leurs crimes, ils savent qu&rsquo;ils auront des comptes \u00e0 rendre apr\u00e8s la d\u00e9faite. D&rsquo;ailleurs, ils tenteront de cacher, sans y arriver, la barbarie des camps.<br \/>\n<\/span><\/p>\n<p><span style=\"color: #777777; font-family: Arial;\">Et ceux qui croient encore que la d\u00e9faite n&rsquo;est pas in\u00e9luctable, devraient consacrer toutes leurs forces, leur \u00e9nergie \u00e0 emp\u00eacher les arm\u00e9es alli\u00e9es de continuer \u00e0 avancer vers l&rsquo;Allemagne.<br \/>\n<\/span><\/p>\n<p><span style=\"color: #777777; font-family: Arial;\">Mais il n&rsquo;y a pas de rationalit\u00e9 dans ces hommes, que de la haine, une \u00ab&nbsp;ivresse extatique de la destruction&nbsp;\u00bb<br \/>\n<\/span><\/p>\n<p><span style=\"color: maroon; font-family: Arial;\">&lt;1721&gt;<\/span><\/p>\n","protected":false},"excerpt":{"rendered":"<p>\u00ab&nbsp;Une ivresse extatique de la destruction.&nbsp;\u00bb Pierre-Henri Castel J&rsquo;avais d\u00e9j\u00e0 parl\u00e9 de ce livre lors du mot du jour du 3 avril 2020, en plein confinement. Dans \u00ab&nbsp;Le mal qui vient&nbsp;\u00bb Pierre-Henri Castel se place dans le cadre du d\u00e9fi<\/p>\n","protected":false},"author":1,"featured_media":0,"comment_status":"open","ping_status":"closed","sticky":false,"template":"","format":"standard","meta":{"footnotes":""},"categories":[1],"tags":[47,157],"class_list":["post-14227","post","type-post","status-publish","format-standard","hentry","category-motdujour","tag-allemagne","tag-genocide"],"_links":{"self":[{"href":"https:\/\/lemotdujour.fr\/index.php?rest_route=\/wp\/v2\/posts\/14227","targetHints":{"allow":["GET"]}}],"collection":[{"href":"https:\/\/lemotdujour.fr\/index.php?rest_route=\/wp\/v2\/posts"}],"about":[{"href":"https:\/\/lemotdujour.fr\/index.php?rest_route=\/wp\/v2\/types\/post"}],"author":[{"embeddable":true,"href":"https:\/\/lemotdujour.fr\/index.php?rest_route=\/wp\/v2\/users\/1"}],"replies":[{"embeddable":true,"href":"https:\/\/lemotdujour.fr\/index.php?rest_route=%2Fwp%2Fv2%2Fcomments&post=14227"}],"version-history":[{"count":3,"href":"https:\/\/lemotdujour.fr\/index.php?rest_route=\/wp\/v2\/posts\/14227\/revisions"}],"predecessor-version":[{"id":14232,"href":"https:\/\/lemotdujour.fr\/index.php?rest_route=\/wp\/v2\/posts\/14227\/revisions\/14232"}],"wp:attachment":[{"href":"https:\/\/lemotdujour.fr\/index.php?rest_route=%2Fwp%2Fv2%2Fmedia&parent=14227"}],"wp:term":[{"taxonomy":"category","embeddable":true,"href":"https:\/\/lemotdujour.fr\/index.php?rest_route=%2Fwp%2Fv2%2Fcategories&post=14227"},{"taxonomy":"post_tag","embeddable":true,"href":"https:\/\/lemotdujour.fr\/index.php?rest_route=%2Fwp%2Fv2%2Ftags&post=14227"}],"curies":[{"name":"wp","href":"https:\/\/api.w.org\/{rel}","templated":true}]}}