{"id":14193,"date":"2022-10-10T00:26:19","date_gmt":"2022-10-09T22:26:19","guid":{"rendered":"https:\/\/lemotdujour.fr\/?p=14193"},"modified":"2022-10-10T09:21:44","modified_gmt":"2022-10-10T07:21:44","slug":"lundi-10-octobre-2022","status":"publish","type":"post","link":"https:\/\/lemotdujour.fr\/?p=14193","title":{"rendered":"Lundi 10 octobre 2022"},"content":{"rendered":"<div class=\"mdjTexte\">\u00ab\u00a0Personne n&rsquo;est \u00e9pargn\u00e9, vieillards, enfants, b\u00e9b\u00e9s, femmes enceintes, malades, tout, tout est entra\u00een\u00e9 dans ce voyage vers la mort.\u00a0\u00bb<\/div>\n<div class=\"mdjAuteur\">Journal d&rsquo;Anne Frank, le 19 novembre 1942<\/div>\n<p><span style=\"color: #777777; font-family: Arial;\">Anne Frank a tenu son journal du 12 juin 1942 au 1<sup>er<\/sup> ao\u00fbt 1944. Jusqu&rsquo;au printemps de 1944, elle \u00e9crivait ses lettres pour elle, seule, jusqu&rsquo;au moment o\u00f9 elle entendit \u00e0 la radio de Londres, le ministre de l&rsquo;Education du gouvernement n\u00e9erlandais en exil dire qu&rsquo;apr\u00e8s la guerre, il faudrait rassembler et publier tout ce qui pourrait t\u00e9moigner des souffrances du peuple n\u00e9erlandais sous l&rsquo;occupation allemande. Il citait \u00e0 titre d&rsquo;exemple, entre autres, les journaux intimes. Frapp\u00e9e par ce discours, Anne Frank d\u00e9cida de publier un livre apr\u00e8s la guerre, son journal devant servir de base.<br \/>\n<\/span><\/p>\n<p><span style=\"color: #777777; font-family: Arial;\"><img loading=\"lazy\" decoding=\"async\" class=\"wp-image-14202 alignleft\" src=\"https:\/\/lemotdujour.fr\/wp-content\/uploads\/2022\/10\/ecrituresannefrank.jpg\" alt=\"\" width=\"603\" height=\"360\" srcset=\"https:\/\/lemotdujour.fr\/wp-content\/uploads\/2022\/10\/ecrituresannefrank.jpg 799w, https:\/\/lemotdujour.fr\/wp-content\/uploads\/2022\/10\/ecrituresannefrank-300x179.jpg 300w, https:\/\/lemotdujour.fr\/wp-content\/uploads\/2022\/10\/ecrituresannefrank-768x458.jpg 768w\" sizes=\"auto, (max-width: 603px) 100vw, 603px\" \/>Elle commen\u00e7a \u00e0 remanier et \u00e0 r\u00e9\u00e9crire celui-ci, corrigeant et supprimant les passages qu&rsquo;elle consid\u00e9rait comme peu int\u00e9ressants, ou en ajoutant d&rsquo;autres puis\u00e9s dans sa m\u00e9moire.<br \/>\n<\/span><\/p>\n<p><span style=\"color: #777777; font-family: Arial;\">Parall\u00e8lement, elle continuait \u00e0 tenir son journal originel, celui qui est appel\u00e9 \u00ab\u00a0version a\u00a0\u00bb par opposition \u00e0 la \u00ab\u00a0version b\u00a0\u00bb la deuxi\u00e8me r\u00e9\u00e9crite.<br \/>\n<\/span><\/p>\n<p><span style=\"color: #777777; font-family: Arial;\">Apr\u00e8s que les nazis aient pill\u00e9 l&rsquo;annexe et d\u00e9rob\u00e9 tous les objets de valeurs, les feuillets du journal se trouvaient par terre, car ces criminels avaient vid\u00e9 la serviette qui les contenait pour utiliser celle-ci afin d&#8217;emporter les objets vol\u00e9s.<br \/>\n<\/span><\/p>\n<p><span style=\"color: #777777; font-family: Arial;\">C&rsquo;est alors qu&rsquo;une des salari\u00e9s d&rsquo;Otto Frank qui n&rsquo;avait pas \u00e9t\u00e9 arr\u00eat\u00e9e et avait aid\u00e9 les huit juifs cach\u00e9s pendant toute la p\u00e9riode, <strong>Miep Gies<\/strong> a ramass\u00e9 soigneusement tous les feuillets et les a rang\u00e9s, sans les lire, avec pour objectif de les rendre \u00e0 Anne \u00e0 son retour.<br \/>\n<\/span><\/p>\n<p><span style=\"color: #777777; font-family: Arial;\">Apr\u00e8s la guerre, quand il \u00e9tait devenu certain qu&rsquo;Anne avait \u00e9t\u00e9 victime de la barbarie nazi, Miep Gies remit ce document au seul survivant, le p\u00e8re d&rsquo;Anne.<br \/>\n<\/span><\/p>\n<p><span style=\"color: #777777; font-family: Arial;\">Otto Frank lut alors le journal de sa fille, document qu&rsquo;il n&rsquo;avait jamais lu jusqu&rsquo;alors.<br \/>\n<\/span><\/p>\n<p><span style=\"color: #777777; font-family: Arial;\">Il en fut boulevers\u00e9, il se rendit compte qu&rsquo;il connaissait peu sa fille.<br \/>\n<\/span><\/p>\n<p><span style=\"color: #777777; font-family: Arial;\">Apr\u00e8s mure r\u00e9flexion, Otto Frank, d\u00e9cida d&rsquo;exaucer le v\u0153u de sa fille dont la volont\u00e9 d&rsquo;\u00eatre publi\u00e9e \u00e9tait \u00e9vidente, en faisant \u00e9diter ce qui sera la premi\u00e8re \u00e9dition de ce journal.<br \/>\n<\/span><\/p>\n<p><span style=\"color: #777777; font-family: Arial;\">A cette fin, il composa \u00e0 partir des deux versions d&rsquo;Anne l&rsquo;originale (version a) et la retouch\u00e9e (version b) une troisi\u00e8me abr\u00e9g\u00e9e dite version c.<br \/>\n<\/span><\/p>\n<p><span style=\"color: #777777; font-family: Arial;\">C&rsquo;est ce que l&rsquo;on apprend dans le livre de <strong>Lola Lafon<\/strong> \u00ab Quand tu \u00e9couteras cette chanson \u00bb, mais aussi l&rsquo;Avant-Propos de l&rsquo;\u00e9dition publi\u00e9e en juillet 2019 qui se veut une version exhaustive et non \u00e9dulcor\u00e9e de ce qu&rsquo;a \u00e9crit <strong>Anne Frank<\/strong>.<br \/>\n<\/span><\/p>\n<p><span style=\"color: #777777; font-family: Arial;\">Anne Frank a \u00e9crit sur tous les th\u00e8mes, de l&rsquo;intime \u00e0 la politique en passant par la philosophie.<br \/>\n<\/span><\/p>\n<p><span style=\"color: #777777; font-family: Arial;\">Jeune adolescente elle entrait en conflit avec ses parents, elle s&rsquo;\u00e9veillait \u00e0 la sexualit\u00e9.<br \/>\n<\/span><\/p>\n<p><span style=\"color: #777777; font-family: Arial;\"><img loading=\"lazy\" decoding=\"async\" class=\"size-full wp-image-14209 alignleft\" src=\"https:\/\/lemotdujour.fr\/wp-content\/uploads\/2022\/10\/Anne_Frank-May_1942-Derniere-photo-connue.jpg\" alt=\"\" width=\"447\" height=\"463\" srcset=\"https:\/\/lemotdujour.fr\/wp-content\/uploads\/2022\/10\/Anne_Frank-May_1942-Derniere-photo-connue.jpg 447w, https:\/\/lemotdujour.fr\/wp-content\/uploads\/2022\/10\/Anne_Frank-May_1942-Derniere-photo-connue-290x300.jpg 290w\" sizes=\"auto, (max-width: 447px) 100vw, 447px\" \/>Le 24 mars 1944, elle d\u00e9crit les organes sexuels f\u00e9minins\u00a0:<br \/>\n<\/span><\/p>\n<p style=\"margin-left: 28pt;\"><span style=\"color: #c00000; font-family: Arial;\">\u00ab\u00a0Devant, quand on est debout, on ne voit rien que des poils, entre les jambes se trouvent en fait des esp\u00e8ces de petits coussinets, des choses molles, elles aussi couvertes de poils, qui se touchent quand on se met debout, \u00e0 ce moment-l\u00e0, on ne peut pas voir ce qui se trouve \u00e0 l&rsquo;int\u00e9rieur. Quand on s&rsquo;assoit, elles se s\u00e9parent, et dedans c&rsquo;est tr\u00e8s rouge, vilain et charnu. Dans la partie sup\u00e9rieure, entre les grandes l\u00e8vres, en haut, il y a un repli de peau qui, si l&rsquo;on observe mieux, est une sorte de petite poche, c&rsquo;est le clitoris. Puis il y a les petites l\u00e8vres, elles se touchent, elles aussi, et forment comme un repli. Quand elles s&rsquo;ouvrent, on trouve \u00e0 l&rsquo;int\u00e9rieur un petit bout de chair, pas plus grand que l&rsquo;extr\u00e9mit\u00e9 de mon pouce. Le haut de ce bout de chair est poreux, il comporte diff\u00e9rents trous et de l\u00e0 sort l&rsquo;urine. Le bas semble n&rsquo;\u00eatre que de la peau, mais pourtant c&rsquo;est l\u00e0 que se trouve le vagin. Des replis de peau le recouvrent compl\u00e8tement, on a beaucoup de mal \u00e0 le d\u00e9nicher. Le trou en dessous est si minuscule que je n&rsquo;arrive presque pas \u00e0 m&rsquo;imaginer comment un homme peut y entrer, et encore moins comment un enfant entier peut en sortir. On arrive tout juste \u00e0 faire entrer l&rsquo;index dans ce trou, et non sans mal. Voil\u00e0 tout, et pourtant cela joue un si grand r\u00f4le !\u00a0\u00bb\u00a0\u00bb<br \/>\n<\/span><span style=\"color: #c00000; font-family: Arial;\"><em>Page 247 de la version de 2019<br \/>\n<\/em><\/span><\/p>\n<p><span style=\"color: #777777; font-family: Arial;\">Il \u00e9tait inimaginable de publier un tel texte en 1947, il a donc fallu retirer ce texte et bien d&rsquo;autres sur ce sujet comme celui dans lequel elle parle des prostitu\u00e9es.<br \/>\n<\/span><\/p>\n<p><span style=\"color: #777777; font-family: Arial;\">Dans un autre feuillet, elle souligne l&rsquo;importance d&rsquo;avoir une \u00e9ducation sexuelle compl\u00e8te et de qualit\u00e9 et ne pas comprendre pourquoi les adultes \u00e9taient si discrets sur le sujet.<br \/>\n<\/span><\/p>\n<p><span style=\"color: #777777; font-family: Arial;\">Un<span style=\"color: #0000ff;\"> <a style=\"color: #0000ff;\" href=\"https:\/\/www.vanityfair.fr\/actualites\/article\/le-journal-anne-frank-retire-du-programme-scolaire-au-texas\">district scolaire du Texas<\/a><\/span> a d&rsquo;ailleurs retir\u00e9 le journal de ses biblioth\u00e8ques en raison de \u00ab\u00a0son caract\u00e8re pornographique\u00a0\u00bb<br \/>\n<\/span><\/p>\n<p><span style=\"color: #777777; font-family: Arial;\">Anne Frank d\u00e9peint la vie dans l&rsquo;annexe avec un \u0153il analytique, un sens du d\u00e9tail \u00e9tonnant. Elle donne \u00e0 voir, dans l&rsquo;enfermement, des moments de partage, d&rsquo;ennui, de r\u00eaverie, mais aussi d&rsquo;agacement.<br \/>\n<\/span><\/p>\n<p><span style=\"color: #777777; font-family: Arial;\">Elle \u00e9crit sans d\u00e9tour sa relation conflictuelle avec sa m\u00e8re et d\u00e9crit sa proximit\u00e9 avec son p\u00e8re.<br \/>\n<\/span><\/p>\n<p><span style=\"color: #777777; font-family: Arial;\">Par exemple elle \u00e9crit le dimanche 2 janvier 1944\u00a0:<br \/>\n<\/span><\/p>\n<p style=\"margin-left: 28pt;\"><span style=\"color: #c00000; font-family: Arial;\">\u00ab\u00a0Ce matin, comme je n&rsquo;avais rien \u00e0 faire j&rsquo;ai feuillet\u00e9 mon journal et suis tomb\u00e9e \u00e0 plusieurs reprises sur des lettres traitant du sujet \u00ab\u00a0maman\u00a0\u00bb en des termes tellement violents que j&rsquo;en \u00e9tais choqu\u00e9e et me suis demand\u00e9\u00a0: \u00ab\u00a0Anne, c&rsquo;est vraiment toi qui as parl\u00e9 de haine, oh Anne Comment as-tu pu\u00a0?\u00a0\u00bb<br \/>\n<\/span><\/p>\n<p><span style=\"color: #777777; font-family: Arial;\">Elle d\u00e9veloppe, un long paragraphe de justifications, d&rsquo;explications, de regret et dit sa conviction qu&rsquo;elle n&rsquo;agirait plus ainsi un an apr\u00e8s et fini par cette conclusion\u00a0:<br \/>\n<\/span><\/p>\n<p style=\"margin-left: 28pt;\"><span style=\"color: #c00000; font-family: Arial;\">\u00ab\u00a0Je tranquillise ma conscience en me disant qu&rsquo;il vaut mieux laisser les injures sur le papier plut\u00f4t que d&rsquo;obliger maman \u00e0 les porter dans son c\u0153ur.\u00a0\u00bb<br \/>\n<em>Page 167 de la version de 2019<\/em><br \/>\n<\/span><\/p>\n<p><span style=\"color: #777777; font-family: Arial;\">Lola Lafon nous apprend que pour ne pas froisser les allemands, les passages trop violents \u00e0 leur \u00e9gard seront aussi retir\u00e9s.<br \/>\n<\/span><\/p>\n<p><span style=\"color: #777777; font-family: Arial;\"><img loading=\"lazy\" decoding=\"async\" class=\"size-full wp-image-14207 alignright\" src=\"https:\/\/lemotdujour.fr\/wp-content\/uploads\/2022\/10\/La-famille-Anne-Frank.jpg\" alt=\"\" width=\"355\" height=\"493\" srcset=\"https:\/\/lemotdujour.fr\/wp-content\/uploads\/2022\/10\/La-famille-Anne-Frank.jpg 355w, https:\/\/lemotdujour.fr\/wp-content\/uploads\/2022\/10\/La-famille-Anne-Frank-216x300.jpg 216w\" sizes=\"auto, (max-width: 355px) 100vw, 355px\" \/>Mais les pires, \u00e0 son sens, sont les am\u00e9ricains qui veulent faire un film du journal. Mais \u00e0 cette \u00e9poque, <a href=\"https:\/\/lemotdujour.fr\/?p=1088\"><span style=\"color: #0000ff;\">la r\u00e9volution des s\u00e9ries de H.BO.<\/span><\/a> n&rsquo;a pas encore eu lieu. Les artistes et producteurs am\u00e9ricains ne veulent pas d&rsquo;histoires trop tristes. Il y a certes des bons et des m\u00e9chants, mais les m\u00e9chants ne peuvent pas gagner et il faut que la fin ouvre sur l&rsquo;espoir.<br \/>\n<\/span><\/p>\n<p><span style=\"color: #777777; font-family: Arial;\">En plus, il faut que tout le monde puisse s&rsquo;identifier au h\u00e9ros, le film am\u00e9ricain consid\u00e8re donc pertinent de gommer la juda\u00efcit\u00e9 d&rsquo;Anne et de sa famille.<br \/>\n<\/span><\/p>\n<p><span style=\"color: #777777; font-family: Arial;\"><strong>Lola Lafon<\/strong> signale le t\u00e9moignage d&rsquo;un spectateur am\u00e9ricain qui a la fin du film trouvait qu&rsquo;il \u00e9tait vraiment tr\u00e8s beau et que finalement il n&rsquo;exprimait aucune haine \u00e0 l&rsquo;\u00e9gard des nazis.<br \/>\n<\/span><\/p>\n<p><span style=\"color: #777777; font-family: Arial;\">Puis on racontera le journal sur la base de ce film.<br \/>\n<\/span><\/p>\n<p><span style=\"color: #777777; font-family: Arial;\">On citera avec exaltation cette phrase \u00e9crite par Anne Frank\u00a0:<br \/>\n<\/span><\/p>\n<p style=\"margin-left: 28pt;\"><span style=\"color: #c00000; font-family: Arial;\">\u00ab\u00a0Malgr\u00e9 tout, je crois encore \u00e0 la bont\u00e9 inn\u00e9e des hommes.\u00a0\u00bb<br \/>\n<\/span><\/p>\n<p><span style=\"color: #777777; font-family: Arial;\">Et il est vrai qu&rsquo;elle a \u00e9crit cette phrase le 15 juillet 1944, 20 jours avant d&rsquo;\u00eatre arr\u00eat\u00e9e et que son calvaire ne commence.<br \/>\n<\/span><\/p>\n<p><span style=\"color: #777777; font-family: Arial;\">Mais cette phrase est suivie de ce passage\u00a0:<br \/>\n<\/span><\/p>\n<p style=\"margin-left: 28pt;\"><span style=\"color: #c00000; font-family: Arial;\">\u00ab\u00a0Il m&rsquo;est absolument impossible de tout construire sur une base de mort, de mis\u00e8re et de confusion. Je vois comment le monde se transforme lentement en un d\u00e9sert, j&rsquo;entends plus fort, toujours plus fort, le grondement du tonnerre qui approche et nous tuera, nous aussi, je ressens la souffrance de millions de personnes et pourtant, quand je regarde le ciel, je pense que tout finira par s&rsquo;arranger, que toute cette cruaut\u00e9 aura une fin, que le calme et la paix reviendront r\u00e9gner sur le monde\u00a0\u00bb<br \/>\n<\/span><span style=\"color: #c00000; font-family: Arial;\"><em>Page 346 de la version de 2019<br \/>\n<\/em><\/span><\/p>\n<p><span style=\"color: #777777; font-family: Arial;\">Lucidit\u00e9 de la trag\u00e9die, de la cruaut\u00e9 et aussi qu&rsquo;il existera un monde apr\u00e8s les nazis. Lucidit\u00e9 de son sort\u00a0: Le tonnerre, autrement dit la violence, nous tuera\u00a0!\u00a0\u00bb<br \/>\n<\/span><\/p>\n<p><span style=\"color: #777777; font-family: Arial;\">Et <strong>Lola Lafon<\/strong> renvoie vers un autre texte qui n&rsquo;est pas pass\u00e9 \u00e0 la post\u00e9rit\u00e9 probablement parce qu&rsquo;il n&rsquo;\u00e9tait pas en phase avec la Anne Frank qui croyait \u00e0 \u00ab\u00a0la bont\u00e9 inn\u00e9e des hommes\u00a0\u00bb.<br \/>\n<\/span><\/p>\n<p><span style=\"color: #777777; font-family: Arial;\">Elle a \u00e9crit, le mercredi 3 mai 1944\u00a0:<br \/>\n<\/span><\/p>\n<p style=\"margin-left: 28pt;\"><span style=\"color: #c00000; font-family: Arial;\">\u00ab\u00a0On ne me fera jamais croire que la guerre n&rsquo;est provoqu\u00e9e que par les grands hommes, les gouvernants et les capitalistes, <strong>oh non, les petites gens aime la faire au moins autant sinon les peuples se seraient r\u00e9volt\u00e9s contre elle depuis longtemps ! Il y a tout simplement chez les hommes un besoin de frapper \u00e0 mort, d&rsquo;assassiner de s&rsquo;enivrer de violence, et tant que l&rsquo;humanit\u00e9 toute enti\u00e8re, sans exception, n&rsquo;aura pas subi une grande m\u00e9tamorphose, la guerre fera rage<\/strong>, tout ce qui a \u00e9t\u00e9 construit, cultiv\u00e9, tout ce qui s&rsquo;est d\u00e9velopp\u00e9 sera tranch\u00e9 et an\u00e9anti, pour recommencer ensuite. \u00bb<br \/>\n<\/span><span style=\"color: #c00000; font-family: Arial;\"><em>Page 293 de la version de 2019<br \/>\n<\/em><\/span><\/p>\n<p><span style=\"color: #777777; font-family: Arial;\">C&rsquo;est une adolescente de 15 ans qui \u00e9crit cela.<br \/>\n<\/span><\/p>\n<p><span style=\"color: #777777; font-family: Arial;\">Et alors on ne savait pas ce qui se passait pour les juifs\u00a0?<br \/>\n<\/span><\/p>\n<p><span style=\"color: #777777; font-family: Arial;\">Voici ce qu&rsquo;\u00e9crivait Anne Frank le 9 octobre 1942\u00a0:<br \/>\n<\/span><\/p>\n<p style=\"margin-left: 28pt;\"><span style=\"color: #c00000; font-family: Arial;\"> \u00ab Aujourd&rsquo;hui, je n&rsquo;ai que des nouvelles tristes et d\u00e9primantes \u00e0 rapporter. Nos nombreux amis et connaissances juifs sont emmen\u00e9s en masse. La Gestapo les traite tr\u00e8s durement et les transporte dans des wagons \u00e0 bestiaux jusqu&rsquo;\u00e0 Westerbork, le grand camp de Drenthe o\u00f9 ils envoient tous les Juifs. Miep nous a parl\u00e9 de quelqu&rsquo;un qui avait r\u00e9ussi \u00e0 s&rsquo;\u00e9chapper de Westerbork. Westerbork doit \u00eatre \u00e9pouvantable. On ne donne presque rien \u00e0 manger aux gens, encore moins \u00e0 boire. Ils n&rsquo;ont de l&rsquo;eau qu&rsquo;une heure par jour, et il n&rsquo;y a qu&rsquo;un WC et un lavabo pour plusieurs milliers de personnes. Ils dorment tous ensemble, hommes, femmes et enfants\u00a0; les femmes et les enfants ont souvent la t\u00eate ras\u00e9e.<br \/>\nIl est presque impossible de fuir. [\u2026]<br \/>\n<\/span><span style=\"color: #c00000; font-family: Arial;\">S&rsquo;il se passe d\u00e9j\u00e0 des choses aussi affreuses en Hollande, <strong>qu&rsquo;est ce qui les attend dans les r\u00e9gions lointaines et barbares o\u00f9 on les envoie\u00a0?<br \/>\nNous supposons que la plupart se font massacrer. La radio anglaise parle d&rsquo;asphyxie par les gaz\u00a0; C&rsquo;est peut-\u00eatre la m\u00e9thode d&rsquo;\u00e9limination la plus rapide<\/strong>.\u00a0\u00bb<br \/>\n<\/span><span style=\"color: #c00000; font-family: Arial;\"><em>Page 62 de la version de 2019<\/em><br \/>\n<\/span><\/p>\n<p><span style=\"color: #777777; font-family: Arial;\">Et le 19 novembre 1942, elle \u00e9crivait\u00a0:<br \/>\n<\/span><\/p>\n<p style=\"margin-left: 28pt;\"><span style=\"color: #c00000; font-family: Arial;\">\u00ab Souvent le soir, \u00e0 la nuit tomb\u00e9e, je vois marcher ces colonnes de braves gens innocents, avec des enfants en larmes, marcher sans arr\u00eat, sous le commandement de quelques-uns de ces types, qui les frappent et les maltraitent jusqu&rsquo;\u00e0 les faire tomber d&rsquo;\u00e9puisement, ou presque. <strong>Personne n&rsquo;est \u00e9pargn\u00e9, vieillards, enfants, b\u00e9b\u00e9s, femmes enceintes, malades, tout, tout est entra\u00een\u00e9 dans ce voyage vers la mort.<br \/>\n<\/strong>[\u2026] et tout cela, pour la seule raison qu&rsquo;ils sont juifs\u00a0\u00bb<br \/>\n<\/span><span style=\"color: #c00000; font-family: Arial;\"><em>Page 77 de la version de 2019<br \/>\n<\/em><\/span><\/p>\n<p><span style=\"color: #777777; font-family: Arial;\"><strong>Ainsi parlait Anne Frank en 1942\u00a0!<br \/>\n<\/strong><\/span><\/p>\n<p><span style=\"color: #777777; font-family: Arial;\"><strong>Lola Lafon <\/strong>entre peu \u00e0 peu dans la r\u00e9alit\u00e9 de cette \u0153uvre, car il s&rsquo;agit d&rsquo;une \u0153uvre litt\u00e9raire qu&rsquo;Anne Frank a corrig\u00e9, r\u00e9\u00e9crit dans le but de la faire publier.<br \/>\n<\/span><\/p>\n<p><span style=\"color: #777777; font-family: Arial;\">Avant d&rsquo;aller \u00e0 Amsterdam, Lola Lafon a eu une rencontre vid\u00e9o avec <strong>Laureen Nussbaum <\/strong>qui est une \u00e9crivaine et linguiste, sp\u00e9cialiste du journal d&rsquo;Anne Frank et qui a connu personnellement la famille Frank<strong>\u00a0:<br \/>\n<\/strong><\/span><\/p>\n<p style=\"margin-left: 28pt;\"><span style=\"color: #c00000; font-family: Arial;\">\u00ab\u00a0Ce soir-l\u00e0, elle me conseille de m&rsquo;int\u00e9resser aux quatri\u00e8mes de couverture des diff\u00e9rentes \u00e9ditions du Journal. Elles sont extr\u00eamement r\u00e9v\u00e9latrices. Ce que les \u00e9diteurs ont choisi de mettre en avant et, aussi, les mots qu&rsquo;ils ont \u00e9vit\u00e9 d&#8217;employer.<br \/>\n<\/span><\/p>\n<p style=\"margin-left: 28pt;\"><span style=\"color: #c00000; font-family: Arial;\">Dans les ann\u00e9es 1960, par exemple, me dit Laureen, on pouvait lire ceci\u00a0: \u00ab\u00a0Lire le Journal c&rsquo;est assister \u00e0 l&rsquo;\u00e9panouissement d&rsquo;une adolescente face \u00e0 l&rsquo;adversit\u00e9.\u00a0\u00bb<br \/>\n<\/span><\/p>\n<p style=\"margin-left: 28pt;\"><span style=\"color: #c00000; font-family: Arial;\">A sa parution aux \u00c9tats-Unis, on demande \u00e0 Eleanor Roosevelt d&rsquo;ajouter un avant-propos. Elle y loue \u00ab la noblesse de l&rsquo;esprit humain \u00bb, s&rsquo;\u00e9meut de ce \u00ab message d&rsquo;espoir \u00bb. Le Journal est \u00ab un monument \u00bb \u00e9lev\u00e9 \u00e0 tous ceux qui \u00ab \u0153uvrent pour la paix \u00bb.<br \/>\n<\/span><\/p>\n<p style=\"margin-left: 28pt;\"><span style=\"color: #c00000; font-family: Arial;\">Pas une allusion au r\u00e9gime nazi, ni \u00e0 la shoah. Pas un mot sur les conditions dans lesquelles Anne Frank a \u00e9crit.<br \/>\n<\/span><\/p>\n<p style=\"margin-left: 28pt;\"><span style=\"color: #c00000; font-family: Arial;\">\u00ab\u00a0Anne n&rsquo;\u0153uvrait pas pour la paix. Elle gagnait du temps sur la mort en \u00e9crivant sa vie. [\u2026] Anne Frank d\u00e9sirait \u00eatre lue, pas v\u00e9n\u00e9r\u00e9e. [\u2026]<br \/>\n<\/span><\/p>\n<p style=\"margin-left: 28pt;\"><span style=\"color: #c00000; font-family: Arial;\">Elle n&rsquo;est pas une sainte. Pas un symbole. Son journal est l&rsquo;\u0153uvre d&rsquo;une jeune fille victime d&rsquo;un g\u00e9nocide, perp\u00e9tr\u00e9 dans l&rsquo;indiff\u00e9rence absolue de tous ceux qui savaient.<br \/>\nN&rsquo;utilisez pas le mot espoir, s&rsquo;il vous plait.\u00a0\u00bb<br \/>\n<em>Pages 26 et 27 \u00ab\u00a0Quand tu \u00e9couteras cette chanson de Lola Lafon<br \/>\n<\/em><\/span><\/p>\n<p><span style=\"color: #777777; font-family: Arial;\">Le livre de Lola Lafon nous incite \u00e0 lire, dans sa derni\u00e8re version, le Monument \u00e9crit par une jeune adolescente qui essaye d&rsquo;arracher des moments de vie et de r\u00e9flexions dans le monde terrifiant, horrible et bestial cr\u00e9\u00e9 par des humains ignobles et monstrueux.<br \/>\n<\/span><\/p>\n<p><img loading=\"lazy\" decoding=\"async\" class=\"alignnone size-full wp-image-14200\" src=\"https:\/\/lemotdujour.fr\/wp-content\/uploads\/2022\/10\/Journal-Anne-Frank-Edition-2019.jpg\" alt=\"\" width=\"400\" height=\"613\" srcset=\"https:\/\/lemotdujour.fr\/wp-content\/uploads\/2022\/10\/Journal-Anne-Frank-Edition-2019.jpg 400w, https:\/\/lemotdujour.fr\/wp-content\/uploads\/2022\/10\/Journal-Anne-Frank-Edition-2019-196x300.jpg 196w\" sizes=\"auto, (max-width: 400px) 100vw, 400px\" \/><\/p>\n<p><span style=\"color: maroon; font-family: Arial;\">&lt;1720&gt;<\/span><\/p>\n","protected":false},"excerpt":{"rendered":"<p>\u00ab\u00a0Personne n&rsquo;est \u00e9pargn\u00e9, vieillards, enfants, b\u00e9b\u00e9s, femmes enceintes, malades, tout, tout est entra\u00een\u00e9 dans ce voyage vers la mort.\u00a0\u00bb Journal d&rsquo;Anne Frank, le 19 novembre 1942 Anne Frank a tenu son journal du 12 juin 1942 au 1er ao\u00fbt 1944.<\/p>\n","protected":false},"author":1,"featured_media":0,"comment_status":"open","ping_status":"closed","sticky":false,"template":"","format":"standard","meta":{"footnotes":""},"categories":[1],"tags":[157,9,209],"class_list":["post-14193","post","type-post","status-publish","format-standard","hentry","category-motdujour","tag-genocide","tag-litterature","tag-pays-bas"],"_links":{"self":[{"href":"https:\/\/lemotdujour.fr\/index.php?rest_route=\/wp\/v2\/posts\/14193","targetHints":{"allow":["GET"]}}],"collection":[{"href":"https:\/\/lemotdujour.fr\/index.php?rest_route=\/wp\/v2\/posts"}],"about":[{"href":"https:\/\/lemotdujour.fr\/index.php?rest_route=\/wp\/v2\/types\/post"}],"author":[{"embeddable":true,"href":"https:\/\/lemotdujour.fr\/index.php?rest_route=\/wp\/v2\/users\/1"}],"replies":[{"embeddable":true,"href":"https:\/\/lemotdujour.fr\/index.php?rest_route=%2Fwp%2Fv2%2Fcomments&post=14193"}],"version-history":[{"count":9,"href":"https:\/\/lemotdujour.fr\/index.php?rest_route=\/wp\/v2\/posts\/14193\/revisions"}],"predecessor-version":[{"id":14230,"href":"https:\/\/lemotdujour.fr\/index.php?rest_route=\/wp\/v2\/posts\/14193\/revisions\/14230"}],"wp:attachment":[{"href":"https:\/\/lemotdujour.fr\/index.php?rest_route=%2Fwp%2Fv2%2Fmedia&parent=14193"}],"wp:term":[{"taxonomy":"category","embeddable":true,"href":"https:\/\/lemotdujour.fr\/index.php?rest_route=%2Fwp%2Fv2%2Fcategories&post=14193"},{"taxonomy":"post_tag","embeddable":true,"href":"https:\/\/lemotdujour.fr\/index.php?rest_route=%2Fwp%2Fv2%2Ftags&post=14193"}],"curies":[{"name":"wp","href":"https:\/\/api.w.org\/{rel}","templated":true}]}}