{"id":14187,"date":"2022-10-07T00:35:22","date_gmt":"2022-10-06T22:35:22","guid":{"rendered":"https:\/\/lemotdujour.fr\/?p=14187"},"modified":"2022-10-10T09:51:15","modified_gmt":"2022-10-10T07:51:15","slug":"vendredi-7-octobre-2022","status":"publish","type":"post","link":"https:\/\/lemotdujour.fr\/?p=14187","title":{"rendered":"Vendredi 7 octobre 2022"},"content":{"rendered":"<div class=\"mdjTexte\">\u00ab\u00a0Quand tu \u00e9couteras cette chanson.\u00a0\u00bb<\/div>\n<div class=\"mdjAuteur\">Lola Lafon<\/div>\n<p><span style=\"color: #777777; font-family: Arial;\">L&rsquo;\u00e9diteur Stock a eu l&rsquo;id\u00e9e d&rsquo;une collection \u00ab\u00a0<a href=\"https:\/\/www.editions-stock.fr\/livres\/ma-nuit-au-musee\"><span style=\"color: #0000ff;\">Ma nuit au mus\u00e9e<\/span>\u00a0<\/a>\u00bb dans laquelle des \u00e9crivains s&rsquo;enferment dans un mus\u00e9e pendant une nuit et tentent de trouver l&rsquo;inspiration d&rsquo;un livre.<br \/>\n<\/span><\/p>\n<p><span style=\"color: #777777; font-family: Arial;\">Kamel Daoud, Leila Slimani, Enki Bilal parmi d&rsquo;autres se sont soumis \u00e0 cette exp\u00e9rience qui peut \u00eatre un peu d\u00e9stabilisante. <\/span><span style=\"color: #777777; font-family: Arial;\">Surtout quand ce mus\u00e9e est le <strong>mus\u00e9e d&rsquo;Anne Frank \u00e0 Amsterdam<\/strong>.<br \/>\n<\/span><\/p>\n<p><span style=\"color: #777777; font-family: Arial;\"><strong>Lola Lafon<\/strong> a fait ce choix quand Stock lui a propos\u00e9 d&rsquo;entrer dans cette collection. Elle a dit qu&rsquo;elle ne pouvait pas imaginer un autre mus\u00e9e que celui-ci.<br \/>\n<\/span><\/p>\n<p><img decoding=\"async\" class=\"alignleft\" src=\"https:\/\/lemotdujour.fr\/wp-content\/uploads\/2022\/10\/100622_2222_Vendredi7oc1.jpg\" alt=\"\" align=\"left\" \/><span style=\"color: #777777; font-family: Arial;\">Elle en a tir\u00e9 un livre \u00ab\u00a0<a href=\"https:\/\/livre.fnac.com\/a17023747\/Lola-Lafon-Quand-tu-ecouteras-cette-chanson\"><strong><span style=\"color: #0000ff;\">Quand tu \u00e9couteras cette chanson<\/span>\u00a0<\/strong><\/a>\u00bb<br \/>\n<\/span><\/p>\n<p><span style=\"color: #777777; font-family: Arial;\">Elle avait \u00e9t\u00e9 invit\u00e9e par Olivier Gesbert dans son \u00e9mission du 8 septembre 2022\u00a0: &lt;<span style=\"color: #0000ff;\"><a style=\"color: #0000ff;\" href=\"https:\/\/www.radiofrance.fr\/franceculture\/podcasts\/bienvenue-au-club\/lola-lafon-et-le-journal-d-anne-frank-9739260\">Lola Lafon et le journal d&rsquo;Anne Frank<\/a><\/span> &gt;<br \/>\n<\/span><\/p>\n<p><span style=\"color: #777777; font-family: Arial;\">\u00c9mission qu&rsquo;on peut aussi voir &lt;<span style=\"color: #0000ff;\"><a style=\"color: #0000ff;\" href=\"https:\/\/www.youtube.com\/watch?v=CMfmNuSoMBo\">en vid\u00e9o<\/a><\/span>&gt;<br \/>\n<\/span><\/p>\n<p><span style=\"color: #777777; font-family: Arial;\">Et cet \u00e9change, que j&rsquo;ai entendu, m&rsquo;a donn\u00e9 envie de lire ce livre.<br \/>\n<\/span><\/p>\n<p><span style=\"color: #777777; font-family: Arial;\">Ce que j&rsquo;ai fait lors de notre semaine de repos en Bourgogne.<br \/>\n<\/span><\/p>\n<p><span style=\"color: #777777; font-family: Arial;\">Et j&rsquo;ai aim\u00e9 ce livre, parce que <strong>Lola Lafon<\/strong> trouve le ton juste et les mots qui captent notre attention pour parler de cette histoire terrible, bouleversante et y mettre une part d&rsquo;elle-m\u00eame.<br \/>\n<\/span><\/p>\n<p><span style=\"color: #777777; font-family: Arial;\">Le journal d&rsquo;Anne Frank, tout le monde croit le conna\u00eetre, le livre de Lola Lafon nous montre que probablement nous sommes pass\u00e9s \u00e0 c\u00f4t\u00e9 de l&rsquo;essentiel.<br \/>\n<\/span><\/p>\n<p><span style=\"color: #777777; font-family: Arial;\">C&rsquo;est l&rsquo;\u0153uvre d&rsquo;une jeune fille de 14 ans \u00ab\u00a0<span style=\"color: #c00000;\">Sid\u00e9rante de maturit\u00e9<span style=\"color: #777777;\">\u00a0\u00bb dit Lola Lafon dans l&rsquo;entretien qu&rsquo;elle a r\u00e9alis\u00e9 avec la <span style=\"color: #0000ff;\"><a style=\"color: #0000ff;\" href=\"https:\/\/www.youtube.com\/watch?v=6A2dNt-Esfk\">Librairie Mollat<\/a><\/span> (21:16)<br \/>\n<\/span><\/span><\/span><\/p>\n<p><span style=\"color: #777777; font-family: Arial;\">La famille d&rsquo;Otto Frank et de son \u00e9pouse Edith \u00e9tait une famille ais\u00e9e allemande vivant \u00e0 Francfort. Mais en 1933, apr\u00e8s l&rsquo;arriv\u00e9e des nazis au pouvoir et les premi\u00e8res pers\u00e9cutions, la famille Frank quitte Francfort pour Amsterdam.<br \/>\n<\/span><\/p>\n<p><span style=\"color: #777777; font-family: Arial;\">Il y a deux filles dans cette famille : Margot n\u00e9e en 1926 et Anne n\u00e9e en 1929.<br \/>\n<\/span><\/p>\n<p><span style=\"color: #777777; font-family: Arial;\">Otto Frank cr\u00e9e une entreprise Opekta, vendant du g\u00e9lifiant pour confiture, \u00e0 Amsterdam.<br \/>\n<\/span><\/p>\n<p><span style=\"color: #777777; font-family: Arial;\">Les s\u0153urs deviennent de vrai n\u00e9erlandaises et vont \u00e0 l&rsquo;\u00e9cole Montesori \u00e0 Amsterdam. Le journal est \u00e9crit en n\u00e9erlandais.<br \/>\n<\/span><\/p>\n<p><span style=\"color: #777777; font-family: Arial;\">Mais la guerre les rattrape et Amsterdam est occup\u00e9e par les Allemands \u00e0 partir de mai 1940.<br \/>\n<\/span><\/p>\n<p><span style=\"color: #777777; font-family: Arial;\">Otto Frank se d\u00e9leste de son entreprise au profit de ses salari\u00e9s qui lui sont fid\u00e8les pour ne pas \u00eatre expropri\u00e9 par les nazis.<br \/>\n<\/span><\/p>\n<p><span style=\"color: #777777; font-family: Arial;\">Et c&rsquo;est avec la complicit\u00e9 de ces salari\u00e9s que la famille Frank va se cacher \u00e0 partir de juillet 1942 dans un appartement secret am\u00e9nag\u00e9 dans l&rsquo;\u00ab <span style=\"color: #0000ff;\"><a style=\"color: #0000ff;\" href=\"https:\/\/www.annefrank.org\/en\/downloads\/imagevault\/1Hbk_H9hrWcCGHAtVHNQ.pdf\">Annexe<\/a><\/span> \u00bb de l&rsquo;entreprise Opekta dont l&rsquo;entr\u00e9e est dissimul\u00e9e par une biblioth\u00e8que.<br \/>\n<\/span><\/p>\n<p><span style=\"color: #777777; font-family: Arial;\">C&rsquo;est l\u00e0 que la famille et quatre amis juifs v\u00e9curent vingt-cinq mois confin\u00e9s dans moins de 40 m\u00b2, sans vue vers l&rsquo;ext\u00e9rieur, simplement une fen\u00eatre du grenier leur permettant de voir le ciel.<br \/>\n<\/span><\/p>\n<p><span style=\"color: #777777; font-family: Arial;\">Le 4 ao\u00fbt 1944, les nazis arrivent \u00e0 l&rsquo;usine et sans h\u00e9siter d\u00e9placent la biblioth\u00e8que et entrent dans l&rsquo;annexe arr\u00eater tout le monde.<br \/>\n<\/span><\/p>\n<p><span style=\"color: #777777; font-family: Arial;\">Ils ont \u00e9t\u00e9 trahis et on ne sait toujours pas par qui.<br \/>\n<\/span><\/p>\n<p><span style=\"color: #777777; font-family: Arial;\">Ils seront d\u00e9port\u00e9s le 3 septembre 1944 vers le centre d&rsquo;extermination d&rsquo;Auschwitz-Birkenau puis les filles seront transf\u00e9r\u00e9es au camp de Bergen-Belsen. Les conditions d&rsquo;hygi\u00e8ne \u00e9tant catastrophiques, une \u00e9pid\u00e9mie de typhus y \u00e9clata durant l&rsquo;hiver 1944-1945, co\u00fbtant la vie \u00e0 des milliers de prisonniers. D&rsquo;abord Margot puis Anne mourront de cette maladie. La date de leur mort se situe entre fin f\u00e9vrier et d\u00e9but mars. Les corps des deux jeunes filles se trouvent sans doute dans la fosse commune de Bergen Belsen. Le camp est lib\u00e9r\u00e9, peu de semaines apr\u00e8s, par des troupes britanniques le 15 avril 1945 et Amsterdam est lib\u00e9r\u00e9e le 5 mai 1945. La m\u00e8re est morte \u00e0 Auschwitz, le 6 janvier 1945. Seul le p\u00e8re Otto Frank reviendra.<br \/>\n<\/span><\/p>\n<p><a href=\"https:\/\/www.centrepompidou.fr\/en\/ressources\/oeuvre\/cxAzopg\"><img loading=\"lazy\" decoding=\"async\" class=\"alignnone size-full wp-image-14223\" src=\"https:\/\/lemotdujour.fr\/wp-content\/uploads\/2022\/10\/Le-camp-de-Bergen-Belsen-avril-1945.png\" alt=\"\" width=\"1269\" height=\"873\" srcset=\"https:\/\/lemotdujour.fr\/wp-content\/uploads\/2022\/10\/Le-camp-de-Bergen-Belsen-avril-1945.png 1269w, https:\/\/lemotdujour.fr\/wp-content\/uploads\/2022\/10\/Le-camp-de-Bergen-Belsen-avril-1945-300x206.png 300w, https:\/\/lemotdujour.fr\/wp-content\/uploads\/2022\/10\/Le-camp-de-Bergen-Belsen-avril-1945-1024x704.png 1024w, https:\/\/lemotdujour.fr\/wp-content\/uploads\/2022\/10\/Le-camp-de-Bergen-Belsen-avril-1945-768x528.png 768w\" sizes=\"auto, (max-width: 1269px) 100vw, 1269px\" \/><\/a><\/p>\n<p><span style=\"color: #777777; font-family: Arial;\">Des huit personnes qui se cach\u00e8rent dans l&rsquo;Annexe, il est le seul qui a surv\u00e9cu \u00e0 l&rsquo;arrestation et au g\u00e9nocide. Otto Frank consacrera le restant de sa vie au journal de sa fille, et \u00e0 la lutte contre la discrimination et les pr\u00e9jug\u00e9s. Il participera activement \u00e0 l&rsquo;ouverture de l&rsquo;annexe en tant que mus\u00e9e en 1960. En 1963, Otto Frank cr\u00e9e le Fonds Anne Frank de B\u00e2le, une association qui d\u00e9tient les droits d&rsquo;auteur sur les \u00e9crits d&rsquo;Anne Frank y administre l&rsquo;h\u00e9ritage de la famille Frank. Les revenus sont consacr\u00e9s \u00e0 des \u0153uvres caritatives dans le monde entier, par exemple la lutte contre les discriminations et l&rsquo;injustice, les droits des femmes et des enfants. Il d\u00e9c\u00e9dera en 1980 \u00e0 91 ans.<br \/>\n<\/span><\/p>\n<p><span style=\"color: #777777; font-family: Arial;\">Lola Lafon a perdu aussi une grande partie de sa famille dans la Shoah victime du g\u00e9nocide.<br \/>\n<\/span><\/p>\n<p><span style=\"color: #777777; font-family: Arial;\">Sa m\u00e8re est roumaine et son p\u00e8re est fran\u00e7ais. Elle grandit en Bulgarie puis en Roumanie jusqu&rsquo;\u00e0 ses 12 ans.<br \/>\n<\/span><\/p>\n<p><span style=\"color: #777777; font-family: Arial;\">Sa grand-m\u00e8re lui a donn\u00e9 tr\u00e8s jeune une m\u00e9daille repr\u00e9sentant Anne Frank avec ces seuls mots\u00a0:<br \/>\n<\/span><\/p>\n<p style=\"margin-left: 28pt;\"><span style=\"color: #c00000; font-family: Arial;\">\u00ab\u00a0N&rsquo;oublie jamais\u00a0\u00bb<br \/>\n<\/span><\/p>\n<p><span style=\"color: #777777; font-family: Arial;\">Longtemps, elle a voulu ignorer cette partie de son histoire\u00a0:<br \/>\n<\/span><\/p>\n<p style=\"margin-left: 28pt;\"><span style=\"color: #c00000; font-family: Arial;\">\u00ab Je suis celle qui, depuis l&rsquo;adolescence, d\u00e9tourne les yeux. Je ne voulais pas entendre, pas savoir. (\u2026) Ce que je souhaitais, c&rsquo;\u00e9tait faire partie d&rsquo;une famille normale. \u00bb<br \/>\n<\/span><\/p>\n<p><span style=\"color: #777777; font-family: Arial;\">Mais elle \u00e9tait arriv\u00e9 \u00e0 ce moment de sa vie o\u00f9 le moment de renouer le lien \u00e9tait venu.<br \/>\n<\/span><\/p>\n<p><span style=\"color: #777777; font-family: Arial;\">Et c&rsquo;est ainsi que\u00a0:<br \/>\n<\/span><\/p>\n<p style=\"margin-left: 28pt;\"><span style=\"color: #c00000; font-family: Arial;\">\u00ab\u00a0Le 18 ao\u00fbt 2021, j&rsquo;ai pass\u00e9 la nuit au Mus\u00e9e Anne Frank, dans l&rsquo;Annexe.<br \/>\nJe suis venue en \u00e9prouver l&rsquo;espace car on ne peut \u00e9prouver le temps. On ne peut pas se repr\u00e9senter la lourdeur des heures, l&rsquo;\u00e9paisseur des semaines. Comment imaginer vingt-cinq mois de vie cach\u00e9s \u00e0 huit dans ces pi\u00e8ces exigu\u00ebs ?<br \/>\nAlors, toute la nuit, j&rsquo;irai d&rsquo;une pi\u00e8ce \u00e0 l&rsquo;autre.<br \/>\nJ&rsquo;irai de la chambre de ses parents \u00e0 la salle de bains, du grenier \u00e0 la petite salle commune, je compterai les pas dont Anne Frank disposait, si peu de pas. \u00bb<br \/>\n<em>Quand tu \u00e9couteras cette chanson, Page 11<\/em><\/span><\/p>\n<p><span style=\"color: #777777; font-family: Arial;\">Elle y restera dix heures<br \/>\n<\/span><\/p>\n<p><span style=\"color: #777777; font-family: Arial;\">La premi\u00e8re chose qu&rsquo;elle voit dans l&rsquo;annexe est un cadre. Elle croit qu&rsquo;il est vide, l&rsquo;appartement est plong\u00e9 dans une p\u00e9nombre. Elle s&rsquo;approche. Elle voit un morceau de papier peint. Elle s&rsquo;approche encore et elle aper\u00e7oit des petits traits au crayon \u00e0 papier\u00a0: Otto Frank tra\u00e7ait au mur l&rsquo;\u00e9volution de la taille de ses filles, Margot et Anne. Lola Lafon parle de preuve de vie. Elles vivaient, elles grandissaient dans cette annexe.<br \/>\n<\/span><\/p>\n<p><span style=\"color: #777777; font-family: Arial;\">Avant d&rsquo;aller passer sa nuit au mus\u00e9e, des collaboratrices du mus\u00e9e lui avait fait visiter l&rsquo;appartement que la famille Frank a occup\u00e9 avant d&rsquo;aller se r\u00e9fugier dans l&rsquo;annexe.<br \/>\n<\/span><\/p>\n<p><span style=\"color: #777777; font-family: Arial;\">Elle d\u00e9crit cette visite\u00a0:<br \/>\n<\/span><\/p>\n<p style=\"margin-left: 28pt;\"><span style=\"color: #c00000; font-family: Arial;\">\u00ab\u00a0Nous d\u00e9ambulons de pi\u00e8ce en pi\u00e8ce, comme de futures acqu\u00e9reuses.\u00a0\u00bb<br \/>\n<\/span><\/p>\n<p><span style=\"color: #777777; font-family: Arial;\">Teresien qui montre l&rsquo;appartement explique que l&rsquo;appartement a \u00e9t\u00e9 enti\u00e8rement pill\u00e9 en 1944 par les nazis et que l&rsquo;\u00e9quipe du mus\u00e9e a tent\u00e9 \u00e0 l&rsquo;aide de photos de l&rsquo;\u00e9poque et de t\u00e9moignages de connaissances de Frank qui avait fr\u00e9quent\u00e9 le lieu pendant que les Frank y avaient habit\u00e9 de remeubler et d\u00e9corer \u00e0 l&rsquo;identique.<br \/>\n<\/span><\/p>\n<p><span style=\"color: #777777; font-family: Arial;\">L&rsquo;\u00e9crivaine \u00e9crit alors ce texte que je trouve tr\u00e8s inspir\u00e9 :<br \/>\n<\/span><\/p>\n<p style=\"margin-left: 28pt;\"><span style=\"color: #c00000; font-family: Arial;\">\u00ab\u00a0Tout, ici se veut plus vrai que vrai tout est faux, sauf l&rsquo;absence. Elle accable, c&rsquo;est un bourdonnement obs\u00e9dant, strident.<br \/>\nL&rsquo;appartement des Frank est le d\u00e9cor d&rsquo;un drame sans acteurs, c&rsquo;est un mus\u00e9e sans visiteurs. [\u2026]<br \/>\n<\/span><\/p>\n<p style=\"margin-left: 28pt;\"><span style=\"color: #c00000; font-family: Arial;\">Tout dans la chambre d&rsquo;Anne para\u00eet en suspens, interrompu, le moindre objet semble attendre son retour. L&rsquo;\u00e9troit lit aux draps soigneusement tir\u00e9s. Les tiroirs entrouverts d&rsquo;une commode. Le bois sombre d&rsquo;un secr\u00e9taire sur lequel ont \u00e9t\u00e9 dispos\u00e9s des feuillets vierges, des cahiers sur lesquels personne n&rsquo;\u00e9crira. Anne Frank manque terriblement \u00e0 sa chambre d&rsquo;adolescente.\u00a0\u00bb<br \/>\n<\/span><span style=\"color: #c00000; font-family: Arial;\"><em>Page 63<br \/>\n<\/em><\/span><\/p>\n<p><span style=\"color: #777777; font-family: Arial;\">Dans l&rsquo;annexe, elle aura beaucoup de mal \u00e0 entrer dans la chambre d&rsquo;Anne. On n&rsquo;entre pas dans une chambre d&rsquo;adolescente, dit-elle<br \/>\n<\/span><\/p>\n<p><span style=\"color: #777777; font-family: Arial;\">Elle recule chaque fois devant la porte. Elle devra bient\u00f4t quitter le mus\u00e9e\u00a0: \u00ab\u00a0<span style=\"color: #c00000;\">Il \u00e9tait 6 heures du matin<span style=\"color: #777777;\">\u00a0\u00bb<br \/>\n<\/span><\/span><\/span><\/p>\n<p><span style=\"color: #777777; font-family: Arial;\">Et \u00e0 la fin des fins elle franchit le pas\u00a0:<br \/>\n<\/span><\/p>\n<p style=\"margin-left: 28pt;\"><span style=\"color: #c00000; font-family: Arial;\">\u00ab\u00a0Sans doute semblais-je sereine quand j&rsquo;ai pouss\u00e9 la porte de la chambre d&rsquo;Anne Franck\u00a0\u00bb<br \/>\n<\/span><\/p>\n<p><span style=\"color: #777777; font-family: Arial;\">Et dans cette chambre, un souvenir va resurgir dans sa m\u00e9moire.<br \/>\n<\/span><\/p>\n<p><span style=\"color: #777777; font-family: Arial;\">Souvenir qui explique le titre du livre et qui concerne une rencontre, \u00e0 Bucarest o\u00f9 elle vivait alors.<br \/>\n<\/span><\/p>\n<p><span style=\"color: #777777; font-family: Arial;\">La rencontre d&rsquo;un jeune gar\u00e7on cambodgien de 15 ans.<br \/>\n<\/span><\/p>\n<p><span style=\"color: #777777; font-family: Arial;\">Son p\u00e8re \u00e9tait fonctionnaire \u00e0 l&rsquo;ambassade du Cambodge en Roumanie. Mais les dirigeants du Cambodge, les sinistres Khmers Rouges, ont donn\u00e9 l&rsquo;ordre au p\u00e8re de rentrer dans son pays avec sa famille.<br \/>\n<\/span><\/p>\n<p><span style=\"color: #777777; font-family: Arial;\">Le jeune gar\u00e7on qui \u00e9tait pensionnaire dans un lyc\u00e9e parisien a \u00e9t\u00e9 oblig\u00e9 de rejoindre ses parents et il va passer quelques jours \u00e0 Bucarest. Puis partira pour le Cambodge avec sa famille.<br \/>\n<\/span><\/p>\n<p><span style=\"color: #777777; font-family: Arial;\">Il enverra une derni\u00e8re lettre post\u00e9e \u00e0 P\u00e9kin avant d&rsquo;\u00eatre victime d&rsquo;un autre g\u00e9nocide, sur un autre continent<br \/>\n<\/span><\/p>\n<p><span style=\"color: #777777; font-family: Arial;\">A propos de ce livre \u00ab\u00a0<strong>Le Monde<\/strong>\u00a0\u00bb \u00e9crit\u00a0: &lt; <span style=\"color: #0000ff;\"><a style=\"color: #0000ff;\" href=\"https:\/\/www.lemonde.fr\/livres\/article\/2022\/08\/25\/quand-tu-ecouteras-cette-chanson-lola-lafon-en-tete-a-tete-avec-anne-frank_6138975_3260.html\">Lola Lafon en t\u00eate-\u00e0-t\u00eate avec Anne Frank<\/a> <\/span>&gt;<br \/>\n<\/span><\/p>\n<p style=\"margin-left: 28pt;\"><span style=\"color: #c00000; font-family: Arial;\">\u00ab\u00a0Et lorsqu&rsquo;il est question d&rsquo;en faire un mus\u00e9e, en 1960, le p\u00e8re d&rsquo;Anne et de Margot Frank exige que l&rsquo;appartement demeure dans cet \u00e9tat. \u00ab Qu&rsquo;on en soit t\u00e9moin, du vide, sans pouvoir s&rsquo;y soustraire ; qu&rsquo;on s&rsquo;y confronte, \u00e9nonce Lola Lafon. Ainsi, en sortant, on ne pourra pas dire : dans l&rsquo;Annexe, je n&rsquo;ai rien vu. On dira : dans l&rsquo;Annexe, il n&rsquo;y a rien, et ce rien, je l&rsquo;ai vu. [\u2026]<br \/>\n<\/span><\/p>\n<p style=\"margin-left: 28pt;\"><span style=\"color: #c00000; font-family: Arial;\">Regarder en face \u00ab ce qui jamais ne sera combl\u00e9 \u00bb : Quand tu \u00e9couteras cette chanson est le r\u00e9cit troublant, saisissant, de cette redoutable confrontation. Dix heures pass\u00e9es seule par l&rsquo;\u00e9crivaine, le 18 ao\u00fbt 2021, dans les 40 m\u00e8tres carr\u00e9s de l&rsquo;Annexe, le plus vide de tous les mus\u00e9es. Les r\u00e8gles fix\u00e9es \u00e0 l&rsquo;entr\u00e9e sont strictes : pas de photo, interdit de boire comme de manger, mais aussi de sus\u00adpendre son sac \u00e0 une poign\u00e9e de porte. Comme un \u00e9cho des contraintes impos\u00e9es \u00e0 la famille Frank. Vingt-cinq mois durant, les huit habitants dissimul\u00e9s au c\u0153ur de la ville qui les traquait se sont astreints au silence.\u00a0\u00bb<br \/>\n<\/span><\/p>\n<p><span style=\"color: #777777; font-family: Arial;\">Lola Lafon fut aussi l&rsquo;invit\u00e9 de la premi\u00e8re Grande Librairie d&rsquo;Augustin Trapenard\u00a0: &lt;<span style=\"color: #0000ff;\"><a style=\"color: #0000ff;\" href=\"https:\/\/www.youtube.com\/watch?v=QUz0WSSf8B4\">Lola Lafon sur les traces d&rsquo;Anne Frank<\/a><\/span>&gt;<br \/>\n<\/span><\/p>\n<p><span style=\"color: #777777; font-family: Arial;\">Il me semble que cet entretien vid\u00e9o de 48 minutes propos\u00e9 par la <strong>Librairie Mollat<\/strong> est encore plus int\u00e9ressant\u00a0: &lt;<span style=\"color: #0000ff;\"><a style=\"color: #0000ff;\" href=\"https:\/\/www.youtube.com\/watch?v=6A2dNt-Esfk\">Quand tu \u00e9couteras cette chanson<\/a><\/span>&gt;<br \/>\n<\/span><\/p>\n<p><span style=\"color: maroon; font-family: Arial;\">&lt;1719&gt;<\/span><\/p>\n","protected":false},"excerpt":{"rendered":"<p>\u00ab\u00a0Quand tu \u00e9couteras cette chanson.\u00a0\u00bb Lola Lafon L&rsquo;\u00e9diteur Stock a eu l&rsquo;id\u00e9e d&rsquo;une collection \u00ab\u00a0Ma nuit au mus\u00e9e\u00a0\u00bb dans laquelle des \u00e9crivains s&rsquo;enferment dans un mus\u00e9e pendant une nuit et tentent de trouver l&rsquo;inspiration d&rsquo;un livre. Kamel Daoud, Leila Slimani,<\/p>\n","protected":false},"author":1,"featured_media":0,"comment_status":"open","ping_status":"closed","sticky":false,"template":"","format":"standard","meta":{"footnotes":""},"categories":[1],"tags":[47,157,9,209],"class_list":["post-14187","post","type-post","status-publish","format-standard","hentry","category-motdujour","tag-allemagne","tag-genocide","tag-litterature","tag-pays-bas"],"_links":{"self":[{"href":"https:\/\/lemotdujour.fr\/index.php?rest_route=\/wp\/v2\/posts\/14187","targetHints":{"allow":["GET"]}}],"collection":[{"href":"https:\/\/lemotdujour.fr\/index.php?rest_route=\/wp\/v2\/posts"}],"about":[{"href":"https:\/\/lemotdujour.fr\/index.php?rest_route=\/wp\/v2\/types\/post"}],"author":[{"embeddable":true,"href":"https:\/\/lemotdujour.fr\/index.php?rest_route=\/wp\/v2\/users\/1"}],"replies":[{"embeddable":true,"href":"https:\/\/lemotdujour.fr\/index.php?rest_route=%2Fwp%2Fv2%2Fcomments&post=14187"}],"version-history":[{"count":6,"href":"https:\/\/lemotdujour.fr\/index.php?rest_route=\/wp\/v2\/posts\/14187\/revisions"}],"predecessor-version":[{"id":14225,"href":"https:\/\/lemotdujour.fr\/index.php?rest_route=\/wp\/v2\/posts\/14187\/revisions\/14225"}],"wp:attachment":[{"href":"https:\/\/lemotdujour.fr\/index.php?rest_route=%2Fwp%2Fv2%2Fmedia&parent=14187"}],"wp:term":[{"taxonomy":"category","embeddable":true,"href":"https:\/\/lemotdujour.fr\/index.php?rest_route=%2Fwp%2Fv2%2Fcategories&post=14187"},{"taxonomy":"post_tag","embeddable":true,"href":"https:\/\/lemotdujour.fr\/index.php?rest_route=%2Fwp%2Fv2%2Ftags&post=14187"}],"curies":[{"name":"wp","href":"https:\/\/api.w.org\/{rel}","templated":true}]}}