{"id":14173,"date":"2022-10-06T03:34:59","date_gmt":"2022-10-06T01:34:59","guid":{"rendered":"https:\/\/lemotdujour.fr\/?p=14173"},"modified":"2022-10-05T23:46:27","modified_gmt":"2022-10-05T21:46:27","slug":"jeudi-6-octobre-2022","status":"publish","type":"post","link":"https:\/\/lemotdujour.fr\/?p=14173","title":{"rendered":"Jeudi 6 octobre 2022"},"content":{"rendered":"<div class=\"mdjTexte\">\u00ab Pause (Victor Klemperer.) \u00bb<\/div>\n<div class=\"mdjAuteur\">Jour sans mot du jour nouveau<\/div>\n<p><span style=\"color: #777777; font-family: Arial;\">Il y a quasi 2 ans, &lt;<span style=\"color: #0000ff;\"><a style=\"color: #0000ff;\" href=\"https:\/\/lemotdujour.fr\/?p=7315\">Le 18 octobre 2019<\/a><\/span>&gt;, j&rsquo;avais mobilis\u00e9, pour le mot du jour, le philologue allemand Victor Klemperer\u00a0: \u00ab <strong>Les mots peuvent \u00eatre comme de minuscules doses d&rsquo;arsenic : on les avale sans y prendre garde, ils semblent ne faire aucun effet, et voil\u00e0 qu&rsquo;apr\u00e8s quelque temps l&rsquo;effet toxique se fait sentir.<\/strong>\u00bb<br \/>\n<\/span><\/p>\n<p><span style=\"color: #777777; font-family: Arial;\">I<img loading=\"lazy\" decoding=\"async\" class=\" wp-image-14182 alignleft\" src=\"https:\/\/lemotdujour.fr\/wp-content\/uploads\/2022\/10\/Chat-0610.jpg\" alt=\"\" width=\"407\" height=\"250\" srcset=\"https:\/\/lemotdujour.fr\/wp-content\/uploads\/2022\/10\/Chat-0610.jpg 600w, https:\/\/lemotdujour.fr\/wp-content\/uploads\/2022\/10\/Chat-0610-300x185.jpg 300w\" sizes=\"auto, (max-width: 407px) 100vw, 407px\" \/>l me semble qu&rsquo;apr\u00e8s le dernier discours de Poutine qui r\u00e9invente sans cesse l&rsquo;histoire et qui est capable de dire s\u00e9rieusement les v\u00e9rit\u00e9s alternatives les plus insens\u00e9es, il traite d\u00e9sormais les occidentaux de pratiquer la religion du satanisme, il faut r\u00e9interroger le travail de <strong>Victor Klemperer<\/strong> qui a analys\u00e9 et d\u00e9voil\u00e9 la langue du r\u00e9gime nazi.<br \/>\n<\/span><\/p>\n<p><span style=\"color: #777777; font-family: Arial;\">Sa grande \u0153uvre parue en 1947 est le livre <strong>\u00ab\u00a0<span style=\"color: #0000ff;\"><a style=\"color: #0000ff;\" href=\"https:\/\/fr.wikipedia.org\/wiki\/Lingua_Tertii_Imperii\">LTI \u2013 Lingua Tertii Imperii<\/a><\/span><\/strong> \u00bb dont le sous-titre est \u00ab\u00a0<strong>Notizbuch eines Philologen<\/strong>\u00a0\u00bb ce qui traduit donne\u00a0: \u00ab\u00a0Langue du Troisi\u00e8me Reich : carnet d&rsquo;un philologue\u00a0\u00bb.<br \/>\n<\/span><\/p>\n<p><span style=\"color: #777777; font-family: Arial;\">Car, avant les grandes catastrophes il y a d&rsquo;abord des mots, des mots qui forment un r\u00e9cit. Un r\u00e9cit qu&rsquo;un grand nombre s&rsquo;approprie, pour finalement analyser et voir le monde \u00e0 travers ce r\u00e9cit, avec des mots choisis soigneusement et qui sont les vecteurs des id\u00e9ologies et des croyances qui doivent embraser l&rsquo;esprit des peuples.<br \/>\n<\/span><\/p>\n<p><span style=\"color: #777777; font-family: Arial;\">Le livre qu&rsquo;il nomme lui-m\u00eame \u00ab\u00a0<strong>LTI<\/strong>\u00a0\u00bb a \u00e9t\u00e9 \u00e9crit peu \u00e0 peu, car Klemperer a construit son analyse au fur \u00e0 mesure des ann\u00e9es, entre 1933 et d\u00e9cembre 1945, dans le journal qu&rsquo;il tient. C&rsquo;est un essai sur la manipulation du langage par la propagande nazie depuis son apparition sur la sc\u00e8ne politique jusqu&rsquo;\u00e0 sa chute.<br \/>\n<\/span><\/p>\n<p><span style=\"color: #777777; font-family: Arial;\">&lt;<span style=\"color: #0000ff;\"><a style=\"color: #0000ff;\" href=\"https:\/\/lemotdujour.fr\/?p=7315\">Mot du jour du 18 octobre 2019<\/a><\/span>&gt; <\/span><\/p>\n<p><span style=\"color: #777777; font-family: Arial;\"><span style=\"color: #800000;\">&lt;Mot du jour sans num\u00e9ro&gt;<\/span><br \/>\n<\/span><\/p>\n","protected":false},"excerpt":{"rendered":"<p>\u00ab Pause (Victor Klemperer.) \u00bb Jour sans mot du jour nouveau Il y a quasi 2 ans, &lt;Le 18 octobre 2019&gt;, j&rsquo;avais mobilis\u00e9, pour le mot du jour, le philologue allemand Victor Klemperer\u00a0: \u00ab Les mots peuvent \u00eatre comme de<\/p>\n","protected":false},"author":1,"featured_media":0,"comment_status":"open","ping_status":"closed","sticky":false,"template":"","format":"standard","meta":{"footnotes":""},"categories":[1],"tags":[96],"class_list":["post-14173","post","type-post","status-publish","format-standard","hentry","category-motdujour","tag-pause"],"_links":{"self":[{"href":"https:\/\/lemotdujour.fr\/index.php?rest_route=\/wp\/v2\/posts\/14173","targetHints":{"allow":["GET"]}}],"collection":[{"href":"https:\/\/lemotdujour.fr\/index.php?rest_route=\/wp\/v2\/posts"}],"about":[{"href":"https:\/\/lemotdujour.fr\/index.php?rest_route=\/wp\/v2\/types\/post"}],"author":[{"embeddable":true,"href":"https:\/\/lemotdujour.fr\/index.php?rest_route=\/wp\/v2\/users\/1"}],"replies":[{"embeddable":true,"href":"https:\/\/lemotdujour.fr\/index.php?rest_route=%2Fwp%2Fv2%2Fcomments&post=14173"}],"version-history":[{"count":7,"href":"https:\/\/lemotdujour.fr\/index.php?rest_route=\/wp\/v2\/posts\/14173\/revisions"}],"predecessor-version":[{"id":14185,"href":"https:\/\/lemotdujour.fr\/index.php?rest_route=\/wp\/v2\/posts\/14173\/revisions\/14185"}],"wp:attachment":[{"href":"https:\/\/lemotdujour.fr\/index.php?rest_route=%2Fwp%2Fv2%2Fmedia&parent=14173"}],"wp:term":[{"taxonomy":"category","embeddable":true,"href":"https:\/\/lemotdujour.fr\/index.php?rest_route=%2Fwp%2Fv2%2Fcategories&post=14173"},{"taxonomy":"post_tag","embeddable":true,"href":"https:\/\/lemotdujour.fr\/index.php?rest_route=%2Fwp%2Fv2%2Ftags&post=14173"}],"curies":[{"name":"wp","href":"https:\/\/api.w.org\/{rel}","templated":true}]}}