{"id":1417,"date":"2016-09-16T02:00:00","date_gmt":"2016-09-15T22:00:00","guid":{"rendered":"http:\/\/lemotdujour.fr\/?p=1417"},"modified":"2017-05-08T13:28:45","modified_gmt":"2017-05-08T11:28:45","slug":"vendredi-16-septembre-2016","status":"publish","type":"post","link":"https:\/\/lemotdujour.fr\/?p=1417","title":{"rendered":"Vendredi 16 septembre 2016"},"content":{"rendered":"<div class=\"mdjDate\">Vendredi 16 septembre 2016<\/div>\n<div class=\"mdjTexte\">\u00ab La n\u00e9gociation annuelle sur [&#8230;] la qualit\u00e9 de vie au travail porte sur : Les modalit\u00e9s du plein exercice par le salari\u00e9 de son droit \u00e0 la d\u00e9connexion et la mise en place par l&rsquo;entreprise de dispositifs de r\u00e9gulation de l&rsquo;utilisation des outils num\u00e9riques, en vue d&rsquo;assurer le respect des temps de repos et de cong\u00e9 ainsi que de la vie personnelle et familiale. \u00bb<\/div>\n<div class=\"mdjAuteur\"><a href=\"https:\/\/www.legifrance.gouv.fr\/affichCodeArticle.do?cidTexte=LEGITEXT000006072050&amp;idArticle=LEGIARTI000033024095&amp;dateTexte=&amp;categorieLien=id\">&lt;L&rsquo;article L2242-8 du Code du travail a \u00e9t\u00e9 modifi\u00e9 par la LOI n\u00b02016-1088 du 8 ao\u00fbt 2016 &#8211; art. 55&gt;<\/a><\/div>\n<div class=\"mdjComplements\">Le droit \u00e0 la d\u00e9connexion pour les salari\u00e9s \u00e0 l&rsquo;heure du num\u00e9rique !<\/div>\n<div class=\"mdjComplements\">Beaucoup a \u00e9t\u00e9 dit sur la Loi \u00ab\u00a0travail\u00a0\u00bb. Il y a aussi des mesures innovantes et adapt\u00e9es \u00e0 notre monde moderne et num\u00e9rique.<\/div>\n<div class=\"mdjComplements\">Ainsi l&rsquo;article 55 de la Loi a modifi\u00e9 l&rsquo;article L2242-8 du code travail dont le paragraphe 7 que je cite ci-dessus dispose dans son int\u00e9gralit\u00e9 : <\/div>\n<div class=\"mdjCiter\">\u00ab 7\u00b0 Les modalit\u00e9s du plein exercice par le salari\u00e9 de son droit \u00e0 la d\u00e9connexion et la mise en place par l&rsquo;entreprise de dispositifs de r\u00e9gulation de l&rsquo;utilisation des outils num\u00e9riques, en vue d&rsquo;assurer le respect des temps de repos et de cong\u00e9 ainsi que de la vie personnelle et familiale. A d\u00e9faut d&rsquo;accord, l&#8217;employeur \u00e9labore une charte, apr\u00e8s avis du comit\u00e9 d&rsquo;entreprise ou, \u00e0 d\u00e9faut, des d\u00e9l\u00e9gu\u00e9s du personnel. Cette charte d\u00e9finit ces modalit\u00e9s de l&rsquo;exercice du droit \u00e0 la d\u00e9connexion et pr\u00e9voit en outre la mise en \u0153uvre, \u00e0 destination des salari\u00e9s et du personnel d&rsquo;encadrement et de direction, d&rsquo;actions de formation et de sensibilisation \u00e0 un usage raisonnable des outils num\u00e9riques. \u00bb<\/div>\n<div class=\"mdjComplements\">Je l&rsquo;avoue, ce n&rsquo;est pas la lecture attentive de la Loi mais la\u00a0 revue de presse du 5 septembre d&rsquo;Helene Jouan sur France Inter qui m&rsquo;a inform\u00e9 de cette disposition : <\/div>\n<div class=\"mdjCiter\">\u00ab Etre ou ne pas \u00eatre\u2026Connect\u00e9 cette fois ! Le droit \u00e0 \u00eatre d\u00e9connect\u00e9 de son smartphone, de ses mails, est inscrit pour la premi\u00e8re fois dans la loi travail\u2026en gros, est affirm\u00e9 le droit de ne pas travailler\u2026en dehors de ses heures de travail ! Quel progr\u00e8s me direz-vous, sauf que c\u2019est devenu une r\u00e9alit\u00e9 pour beaucoup ; r\u00e9pondre \u00e0 n\u2019importe quelle heure du jour et de la nuit \u00e0 des mails professionnels. Passionnant entretien du philosophe Maurizio Ferraris dans Lib\u00e9ration ce matin qui nous r\u00e9v\u00e8le surtout comment en r\u00e9alit\u00e9 cette servitude au smartphone est une servitude volontaire dit-il. Le smartphone dit-il c\u2019est le b\u00e2ton d\u2019hier, l\u2019arme dans la poche de l\u2019homme, une arme qu\u2019on d\u00e9gaine parce qu\u2019on est toujours en guerre. Alors l\u2019homme reste cet animal soumis \u00e0 sa pulsion de d\u00e9crocher son t\u00e9l\u00e9phone, de r\u00e9pondre \u00e0 un mail en pleine nuit. Une soumission docile difficile \u00e0 rationaliser d\u2019autant que tout est d\u00e9sormais enregistr\u00e9\u2026c\u2019est toute une pratique du Web qui reste \u00e0 inventer dit-il. Article 55 de la loi travail, pass\u00e9 assez inaper\u00e7u jusque-l\u00e0. \u00bb<\/div>\n<div class=\"mdjComplements\">Vous trouverez l&rsquo;article de Maurizio Ferraris derri\u00e8re ce lien : <a href=\"http:\/\/www.liberation.fr\/debats\/2016\/09\/04\/maurizio-ferraris-le-smartphone-une-servitude-volontaire_1482631\">http:\/\/www.liberation.fr\/debats\/2016\/09\/04\/maurizio-ferraris-le-smartphone-une-servitude-volontaire_1482631<\/a> dont voici des extraits : <\/div>\n<div class=\"mdjCiter\">\u00ab Il est 3 heures du matin, une nuit entre le samedi et le dimanche. Maurizio Ferraris jette un \u0153il \u00e0 son t\u00e9l\u00e9phone et, s\u2019apercevant qu\u2019un mail professionnel est arriv\u00e9, y r\u00e9pond imm\u00e9diatement. Donc, il travaille. Pourquoi n\u2019a-t-il pas pu s\u2019en emp\u00eacher ? C\u2019est la question \u00e0 l\u2019origine de <a href=\"https:\/\/books.google.fr\/books?id=myfdDAAAQBAJ&amp;lpg=PT3&amp;ots=Dmb7-SYsuh&amp;dq=Peut-Mobilisation%20totale%2C%20l%E2%80%99appel%20du%20portable&amp;hl=fr&amp;pg=PP1\">Mobilisation totale, l\u2019appel du portable<\/a> (PUF, 2016). Dans cet essai, le philosophe italien d\u00e9crit l\u2019\u00e8re post-Jobs comme celle de la militarisation de la vie civile, de l\u2019hyperenregistrement. Le smartphone est une arme, une technologie qui nous mobilise, entra\u00eene une servitude volontaire. Loin d\u2019\u00eatre une d\u00e9rive technologique, il permet de r\u00e9v\u00e9ler nos archa\u00efsmes, notre inconscient social, une nature humaine imparfaite et d\u00e9pendante. Le penseur travaille \u00e0 construire une \u00abraison pratique du Web\u00bb, pour l\u2019av\u00e8nement d\u2019un Internet heureux.<\/div>\n<div class=\"mdjCiter\">[&#8230;]<\/div>\n<div class=\"mdjCiter\">Nous avons plut\u00f4t d\u00e9couvert quelque chose de surprenant sur la nature humaine. L\u2019ouvrier allant \u00e0 l\u2019usine pouvait rationaliser sa conduite : c\u2019\u00e9tait pour gagner son salaire. Mais ce qui me pousse \u00e0 r\u00e9pondre \u00e0 un message professionnel pendant la nuit r\u00e9v\u00e8le une soumission docile et impr\u00e9vue, une servitude volontaire difficile \u00e0 rationaliser.<\/div>\n<div class=\"mdjCiter\">La contrainte fonctionne par responsabilisation : tu as re\u00e7u mon message, je sais que tu l\u2019as re\u00e7u (surtout si tu utilises WhatsApp). Tout est enregistr\u00e9, il faut que tu me r\u00e9pondes, sinon c\u2019est comme si tu d\u00e9tournais ton regard du visage de l\u2019autre. Ou par r\u00e9torsion : si tu ne me r\u00e9ponds pas, la prochaine fois que tu m\u2019appelles je ne r\u00e9pondrai pas. Ou par menace : si tu ne me r\u00e9ponds pas, il y a des dizaines (des centaines, des milliers) d\u2019autres qui le feront \u00e0 ta place. La base de l\u2019efficacit\u00e9 est l\u2019enregistrement. Autrefois, \u00e0 l\u2019\u00e9poque du fixe, les appels t\u00e9l\u00e9phoniques ne laissaient pas de trace : je n\u2019\u00e9tais pas l\u00e0, je n\u2019ai pas entendu. Maintenant on est joignable partout, tout le temps. Tout appel laisse une trace, et beaucoup d\u2019entre eux sont \u00e9crits &#8211; pas de justification possible, on est coupables. On passe de l\u2019irresponsabilit\u00e9 \u00e0 l\u2019hyper-responsabilit\u00e9. Le Web, avant d\u2019\u00eatre un moyen de communication, est un outil d\u2019enregistrement, une grande archive qui garde tout et qui, en l\u2019absence d\u2019une raison pratique, privil\u00e9gie les b\u00eatises.\u00bb<\/div>\n<div class=\"mdjComplements\">J&rsquo;avais \u00e9cout\u00e9, il y a quelques mois,<a href=\"https:\/\/www.franceinter.fr\/emissions\/un-jour-en-france\/un-jour-en-france-02-mars-2016\"> une \u00e9mission<\/a> tr\u00e8s int\u00e9ressante qui abordait d\u00e9j\u00e0 ce sujet et qui avait invit\u00e9 Bruno Mettling, Directeur G\u00e9n\u00e9ral adjoint Orange l&rsquo;auteur du rapport Mettling sur le droit \u00e0 la d\u00e9connexion et aussi Jo\u00ebl Guerriau, s\u00e9nateur-maire de St S\u00e9bastien-sur-Loire qui a lanc\u00e9, le 17 d\u00e9cembre dernier, une journ\u00e9e sans e-mail dans sa mairie. <\/div>\n","protected":false},"excerpt":{"rendered":"<p>Vendredi 16 septembre 2016 \u00ab La n\u00e9gociation annuelle sur [&#8230;] la qualit\u00e9 de vie au travail porte sur : Les modalit\u00e9s du plein exercice par le salari\u00e9 de son droit \u00e0 la d\u00e9connexion et la mise en place par l&rsquo;entreprise<\/p>\n","protected":false},"author":1,"featured_media":0,"comment_status":"closed","ping_status":"closed","sticky":false,"template":"","format":"standard","meta":{"footnotes":""},"categories":[1],"tags":[],"class_list":["post-1417","post","type-post","status-publish","format-standard","hentry","category-motdujour"],"_links":{"self":[{"href":"https:\/\/lemotdujour.fr\/index.php?rest_route=\/wp\/v2\/posts\/1417","targetHints":{"allow":["GET"]}}],"collection":[{"href":"https:\/\/lemotdujour.fr\/index.php?rest_route=\/wp\/v2\/posts"}],"about":[{"href":"https:\/\/lemotdujour.fr\/index.php?rest_route=\/wp\/v2\/types\/post"}],"author":[{"embeddable":true,"href":"https:\/\/lemotdujour.fr\/index.php?rest_route=\/wp\/v2\/users\/1"}],"replies":[{"embeddable":true,"href":"https:\/\/lemotdujour.fr\/index.php?rest_route=%2Fwp%2Fv2%2Fcomments&post=1417"}],"version-history":[{"count":1,"href":"https:\/\/lemotdujour.fr\/index.php?rest_route=\/wp\/v2\/posts\/1417\/revisions"}],"predecessor-version":[{"id":1418,"href":"https:\/\/lemotdujour.fr\/index.php?rest_route=\/wp\/v2\/posts\/1417\/revisions\/1418"}],"wp:attachment":[{"href":"https:\/\/lemotdujour.fr\/index.php?rest_route=%2Fwp%2Fv2%2Fmedia&parent=1417"}],"wp:term":[{"taxonomy":"category","embeddable":true,"href":"https:\/\/lemotdujour.fr\/index.php?rest_route=%2Fwp%2Fv2%2Fcategories&post=1417"},{"taxonomy":"post_tag","embeddable":true,"href":"https:\/\/lemotdujour.fr\/index.php?rest_route=%2Fwp%2Fv2%2Ftags&post=1417"}],"curies":[{"name":"wp","href":"https:\/\/api.w.org\/{rel}","templated":true}]}}