{"id":14166,"date":"2022-10-05T00:40:00","date_gmt":"2022-10-04T22:40:00","guid":{"rendered":"https:\/\/lemotdujour.fr\/?p=14166"},"modified":"2022-10-04T23:04:24","modified_gmt":"2022-10-04T21:04:24","slug":"mercredi-5-octobre-2022","status":"publish","type":"post","link":"https:\/\/lemotdujour.fr\/?p=14166","title":{"rendered":"Mercredi 5 octobre 2022"},"content":{"rendered":"<div class=\"mdjTexte\">\u00ab&nbsp;Le bus du Paris Saint Germain fait 3600 km \u00e0 vide pour transporter les joueurs sur une distance de moins de 50 km.&nbsp;\u00bb<\/div>\n<div class=\"mdjAuteur\">Ce n&rsquo;est pas une question de confort, mais de s\u00e9curit\u00e9.<\/div>\n<p><span style=\"color: #777777; font-family: Arial;\">Une nouvelle histoire de football\u2026<br \/>\n<\/span><\/p>\n<p><span style=\"color: #777777; font-family: Arial;\">Vous savez que l&rsquo;entraineur du Paris SG a \u00e9t\u00e9 vilipend\u00e9 parce qu&rsquo;il a r\u00e9pondu, \u00e0 un journaliste qui lui demandait pourquoi les joueurs ne prenaient pas le train plut\u00f4t que l&rsquo;avion pour faire un match \u00e0 200 km de Paris, qu&rsquo;une r\u00e9flexion \u00e9tait en cours pour examiner la possibilit\u00e9 de voyager en char \u00e0 voile.<br \/>\n<\/span><\/p>\n<p><span style=\"color: #777777; font-family: Arial;\">C&rsquo;\u00e9tait un mot d&rsquo;humour\u2026<br \/>\n<\/span><\/p>\n<p><span style=\"color: #777777; font-family: Arial;\">En pratique, les joueurs de PSG se d\u00e9placent en avion et en bus.<br \/>\n<\/span><\/p>\n<p><span style=\"color: #777777; font-family: Arial;\">Aujourd&rsquo;hui, le PSG affronte le club de Benfica \u00e0 Lisbonne.<br \/>\n<\/span><\/p>\n<p><span style=\"color: #777777; font-family: Arial;\">Il faut donc se rendre \u00e0 Lisbonne \u00e0 1460 km de Paris (\u00e0 vol d&rsquo;oiseau), Google annonce qu&rsquo;il faut 16h43 en voiture pour faire le trajet d&rsquo;environ 1800 km.<br \/>\n<\/span><\/p>\n<p><span style=\"color: #777777; font-family: Arial;\">Les joueurs sont donc all\u00e9s \u00e0 Lisbonne en avion.<br \/>\n<\/span><\/p>\n<p><span style=\"color: #777777; font-family: Arial;\">Dans ce contexte, je crois que m\u00eame les \u00e9cologistes se rendront \u00e0 l&rsquo;\u00e9vidence, l&rsquo;avion est la solution appropri\u00e9e.<br \/>\n<\/span><\/p>\n<p><span style=\"color: #777777; font-family: Arial;\">Mais, dans la pratique, le transport des joueurs du PSG est une affaire d&rsquo;une grande complexit\u00e9.<br \/>\n<\/span><\/p>\n<p><span style=\"color: #777777; font-family: Arial;\">L&rsquo;avion les am\u00e8ne \u00e0 l&rsquo;a\u00e9roport de Lisbonne&nbsp;!<br \/>\n<\/span><\/p>\n<p><span style=\"color: #777777; font-family: Arial;\">Mais l&rsquo;h\u00f4tel des joueurs et le stade de Luz ne sont pas \u00e0 c\u00f4t\u00e9 de l&rsquo;a\u00e9roport de Lisbonne.<br \/>\n<\/span><\/p>\n<p><span style=\"color: #777777; font-family: Arial;\">Pour l&rsquo;h\u00f4tel, je ne sais pas o\u00f9 Messi et ses coll\u00e8gues vont dormir, mais l&rsquo;a\u00e9roport et le stade nous savons o\u00f9 ils se trouvent.<br \/>\n<\/span><\/p>\n<p><img decoding=\"async\" src=\"https:\/\/lemotdujour.fr\/wp-content\/uploads\/2022\/10\/100422_0940_Mercredi5oc1.png\" alt=\"\"><span style=\"color: #777777; font-family: Arial;\">Je peux donc dire que la distance entre les deux se situent entre 6,6 et 7,9 km.<br \/>\n<\/span><\/p>\n<p><span style=\"color: #777777; font-family: Arial;\">Pour ces trajets il faut un bus.<br \/>\n<\/span><\/p>\n<p><span style=\"color: #777777; font-family: Arial;\">Un bus lou\u00e9 \u00e0 Lisbonne&nbsp;?<br \/>\n<\/span><\/p>\n<p><span style=\"color: #777777; font-family: Arial;\">Que nenni&nbsp;!<br \/>\n<\/span><\/p>\n<p><span style=\"color: #777777; font-family: Arial;\">Il faut le bus du PSG&nbsp;!<br \/>\n<\/span><\/p>\n<p><img decoding=\"async\" src=\"https:\/\/lemotdujour.fr\/wp-content\/uploads\/2022\/10\/100422_0940_Mercredi5oc2.jpg\" alt=\"\"><span style=\"color: #777777; font-family: Arial;\"><br \/>\n<\/span><\/p>\n<p><span style=\"color: #777777; font-family: Arial;\">Le bus du PSG n&rsquo;est pas \u00e0 Lisbonne, il est \u00e0 Paris.<br \/>\n<\/span><\/p>\n<p><span style=\"color: #777777; font-family: Arial;\">Il faut donc que le Bus se rende \u00e0 Lisbonne pour aller chercher les joueurs du PSG \u00e0 l&rsquo;a\u00e9roport, les prom\u00e8ne \u00e0 Lisbonne, puis revienne \u00e0 Paris.<br \/>\n<\/span><\/p>\n<p><span style=\"color: #777777; font-family: Arial;\">Le bus du PSG fait donc 3600 km \u00e0 vide pour promener l&rsquo;\u00e9quipe sur une cinquantaine de km, si l&rsquo;h\u00f4tel ne se trouve pas dans la proximit\u00e9 imm\u00e9diate du stade. Sinon les trajets seraient plus proche des 20 km.<br \/>\n<\/span><\/p>\n<p><span style=\"color: #777777; font-family: Arial;\">C&rsquo;est le Parisien qui donne cette nouvelle&nbsp;: &lt;<a href=\"https:\/\/www.leparisien.fr\/sports\/football\/psg\/benfica-psg-pourquoi-le-car-parisien-a-fait-1800-km-a-vide-jusqua-lisbonne-03-10-2022-M6WLYSJ7SFFFLAZXJ4FGDEFSTA.php\"><span style=\"color: #0000ff;\">Pourquoi le car parisien a fait 1800 km \u00e0 vide jusqu&rsquo;\u00e0 Lisbonne ?<\/span>&gt;<\/a><br \/>\n<\/span><\/p>\n<p><span style=\"color: #777777; font-family: Arial;\">Article repris par &lt;<a href=\"https:\/\/www.lavoixdunord.fr\/1236693\/article\/2022-10-04\/psg-le-bus-du-club-parisien-fait-1-800-kilometres-vide-jusqu-lisbonne-voici\"><span style=\"color: #0000ff;\">La Voix du Nord<\/span><\/a>&gt;&nbsp;:<br \/>\n<\/span><\/p>\n<p style=\"margin-left: 28pt;\"><span style=\"color: #c00000; font-family: Arial;\">\u00ab N<\/span><span style=\"color: #c00000; font-family: Arial;\">os confr\u00e8res du Parisien r\u00e9v\u00e8lent que le bus officiel du club a parcouru 1 800 kilom\u00e8tres \u00e0 vide entre Paris et Lisbonne&#8230; pour transporter les joueurs de l&rsquo;a\u00e9roport \u00e0 leur h\u00f4tel, puis au stade.<br \/>\n<\/span><\/p>\n<p style=\"margin-left: 28pt;\"><span style=\"color: #c00000; font-family: Arial;\">Concr\u00e8tement, pr\u00e9cise le journal, le bus a reli\u00e9 Lisbonne depuis Paris, afin de r\u00e9ceptionner les joueurs, qui ont pris l&rsquo;avion, \u00e0 l&rsquo;a\u00e9roport, pour pouvoir les emmener jusqu&rsquo;\u00e0 leur h\u00f4tel, puis les transf\u00e9rer de l&rsquo;h\u00f4tel au Stade de la Luz o\u00f9 ils jouent, ce mercredi, leur troisi\u00e8me match de Ligue des champions. Jeudi, ce sera rebelote, mais dans l&rsquo;autre sens : le bus remontera \u00e0 vide jusqu&rsquo;\u00e0 son garage en Ile-de-France.<br \/>\n<\/span><\/p>\n<p style=\"margin-left: 28pt;\"><span style=\"color: #c00000; font-family: Arial;\">C&rsquo;est un nouveau non-sens \u00e9cologique pour le PSG. Mais, une raison se cache derri\u00e8re ce choix : selon le Parisien, les dirigeants du club ont pris cette d\u00e9cision pour une question de s\u00e9curit\u00e9, \u00ab crit\u00e8re num\u00e9ro 1 qui oriente les d\u00e9cideurs au moment de valider le choix du moyen de transport \u00bb, \u00e9crivent nos confr\u00e8res.<br \/>\n<\/span><\/p>\n<p style=\"margin-left: 28pt;\"><span style=\"color: #c00000; font-family: Arial;\">Le journal pr\u00e9cise que le bus rouge et bleu n&rsquo;est pas vraiment un bus comme les autres : le v\u00e9hicule, fournit par la soci\u00e9t\u00e9 Man depuis 2013, poss\u00e8de des vitres blind\u00e9es et a \u00e9t\u00e9 con\u00e7u pour prot\u00e9ger les joueurs en cas d&rsquo;attaque plus ou moins violente, \u00e0 savoir des jets de projectiles de supporters, ou pour un attentat, \u00e0 l&rsquo;image de ce qui s&rsquo;est produit en 2017, o\u00f9 bus du Borussia Dortmund avait \u00e9t\u00e9 vis\u00e9 par trois explosions de bombes lors de son trajet entre l&rsquo;h\u00f4tel et le quart de finale de Ligue des champions. Depuis cet \u00e9v\u00e9nement, les grands clubs prennent leurs pr\u00e9cautions et sont \u00e9quip\u00e9s de ce type de bus.<br \/>\n<\/span><\/p>\n<p style=\"margin-left: 28pt;\"><span style=\"color: #c00000; font-family: Arial;\">Le bus du PSG, effectue environ 25 voyages par saison, pr\u00e9cisent nos confr\u00e8res : g\u00e9n\u00e9ralement pour emmener les joueurs de l&rsquo;a\u00e9roport \u00e0 l&rsquo;h\u00f4tel puis au stade, mais aussi parfois pour de courts d\u00e9placements en France, \u00e0 l&rsquo;image du d\u00e9placement des Parisiens pour le match contre Lille le 21 ao\u00fbt. Dans ce bus, au top du confort, se trouvent des si\u00e8ges inclinables \u00e0 45 degr\u00e9s sur lesquels se trouvent des \u00e9crans reli\u00e9s \u00e0 des consoles de jeux ou \u00e0 la t\u00e9l\u00e9 satellite et un coin cuisine, pour se faire r\u00e9chauffer des repas.<br \/>\n<\/span><\/p>\n<p style=\"margin-left: 28pt;\"><span style=\"color: #c00000; font-family: Arial;\">Il n&rsquo;est, en revanche, pas pr\u00e9sent partout. Il fait l&rsquo;impasse sur les voyages les plus lointains et ne se rend pas dans les lieux o\u00f9 il pourrait provoquer les supporters adverses, comme \u00e0 Marseille, par exemple, disent encore nos confr\u00e8res. Le PSG n&rsquo;est d&rsquo;ailleurs pas le seul \u00e0 faire voyager des bus \u00e0 vide : le bus de l&rsquo;Olympique de Marseille a, lui aussi, fait le voyage \u00e0 vide lors de la premi\u00e8re journ\u00e9e de Ligue des champions, pour se rendre \u00e0 son match face \u00e0 Tottenham. Il a \u00e9t\u00e9 aper\u00e7u au p\u00e9age de Setques, juste \u00e0 c\u00f4t\u00e9 de Saint-Omer, en direction de Calais.<br \/>\n<\/span><\/p>\n<p style=\"margin-left: 28pt;\"><span style=\"color: #c00000; font-family: Arial;\">Comme le rappelle le quotidien national : depuis plusieurs mois, les d\u00e9placements du club en train sont syst\u00e9matiquement mis en concurrence avec l&rsquo;avion et le bus sur quatre crit\u00e8res principaux, \u00e0 savoir : la s\u00e9curit\u00e9, le trouble \u00e0 l&rsquo;ordre public, le temps de trajet global et le co\u00fbt. Mais, jusqu&rsquo;\u00e0 pr\u00e9sent, la SNCF n&rsquo;a jamais remport\u00e9 les faveurs du club, notamment en raison des crit\u00e8res de s\u00e9curit\u00e9 et de l&rsquo;impossibilit\u00e9 apr\u00e8s certains matchs d&rsquo;effectuer les trajets retour dans la nuit, \u00e9l\u00e9ment indispensable \u00e0 la r\u00e9cup\u00e9ration des joueurs.&nbsp;\u00bb<br \/>\n<\/span><\/p>\n<p><span style=\"color: #777777; font-family: Arial;\">Voil\u00e0, vous \u00eates ainsi pleinement inform\u00e9s&nbsp;!<br \/>\n<\/span><\/p>\n<p><span style=\"color: #777777; font-family: Arial;\">Il reste des questions&nbsp;: ne peut-on pas trouver un bus blind\u00e9 \u00e0 Lisbonne&nbsp;? Comment font les parisiens \u00e0 Marseille quand ils se privent de leur bus pour ne pas provoquer&nbsp;?<br \/>\n<\/span><\/p>\n<p><span style=\"color: #777777; font-family: Arial;\">Mais l&rsquo;information essentielle est qu&rsquo;il faut un bus blind\u00e9 pour emmener les joueurs de football au stade&nbsp;!<br \/>\n<\/span><\/p>\n<p><span style=\"color: #777777; font-family: Arial;\">Parce que c&rsquo;est dangereux d&rsquo;aller au stade de football&nbsp;!<br \/>\n<\/span><\/p>\n<p><span style=\"color: #777777; font-family: Arial;\">Voil\u00e0 ce que notre soci\u00e9t\u00e9 a cr\u00e9\u00e9 \u00e0 partir d&rsquo;un jeu qui est devenu une affaire financi\u00e8re, une affaire de violence, un affrontement entre bandes rivales.<br \/>\n<\/span><\/p>\n<p><span style=\"color: maroon; font-family: Arial;\">&lt;1718&gt;<\/span><\/p>\n","protected":false},"excerpt":{"rendered":"<p>\u00ab&nbsp;Le bus du Paris Saint Germain fait 3600 km \u00e0 vide pour transporter les joueurs sur une distance de moins de 50 km.&nbsp;\u00bb Ce n&rsquo;est pas une question de confort, mais de s\u00e9curit\u00e9. Une nouvelle histoire de football\u2026 Vous savez<\/p>\n","protected":false},"author":1,"featured_media":0,"comment_status":"open","ping_status":"closed","sticky":false,"template":"","format":"standard","meta":{"footnotes":""},"categories":[1],"tags":[43,99,7],"class_list":["post-14166","post","type-post","status-publish","format-standard","hentry","category-motdujour","tag-ecologie","tag-football","tag-societe"],"_links":{"self":[{"href":"https:\/\/lemotdujour.fr\/index.php?rest_route=\/wp\/v2\/posts\/14166","targetHints":{"allow":["GET"]}}],"collection":[{"href":"https:\/\/lemotdujour.fr\/index.php?rest_route=\/wp\/v2\/posts"}],"about":[{"href":"https:\/\/lemotdujour.fr\/index.php?rest_route=\/wp\/v2\/types\/post"}],"author":[{"embeddable":true,"href":"https:\/\/lemotdujour.fr\/index.php?rest_route=\/wp\/v2\/users\/1"}],"replies":[{"embeddable":true,"href":"https:\/\/lemotdujour.fr\/index.php?rest_route=%2Fwp%2Fv2%2Fcomments&post=14166"}],"version-history":[{"count":3,"href":"https:\/\/lemotdujour.fr\/index.php?rest_route=\/wp\/v2\/posts\/14166\/revisions"}],"predecessor-version":[{"id":14171,"href":"https:\/\/lemotdujour.fr\/index.php?rest_route=\/wp\/v2\/posts\/14166\/revisions\/14171"}],"wp:attachment":[{"href":"https:\/\/lemotdujour.fr\/index.php?rest_route=%2Fwp%2Fv2%2Fmedia&parent=14166"}],"wp:term":[{"taxonomy":"category","embeddable":true,"href":"https:\/\/lemotdujour.fr\/index.php?rest_route=%2Fwp%2Fv2%2Fcategories&post=14166"},{"taxonomy":"post_tag","embeddable":true,"href":"https:\/\/lemotdujour.fr\/index.php?rest_route=%2Fwp%2Fv2%2Ftags&post=14166"}],"curies":[{"name":"wp","href":"https:\/\/api.w.org\/{rel}","templated":true}]}}