{"id":14156,"date":"2022-10-04T00:23:47","date_gmt":"2022-10-03T22:23:47","guid":{"rendered":"https:\/\/lemotdujour.fr\/?p=14156"},"modified":"2022-10-04T10:40:03","modified_gmt":"2022-10-04T08:40:03","slug":"mardi-4-octobre-2022","status":"publish","type":"post","link":"https:\/\/lemotdujour.fr\/?p=14156","title":{"rendered":"Mardi 4 octobre 2022"},"content":{"rendered":"<div class=\"mdjTexte\">\u00ab&nbsp;Le voile n&rsquo;est pas la libert\u00e9.&nbsp;\u00bb<\/div>\n<div class=\"mdjAuteur\">Kamel Daoud<\/div>\n<p><span style=\"color: #777777; font-family: Arial;\">C&rsquo;est une histoire largement diffus\u00e9e par les m\u00e9dias. <strong>Mahsa Amini<\/strong> jeune femme iranienne, kurde, a \u00e9t\u00e9 arr\u00eat\u00e9e par la police des m\u0153urs parce qu&rsquo;elle portait mal son voile selon cette milice d&rsquo;un autre \u00e2ge. La jeune femme, originaire de Saqqez, une ville de la province du Kurdistan iranien, \u00e9tait en voyage dans la capitale iranienne avec sa famille lorsqu&rsquo;elle a \u00e9t\u00e9 interpell\u00e9e sous les yeux de son fr\u00e8re. Sur les r\u00e9seaux sociaux, on la voit malmen\u00e9e pendant son arrestation, jet\u00e9e \u00e0 terre et finalement pouss\u00e9e contre sa volont\u00e9 dans un v\u00e9hicule de la police des m\u0153urs. Apr\u00e8s trois jours de d\u00e9tention, elle meurt le 16 septembre, \u00e0 l&rsquo;h\u00f4pital o\u00f9 finalement les policiers l&rsquo;ont emmen\u00e9e.<br \/>\n<\/span><\/p>\n<p><span style=\"color: #777777; font-family: Arial;\">Depuis des manifestations ont \u00e9clat\u00e9, des femmes br\u00fblent leur voile, coupent leurs cheveux en signe de protestation de cet asservissement qu&rsquo;elles subissent dans la r\u00e9publique islamique d&rsquo;Iran&#8230;<br \/>\n<\/span><\/p>\n<p><a href=\"https:\/\/www.france24.com\/fr\/asie-pacifique\/20220929-avec-la-mort-de-mahsa-amini-les-kurdes-iraniens-dans-la-tourmente\"><span style=\"font-family: Arial;\"><span style=\"color: #0000ff;\">&lt;France 24<\/span>&gt;<\/span><\/a><span style=\"color: #777777; font-family: Arial;\">, citait le 29 septembre, l&rsquo;agence officielle iranienne Fars qui affirme qu&rsquo;environ 60 personnes ont \u00e9t\u00e9 tu\u00e9es depuis le d\u00e9but des protestations dans l&rsquo;ensemble du pays et que 1200 personnes ont \u00e9t\u00e9 arr\u00eat\u00e9es.<br \/>\n<\/span><\/p>\n<p><span style=\"color: #777777; font-family: Arial;\">En principe nous savons quand les voies officielles donnent ce type de chiffres, ils sont toujours minor\u00e9s.<br \/>\n<\/span><\/p>\n<p><span style=\"color: #777777; font-family: Arial;\">Et bien s\u00fbr les autorit\u00e9s iraniennes accusent les puissances \u00e9trang\u00e8res d&rsquo;avoir foment\u00e9 le mouvement. \u00ab&nbsp;L&rsquo;ennemi a vis\u00e9 l&rsquo;unit\u00e9 nationale et veut dresser les gens les uns contre les autres&nbsp;\u00bb, a ainsi pr\u00e9venu le pr\u00e9sident ultraconservateur Ebrahim Ra\u00efssi mercredi, jugeant \u00ab&nbsp;le chaos inacceptable&nbsp;\u00bb et accusant les \u00c9tats-Unis, l&rsquo;ennemi jur\u00e9 de la R\u00e9publique islamique, d&rsquo;attiser la contestation. Elles en profitent aussi pour stigmatiser la minorit\u00e9 Kurde iranienne et celles des pays limitrophes.<br \/>\n<\/span><\/p>\n<p><span style=\"color: #777777; font-family: Arial;\">&lt;<span style=\"color: #0000ff;\"><a style=\"color: #0000ff;\" href=\"https:\/\/information.tv5monde.com\/info\/mort-de-mahsa-amini-pourquoi-les-manifestations-embrasent-l-iran-472222\">TV5<\/a><\/span>&gt; a interrog\u00e9 la sociologue <strong>Mahnaz Shirali<\/strong>, n\u00e9e en 1965 \u00e0 T\u00e9h\u00e9ran :<br \/>\n<\/span><\/p>\n<p style=\"margin-left: 28pt;\"><span style=\"color: #c00000; font-family: Arial;\">\u00ab&nbsp;La mort de Mahsha Amini, cette jeune fille de 22 ans, a d\u00e9clench\u00e9 de vives r\u00e9actions des Iraniens. Mais en m\u00eame temps, il y a toute une s\u00e9rie d&rsquo;autres facteurs qui se sont accumul\u00e9s. Sa mort a servi d&rsquo;\u00e9tincelle pour faire exploser la rage des Iraniens qui \u00e9taient inquiets depuis tr\u00e8s longtemps \u00e0 cause de pleins de probl\u00e8mes d&rsquo;injustice, des probl\u00e8mes \u00e9conomiques et une mauvaise gestion du pays.<br \/>\n<\/span><\/p>\n<p style=\"margin-left: 28pt;\"><span style=\"color: #c00000; font-family: Arial;\">[ Danser puis br\u00fbler son hijab, ou se couper les cheveux, et partager ces vid\u00e9os sur les r\u00e9seaux sociaux] fait parler. \u00c7a montre que \u00e7a attire l&rsquo;attention. C&rsquo;est \u00e7a le symbolisme : quelque chose qui n&rsquo;a peut-\u00eatre pas beaucoup de sens mais qui attire les regards. \u00c7a transmet des sentiments extr\u00eamement forts.<br \/>\n<\/span><\/p>\n<p style=\"margin-left: 28pt;\"><span style=\"color: #c00000; font-family: Arial;\">[\u2026] Elles en ont ras-le-bol. Elles ne peuvent plus supporter de ne pas \u00eatre libre, les contraintes qu&rsquo;on leur impose au nom de l&rsquo;Islam et de la loi islamique.&nbsp;\u00bb<br \/>\n<\/span><\/p>\n<p><span style=\"color: #777777; font-family: Arial;\">Il y a peu de chance que le r\u00e9gime iranien et ses sbires c\u00e8dent devant la pression de la rue. Ils ont le monopole des armes pour tuer et forcer, le fanatisme du croyant pour se rassurer et \u00e9vacuer les remords qui pourraient surgir devant tant de violence, les avantages \u00e9conomiques de l&rsquo;\u00e9lite religieuse et des forces de s\u00e9curit\u00e9 \u00e0 pr\u00e9server.<br \/>\n<\/span><\/p>\n<p><span style=\"color: #777777; font-family: Arial;\">Alors cela repose la question du voile de mani\u00e8re plus g\u00e9n\u00e9rale.<br \/>\n<\/span><\/p>\n<p><span style=\"color: #777777; font-family: Arial;\">Le voile pourrait \u00eatre instrument d&rsquo;asservissement en Iran et symbole de libert\u00e9 en France&nbsp;?<br \/>\n<\/span><\/p>\n<p><img loading=\"lazy\" decoding=\"async\" class=\"alignleft\" src=\"https:\/\/lemotdujour.fr\/wp-content\/uploads\/2022\/10\/100322_2218_Mardi4octob1.jpg\" alt=\"\" width=\"383\" height=\"410\" align=\"left\"><span style=\"color: #777777; font-family: Arial;\">Certain(e)s l&rsquo;affirment.<br \/>\n<\/span><\/p>\n<p><span style=\"color: #777777; font-family: Arial;\">Et la d\u00e9put\u00e9 LFI <a href=\"https:\/\/fr.wikipedia.org\/wiki\/Dani%C3%A8le_Obono\"><strong><span style=\"color: #0000ff;\">Daniele Obono<\/span><\/strong><\/a> fustige m\u00eame celles et ceux qui pourraient tenter d&rsquo;y voir une contradiction et pousser \u00ab&nbsp;l&rsquo;ind\u00e9cence&nbsp;\u00bb jusqu&rsquo;\u00e0 vouloir s&rsquo;appuyer sur le combat des femmes iraniennes pour poser des questions sur l&rsquo;association de \u00abla libert\u00e9\u00bb et \u00abdu voile\u00bb en France.<br \/>\n<\/span><\/p>\n<p><span style=\"color: #777777; font-family: Arial;\">Elle a cette insulte morbide&nbsp;: \u00ab&nbsp;<span style=\"color: #c00000;\">mangez vos morts<span style=\"color: #777777;\">&nbsp;\u00bb \u2026<br \/>\n<\/span><\/span><\/span><\/p>\n<p><span style=\"color: #777777; font-family: Arial;\">D&rsquo;autres, sans aller dans ces exc\u00e8s de langage, essayent aussi de surmonter et de r\u00e9soudre cette contradiction. <a href=\"https:\/\/www.marianne.net\/politique\/ecolos\/sexiste-en-iran-choisi-en-france-sur-le-voile-sandrine-rousseau-setale\"><span style=\"color: #0000ff;\">Sandrine Rousseau<\/span><\/a> qui est de tous les combats est de celui-l\u00e0 aussi.<br \/>\n<\/span><\/p>\n<p><span style=\"color: #777777; font-family: Arial;\">Je lis toujours avec beaucoup d&rsquo;int\u00e9r\u00eat et de plaisir intellectuel l&rsquo;\u00e9crivain alg\u00e9rien <strong>Kamel Daoud<\/strong>.<br \/>\n<\/span><\/p>\n<p><span style=\"color: #777777; font-family: Arial;\">Il m&rsquo;est arriv\u00e9 plusieurs fois d&rsquo;\u00e9crire des mots du jour en le mettant en exergue&nbsp;:<br \/>\n<\/span><\/p>\n<ul>\n<li><span style=\"color: #777777; font-family: Arial;\">\u00ab<a href=\"https:\/\/lemotdujour.fr\/?p=9370\"><span style=\"color: #0000ff;\">L&rsquo;antiracisme est un combat juste. Il ne doit pas devenir un acte de vandalisme intellectuel ou de d\u00e9sordre dans ce monde si fragile<\/span><\/a>.\u00bb<br \/>\n<\/span><\/li>\n<li><span style=\"color: #777777; font-family: Arial;\">\u00ab <a href=\"https:\/\/lemotdujour.fr\/?p=1138\"><span style=\"color: #0000ff;\">En France, vous avez un art tr\u00e8s rare qui est de fabriquer des religions sans dieu<\/span><\/a>&nbsp;\u00bb<br \/>\n<\/span><\/li>\n<\/ul>\n<p><span style=\"color: #777777; font-family: Arial;\">Et je l&rsquo;ai cit\u00e9 longuement dans le mot du jour consacr\u00e9 \u00e0 ce livre \u00e9tonnant <strong>d&rsquo;Ibn Tufayl<\/strong>&nbsp;: \u00ab <a href=\"https:\/\/lemotdujour.fr\/?p=8310\"><span style=\"color: #0000ff;\">Le Vivant, fils de l&rsquo;\u00c9veill\u00e9<\/span><\/a> \u00bb<br \/>\n<\/span><\/p>\n<p><span style=\"color: #777777; font-family: Arial;\"><strong>Kamel Daoud <\/strong>a \u00e9crit un \u00e9ditorial, le 3 octobre 2022 dans<strong> \u00ab&nbsp;Le Point&nbsp;\u00bb&nbsp;: <\/strong>&lt;<span style=\"color: #0000ff;\"><a style=\"color: #0000ff;\" href=\"https:\/\/www.lepoint.fr\/editos-du-point\/le-voile-est-un-feminicide-03-10-2022-2492196_32.php\">Le voile est un f\u00e9minicide<\/a><\/span>&gt;&nbsp;:<br \/>\n<\/span><\/p>\n<p style=\"margin-left: 28pt;\"><span style=\"color: #c00000; font-family: Arial;\">\u00ab&nbsp;Le voile tue. La d\u00e9mocratie, non. La mort de Mahsa Amini et la vague de protestations qu&rsquo;elle provoque en Iran rappelle une fois de plus cette \u00e9vidence.&nbsp;[\u2026]<br \/>\n<\/span><\/p>\n<p style=\"margin-left: 28pt;\"><span style=\"color: #c00000; font-family: Arial;\">\u00ab&nbsp;Cela suffit \u00e0 tout dire et \u00e0 tout d\u00e9mentir. Ce n&rsquo;est pas un \u00e9v\u00e9nement rare, d&rsquo;ailleurs. Une femme harcel\u00e9e, violent\u00e9e, menac\u00e9e, tu\u00e9e ou excommuni\u00e9e parce qu&rsquo;elle refuse de porter le voile est chose banale dans le monde dit \u00ab musulman \u00bb. Une femme qui ose arracher ce linceul confessionnel, c&rsquo;est encore pire que l&rsquo;apostasie, c&rsquo;est le choix de la pornographie, de la prostitution, de la d\u00e9sob\u00e9issance civile. Il faut \u00eatre femme dans ces territoires pour le vivre, en mourir et sourire de celles et ceux qui, en Occident, pr\u00e9tendent que le voile est une libert\u00e9.&nbsp;\u00bb<br \/>\n<\/span><\/p>\n<p><span style=\"color: #777777; font-family: Arial;\">Kamel Daoud a vu arriver en Alg\u00e9rie, la vague islamiste, le voile qui couvrait toujours davantage les femmes et il se cite \u00e0 la troisi\u00e8me personne&nbsp;:<br \/>\n<\/span><\/p>\n<p style=\"margin-left: 28pt;\"><span style=\"color: #c00000; font-family: Arial;\">\u00ab&nbsp;Parce que, vivant dans le \u00ab Sud confessionnel \u00bb, il sait que ce morceau d&rsquo;\u00e9toffe est une prison et une condamnation \u00e0 mourir une vie enti\u00e8re, un enterrement vertical, le renoncement acclam\u00e9 \u00e0 son propre corps. Il sait ce que cela co\u00fbte pour les femmes et combien elles le paient. Et \u00e9couter l&rsquo;\u00ab engineering de l&rsquo;islamisme \u00bb occidental pr\u00e9senter cela comme une libert\u00e9 et un choix et rameuter les opinions et les m\u00e9dias pour geindre sur une pr\u00e9sum\u00e9e confiscation de droits provoque la rage.&nbsp;\u00bb<br \/>\n<\/span><\/p>\n<p><span style=\"color: #777777; font-family: Arial;\">Son opinion est claire et tranchante&nbsp;: .<br \/>\n<\/span><\/p>\n<p style=\"margin-left: 28pt;\"><span style=\"color: #c00000; font-family: Arial;\">\u00ab&nbsp;Un bout de territoire c\u00e9d\u00e9, pas un bout de tissu choisi. Il faut donc rappeler les \u00e9vidences co\u00fbteuses : le voile n&rsquo;est pas une libert\u00e9, mais sa fin. Le voile n&rsquo;est pas un \u00e9piderme qui souffre d&rsquo;un racisme adverse, mais un uniforme d&rsquo;enr\u00f4lement. Le voile n&rsquo;est pas le signe d&rsquo;une identit\u00e9 communautaire, mais un renoncement \u00e0 toute identit\u00e9 et communaut\u00e9 au b\u00e9n\u00e9fice d&rsquo;un refus de vivre ensemble, de partager, de s&rsquo;ouvrir, de s&rsquo;enrichir mutuellement. Le voile n&rsquo;est pas une \u00ab origine \u00bb, mais un effacement de soi, des siens, de ses g\u00e9n\u00e9alogies au b\u00e9n\u00e9fice d&rsquo;un recrutement. Le voile n&rsquo;est pas seulement un petit foulard, c&rsquo;est surtout ainsi qu&rsquo;il commence. Le refuser, le combattre, n&rsquo;est pas un acte n\u00e9ocolonial, l&rsquo;ordre d&rsquo;un colon. Le d\u00e9voilement n&rsquo;est pas une violence de colonisation reconduite, et l&rsquo;accepter, c&rsquo;est conc\u00e9der le territoire et le corps de ses propres citoyens au b\u00e9n\u00e9fice d&rsquo;une autre loi. Le voile a b\u00e9n\u00e9fici\u00e9 de la \u00ab culpabilit\u00e9 \u00bb en Occident, de l&rsquo;intelligence de l&rsquo;islamiste occidental expert en droits, ONG et architectures associatives. Il a profit\u00e9 de l&rsquo;histoire mal sold\u00e9e des colonisations et recycle les proc\u00e8s en arnaques rus\u00e9es, les d\u00e9nis en s\u00e9paratismes. <strong>Il a surtout recycl\u00e9 le communautaire en confessionnel et le confessionnel en strat\u00e9gie de conqu\u00eate.<\/strong>&nbsp;\u00bb<br \/>\n<\/span><\/p>\n<p><span style=\"color: #777777; font-family: Arial;\">Et il pose ce constat&nbsp;: \u00ab&nbsp;<span style=\"color: #c00000;\">aujourd&rsquo;hui, au sud du monde, une femme non voil\u00e9e est une prostitu\u00e9e et, au nord, une femme non voil\u00e9e est une tra\u00eetre \u00e0 sa culture, \u00e0 ses anc\u00eatres<span style=\"color: #777777;\">.&nbsp;\u00bb<br \/>\n<\/span><\/span><\/span><\/p>\n<p><span style=\"color: #777777; font-family: Arial;\">Et il me semble qu&rsquo;il parle ensuite de certains politiques qu&rsquo;il ne faut peut \u00eatre pas appeler islamo-gauchiste mais plut\u00f4t islamo-na\u00eff.<br \/>\n<\/span><\/p>\n<p style=\"margin-left: 28pt;\"><span style=\"color: #c00000; font-family: Arial;\">\u00ab&nbsp;Et il s&rsquo;en trouvera pour le d\u00e9fendre, na\u00effs ou fourbes, \u00e9lectoralistes ou populistes.&nbsp;\u00bb<br \/>\n<\/span><\/p>\n<p><span style=\"color: #777777; font-family: Arial;\">Et il finit par cette conclusion&nbsp;:<br \/>\n<\/span><\/p>\n<p style=\"margin-left: 28pt;\"><span style=\"color: #c00000; font-family: Arial;\">\u00ab&nbsp;Mais qu&rsquo;on arr\u00eate une femme en Iran, qu&rsquo;on la torture, qu&rsquo;elle meure \u00e0 cause de ce \u00ab tissu \u00bb qui n&rsquo;est qu&rsquo;une camisole et tout reprend sens, s&rsquo;ordonne selon ces \u00e9vidences \u00e0 qui on fait une guerre sournoise : le voile n&rsquo;est pas la libert\u00e9, ni l&rsquo;identit\u00e9, ni un choix. Il est pr\u00e9tendu choix dans le pays qui a le respect des choix, c&rsquo;est-\u00e0-dire des libert\u00e9s, c&rsquo;est-\u00e0-dire dans les d\u00e9mocraties. Dans les dictatures, il se montre pour ce qu&rsquo;il est : un assassinat. Car on aura beau jouer sur les mots, le voile tue. La d\u00e9mocratie, non. Des Iraniennes auraient donn\u00e9 beaucoup pour venir vivre leur libert\u00e9 en France. Pas pour y renoncer.&nbsp;\u00bb<br \/>\n<\/span><\/p>\n<p><span style=\"color: #777777; font-family: Arial;\">Je partage cet article.<br \/>\n<\/span><\/p>\n<p><span style=\"color: #777777; font-family: Arial;\">Je partage l&rsquo;analyse et l&rsquo;opinion de Kamel Daoud.<br \/>\n<\/span><\/p>\n<p><span style=\"color: #777777; font-family: Arial;\">La plupart des commentaires de cet article sont favorables. J&rsquo;en ai cependant lu un portant une critique \u00e9trange qui semble nier qu&rsquo;il est plus doux de vivre dans notre d\u00e9mocratie que dans la th\u00e9ocratie chiite :<br \/>\n<\/span><\/p>\n<p style=\"margin-left: 28pt;\"><span style=\"color: #c00000; font-family: Arial;\"><strong>\u00ab&nbsp;<\/strong>Le voile tue. La d\u00e9mocratie, non.<br \/>\n<\/span><\/p>\n<p style=\"margin-left: 28pt;\"><span style=\"color: #c00000; font-family: Arial;\">Kamel Daoud a choisi d&rsquo;oublier toutes les morts au nom des valeurs de l&rsquo;occident.<br \/>\nJusqu&rsquo;\u00e0 maintenant, par exemple, c&rsquo;\u00e9taient les pouvoirs d\u00e9mocratiques uniquement qui ont l\u00e2ch\u00e9 une arme nucl\u00e9aire sur la population de deux grandes villes.<br \/>\nQu&rsquo;apporte la d\u00e9mocratie ?<br \/>\n\u00c0 partir de 1789 la France a connu une myriade de r\u00e9gimes plus ou moins d\u00e9mocratiques.<br \/>\nMonarchie absolue monarchie constitutionnelle, les 9 r\u00e9gimes de la 1\u00e8re R\u00e9publique, 3 Empires, Restauration Monarchie, 100 Jours de Napol\u00e9on, 2\u00e8me Restauration, Monarchie de juillet, 4 R\u00e9publiques de plus, La France Libre, Comit\u00e9 Fran\u00e7aise de la Lib\u00e9ration, Groupement Provisoire de la R\u00e9publique.<br \/>\net vous croyez que la d\u00e9mocratie venait avec ?<br \/>\nQuelles sont les dates de suffrage universel, de la majorit\u00e9 \u00e0 18 ans, des droits des minorit\u00e9s nombreux ?<br \/>\nLes vainqueurs des guerres portent la victoire des plus forts. Non des plus moraux&nbsp; \u00bb<br \/>\n<\/span><\/p>\n<p><span style=\"color: #777777; font-family: Arial;\">Je me suis permis une r\u00e9ponse&nbsp;: \u00ab&nbsp;Simplement Merci de dire ces choses simples. Le voile n&rsquo;est pas une libert\u00e9. Alors je ne crois pas qu&rsquo;il faille autoritairement l&rsquo;interdire, mais il faut plut\u00f4t \u00eatre fier de nos valeurs et les d\u00e9fendre. A savoir la libert\u00e9, les contre-pouvoirs, l&rsquo;\u00e9tat de droit, la volont\u00e9 d&rsquo;\u00e9mancipation de l&rsquo;individu, l&rsquo;\u00e9galit\u00e9 des femmes et des hommes, le droit de penser et de croire diff\u00e9remment et surtout de ne pas croire. Bien sur l&rsquo;Occident a commis des fautes et des crimes parfois. Cela \u00e9tant, les autres civilisations n&rsquo;en sont pas exemptes non plus. Reconna\u00eetre des erreurs ne doit pas nous dissuader de d\u00e9fendre la part belle de notre histoire et de notre mani\u00e8re de vivre en soci\u00e9t\u00e9. &nbsp;\u00bb<br \/>\n<\/span><\/p>\n<p><span style=\"color: maroon; font-family: Arial;\">&lt;1717&gt;<span style=\"color: #777777;\"><br \/>\n<\/span><\/span><\/p>\n","protected":false},"excerpt":{"rendered":"<p>\u00ab&nbsp;Le voile n&rsquo;est pas la libert\u00e9.&nbsp;\u00bb Kamel Daoud C&rsquo;est une histoire largement diffus\u00e9e par les m\u00e9dias. Mahsa Amini jeune femme iranienne, kurde, a \u00e9t\u00e9 arr\u00eat\u00e9e par la police des m\u0153urs parce qu&rsquo;elle portait mal son voile selon cette milice d&rsquo;un<\/p>\n","protected":false},"author":1,"featured_media":0,"comment_status":"open","ping_status":"closed","sticky":false,"template":"","format":"standard","meta":{"footnotes":""},"categories":[1],"tags":[222,36,86],"class_list":["post-14156","post","type-post","status-publish","format-standard","hentry","category-motdujour","tag-civilisation","tag-feminisme","tag-islam"],"_links":{"self":[{"href":"https:\/\/lemotdujour.fr\/index.php?rest_route=\/wp\/v2\/posts\/14156","targetHints":{"allow":["GET"]}}],"collection":[{"href":"https:\/\/lemotdujour.fr\/index.php?rest_route=\/wp\/v2\/posts"}],"about":[{"href":"https:\/\/lemotdujour.fr\/index.php?rest_route=\/wp\/v2\/types\/post"}],"author":[{"embeddable":true,"href":"https:\/\/lemotdujour.fr\/index.php?rest_route=\/wp\/v2\/users\/1"}],"replies":[{"embeddable":true,"href":"https:\/\/lemotdujour.fr\/index.php?rest_route=%2Fwp%2Fv2%2Fcomments&post=14156"}],"version-history":[{"count":6,"href":"https:\/\/lemotdujour.fr\/index.php?rest_route=\/wp\/v2\/posts\/14156\/revisions"}],"predecessor-version":[{"id":14233,"href":"https:\/\/lemotdujour.fr\/index.php?rest_route=\/wp\/v2\/posts\/14156\/revisions\/14233"}],"wp:attachment":[{"href":"https:\/\/lemotdujour.fr\/index.php?rest_route=%2Fwp%2Fv2%2Fmedia&parent=14156"}],"wp:term":[{"taxonomy":"category","embeddable":true,"href":"https:\/\/lemotdujour.fr\/index.php?rest_route=%2Fwp%2Fv2%2Fcategories&post=14156"},{"taxonomy":"post_tag","embeddable":true,"href":"https:\/\/lemotdujour.fr\/index.php?rest_route=%2Fwp%2Fv2%2Ftags&post=14156"}],"curies":[{"name":"wp","href":"https:\/\/api.w.org\/{rel}","templated":true}]}}