{"id":1413,"date":"2016-09-14T02:00:00","date_gmt":"2016-09-13T22:00:00","guid":{"rendered":"http:\/\/lemotdujour.fr\/?p=1413"},"modified":"2022-06-26T19:39:55","modified_gmt":"2022-06-26T17:39:55","slug":"mercredi-14-septembre-2016","status":"publish","type":"post","link":"https:\/\/lemotdujour.fr\/?p=1413","title":{"rendered":"Mercredi 14 septembre 2016"},"content":{"rendered":"<div class=\"mdjTexte\">\u00abU.P.E.A.A.<br \/>\nUnit\u00e9 p\u00e9dagogique pour \u00e9l\u00e8ves allophones arrivants \u00bb<\/div>\n<div class=\"mdjAuteur\">Acronyme que seule l&rsquo;\u00c9ducation Nationale Fran\u00e7aise est capable d&rsquo;inventer<\/div>\n<p><span style=\"color:#777777; font-family:Arial\">Il faut bien savoir \u00eatre un peu l\u00e9ger parfois, quoique\u2026<br \/>\n<\/span><br \/>\n<span style=\"color:#777777; font-family:Arial\">Dans ce cas, il suffit de faire un tour dans l&rsquo;univers de la cr\u00e9ativit\u00e9 de l&rsquo;Education Nationale pour s&rsquo;amuser et aussi se dire&nbsp;: Peut-on \u00eatre p\u00e9dagogue, c&rsquo;est-\u00e0-dire selon ma d\u00e9finition rendre simple des choses complexes, quand on se&nbsp;compla\u00eet&nbsp;dans un tel vocabulaire&nbsp;?<br \/>\n<\/span><\/p>\n<p><span style=\"color:#777777; font-family:Arial\">Rappelons qu&rsquo;\u00ab&nbsp;<strong>allophone<\/strong>&nbsp;\u00bb a pour d\u00e9finition&nbsp;: \u00ab&nbsp;Personne qui parle une langue autre que celle(s) de la majorit\u00e9.&nbsp;\u00bb.<br \/>\n<\/span><\/p>\n<p><span style=\"color:#777777; font-family:Arial\">Bref il s&rsquo;agit ici d&rsquo;une \u00ab&nbsp;<strong>classe \u00e0 destination d&rsquo;immigr\u00e9s qui ne parlent pas le fran\u00e7ais&nbsp;<\/strong>\u00bb.<br \/>\n<\/span><\/p>\n<p><span style=\"color:#777777; font-family:Arial\">On pourrait m\u00eame dire \u00ab&nbsp;classe \u00e0 destination d&rsquo;immigr\u00e9s allophones&nbsp;\u00bb, car le terme allophone est pr\u00e9cis et signifie exactement ce de quoi on parle. Il ne s&rsquo;agit pas de faire l&rsquo;\u00e9loge d&rsquo;une langue pauvre et de ne pas utiliser des termes pr\u00e9cis et appropri\u00e9s.<br \/>\n<\/span><\/p>\n<p><span style=\"color:#777777; font-family:Arial\">Ce qui est en cause ici et qui constitue la novlangue des technocrates ce n&rsquo;est pas l&rsquo;utilisation du mot \u00ab&nbsp;<strong>allophone<\/strong>&nbsp;\u00bb mais bien son association avec \u00ab&nbsp;<strong>unit\u00e9 p\u00e9dagogique<\/strong>&nbsp;\u00bb et surtout \u00ab&nbsp;<strong>\u00e9l\u00e8ves arrivants<\/strong>&nbsp;\u00bb.<br \/>\n<\/span><\/p>\n<p><span style=\"color:#777777; font-family:Arial\">En outre si on lit rapidement l&rsquo;acronyme <strong>d&rsquo;\u00ab&nbsp;UPEAA<\/strong>&nbsp;\u00bb, on entend \u00ab&nbsp;<strong>duper<\/strong>&nbsp;\u00bb qui a lien \u00e9troit avec tromperie.<br \/>\n<\/span><\/p>\n<p><span style=\"color:#777777; font-family:Arial\">J&rsquo;ai appris l&rsquo;existence des \u00ab&nbsp;<strong>UPEAA<\/strong>&nbsp;\u00bb gr\u00e2ce \u00e0 cet article&nbsp;: <a href=\"http:\/\/tempsreel.nouvelobs.com\/monde\/migrants\/20160504.OBS9845\/madame-vous-avez-fait-quoi-pour-devenir-francaise.html\"><span style=\"color:blue; text-decoration:underline\">&lt;Madame vous avez fait quoi pour devenir francaise&nbsp;?&gt;<\/span><\/a><br \/>\n<\/span><\/p>\n<p><span style=\"color:#777777; font-family:Arial\">Cet article pr\u00e9sente un autre int\u00e9r\u00eat&nbsp;: celui du t\u00e9moignage d&rsquo;une fran\u00e7aise d&rsquo;origine vietnamienne&nbsp;: <strong>Doan Bui,<\/strong> journaliste qui a \u00e9t\u00e9 invit\u00e9e \u00e0 retourner dans son ancien coll\u00e8ge \u00ab&nbsp;Berthelot&nbsp;\u00bb au <strong>Mans<\/strong> o\u00f9 elle a rencontr\u00e9 des \u00e9l\u00e8ves migrants originaires de Syrie, du Kosovo, du Tchad.<br \/>\n<\/span><\/p>\n<p><span style=\"color:#777777; font-family:Arial\">Je cite quelques extraits de ce reportage&nbsp;:<br \/>\n<\/span><\/p>\n<p style=\"margin-left: 28pt\"><span style=\"color:#c00000; font-family:Arial\">\u00ab&nbsp;Fin avril, je suis donc retourn\u00e9e en classe, et j&rsquo;ai vu mes \u00ab&nbsp;successeurs&nbsp;\u00bb\u2026 Cette fois, c&rsquo;est moi qui \u00e9tais au tableau.<br \/>\n<\/span><\/p>\n<p style=\"margin-left: 28pt\"><span style=\"color:#c00000; font-family:Arial\">Avec cette double casquette : journaliste \u00e0 \u00ab&nbsp;l&rsquo;Obs&nbsp;\u00bb et fille de migrants (ou plut\u00f4t l&rsquo;inverse). [\u2026]<br \/>\n<\/span><\/p>\n<p style=\"margin-left: 28pt\"><span style=\"color:#c00000; font-family:Arial\">Erza, blonde aux yeux bleus, est kosovare (elle dit \u00ab\u00a0albanaise\u00a0\u00bb sur sa page Facebook), Aminata vient de Mauritanie, \u00ab&nbsp;o\u00f9 il y a la guerre&nbsp;\u00bb, Rama de Syrie, Nawele d&rsquo;Italie et de Tunisie, Mariam ou Jamilati du Tchad.<br \/>\n<\/span><\/p>\n<p style=\"margin-left: 28pt\"><span style=\"color:#c00000; font-family:Arial\">Derri\u00e8re leurs grands sourires, elles tra\u00eenent avec elles des histoires d&rsquo;exils et de d\u00e9chirements parfois terribles, et pourtant, quand on les voit, impossible de les distinguer de leurs camarades.<br \/>\n<\/span><\/p>\n<p style=\"margin-left: 28pt\"><span style=\"color:#c00000; font-family:Arial\">Ce ne sont pas des \u00ab&nbsp;migrantes&nbsp;\u00bb. Juste des ados, qui se taquinent, pensent \u00e0 l&rsquo;avenir, \u00e0 l&rsquo;amour, et pouffent quand elles \u00e9voquent les gar\u00e7ons.<br \/>\n<\/span><\/p>\n<p style=\"margin-left: 28pt\"><span style=\"color:#c00000; font-family:Arial\">Zain, 15 ans, est g\u00ean\u00e9 quand les filles l&rsquo;appellent pour poser. Il est plus timide. Il attendra la pause go\u00fbter pour me raconter son histoire. Zain est un <strong>Mineur Isol\u00e9 \u00e9tranger<\/strong>, un \u00ab&nbsp;<strong>MIE<\/strong>&nbsp;\u00bb. \u00ab&nbsp;Je viens d&rsquo;Islamabad. Mes parents m&rsquo;ont envoy\u00e9 en France. A l&rsquo;a\u00e9roport, j&rsquo;\u00e9tais tout seul. Mais j&rsquo;ai rencontr\u00e9 un autre Pakistanais. Il m&rsquo;a conseill\u00e9 d&rsquo;aller \u00e0 Laval o\u00f9 il connaissait des gens. J&rsquo;ai \u00e9t\u00e9 dans un foyer, dans l&rsquo;Aide Sociale, c&rsquo;\u00e9tait le nom. Et puis apr\u00e8s, je suis arriv\u00e9 au Mans. [\u2026]<br \/>\n<\/span><\/p>\n<p style=\"margin-left: 28pt\"><span style=\"color:#c00000; font-family:Arial\">Zain est \u00ab&nbsp;tr\u00e8s sociable&nbsp;\u00bb me disent ses professeurs. Scolaris\u00e9 en troisi\u00e8me, il commence \u00e0 se d\u00e9brouiller. Derri\u00e8re lui, souriant et mutique, Yannick, un autre \u00ab&nbsp;MIE&nbsp;\u00bb vient d&rsquo;Angola. Hanh Baillat, professeur de Fran\u00e7ais : On a d&rsquo;autres MIE qui sont arriv\u00e9s cette semaine. L&rsquo;\u00e9ducateur ne savait rien d&rsquo;eux, \u00e0 part qu&rsquo;ils ont \u00e9t\u00e9 trouv\u00e9s \u00e0 Paris, qu&rsquo;ils seraient originaires d&rsquo;Egypte. Ils ne parlent pas un mot de fran\u00e7ais, pas un mot d&rsquo;anglais. Ils sont \u00ab&nbsp;<strong>NSA<\/strong>&nbsp;\u00bb, comme on dit. \u00ab&nbsp;<strong>Non scolaris\u00e9s ant\u00e9rieurement<\/strong>&nbsp;\u00bb<br \/>\n<\/span><\/p>\n<p style=\"margin-left: 28pt\"><span style=\"color:#c00000; font-family:Arial\">Mais \u00e7a n&rsquo;a pas l&rsquo;air de lui faire peur \u00e0 Hanh. Elle me d\u00e9signe ainsi Aminata, vive comme du vif argent, qui est arriv\u00e9e de Mauritanie, il y a moins d&rsquo;un an. \u00ab&nbsp;Elle \u00e9tait NSA aussi, au d\u00e9part, pour lui apprendre le fran\u00e7ais, on travaillait avec des images.&nbsp;\u00bb Aminata parle si bien fran\u00e7ais qu&rsquo;on croirait qu&rsquo;elle l&rsquo;a appris depuis toute petite. En Mauritanie, par exemple. Aminata s&rsquo;exclame : \u00ab&nbsp;Ah non, je n&rsquo;ai pas appris le fran\u00e7ais l\u00e0-bas !!!<br \/>\nL&rsquo;\u00e9cole en Mauritanie, c&rsquo;\u00e9tait pas bien. Ici, en France, tout est mieux. M\u00eame le froid, je m&rsquo;y suis habitu\u00e9e.\u00a0\u00bb [\u2026]<br \/>\n<\/span><\/p>\n<p style=\"margin-left: 28pt\"><span style=\"color:#c00000; font-family:Arial\">Qui se sent venir \u00e0 100% d&rsquo;un endroit ?\u00a0\u00bb demande <strong>Fran\u00e7oise Leclaire<\/strong>, qui a lanc\u00e9 le projet aupr\u00e8s des \u00e9l\u00e8ves de l&rsquo;UEPAA. Personne ne l\u00e8ve le doigt\u2026<br \/>\n<\/span><\/p>\n<p style=\"margin-left: 28pt\"><span style=\"color:#c00000; font-family:Arial\">Sur les murs, des cartes o\u00f9 sont \u00e9pingl\u00e9s tous les pays d&rsquo;o\u00f9 viennent les enfants, leurs parents, leurs grands-parents. [\u2026]<br \/>\n<\/span><\/p>\n<p style=\"margin-left: 28pt\"><span style=\"color:#c00000; font-family:Arial\">Mariam, du Tchad, qui a \u00e9galement habit\u00e9 \u00e0 Moscou, est tr\u00e8s tracass\u00e9e par ce que \u00e7a veut dire \u00ab&nbsp;devenir fran\u00e7ais&nbsp;\u00bb :<br \/>\n<\/span><\/p>\n<p style=\"margin-left: 28pt\"><span style=\"color:#c00000; font-family:Arial\">\u00ab&nbsp;Madame, est ce que vous vous sentez fran\u00e7aise ?&nbsp; Qu&rsquo;est-ce que vous avez fait pour devenir fran\u00e7aise ?&nbsp;\u00bb<br \/>\n<\/span><\/p>\n<p style=\"margin-left: 28pt\"><span style=\"color:#c00000; font-family:Arial\">Hum\u2026 Qu&rsquo;est-ce que j&rsquo;ai fait pour devenir fran\u00e7aise ?<br \/>\nMoi qui suis n\u00e9e fran\u00e7aise (enfin presque, naturalis\u00e9e \u00e0 deux ans), j&rsquo;ai toujours eu l&rsquo;impression d&rsquo;\u00eatre fran\u00e7aise.<br \/>\nA cause des livres peut \u00eatre : je me r\u00eavais en petite fille mod\u00e8le, fa\u00e7on Comtesse de S\u00e9gur.&nbsp;\u00bb<br \/>\n<\/span><\/p>\n<p><span style=\"color:#777777; font-family:Arial\">Voil\u00e0 au-del\u00e0 d&rsquo;apprendre quelques acronymes amusants ou d\u00e9biles, cet article parle d&rsquo;enfants, de d\u00e9chirures, de guerres, d&rsquo;exil et de cette difficile qu\u00eate : \u00ab&nbsp;<strong>devenir fran\u00e7ais<\/strong>&nbsp;\u00bb<br \/>\n<\/span><\/p>\n<p><span style=\"font-size:12pt\"><span style=\"color:maroon; font-family:Arial\">&lt;747&gt;<\/span><span style=\"font-family:Times New Roman\"><br \/>\n<\/span><\/span><\/p>\n","protected":false},"excerpt":{"rendered":"<p>\u00abU.P.E.A.A. Unit\u00e9 p\u00e9dagogique pour \u00e9l\u00e8ves allophones arrivants \u00bb Acronyme que seule l&rsquo;\u00c9ducation Nationale Fran\u00e7aise est capable d&rsquo;inventer Il faut bien savoir \u00eatre un peu l\u00e9ger parfois, quoique\u2026 Dans ce cas, il suffit de faire un tour dans l&rsquo;univers de la<\/p>\n","protected":false},"author":1,"featured_media":0,"comment_status":"closed","ping_status":"closed","sticky":false,"template":"","format":"standard","meta":{"footnotes":""},"categories":[1],"tags":[15,95,39],"class_list":["post-1413","post","type-post","status-publish","format-standard","hentry","category-motdujour","tag-france","tag-immigration","tag-jeunesse"],"_links":{"self":[{"href":"https:\/\/lemotdujour.fr\/index.php?rest_route=\/wp\/v2\/posts\/1413","targetHints":{"allow":["GET"]}}],"collection":[{"href":"https:\/\/lemotdujour.fr\/index.php?rest_route=\/wp\/v2\/posts"}],"about":[{"href":"https:\/\/lemotdujour.fr\/index.php?rest_route=\/wp\/v2\/types\/post"}],"author":[{"embeddable":true,"href":"https:\/\/lemotdujour.fr\/index.php?rest_route=\/wp\/v2\/users\/1"}],"replies":[{"embeddable":true,"href":"https:\/\/lemotdujour.fr\/index.php?rest_route=%2Fwp%2Fv2%2Fcomments&post=1413"}],"version-history":[{"count":4,"href":"https:\/\/lemotdujour.fr\/index.php?rest_route=\/wp\/v2\/posts\/1413\/revisions"}],"predecessor-version":[{"id":13654,"href":"https:\/\/lemotdujour.fr\/index.php?rest_route=\/wp\/v2\/posts\/1413\/revisions\/13654"}],"wp:attachment":[{"href":"https:\/\/lemotdujour.fr\/index.php?rest_route=%2Fwp%2Fv2%2Fmedia&parent=1413"}],"wp:term":[{"taxonomy":"category","embeddable":true,"href":"https:\/\/lemotdujour.fr\/index.php?rest_route=%2Fwp%2Fv2%2Fcategories&post=1413"},{"taxonomy":"post_tag","embeddable":true,"href":"https:\/\/lemotdujour.fr\/index.php?rest_route=%2Fwp%2Fv2%2Ftags&post=1413"}],"curies":[{"name":"wp","href":"https:\/\/api.w.org\/{rel}","templated":true}]}}