{"id":14128,"date":"2022-09-23T00:08:00","date_gmt":"2022-09-22T22:08:00","guid":{"rendered":"https:\/\/lemotdujour.fr\/?p=14128"},"modified":"2022-09-23T20:18:14","modified_gmt":"2022-09-23T18:18:14","slug":"vendredi-23-septembre-2022","status":"publish","type":"post","link":"https:\/\/lemotdujour.fr\/?p=14128","title":{"rendered":"Vendredi 23 septembre 2022"},"content":{"rendered":"<div class=\"mdjTexte\">\u00ab\u00a0L&rsquo;automne d\u00e9bute aujourd&rsquo;hui.\u00a0\u00bb<\/div>\n<div class=\"mdjAuteur\">Cette ann\u00e9e, comme le plus souvent, l&rsquo;automne d\u00e9bute le 23 septembre<\/div>\n<p><span style=\"color: #777777; font-family: Arial;\">Moi je croyais que le plus souvent l&rsquo;automne tombait le 21 septembre.<br \/>\n<\/span><\/p>\n<p><a href=\"https:\/\/actualite.lachainemeteo.com\/actualite-meteo\/2021-10-29\/quelle-meteo-pour-les-vacances-de-la-toussaint-61289\"><img loading=\"lazy\" decoding=\"async\" class=\"wp-image-14132 alignright\" src=\"https:\/\/lemotdujour.fr\/wp-content\/uploads\/2022\/09\/Automne01.jpg\" alt=\"\" width=\"479\" height=\"263\" srcset=\"https:\/\/lemotdujour.fr\/wp-content\/uploads\/2022\/09\/Automne01.jpg 1200w, https:\/\/lemotdujour.fr\/wp-content\/uploads\/2022\/09\/Automne01-300x165.jpg 300w, https:\/\/lemotdujour.fr\/wp-content\/uploads\/2022\/09\/Automne01-1024x561.jpg 1024w, https:\/\/lemotdujour.fr\/wp-content\/uploads\/2022\/09\/Automne01-768x421.jpg 768w, https:\/\/lemotdujour.fr\/wp-content\/uploads\/2022\/09\/Automne01-600x330.jpg 600w\" sizes=\"auto, (max-width: 479px) 100vw, 479px\" \/><\/a><span style=\"color: #777777; font-family: Arial;\">C&rsquo;est manifestement faux.<br \/>\n<\/span><\/p>\n<p><span style=\"color: #777777; font-family: Arial;\">Nous savons que le jour de l&rsquo;automne est celui o\u00f9 la dur\u00e9e du jour et la dur\u00e9e de la nuit sont \u00e9gales.<br \/>\n<\/span><\/p>\n<p><span style=\"color: #777777; font-family: Arial;\">Ce moment a lieu entre le 21 et le 24 septembre, mais le 21 septembre est tr\u00e8s rare.<br \/>\n<\/span><\/p>\n<p><span style=\"color: #777777; font-family: Arial;\">Sur ce &lt;<span style=\"color: #0000ff;\"><a style=\"color: #0000ff;\" href=\"https:\/\/www.calendriergratuit.fr\/saisons.html\">site<\/a><\/span>&gt; qui donne la date des quatre saisons entre 1970 et 2037, soit 68 automnes, ce ne fut jamais le 21 septembre, ni le 24 d&rsquo;ailleurs.<br \/>\n<\/span><\/p>\n<p><span style=\"color: #777777; font-family: Arial;\">25 fois cela tomba un 22 et 43 fois, comme cette ann\u00e9e, le 23 septembre.<br \/>\n<\/span><\/p>\n<p><span style=\"color: #777777; font-family: Arial;\">&lt;<span style=\"color: #0000ff;\"><a style=\"color: #0000ff;\" href=\"https:\/\/www.lefigaro.fr\/sciences\/2016\/09\/21\/01008-20160921ARTFIG00390-pourquoi-l-automne-ne-commence-pas-le-21-septembre.php\">Le Figaro<\/a><\/span>&gt; nous apprend que la prochaine fois que l&rsquo;\u00e9quinoxe d&rsquo;automne aura lieu un 21 septembre sera en&#8230; 2092 !<br \/>\n<\/span><\/p>\n<p><a href=\"https:\/\/www.rtbf.be\/article\/pourquoi-le-debut-de-lautomne-ne-tombe-pas-le-21-septembre-cette-annee-11070572\"><span style=\"font-family: Arial;\">&lt;<span style=\"color: #0000ff;\">Ce site belge<\/span>&gt;<\/span><\/a><span style=\"color: #777777; font-family: Arial;\"> affirme que l&rsquo;automne ne serait jamais tomb\u00e9 un 21 septembre depuis l&rsquo;instauration du calendrier gr\u00e9gorien qui a \u00e9t\u00e9 mis en place progressivement \u00e0 partir de 1582.<br \/>\n<\/span><\/p>\n<p><span style=\"color: #777777; font-family: Arial;\">Je ne sais pas pourquoi, l&rsquo;id\u00e9e que l&rsquo;automne d\u00e9bute le 21 septembre s&rsquo;est r\u00e9pandue.<br \/>\n<\/span><\/p>\n<p><span style=\"color: #777777; font-family: Arial;\">Le Figaro non plus\u00a0:<br \/>\n<\/span><\/p>\n<p style=\"margin-left: 28pt;\"><span style=\"color: #c00000; font-family: Arial;\">\u00ab\u00a0Contrairement \u00e0 une id\u00e9e re\u00e7ue, les saisons ne d\u00e9butent pas toutes les 21 du mois. Pour l&rsquo;automne, c&rsquo;est m\u00eame plut\u00f4t une chose rare [\u2026]\u00a0\u00bb<br \/>\n<\/span><\/p>\n<p><span style=\"color: #777777; font-family: Arial;\">Et le journal explique\u00a0:<br \/>\n<\/span><\/p>\n<p style=\"margin-left: 28pt;\"><img loading=\"lazy\" decoding=\"async\" class=\"alignleft\" src=\"https:\/\/lemotdujour.fr\/wp-content\/uploads\/2022\/09\/092222_2108_Vendredi23s1.jpg\" alt=\"\" width=\"613\" height=\"364\" align=\"left\" \/><span style=\"color: #c00000; font-family: Arial;\">\u00ab\u00a0Chaque ann\u00e9e, le d\u00e9but de l&rsquo;automne commence au moment exact de l&rsquo;\u00e9quinoxe d&rsquo;automne, quand la ligne qui marque la limite entre le jour et la nuit \u00e0 la surface de la plan\u00e8te passe par les deux p\u00f4les. La dur\u00e9e du jour y est donc \u00e9gale \u00e0 la dur\u00e9e de la nuit, partout sur Terre. Et en cons\u00e9quence, lors de l&rsquo;\u00e9quinoxe, le soleil se l\u00e8ve exactement \u00e0 l&rsquo;est et se couche exactement \u00e0 l&rsquo;ouest.<br \/>\n<\/span><\/p>\n<p style=\"margin-left: 28pt;\"><span style=\"color: #c00000; font-family: Arial;\">Mais pourquoi cet \u00e9quinoxe ne tombe-t-il pas le m\u00eame jour chaque ann\u00e9e ?<br \/>\n<\/span><\/p>\n<p style=\"margin-left: 28pt;\"><span style=\"color: #c00000; font-family: Arial;\">Premier param\u00e8tre, l&rsquo;ann\u00e9e peut durer 365 jours, ou 366 quand elle est bissextile. Cette variation entra\u00eene donc un d\u00e9calage dans les dates des saisons.\u00a0\u00bb<br \/>\n<\/span><\/p>\n<p><span style=\"color: #777777; font-family: Arial;\">L&rsquo;ann\u00e9e correspond \u00e0 la r\u00e9volution de la Terre autour du Soleil qui s&rsquo;effectue pr\u00e9cis\u00e9ment en 365 jours 5h48 minutes et 45 secondes.<br \/>\n<\/span><\/p>\n<p style=\"margin-left: 28pt;\"><span style=\"color: #c00000; font-family: Arial;\">\u00ab\u00a0Le deuxi\u00e8me param\u00e8tre, c&rsquo;est que la Terre ne d\u00e9crit pas une orbite parfaitement circulaire autour de son \u00e9toile. Si c&rsquo;\u00e9tait le cas, les saisons seraient de dur\u00e9es \u00e9gales, et leur d\u00e9but pourrait se caler plus r\u00e9guli\u00e8rement sur le calendrier gr\u00e9gorien, qui a justement \u00e9t\u00e9 con\u00e7u pour \u00e9viter que ces dates ne se d\u00e9calent dans le temps.<br \/>\n<\/span><\/p>\n<p style=\"margin-left: 28pt;\"><span style=\"color: #c00000; font-family: Arial;\">Mais voil\u00e0, l&rsquo;orbite terrestre est un tout petit peu excentrique : ce n&rsquo;est pas un cercle, mais une ellipse tr\u00e8s l\u00e9g\u00e8rement allong\u00e9e, avec une distance Terre-Soleil qui varie entre 147 et 152 millions de kilom\u00e8tres.\u00a0\u00bb<br \/>\n<\/span><\/p>\n<p><span style=\"color: #777777; font-family: Arial;\"><img loading=\"lazy\" decoding=\"async\" class=\"size-full wp-image-14130 alignleft\" src=\"https:\/\/lemotdujour.fr\/wp-content\/uploads\/2022\/09\/precession-des-equinoxes.png\" alt=\"\" width=\"300\" height=\"164\" \/>Et le site belge apporte encore un troisi\u00e8me param\u00e8tre appel\u00e9 \u00ab<span style=\"color: #0000ff;\">\u00a0<a style=\"color: #0000ff;\" href=\"https:\/\/fr.wikipedia.org\/wiki\/Pr%C3%A9cession_des_%C3%A9quinoxes\"><strong>la pr\u00e9cession des \u00e9quinoxes<\/strong><\/a><\/span>.\u00a0\u00bb ce qui signifie que la rotation de la Terre sur elle-m\u00eame n&rsquo;est pas parfaitement circulaire. En r\u00e9alit\u00e9, notre plan\u00e8te d\u00e9crit un c\u00f4ne tous les 26 000 ans.<br \/>\n<\/span><\/p>\n<p><span style=\"color: #777777; font-family: Arial;\">Cette ann\u00e9e la date d&rsquo;entr\u00e9e de l&rsquo;automne a int\u00e9ress\u00e9 beaucoup de monde. Ainsi sur France Culture, <strong>Guillaume Erner <\/strong>a invit\u00e9 <strong>Florent Deleflie<\/strong>, astronome \u00e0 l&rsquo;Observatoire de Paris- PSL, chercheur \u00e0 l&rsquo;Institut de M\u00e9canique C\u00e9leste et de Calcul des Eph\u00e9m\u00e9rides, le 21 septembre pour expliquer que la saison des \u00ab\u00a0sanglots longs des violons\u2026\u00a0\u00bb commencerait 2 jours plus tard.<br \/>\n<\/span><\/p>\n<p><span style=\"color: #777777; font-family: Arial;\">&lt; <a href=\"https:\/\/www.radiofrance.fr\/franceculture\/podcasts\/la-question-du-jour\/pourquoi-le-debut-de-l-automne-ne-commence-jamais-a-la-meme-date-1619009\"><span style=\"color: #0000ff;\">Pourquoi le d\u00e9but de l&rsquo;automne ne commence-t-il jamais \u00e0 la m\u00eame date ?<\/span>&gt;<\/a><br \/>\n<\/span><\/p>\n<p><span style=\"color: #777777; font-family: Arial;\">Florent Deleflie a pr\u00e9cis\u00e9 que l&rsquo;\u00e9quinoxe d&rsquo;automne qui marque le d\u00e9but de la saison automnale tombe cette ann\u00e9e \u00ab le 23 septembre et <strong>pour ce qui concerne la France \u00e0 3h, 3 minutes du matin et 43,51 secondes<\/strong> \u00bb, d&rsquo;apr\u00e8s l&rsquo;astronome \u00e0 l&rsquo;Observatoire de Paris.<br \/>\n<\/span><\/p>\n<p><span style=\"color: #777777; font-family: Arial;\">Il s&rsquo;git donc d&rsquo;une position pr\u00e9cise par rapport au soleil.<br \/>\n<\/span><\/p>\n<p><span style=\"color: #777777; font-family: Arial;\">Selon &lt;<span style=\"color: #0000ff;\"><a style=\"color: #0000ff;\" href=\"https:\/\/www.geo.fr\/environnement\/equinoxe-dautomne-a-quoi-correspond-il-211817\">Geo<\/a><\/span>&gt;\u00a0:<br \/>\n<\/span><\/p>\n<p style=\"margin-left: 28pt;\"><span style=\"color: #c00000; font-family: Arial;\">\u00ab\u00a0Durant l&rsquo;\u00e9quinoxe, les deux h\u00e9misph\u00e8res sont \u00e9clair\u00e9s de la m\u00eame fa\u00e7on, car le soleil est pile \u00e0 la verticale au-dessus de l&rsquo;\u00e9quateur\u2009: en astronomie, il est dit que notre astre passe au Z\u00e9nith, point d&rsquo;intersection entre la verticale de l&rsquo;\u00e9quateur et la sph\u00e8re c\u00e9leste.\u00a0\u00bb<br \/>\n<\/span><\/p>\n<p><span style=\"color: #777777; font-family: Arial;\">Cet article donne aussi des \u00e9l\u00e9ments sur les \u00e9l\u00e9ments symboliques de l&rsquo;Automne<br \/>\n<\/span><\/p>\n<p style=\"margin-left: 28pt;\"><span style=\"color: #c00000; font-family: Arial;\">\u00ab\u00a0Le passage \u00e0 l&rsquo;automne est associ\u00e9 \u00e0 des traditions et rites dans de nombreuses cultures \u00e0 travers le monde. Moment de collecter une grande partie des r\u00e9coltes avant les gel\u00e9es de l&rsquo;hiver, il a longtemps \u00e9t\u00e9 c\u00e9l\u00e9br\u00e9 par les pa\u00efens. Le \u00ab\u00a0Mabon\u00a0\u00bb nom celtique associ\u00e9 \u00e0 cet \u00e9quinoxe, s&rsquo;accompagnait ainsi de festivit\u00e9s de gratitude. En Grande-Bretagne, c&rsquo;est ce qui est appel\u00e9 le \u00ab\u00a0Harvest festival\u00a0\u00bb habituellement f\u00eat\u00e9 le dimanche de la pleine lune la plus proche de l&rsquo;\u00e9v\u00e9nement astronomique, mais la date diff\u00e8re selon les c\u00e9l\u00e9brations locales.<br \/>\n<\/span><\/p>\n<p style=\"margin-left: 28pt;\"><span style=\"color: #c00000; font-family: Arial;\">Durant les \u00e9quinoxes d&rsquo;automne et de printemps, des milliers de voyageurs se rassemblent par ailleurs sur les ruines mayas de Chich\u00e9n Itz\u00e1 (Yucat\u00e1n, Mexique). Car sur la pyramide de Kukulc\u00e1n \u00e0 cette p\u00e9riode exacte, un jeu d&rsquo;ombre et de lumi\u00e8re se cr\u00e9e\u2009: il laisse appara\u00eetre un serpent, descendant ou montant les 364 marches de l&rsquo;escalier (365 avec l&rsquo;entr\u00e9e du temple) que forme le monument.<br \/>\n<\/span><\/p>\n<p style=\"margin-left: 28pt;\"><span style=\"color: #c00000; font-family: Arial;\">Aussi, le calendrier r\u00e9publicain mis en place le 6 octobre 1793 par les r\u00e9volutionnaires (et utilis\u00e9 jusqu&rsquo;en 1805) avait fix\u00e9 l&rsquo;\u00e9quinoxe d&rsquo;automne comme premier jour de l&rsquo;ann\u00e9e. Car hasard du sort, l&rsquo;institution de la R\u00e9publique avait eu lieu ce jour m\u00eame, le 22 septembre 1792 \u2014 ou plut\u00f4t, le 1er vend\u00e9miaire an I \u2014 au lendemain de l&rsquo;abolition de la royaut\u00e9. Mais il est supprim\u00e9 par Napol\u00e9on Ier \u00e0 son arriv\u00e9e au pouvoir, qui revient au calendrier gr\u00e9gorien.\u00a0\u00bb.<br \/>\n<\/span><\/p>\n<p><span style=\"color: #777777; font-family: Arial;\"><a href=\"https:\/\/www.bourgogne-tourisme.com\/decouvrir\/automne\/\"><img loading=\"lazy\" decoding=\"async\" class=\"alignnone  wp-image-14134\" src=\"https:\/\/lemotdujour.fr\/wp-content\/uploads\/2022\/09\/Automne-02.jpg\" alt=\"\" width=\"883\" height=\"497\" srcset=\"https:\/\/lemotdujour.fr\/wp-content\/uploads\/2022\/09\/Automne-02.jpg 1600w, https:\/\/lemotdujour.fr\/wp-content\/uploads\/2022\/09\/Automne-02-300x169.jpg 300w, https:\/\/lemotdujour.fr\/wp-content\/uploads\/2022\/09\/Automne-02-1024x576.jpg 1024w, https:\/\/lemotdujour.fr\/wp-content\/uploads\/2022\/09\/Automne-02-768x432.jpg 768w, https:\/\/lemotdujour.fr\/wp-content\/uploads\/2022\/09\/Automne-02-1536x864.jpg 1536w\" sizes=\"auto, (max-width: 883px) 100vw, 883px\" \/><\/a>Ce d\u00e9but d&rsquo;automne correspond pour nous \u00e0 une semaine de repos.<br \/>\n<\/span><\/p>\n<p><span style=\"color: #777777; font-family: Arial;\">Le mot du jour devrait revenir le 3 octobre.<\/span><\/p>\n<p><span style=\"color: #800000;\">&lt;1715&gt;<\/span><\/p>\n","protected":false},"excerpt":{"rendered":"<p>\u00ab\u00a0L&rsquo;automne d\u00e9bute aujourd&rsquo;hui.\u00a0\u00bb Cette ann\u00e9e, comme le plus souvent, l&rsquo;automne d\u00e9bute le 23 septembre Moi je croyais que le plus souvent l&rsquo;automne tombait le 21 septembre. C&rsquo;est manifestement faux. Nous savons que le jour de l&rsquo;automne est celui o\u00f9 la<\/p>\n","protected":false},"author":1,"featured_media":0,"comment_status":"open","ping_status":"closed","sticky":false,"template":"","format":"standard","meta":{"footnotes":""},"categories":[1],"tags":[48,35],"class_list":["post-14128","post","type-post","status-publish","format-standard","hentry","category-motdujour","tag-nature","tag-sciences"],"_links":{"self":[{"href":"https:\/\/lemotdujour.fr\/index.php?rest_route=\/wp\/v2\/posts\/14128","targetHints":{"allow":["GET"]}}],"collection":[{"href":"https:\/\/lemotdujour.fr\/index.php?rest_route=\/wp\/v2\/posts"}],"about":[{"href":"https:\/\/lemotdujour.fr\/index.php?rest_route=\/wp\/v2\/types\/post"}],"author":[{"embeddable":true,"href":"https:\/\/lemotdujour.fr\/index.php?rest_route=\/wp\/v2\/users\/1"}],"replies":[{"embeddable":true,"href":"https:\/\/lemotdujour.fr\/index.php?rest_route=%2Fwp%2Fv2%2Fcomments&post=14128"}],"version-history":[{"count":6,"href":"https:\/\/lemotdujour.fr\/index.php?rest_route=\/wp\/v2\/posts\/14128\/revisions"}],"predecessor-version":[{"id":14141,"href":"https:\/\/lemotdujour.fr\/index.php?rest_route=\/wp\/v2\/posts\/14128\/revisions\/14141"}],"wp:attachment":[{"href":"https:\/\/lemotdujour.fr\/index.php?rest_route=%2Fwp%2Fv2%2Fmedia&parent=14128"}],"wp:term":[{"taxonomy":"category","embeddable":true,"href":"https:\/\/lemotdujour.fr\/index.php?rest_route=%2Fwp%2Fv2%2Fcategories&post=14128"},{"taxonomy":"post_tag","embeddable":true,"href":"https:\/\/lemotdujour.fr\/index.php?rest_route=%2Fwp%2Fv2%2Ftags&post=14128"}],"curies":[{"name":"wp","href":"https:\/\/api.w.org\/{rel}","templated":true}]}}