{"id":14116,"date":"2022-09-22T00:05:51","date_gmt":"2022-09-21T22:05:51","guid":{"rendered":"https:\/\/lemotdujour.fr\/?p=14116"},"modified":"2022-09-22T23:48:56","modified_gmt":"2022-09-22T21:48:56","slug":"jeudi-22-septembre-2022","status":"publish","type":"post","link":"https:\/\/lemotdujour.fr\/?p=14116","title":{"rendered":"Jeudi 22 septembre 2022"},"content":{"rendered":"<div class=\"mdjTexte\">\u00ab L&rsquo;inceste n&rsquo;est pas tabou, c&rsquo;est le fait d&rsquo;en parler qui est tabou. \u00bb<\/div>\n<div class=\"mdjAuteur\">Iris Brey<\/div>\n<p><span style=\"color: #777777; font-family: Arial;\">L&rsquo;inceste est un ph\u00e9nom\u00e8ne massif dans notre Soci\u00e9t\u00e9.<\/span><strong><span style=\"color: #777777; font-family: Arial;\"><br \/>\n<\/span><\/strong><span style=\"color: #777777; font-family: Arial;\">Ce n&rsquo;est que r\u00e9cemment que cette r\u00e9alit\u00e9 a \u00e9t\u00e9 d\u00e9voil\u00e9e et que les personnes int\u00e8gres qui veulent savoir, le savent.<\/span><strong><span style=\"color: #777777; font-family: Arial;\"><br \/>\n<\/span><\/strong><\/p>\n<p><span style=\"color: #777777; font-family: Arial;\"><a href=\"https:\/\/livre.fnac.com\/a15596685\/Dorothee-Dussy-Le-Berceau-des-dominations-Anthropologie-de-l-inceste\"><img loading=\"lazy\" decoding=\"async\" class=\"wp-image-14122 alignleft\" src=\"https:\/\/lemotdujour.fr\/wp-content\/uploads\/2022\/09\/Le-Berceau-des-dominations.jpg\" alt=\"\" width=\"235\" height=\"385\" srcset=\"https:\/\/lemotdujour.fr\/wp-content\/uploads\/2022\/09\/Le-Berceau-des-dominations.jpg 400w, https:\/\/lemotdujour.fr\/wp-content\/uploads\/2022\/09\/Le-Berceau-des-dominations-183x300.jpg 183w\" sizes=\"auto, (max-width: 235px) 100vw, 235px\" \/><\/a> A la sortie du livre de Camille Kouchner, j&rsquo;avais commis une s\u00e9rie de mots du jour du &lt;<span style=\"color: #0000ff;\"><a style=\"color: #0000ff;\" href=\"https:\/\/lemotdujour.fr\/?p=10705\">15 f\u00e9vrier 2021<\/a><\/span>&gt; jusqu&rsquo;au &lt;<span style=\"color: #0000ff;\"><a style=\"color: #0000ff;\" href=\"https:\/\/lemotdujour.fr\/?p=10772\">24 f\u00e9vrier 2021<\/a><\/span>&gt; avec au centre de cette s\u00e9rie, le livre de <strong>Doroth\u00e9e Dussy<\/strong> \u00ab<span style=\"color: #0000ff;\"> <a style=\"color: #0000ff;\" href=\"https:\/\/lemotdujour.fr\/?p=10757\"><strong>Le berceau des dominations<\/strong><\/a> <\/span>\u00bb qui vient enfin d&rsquo;\u00eatre r\u00e9\u00e9diter.<br \/>\n<\/span><\/p>\n<p><span style=\"color: #777777; font-family: Arial;\">Ce livre fut une r\u00e9v\u00e9lation pour beaucoup.<br \/>\n<\/span><\/p>\n<p><span style=\"color: #777777; font-family: Arial;\">Le 23 janvier 2021, le pr\u00e9sident de la R\u00e9publique a annonc\u00e9 la cr\u00e9ation d&rsquo;une commission ind\u00e9pendante sur l&rsquo;inceste et les violences sexuelles faites aux enfants (<span style=\"color: #0000ff;\"><a style=\"color: #0000ff;\" href=\"https:\/\/www.ciivise.fr\/\"><strong>Ciivise<\/strong><\/a><\/span>)<br \/>\n<\/span><\/p>\n<p><span style=\"color: #777777; font-family: Arial;\">Rapidement cette Commission lan\u00e7ait un vaste appel \u00e0 t\u00e9moignages.<br \/>\n<\/span><\/p>\n<p><span style=\"color: #777777; font-family: Arial;\">Elle a re\u00e7u 6 414 t\u00e9moignages re\u00e7us, elle vient de dresser <span style=\"color: #0000ff;\"><a style=\"color: #0000ff;\" href=\"https:\/\/www.radiofrance.fr\/franceinter\/age-des-victimes-sequelles-profil-des-agresseurs-la-commission-inceste-fait-le-bilan-des-temoignages-recus-4628411\">le bilan<\/a><\/span> des lourdes s\u00e9quelles que pr\u00e9sentent, encore \u00e0 l&rsquo;\u00e2ge adulte, celles et ceux qui ont \u00e9t\u00e9 victimes de violences sexuelles durant l&rsquo;enfance.<br \/>\n<\/span><\/p>\n<p><span style=\"color: #777777; font-family: Arial;\">Un traumatisme qui continue d&rsquo;affecter leur sant\u00e9 physique et mentale, ainsi que leur vie familiale, sexuelle et professionnelle. Le rapport livre \u00e9galement de nombreux chiffres sur le profil des victimes.<br \/>\n<\/span><\/p>\n<p><span style=\"color: #777777; font-family: Arial;\">On apprend que dans 25% des cas, les victimes avaient moins de 5 ans<br \/>\n<\/span><\/p>\n<p><span style=\"color: #777777; font-family: Arial;\">Dans l&rsquo;immense majorit\u00e9 des cas (81%), l&rsquo;agresseur est un membre de la famille : p\u00e8re, grand-fr\u00e8re, demi-fr\u00e8re, grand-p\u00e8re, cousin, oncle, beau-p\u00e8re<br \/>\n<\/span><\/p>\n<p><span style=\"color: #777777; font-family: Arial;\"><a href=\"https:\/\/www.seuil.com\/ouvrage\/la-culture-de-l-inceste-collectif\/9782021502053\"><img loading=\"lazy\" decoding=\"async\" class=\"wp-image-14123 alignright\" src=\"https:\/\/lemotdujour.fr\/wp-content\/uploads\/2022\/09\/La-culture-de-linceste.jpg\" alt=\"\" width=\"273\" height=\"400\" srcset=\"https:\/\/lemotdujour.fr\/wp-content\/uploads\/2022\/09\/La-culture-de-linceste.jpg 410w, https:\/\/lemotdujour.fr\/wp-content\/uploads\/2022\/09\/La-culture-de-linceste-205x300.jpg 205w\" sizes=\"auto, (max-width: 273px) 100vw, 273px\" \/><\/a>Un ouvrage collectif &lt;<span style=\"color: #0000ff;\"><a style=\"color: #0000ff;\" href=\"https:\/\/www.seuil.com\/ouvrage\/la-culture-de-l-inceste-collectif\/9782021502053\">La culture de l&rsquo;Inceste<\/a><\/span>&gt; vient de para\u00eetre.<br \/>\n<\/span><\/p>\n<p><span style=\"color: #777777; font-family: Arial;\">Sonia Devilliers, dans son \u00e9mission\u00a0: &lt;<span style=\"color: #0000ff;\"><a style=\"color: #0000ff;\" href=\"https:\/\/www.radiofrance.fr\/franceinter\/podcasts\/magma-le-mag-de-la-matinale\/le-mag-de-la-matinale-du-jeudi-08-septembre-2022-4031481\">L&rsquo;invit\u00e9 de 9h10<\/a><\/span>&gt; avait invit\u00e9 <strong>Iris Brey<\/strong> et <strong>Juliet Drouar<\/strong> qui codirigeaient l&rsquo;\u00e9criture de ce livre \u00e9crit par 14 th\u00e9rapeutes, universitaires et militantes.<br \/>\n<\/span><\/p>\n<p><span style=\"color: #777777; font-family: Arial;\">Annie et moi avons \u00e9t\u00e9 si marqu\u00e9 par cette \u00e9mission que nous avons imm\u00e9diatement achet\u00e9 ce livre. C&rsquo;est Annie qui a commenc\u00e9 \u00e0 le lire et le trouve remarquable.<br \/>\n<\/span><\/p>\n<p><span style=\"color: #777777; font-family: Arial;\">Dans cette \u00e9mission Iris Brey rappelle que <strong>Claude Levi-Strauss<\/strong> affirmait que l&rsquo;inceste constituait un interdit, un tabou.<br \/>\n<\/span><\/p>\n<p><span style=\"color: #777777; font-family: Arial;\">Ce que ce grand homme disait \u00e9tait faux, totalement, radicalement faux.<br \/>\n<\/span><\/p>\n<p><span style=\"color: #777777; font-family: Arial;\">Ce qui est interdit c&rsquo;est le mariage incestueux, c&rsquo;est le mariage qui est un \u00e9v\u00e8nement public qui oblige \u00e0 l&rsquo;alliance de deux familles diff\u00e9rentes, c&rsquo;est-\u00e0-dire pratiquer l&rsquo;exogamie et non l&rsquo;endogamie.<br \/>\n<\/span><\/p>\n<p><span style=\"color: #777777; font-family: Arial;\">D&rsquo;ailleurs Claude Levi-Strauss abordait cette question par le prisme des alliances entre familles\u00a0, alors que <strong>Doroth\u00e9e Dussy<\/strong> et les personnes qui \u00e9tudient l&rsquo;inceste aujourd&rsquo;hui analyse ce crime sous le projecteur des violences sexuelles.<br \/>\n<\/span><\/p>\n<p><span style=\"color: #777777; font-family: Arial;\">Mais la relation sexuelle incestueuse, \u00e0 l&rsquo;int\u00e9rieur de la famille, est tellement massive\u00a0<strong>: 7 millions de victimes en France, <\/strong>que dire que cette pratique constitue un interdit, un tabou est un mensonge.<br \/>\n<\/span><\/p>\n<p><span style=\"color: #777777; font-family: Arial;\"><strong>Et Iris Brey <\/strong>a eu cette phrase qui r\u00e9v\u00e8le la v\u00e9rit\u00e9<strong>\u00a0:<br \/>\n<\/strong><\/span><\/p>\n<p style=\"margin-left: 28pt;\"><span style=\"color: #c00000; font-family: Arial;\"><strong>\u00ab L&rsquo;inceste n&rsquo;est pas tabou, c&rsquo;est le fait d&rsquo;en parler qui est tabou \u00bb<br \/>\n<\/strong><\/span><\/p>\n<p><span style=\"color: #777777; font-family: Arial;\">C&rsquo;est ce qu&rsquo;\u00e9claire parfaitement le t\u00e9moignage que vient de publier \u00ab\u00a0<strong>L&rsquo;Obs<\/strong>\u00a0\u00bb le 21 septembre 2022\u00a0: \u00ab <a href=\"https:\/\/www.nouvelobs.com\/societe\/20220921.OBS63456\/nina-victime-d-inceste-la-liberation-de-la-parole-et-la-resilience-sont-a-mon-sens-de-grandes-arnaques.html\"><span style=\"color: #0000ff;\">La lib\u00e9ration de la parole et la r\u00e9silience sont, \u00e0 mon sens, de grandes arnaques<\/span><\/a> \u00bb<br \/>\n<\/span><\/p>\n<p><span style=\"color: #777777; font-family: Arial;\">L&rsquo;Obs a chang\u00e9 le nom de la victime et l&rsquo;a appel\u00e9 Nina. <\/span><span style=\"color: #777777; font-family: Arial;\">Nina s&rsquo;est exprim\u00e9e\u00a0 en mai, devant la <strong>Ciivise<\/strong> et c&rsquo;est apr\u00e8s cette intervention que l&rsquo;Obs l&rsquo;a rencontr\u00e9e.<br \/>\n<\/span><\/p>\n<p><span style=\"color: #777777; font-family: Arial;\">Nina a 42 ans, elle a \u00e9t\u00e9 victime d&rsquo;inceste.<br \/>\n<\/span><\/p>\n<p><span style=\"color: #777777; font-family: Arial;\">Voil\u00e0 ce qu&rsquo;elle a dit \u00e0 l&rsquo;Obs\u00a0:<br \/>\n<\/span><\/p>\n<p style=\"margin-left: 28pt;\"><span style=\"color: #c00000; font-family: Arial;\">\u00ab J&rsquo;ai \u00e9t\u00e9 victime d&rsquo;inceste et j&rsquo;ai parl\u00e9. En f\u00e9vrier dernier, quelques semaines apr\u00e8s avoir assist\u00e9 \u00e0 une premi\u00e8re r\u00e9union publique de la Ciivise \u00e0 Paris, j&rsquo;ai parl\u00e9 pour la premi\u00e8re fois \u00e0 ma famille.<br \/>\nEn r\u00e9v\u00e9lant l&rsquo;inceste toujours tu, je l&rsquo;ai simplement perdue. Ma famille a disparu.<br \/>\nAu-del\u00e0 des seuls agresseurs, les r\u00e9actions de mes proches ont \u00e9t\u00e9 les m\u00eames : d\u00e9ni, menaces de suicide, chantage affectif : \u00ab\u00a0Tu te rends compte de ce que tu nous fais ?\u00a0\u00bb Sans compter l&rsquo;invitation \u00ab\u00a0\u00e0 passer \u00e0 autre chose\u00a0\u00bb\u2026<br \/>\nComment faire famille avec eux d\u00e9sormais ?<br \/>\nComment g\u00e9rer cet isolement et cette douleur suppl\u00e9mentaires ?<br \/>\nUne seconde rencontre de la Ciivise \u00e9tait pr\u00e9vue \u00e0 Paris en mai. J&rsquo;y suis retourn\u00e9e, et cette fois, parce qu&rsquo;il en allait de ma survie je crois, j&rsquo;ai pris le micro pour t\u00e9moigner tout haut.<br \/>\n<\/span><\/p>\n<p style=\"margin-left: 28pt;\"><span style=\"color: #c00000; font-family: Arial;\">J&rsquo;ai dit ce qui arrive quand, comme moi, on r\u00e9v\u00e8le l&rsquo;inceste \u00e0 42 ans. J&rsquo;ai dit les quarante ans de silence, l&rsquo;amn\u00e9sie traumatique, l&rsquo;angoisse, les difficult\u00e9s relationnelles\u2026<br \/>\nJ&rsquo;ai dit la d\u00e9flagration, l&#8217;emp\u00eachement de vivre vraiment.<br \/>\nA la mani\u00e8re d&rsquo;une rescap\u00e9e de guerre ayant d\u00e9sert\u00e9 un terrain min\u00e9, j&rsquo;ai rejoint ce soir-l\u00e0, en r\u00e9alit\u00e9, tant d&rsquo;autres gueules cass\u00e9es, tant de femmes formidables devenues depuis des alli\u00e9es.<br \/>\nElles m&rsquo;ont dit les r\u00e9actions de leurs proches, identiques \u00e0 celles des miens quel que soit leur milieu social.<br \/>\nLes m\u00eames mots de nos m\u00e8res et de nos fr\u00e8res nous reprochant d&rsquo;avoir \u00ab\u00a0d\u00e9truit la famille\u00a0\u00bb, \u00ab\u00a0regrettant notre absence\u00a0\u00bb \u00e0 telle ou telle f\u00eate de famille\u2026<br \/>\nJe ne suis plus dans la solitude de l&rsquo;enfant incest\u00e9 qui se tait. J&rsquo;ai trouv\u00e9 des alter ego.<br \/>\nNous nous comprenons dans notre chair, dans nos histoires, nos souvenirs traumatiques et leurs manifestations incongrues et implacables.<br \/>\nLe simple bruit d&rsquo;une porte de frigo qu&rsquo;on referme, un parfum\u2026 et tout peut ressurgir. <\/span><span style=\"color: #c00000; font-family: Arial;\">[\u2026]<br \/>\n<\/span><\/p>\n<p style=\"margin-left: 28pt;\"><span style=\"color: #c00000; font-family: Arial;\">J&rsquo;ai dit aussi ma frustration et mon ire. Parce qu&rsquo;au fil des ans, je suis devenue cette victime r\u00e9siliente tant souhait\u00e9e par moi-m\u00eame dans un premier temps, et par l&rsquo;ensemble de la soci\u00e9t\u00e9.<br \/>\nEt j&rsquo;en ressens \u00e0 pr\u00e9sent une grande insatisfaction et une col\u00e8re immense.<br \/>\nLa lib\u00e9ration de la parole et la r\u00e9silience sont, \u00e0 mon sens, de grandes arnaques.<br \/>\nUne parole qui se lib\u00e8re ? Pour quoi faire si elle retombe comme un caillou qui ricoche sur la surface plane d&rsquo;une eau limpide sans laisser la moindre trace ? On parle encore et encore, nos paroles s&rsquo;entrem\u00ealent, et puis quoi ? Rien. C&rsquo;est un d\u00e9sastre. Comme je l&rsquo;ai dit ce soir-l\u00e0 \u00e0 la Ciivise, cela me fait penser \u00e0 un charnier de victimes qui se d\u00e9battent avec leurs paroles et, en surplomb, les agresseurs, la soci\u00e9t\u00e9, la justice et l&rsquo;Etat qui nous regardent tentant de sauver notre peau, notre sant\u00e9 mentale, notre int\u00e9grit\u00e9. Quant \u00e0 la r\u00e9silience, elle ne doit pas et ne peut pas suffire \u00e0 laver les agresseurs de leurs crimes sexuels. Ce serait trop simple. <\/span><span style=\"color: #c00000; font-family: Arial;\">[\u2026]<br \/>\n<\/span><\/p>\n<p style=\"margin-left: 28pt;\"><span style=\"color: #c00000; font-family: Arial;\">Que se passe-t-il pour une victime d&rsquo;inceste une fois qu&rsquo;elle a parl\u00e9 ? Depuis ma prise de parole, non suivie d&rsquo;une action en justice pour ma part, il ne s&rsquo;est rien pass\u00e9. J&rsquo;ai cherch\u00e9 un nouveau th\u00e9rapeute. Un psychiatre de 70 ans a \u00e9voqu\u00e9 mon narcissisme et mon sentiment de culpabilit\u00e9, m&rsquo;invitant \u00e0 m&rsquo;engager dans un long processus th\u00e9rapeutique et balayant litt\u00e9ralement d&rsquo;un revers de la main l&rsquo;inceste dont j&rsquo;ai \u00e9t\u00e9 victime. Pour lui, ce n&rsquo;\u00e9tait qu&rsquo;un d\u00e9tail. Pour la premi\u00e8re fois de ma vie, je me suis oppos\u00e9e \u00e0 un professionnel de sant\u00e9 et j&rsquo;ai point\u00e9 du doigt son incomp\u00e9tence et affirm\u00e9 mon refus de me soumettre \u00e0 une cure psychanalytique longue, on\u00e9reuse et inadapt\u00e9e, dans laquelle la domination se (re) joue encore et encore, \u00e0 plusieurs endroits.<br \/>\n<\/span><\/p>\n<p style=\"margin-left: 28pt;\"><span style=\"color: #c00000; font-family: Arial;\">Je n&rsquo;ai plus besoin de cela, j&rsquo;ai besoin d&rsquo;autre chose. Mais de quoi ?<br \/>\n<\/span><\/p>\n<p style=\"margin-left: 28pt;\"><span style=\"color: #c00000; font-family: Arial;\">[\u2026] Le tabou est tel que tout est incomplet ou inexistant : la r\u00e9ponse de la justice, la r\u00e9ponse de la soci\u00e9t\u00e9, la r\u00e9ponse politique.<br \/>\n<\/span><\/p>\n<p style=\"margin-left: 28pt;\"><span style=\"color: #c00000; font-family: Arial;\">Il y a quelques jours, un ouvrage majeur a paru. \u00ab La Culture de l&rsquo;inceste \u00bb, coordonn\u00e9 par l&rsquo;autrice <strong>Iris Brey<\/strong> et l&rsquo;art-th\u00e9rapeute <strong>Juliet Drouar.<\/strong><br \/>\nSa lecture, qui m&rsquo;a donn\u00e9 le vertige, me hante et m&rsquo;accompagne. L&rsquo;essai me r\u00e9p\u00e8te que mon parcours individuel n&rsquo;a rien de honteux ni de singulier, que mon histoire est au c\u0153ur d&rsquo;un syst\u00e8me patriarcal bien rod\u00e9 qui promeut et permet l&rsquo;inceste.<br \/>\nL&rsquo;anthropologue <strong>Doroth\u00e9e Dussy<\/strong> y explique aussi que l&rsquo;inceste structure la soci\u00e9t\u00e9, qu&rsquo;il est le socle des dominations patriarcales. A d\u00e9faut de justice, nous cherchons collectivement du sens et des r\u00e9ponses. A d\u00e9faut de tout ce qui n&rsquo;existe pas encore.<br \/>\n<\/span><\/p>\n<p style=\"margin-left: 28pt;\"><span style=\"color: #c00000; font-family: Arial;\">[\u2026] On souffre aujourd&rsquo;hui toujours de l&rsquo;inceste. On en meurt aussi. Depuis le d\u00e9but de l&rsquo;ann\u00e9e, la mort r\u00f4de dans le \u00ab\u00a0grand club des victimes r\u00e9silientes\u00a0\u00bb que j&rsquo;ai int\u00e9gr\u00e9. Une amie m&rsquo;\u00e9voque le suicide de la fille d&rsquo;un ami, cet \u00e9t\u00e9, viol\u00e9e par son oncle. Une autre, viol\u00e9e toute son enfance par son fr\u00e8re, se confronte \u00e0 nouveau \u00e0 ses souvenirs traumatiques et me confie aussi son envie de mourir. L&rsquo;acteur Johann Cuny, sur les r\u00e9seaux sociaux, t\u00e9moigne lui aussi du suicide de sa s\u0153ur Ad\u00e8le, victime d&rsquo;inceste \u00e0 7 ans.<br \/>\nCombien d&rsquo;autres ? Depuis que j&rsquo;ai lib\u00e9r\u00e9 ma parole, je vois et je rel\u00e8ve d\u00e9sormais l&rsquo;impact des violences sexuelles commises dans l&rsquo;enfance, dans la chair, le psychisme, durant toute une vie.<\/span><span style=\"color: #c00000; font-family: Arial;\">[\u2026]<br \/>\n<\/span><\/p>\n<p style=\"margin-left: 28pt;\"><span style=\"color: #c00000; font-family: Arial;\">J&rsquo;ai \u00e9t\u00e9 victime d&rsquo;inceste et j&rsquo;ai parl\u00e9. Mais le silence revient toujours, sans un bruit, recouvrir l&rsquo;inceste.<br \/>\nC&rsquo;est un linceul d\u00e9ploy\u00e9 sur chacun de nos t\u00e9moignages, aussi puissants soient-ils.<br \/>\nUn linceul crasse jet\u00e9 simultan\u00e9ment sur des milliers d&rsquo;enfants qui ne seront pas prot\u00e9g\u00e9s cette nuit du ou des membres de leur famille, incesteur(s), agresseur sexuel dominant, dont l&rsquo;autorit\u00e9 fait foi.<br \/>\nQu&rsquo;attendons-nous pour agir ? \u00bb<br \/>\n<\/span><\/p>\n<p><span style=\"color: #777777; font-family: Arial;\">Oui vraiment ce qui \u00e9tait tabou c&rsquo;\u00e9tait d&rsquo;en parler.<br \/>\n<\/span><\/p>\n<p><span style=\"color: #777777; font-family: Arial;\">Et aujourd&rsquo;hui encore le d\u00e9ni est la r\u00e9ponse la plus fr\u00e9quente et non l&rsquo;\u00e9coute et l&rsquo;accueil bienveillante de la parole, comme le montre ce t\u00e9moignage ! <\/span><\/p>\n<p><span style=\"color: #777777; font-family: Arial;\">A voir aussi cette \u00e9mission de <strong>Mediapart<\/strong> &lt;<span style=\"color: #0000ff;\"><a style=\"color: #0000ff;\" href=\"https:\/\/www.youtube.com\/watch?v=eAlpZ6Zx258\">L&rsquo;inceste est partout<\/a><\/span>&gt; avec <strong>Iris Brey<\/strong>, <strong>Juliet Drouar<\/strong> et <strong>Doroth\u00e9e Dussy<\/strong>. La basketteuse <strong>Paoline Ekambi<\/strong> est aussi venue apporter son t\u00e9moignage.<br \/>\n<\/span><\/p>\n<p><span style=\"color: #c00000; font-family: Arial;\">&lt;1714&gt;<span style=\"color: #777777;\"><br \/>\n<\/span><\/span><\/p>\n","protected":false},"excerpt":{"rendered":"<p>\u00ab L&rsquo;inceste n&rsquo;est pas tabou, c&rsquo;est le fait d&rsquo;en parler qui est tabou. \u00bb Iris Brey L&rsquo;inceste est un ph\u00e9nom\u00e8ne massif dans notre Soci\u00e9t\u00e9. Ce n&rsquo;est que r\u00e9cemment que cette r\u00e9alit\u00e9 a \u00e9t\u00e9 d\u00e9voil\u00e9e et que les personnes int\u00e8gres qui<\/p>\n","protected":false},"author":1,"featured_media":0,"comment_status":"open","ping_status":"closed","sticky":false,"template":"","format":"standard","meta":{"footnotes":""},"categories":[1],"tags":[52,228,7],"class_list":["post-14116","post","type-post","status-publish","format-standard","hentry","category-motdujour","tag-enfance","tag-inceste","tag-societe"],"_links":{"self":[{"href":"https:\/\/lemotdujour.fr\/index.php?rest_route=\/wp\/v2\/posts\/14116","targetHints":{"allow":["GET"]}}],"collection":[{"href":"https:\/\/lemotdujour.fr\/index.php?rest_route=\/wp\/v2\/posts"}],"about":[{"href":"https:\/\/lemotdujour.fr\/index.php?rest_route=\/wp\/v2\/types\/post"}],"author":[{"embeddable":true,"href":"https:\/\/lemotdujour.fr\/index.php?rest_route=\/wp\/v2\/users\/1"}],"replies":[{"embeddable":true,"href":"https:\/\/lemotdujour.fr\/index.php?rest_route=%2Fwp%2Fv2%2Fcomments&post=14116"}],"version-history":[{"count":8,"href":"https:\/\/lemotdujour.fr\/index.php?rest_route=\/wp\/v2\/posts\/14116\/revisions"}],"predecessor-version":[{"id":14139,"href":"https:\/\/lemotdujour.fr\/index.php?rest_route=\/wp\/v2\/posts\/14116\/revisions\/14139"}],"wp:attachment":[{"href":"https:\/\/lemotdujour.fr\/index.php?rest_route=%2Fwp%2Fv2%2Fmedia&parent=14116"}],"wp:term":[{"taxonomy":"category","embeddable":true,"href":"https:\/\/lemotdujour.fr\/index.php?rest_route=%2Fwp%2Fv2%2Fcategories&post=14116"},{"taxonomy":"post_tag","embeddable":true,"href":"https:\/\/lemotdujour.fr\/index.php?rest_route=%2Fwp%2Fv2%2Ftags&post=14116"}],"curies":[{"name":"wp","href":"https:\/\/api.w.org\/{rel}","templated":true}]}}