{"id":14106,"date":"2022-09-21T00:54:40","date_gmt":"2022-09-20T22:54:40","guid":{"rendered":"https:\/\/lemotdujour.fr\/?p=14106"},"modified":"2022-09-21T09:37:51","modified_gmt":"2022-09-21T07:37:51","slug":"mercredi-21-septembre-2022","status":"publish","type":"post","link":"https:\/\/lemotdujour.fr\/?p=14106","title":{"rendered":"Mercredi 21 septembre 2022"},"content":{"rendered":"<div class=\"mdjTexte\">\u00ab\u00a0En g\u00e9n\u00e9ral, les choses doivent avoir des limites.\u00a0\u00bb<\/div>\n<div class=\"mdjAuteur\">Tamim ben Hamad Al Thani, \u00e9mir du Qatar<\/div>\n<p><span style=\"color: #777777; font-family: Arial;\">Le mot du jour de vendredi dernier mettait l&rsquo;accent sur la n\u00e9cessit\u00e9 d&rsquo;\u00e9couter.<br \/>\n<\/span><\/p>\n<p><span style=\"color: #777777; font-family: Arial;\">On cite souvent Goethe\u00a0:<br \/>\n<\/span><\/p>\n<p style=\"margin-left: 28pt;\"><span style=\"color: #c00000; font-family: Arial;\">\u00ab\u00a0Parler est un besoin, \u00e9couter est un art\u00a0!\u00a0\u00bb<br \/>\n<\/span><\/p>\n<p><span style=\"color: #777777; font-family: Arial;\">Hier, le mot du jour fut une attaque frontale contre le Qatar, alors il faut donc \u00eatre en mesure d&rsquo;\u00e9couter la parole de la d\u00e9fense.<br \/>\n<\/span><\/p>\n<p><img decoding=\"async\" class=\"alignleft\" src=\"https:\/\/lemotdujour.fr\/wp-content\/uploads\/2022\/09\/092022_2241_Mercredi21s1.jpg\" alt=\"\" align=\"left\" \/><span style=\"color: #777777; font-family: Arial;\">Et c&rsquo;est une grande chance, le magazine \u00ab\u00a0<strong>Le POINT<\/strong>\u00a0\u00bb est all\u00e9 opportun\u00e9ment, 2 mois avant l&rsquo;ouverture de la coupe du Monde, interviewer l&rsquo;\u00e9mir du Qatar \u00e0 Doha et publie un tr\u00e8s long entretien avec le souverain du Qatar dans son num\u00e9ro 2615 du jeudi 22 septembre 2022.\u00a0: &lt;<a href=\"https:\/\/journal.lepoint.fr\/le-grand-entretien-avec-l-emir-du-qatar-2489916\"><span style=\"color: #0000ff;\">Le grand entretien avec l&rsquo;\u00e9mir du Qatar<\/span><\/a>&gt;<br \/>\n<\/span><\/p>\n<p><span style=\"color: #777777; font-family: Arial;\">Le Point a d\u00e9p\u00each\u00e9 \u00e0 Doha deux de ses journalistes les plus chevronn\u00e9s\u00a0: <strong>Luc de Barochez et \u0116tienne Gernelle<\/strong><br \/>\n<\/span><\/p>\n<p><span style=\"color: #777777; font-family: Arial;\">Ils le d\u00e9crivent comme un homme discret et plein d&rsquo;attentions \u00e0 leur \u00e9gard.<br \/>\n<\/span><\/p>\n<p><span style=\"color: #777777; font-family: Arial;\">Les journalistes sont tout esbaudis quand ils constatent que pour la visite qu&rsquo;on leur a promis, le chauffeur qui se fait aussi guide est tout simplement l\u2019\u00c9mir lui-m\u00eame.<br \/>\n<\/span><\/p>\n<p><span style=\"color: #777777; font-family: Arial;\">Il ne se livre pas souvent au Media puisque l&rsquo;article nous apprend que<br \/>\n<\/span><\/p>\n<p style=\"margin-left: 28pt;\"><span style=\"color: #c00000; font-family: Arial;\">\u00ab Il n&rsquo;a donn\u00e9 que deux interviews formelles depuis qu&rsquo;il a succ\u00e9d\u00e9 \u00e0 son p\u00e8re, en 2013 : la premi\u00e8re \u00e0 CNN, en 2014, la seconde \u00e0 CBS, en 2017. Plus quelques citations accord\u00e9es au New York Times. Il s&rsquo;agit donc du premier v\u00e9ritable entretien accord\u00e9 \u00e0 la presse \u00e9crite, et de sa premi\u00e8re prise de parole en Europe. \u00bb<br \/>\n<\/span><\/p>\n<p><span style=\"color: #777777; font-family: Arial;\">Mais quand il ouvre sa porte au Point, il sort le grand jeu.<br \/>\n<\/span><\/p>\n<p><span style=\"color: #777777; font-family: Arial;\"><strong>Tamim ben Hamad Al Thani<\/strong>, a 42 ans, et il r\u00e8gne sur le Qatar depuis le 25 juin 2013, apr\u00e8s l&rsquo;abdication de son p\u00e8re, Hamad ben Khalifa Al Thani.<br \/>\n<\/span><\/p>\n<p><span style=\"color: #777777; font-family: Arial;\">Apr\u00e8s cette visite qu&rsquo;il offre \u00e0 ses h\u00f4tes et dans laquelle il leur d\u00e9montre combien il est \u00e0 l&rsquo;aise avec son peuple, commence l&rsquo;entretien proprement dit.<br \/>\n<\/span><\/p>\n<p><span style=\"color: #777777; font-family: Arial;\">Dans l&rsquo;entretien nous apprenons que manifestement, il est un homme de paix bien que son pays soit menac\u00e9 par son puissant voisin l&rsquo;Arabie Saoudite qui, de 2017 \u00e0 2021, a organis\u00e9 un blocus du pays avec pour objectif annonc\u00e9 de le renverser. En outre, la fortune du Qatar provient surtout de l&rsquo;immense r\u00e9serve gazi\u00e8re, la troisi\u00e8me au monde, mais qu&rsquo;il doit partager avec l&rsquo;Iran qui est chiite alors que le Qatar est sunnite.<br \/>\n<\/span><\/p>\n<p><span style=\"color: #777777; font-family: Arial;\">Ainsi parle Tamim ben Hamad Al Thani\u00a0:<br \/>\n<\/span><\/p>\n<p style=\"margin-left: 28pt;\"><span style=\"color: #c00000; font-family: Arial;\">\u00ab\u00a0Notre politique \u00e9trang\u00e8re au Qatar vise \u00e0 rapprocher les diff\u00e9rents points de vue, \u00e0 apporter notre aide \u00e0 toutes les parties qui en ont besoin, et \u00e0 jouer un r\u00f4le de facilitateur, dans la r\u00e9gion et ailleurs. Le monde a besoin de dialogue pour r\u00e9soudre ses probl\u00e8mes.\u00a0\u00bb<br \/>\n<\/span><\/p>\n<p style=\"margin-left: 28pt;\"><span style=\"color: #c00000; font-family: Arial;\">\u00ab Nous ne souhaitons pas voir le monde polaris\u00e9 entre deux superpuissances ; ce serait tr\u00e8s dangereux. [&#8230;] Notre pays est un alli\u00e9 majeur de l&rsquo;Am\u00e9rique et de l&rsquo;Occident en g\u00e9n\u00e9ral, mais notre principal importateur de gaz naturel liqu\u00e9fi\u00e9 est la Chine. Nous ne pouvons que constater qu&rsquo;il y a de grandes divergences entre eux, mais nous esp\u00e9rons que les tensions pourront s&rsquo;apaiser par les voies diplomatique et pacifique. \u00bb<br \/>\n<\/span><\/p>\n<p style=\"margin-left: 28pt;\"><span style=\"color: #c00000; font-family: Arial;\">\u00ab\u00a0Cela s&rsquo;inscrit dans notre politique : rapprocher les parties qui ont des divergences. En ce qui concerne les talibans, nous l&rsquo;avons fait \u00e0 la demande de nos amis am\u00e9ricains [\u2026] Notre devoir et notre int\u00e9r\u00eat sont de tout faire pour rapprocher les parties et les engager \u00e0 n\u00e9gocier un r\u00e8glement pacifique. Nous ne nous imposons aucune limite dans le choix de nos interlocuteurs, pour autant qu&rsquo;ils croient en la coexistence pacifique.\u00a0\u00bb<br \/>\n<\/span><\/p>\n<p style=\"margin-left: 28pt;\"><span style=\"color: #c00000; font-family: Arial;\">\u00ab Nous voulons aider et donner espoir \u00e0 la jeunesse moyen-orientale. Nous faisons tout ce qui est en notre pouvoir pour apporter la paix \u00e0 la r\u00e9gion. \u00bb<br \/>\n<\/span><\/p>\n<p style=\"margin-left: 28pt;\"><span style=\"color: #c00000; font-family: Arial;\">\u00ab\u00a0Pour que tout le monde y trouve son compte, il faut une coop\u00e9ration mondiale. Je ne veux pas que la mondialisation s&rsquo;arr\u00eate, et je ne pense pas que ce sera le cas. Certains pr\u00e9tendent qu&rsquo;un retour en arri\u00e8re rendrait la vie plus facile. Ce n&rsquo;est pas vrai. Parler et arriver aux responsabilit\u00e9s, ce n&rsquo;est pas la m\u00eame chose\u2026 Cela ne peut pas marcher. Le monde entier est int\u00e9gr\u00e9. Puisque nous sommes tous interconnect\u00e9s, nous devons travailler ensemble et r\u00e9soudre nos probl\u00e8mes ensemble.\u00a0\u00bb<br \/>\n<\/span><\/p>\n<p><span style=\"color: #777777; font-family: Arial;\">Et m\u00eame quand les journalistes l&rsquo;interrogent sur l&rsquo;Arabie Saoudite qui a tent\u00e9 de le renverser par un blocus, il r\u00e9pond\u00a0:<br \/>\n<\/span><\/p>\n<p style=\"margin-left: 28pt;\"><span style=\"color: #c00000; font-family: Arial;\">\u00ab\u00a0\u00c9coutez, je ne souhaite pas parler du pass\u00e9. Nous voulons nous tourner vers l&rsquo;avenir. Nous sommes entr\u00e9s dans une nouvelle phase, les choses bougent dans le bon sens. Nous reconnaissons que, parfois, nous sommes en d\u00e9saccord. Nous pr\u00e9parons l&rsquo;avenir de cet ensemble de pays, le Conseil de coop\u00e9ration du Golfe [le CCG, qui regroupe les six monarchies de la P\u00e9ninsule arabique, NDLR], qui est essentiel pour d\u00e9bloquer le potentiel des jeunes dans l&rsquo;ensemble de la r\u00e9gion.\u00a0\u00bb<br \/>\n<\/span><\/p>\n<p><span style=\"color: #777777; font-family: Arial;\">Et sur son autre voisin, fervent de l&rsquo;autre branche principale de l&rsquo;Islam\u00a0: l&rsquo;Iran<br \/>\n<\/span><\/p>\n<p style=\"margin-left: 28pt;\"><span style=\"color: #c00000; font-family: Arial;\">\u00ab\u00a0Vous mentionnez l&rsquo;Iran. Ce pays est tr\u00e8s important pour nous. Nous avons une relation historique et, de surcro\u00eet, nous partageons avec lui notre principal champ gazier. Nous encourageons tous les \u00c9tats membres du CCG et l&rsquo;Iran \u00e0 se parler. Il y a bien s\u00fbr des divergences \u2013 tout le monde en a \u2013, mais il faut s&rsquo;asseoir autour d&rsquo;une table et en parler, directement entre nous et les Iraniens, sans ing\u00e9rence ext\u00e9rieure.\u00a0\u00bb<br \/>\n<\/span><\/p>\n<p><span style=\"color: #777777; font-family: Arial;\"><img loading=\"lazy\" decoding=\"async\" class=\"wp-image-14111 alignleft\" src=\"https:\/\/lemotdujour.fr\/wp-content\/uploads\/2022\/09\/Doha-Avant-Apres.png\" alt=\"\" width=\"563\" height=\"314\" srcset=\"https:\/\/lemotdujour.fr\/wp-content\/uploads\/2022\/09\/Doha-Avant-Apres.png 714w, https:\/\/lemotdujour.fr\/wp-content\/uploads\/2022\/09\/Doha-Avant-Apres-300x167.png 300w\" sizes=\"auto, (max-width: 563px) 100vw, 563px\" \/>En m\u00eame temps vu la petite superficie de son territoire, le nombre restreint de ses nationaux : 2,8 millions d&rsquo;habitants dont 80 % d&rsquo;\u00e9trangers, le Qatar ne peut pas se permettre d&rsquo;\u00eatre belliqueux et doit s&rsquo;appuyer sur sa capacit\u00e9 diplomatique et c&rsquo;est ce qu&rsquo;il fait.<br \/>\n<\/span><\/p>\n<p><span style=\"color: #777777; font-family: Arial;\">Une autre de ses qualit\u00e9s, c&rsquo;est qu&rsquo;il mise sur l&rsquo;\u00e9ducation\u00a0:<br \/>\n<\/span><\/p>\n<p style=\"margin-left: 28pt;\"><span style=\"color: #c00000; font-family: Arial;\">\u00ab\u00a0L&rsquo;\u00e9ducation est essentielle, surtout dans un pays qui jouit de ressources naturelles. [\u2026] Nous devons surtout investir dans nous-m\u00eames, dans le capital humain. Qu&rsquo;on soit riche ou pauvre, l&rsquo;\u00e9ducation est la cl\u00e9. Nous d\u00e9veloppons nos \u00e9coles et nos universit\u00e9s, nous avons invit\u00e9 des universit\u00e9s et des grandes \u00e9coles am\u00e9ricaines et europ\u00e9ennes \u00e0 s&rsquo;installer ici. \u00bb<br \/>\n<\/span><\/p>\n<p><span style=\"color: #777777; font-family: Arial;\">Et enfin il est lucide sur les difficult\u00e9s des peuples et des dirigeants arabes mais le Qatar fait sa part pour que la situation s&rsquo;am\u00e9liore :<br \/>\n<\/span><\/p>\n<p style=\"margin-left: 28pt;\"><span style=\"color: #c00000; font-family: Arial;\">\u00ab\u00a0Les racines profondes du Printemps arabe sont h\u00e9las toujours l\u00e0 ! La pauvret\u00e9, le ch\u00f4mage, les dipl\u00f4m\u00e9s sans emploi\u2026 Avons-nous r\u00e9solu ces probl\u00e8mes ? Non, au contraire, ils ont empir\u00e9 ! Si nous ne les traitons pas, les \u00e9v\u00e9nements qu&rsquo;ils ont provoqu\u00e9s pourront se r\u00e9p\u00e9ter. \u00c0 mon avis, la meilleure fa\u00e7on de pr\u00e9venir les turbulences \u00e0 l&rsquo;avenir est de mettre en \u0153uvre des r\u00e9formes, de mani\u00e8re graduelle. Nous devons donner de vrais espoirs aux populations, et pas seulement en paroles. Le Qatar avait promis d&rsquo;\u00e9duquer 10 millions d&rsquo;enfants non scolaris\u00e9s et nous avons surpass\u00e9 cette promesse : nous atteindrons bient\u00f4t 15 millions d&rsquo;enfants dans le primaire. Nous devons \u00e9galement leur fournir des emplois, des opportunit\u00e9s, mais aussi les laisser exprimer leurs opinions et leurs diff\u00e9rences. Le Qatar a mis en place des programmes pour aider \u00e0 former plus de 2 millions de jeunes dans le monde arabe et leur donner des opportunit\u00e9s d&#8217;emploi. Par exemple, nous avons une exp\u00e9rience unique en Tunisie, o\u00f9 nous aidons des gens \u00e0 lancer leur entreprise. Des dizaines de milliers de jeunes b\u00e9n\u00e9ficient de ce projet.\u00a0\u00bb<br \/>\n<\/span><\/p>\n<p><span style=\"color: #777777; font-family: Arial;\">Apr\u00e8s toutes ces belles r\u00e9ponses, il est l\u00e9gitime de se poser la question s&rsquo;il reste raisonnable de critiquer autant le Qatar ?<br \/>\n<\/span><\/p>\n<p><span style=\"color: #777777; font-family: Arial;\">Mais ces journalistes ont-ils pos\u00e9 les questions embarrassantes ?<br \/>\n<\/span><\/p>\n<p><span style=\"color: #777777; font-family: Arial;\">Oui\u2026 un peu<br \/>\n<\/span><\/p>\n<p><span style=\"color: #777777; font-family: Arial;\">Ils ont rappel\u00e9 que le Qatar est accus\u00e9 de prot\u00e9ger les fr\u00e8res musulmans, ce mouvement islamique radical n\u00e9 en \u00c9gypte qui au-del\u00e0 de la dimension religieuse veut aussi s&#8217;emparer du pouvoir politique.<br \/>\n<\/span><\/p>\n<p><span style=\"color: #777777; font-family: Arial;\">L&rsquo;\u00e9mir nie tout simplement\u00a0:<br \/>\n<\/span><\/p>\n<p style=\"margin-left: 28pt;\"><span style=\"color: #c00000; font-family: Arial;\">\u00ab\u00a0De tels liens n&rsquo;existent pas. Il n&rsquo;y a pas, ici au Qatar, de membres actifs des Fr\u00e8res musulmans ou d&rsquo;organisations leur appartenant.\u00a0\u00bb<br \/>\n<\/span><\/p>\n<p><span style=\"color: #777777; font-family: Arial;\">Ils se sont aussi int\u00e9ress\u00e9s \u00e0 sa vision sur le r\u00f4le et la place des femmes dans la soci\u00e9t\u00e9\u00a0:<br \/>\n<\/span><\/p>\n<p style=\"margin-left: 28pt;\"><span style=\"color: #c00000; font-family: Arial;\">\u00ab\u00a0D&rsquo;abord, devant Dieu, nous sommes tous \u00e9gaux, hommes ou femmes. Le r\u00f4le des femmes est vital dans notre soci\u00e9t\u00e9. Au Qatar, leurs performances \u00e0 l&rsquo;universit\u00e9 sont sup\u00e9rieures \u00e0 celles des hommes. Elles repr\u00e9sentent 63 % des \u00e9tudiants. Dans la population active, c&rsquo;est \u00e0 peu pr\u00e8s 50-50. Au sein de notre gouvernement, nous avons trois femmes ministres. Elles y font un travail formidable. Nous avons m\u00eame des femmes pilotes dans notre arm\u00e9e de l&rsquo;air. Nous ne voyons pas de diff\u00e9rences avec les hommes. Bien s\u00fbr, nous sommes conscients qu&rsquo;elles sont victimes de discriminations dans le monde, mais nous y sommes totalement oppos\u00e9s.\u00a0\u00bb<br \/>\n<\/span><\/p>\n<p><span style=\"color: #777777; font-family: Arial;\">Dans une soci\u00e9t\u00e9 o\u00f9 elles sont contraintes de porter le voile, il affirme \u00eatre conscient qu&rsquo;elles \u00ab\u00a0sont victimes de discrimination dans le monde. \u00bb Dans le monde, peut-\u00eatre, mais au Qatar, non.<br \/>\n<\/span><\/p>\n<p><span style=\"color: #777777; font-family: Arial;\">Et la libert\u00e9 d&rsquo;expression\u00a0:<br \/>\n<\/span><\/p>\n<p style=\"margin-left: 28pt;\"><span style=\"color: #c00000; font-family: Arial;\">\u00ab\u00a0Je crois personnellement \u00e0 la libert\u00e9 d&rsquo;expression. Elle doit \u00eatre prot\u00e9g\u00e9e. Mais si cette expression conduit, de mani\u00e8re intentionnelle, \u00e0 des probl\u00e8mes ou \u00e0 des conflits dans le domaine culturel ou religieux, est-il vraiment n\u00e9cessaire de le dire ? Je ne parle pas ici de quelqu&rsquo;un qui critiquerait un ministre ou un haut responsable, cela ne me pose aucun probl\u00e8me. Mais, dans des domaines o\u00f9 l&rsquo;on sait que cela va cr\u00e9er des probl\u00e8mes, il faut \u00eatre tr\u00e8s prudent. Chacun a le droit de s&rsquo;exprimer mais, quoi que nous disions, nous devons \u00e9viter de blesser des gens issus de cultures, de religions ou de milieux diff\u00e9rents. <strong>En g\u00e9n\u00e9ral, les choses doivent avoir des limites<\/strong>.\u00a0\u00bb<br \/>\n<\/span><\/p>\n<p><span style=\"color: #777777; font-family: Arial;\">Sur ce point, nous le sentons un peu r\u00e9ticent. La libert\u00e9 d&rsquo;expression c&rsquo;est tr\u00e8s bien, mais les limites \u00e0 la libert\u00e9 d&rsquo;expression lui semblent tout aussi important.<br \/>\n<\/span><\/p>\n<p><span style=\"color: #777777; font-family: Arial;\">Mais ont-ils parl\u00e9 des morts sur les chantiers, du droit de travail, de la climatisation des stades, de la cause des LGBT.<br \/>\n<\/span><\/p>\n<p><span style=\"color: #777777; font-family: Arial;\">Rien sur ce dernier point<br \/>\n<\/span><\/p>\n<p><span style=\"color: #777777; font-family: Arial;\">Sur les deux autres\u00a0:<br \/>\n<\/span><\/p>\n<ul>\n<li><span style=\"color: #777777; font-family: Arial;\">Les conditions de travail\u00a0:<br \/>\n<\/span><\/li>\n<\/ul>\n<p><span style=\"color: #c00000; font-family: Arial;\">\u00ab\u00a0Il y a deux sortes de critiques. La plupart du temps, nous y voyons un conseil ou une alerte, et nous les prenons au s\u00e9rieux. Ainsi, nous avons compris que nous avions un probl\u00e8me avec le travail sur les chantiers, et nous avons pris des mesures fortes en un temps record. Nous avons modifi\u00e9 la loi et nous punissons quiconque maltraite un employ\u00e9 ; nous avons ouvert nos portes aux ONG et nous coop\u00e9rons avec elles. Nous en sommes fiers. Et puis il y a la seconde cat\u00e9gorie de critiques, celles qui se poursuivent quoi que nous fassions. Ce sont des gens qui n&rsquo;acceptent pas qu&rsquo;un pays arabe musulman comme le Qatar accueille la Coupe du monde. Ceux-l\u00e0 trouveront n&rsquo;importe quel pr\u00e9texte pour nous d\u00e9nigrer.\u00a0\u00bb<br \/>\n<\/span><\/p>\n<p><span style=\"color: #777777; font-family: Arial;\">Le nombre de morts n&rsquo;a pas \u00e9t\u00e9 \u00e9voqu\u00e9 ni la controverse entre le Guardian (6500 morts) et la communication officielle du Qatar (37).<br \/>\n<\/span><\/p>\n<ul>\n<li><span style=\"color: #777777; font-family: Arial;\">La climatisation<br \/>\n<\/span><\/li>\n<\/ul>\n<p><span style=\"color: #c00000; font-family: Arial;\">\u00ab Je pense que chaque pays devrait avoir la chance d&rsquo;organiser des \u00e9v\u00e9nements sportifs mais, parfois, le climat peut \u00eatre un obstacle. Nous avons utilis\u00e9 les technologies de pointe pour minimiser la consommation d&rsquo;eau et d&rsquo;\u00e9nergie pendant la Coupe du monde, afin d&rsquo;en faire un \u00e9v\u00e9nement plus durable. \u00bb<br \/>\n<\/span><\/p>\n<p><span style=\"color: #777777; font-family: Arial;\">Voici ce long droit de r\u00e9ponse que Le Point a accord\u00e9 \u00e0 l\u2019\u00c9mir du Qatar.<br \/>\n<\/span><\/p>\n<p><span style=\"color: #777777; font-family: Arial;\">Le magazine \u00ab\u00a0<strong>Marianne\u00a0<\/strong>\u00bb s&rsquo;est \u00e9tonn\u00e9 de ce long entretien, sans asp\u00e9rit\u00e9, pr\u00e9sentant un homme mod\u00e9r\u00e9, sage et recherchant toujours le consensus\u00a0: &lt; <a href=\"https:\/\/www.marianne.net\/agora\/les-signatures-de-marianne\/quand-lhebdomadaire-le-point-fait-la-promo-de-lemir-du-qatar\"><span style=\"color: #0000ff;\">Quand l&rsquo;hebdomadaire \u00ab\u00a0Le Point\u00a0\u00bb fait la promo de l&rsquo;\u00c9mir du Qatar<\/span><\/a>&gt;<br \/>\n<\/span><\/p>\n<p style=\"margin-left: 28pt;\"><span style=\"color: #c00000; font-family: Arial;\">\u00ab\u00a0Dans sa derni\u00e8re livraison, le Point annonce en couverture une interview fleuve du Cheikh Tamim ben Hamad Al Thani, \u00e9mir du Qatar, avec photo de l&rsquo;imp\u00e9trant \u00e0 l&rsquo;appui. Pour cet exercice, l&rsquo;hebdomadaire a d\u00e9l\u00e9gu\u00e9 dans le pays h\u00f4te du Mondial de foot son directeur de la r\u00e9daction, \u00c9tienne Gernelle et Luc de Barochez, deux attaquants r\u00e9put\u00e9s de la maison, c\u00e9l\u00e8bres pour leur capacit\u00e9 \u00e0 se jouer des d\u00e9fenses adverses. On s&rsquo;attendait donc \u00e0 voir l&rsquo;\u00c9mir cern\u00e9, pouss\u00e9 dans ses retranchements, mis face \u00e0 ses contradictions, somm\u00e9 de s&rsquo;expliquer, [\u2026] Rien de tel. En fait, le lecteur du Point risque de se retrouver dans la peau du supporter du PSG, propri\u00e9t\u00e9 du Qatar, apr\u00e8s une d\u00e9faite de son \u00e9quipe f\u00e9tiche. Aucune question g\u00eanante. Pas de relance apr\u00e8s une r\u00e9ponse l\u00e9nifiante. L&rsquo;\u00c9mir enfile les formules creuses comme d&rsquo;autres enfilent les perles sans que jamais le duo d&rsquo;intervieweurs ne daigne rompre l&rsquo;atmosph\u00e8re de complicit\u00e9 bienveillante qui sied \u00e0 ce genre d&rsquo;exercice\u00a0\u00bb<br \/>\n<\/span><\/p>\n<p><span style=\"color: #777777; font-family: Arial;\">Et Marianne finit par cette r\u00e9plique digne d&rsquo;Audiard\u00a0:<br \/>\n<\/span><\/p>\n<p style=\"margin-left: 28pt;\"><span style=\"color: #c00000; font-family: Arial;\">\u00ab\u00a0Bref, c&rsquo;est un homme ordinaire, bien sous tous rapports, un grand humaniste m\u00e9connu, un mod\u00e8le d&rsquo; \u00ab humilit\u00e9 \u00bb, comme le confient \u00c9tienne Gernelle et Luc de Barochez, \u00e0 qui l&rsquo;imp\u00e9trant confie cet ultime conseil : \u00ab L&rsquo;\u00e9ducation commence par des choses simples : faire son lit le matin, par exemple. \u00bb Nul ne sait si les deux intervieweurs du Point font leur lit, mais ils ont administr\u00e9 la preuve \u00e9clatante qu&rsquo;ils savent se coucher.\u00a0\u00bb<br \/>\n<\/span><\/p>\n<p><span style=\"color: #777777; font-family: Arial;\">\u00a0<\/span><\/p>\n<p><span style=\"color: #c00000; font-family: Arial;\">&lt;1713&gt;<\/span><\/p>\n","protected":false},"excerpt":{"rendered":"<p>\u00ab\u00a0En g\u00e9n\u00e9ral, les choses doivent avoir des limites.\u00a0\u00bb Tamim ben Hamad Al Thani, \u00e9mir du Qatar Le mot du jour de vendredi dernier mettait l&rsquo;accent sur la n\u00e9cessit\u00e9 d&rsquo;\u00e9couter. On cite souvent Goethe\u00a0: \u00ab\u00a0Parler est un besoin, \u00e9couter est un<\/p>\n","protected":false},"author":1,"featured_media":0,"comment_status":"open","ping_status":"closed","sticky":false,"template":"","format":"standard","meta":{"footnotes":""},"categories":[1],"tags":[113,109,227],"class_list":["post-14106","post","type-post","status-publish","format-standard","hentry","category-motdujour","tag-droits-de-lhomme","tag-geopolitique","tag-qatar"],"_links":{"self":[{"href":"https:\/\/lemotdujour.fr\/index.php?rest_route=\/wp\/v2\/posts\/14106","targetHints":{"allow":["GET"]}}],"collection":[{"href":"https:\/\/lemotdujour.fr\/index.php?rest_route=\/wp\/v2\/posts"}],"about":[{"href":"https:\/\/lemotdujour.fr\/index.php?rest_route=\/wp\/v2\/types\/post"}],"author":[{"embeddable":true,"href":"https:\/\/lemotdujour.fr\/index.php?rest_route=\/wp\/v2\/users\/1"}],"replies":[{"embeddable":true,"href":"https:\/\/lemotdujour.fr\/index.php?rest_route=%2Fwp%2Fv2%2Fcomments&post=14106"}],"version-history":[{"count":5,"href":"https:\/\/lemotdujour.fr\/index.php?rest_route=\/wp\/v2\/posts\/14106\/revisions"}],"predecessor-version":[{"id":14115,"href":"https:\/\/lemotdujour.fr\/index.php?rest_route=\/wp\/v2\/posts\/14106\/revisions\/14115"}],"wp:attachment":[{"href":"https:\/\/lemotdujour.fr\/index.php?rest_route=%2Fwp%2Fv2%2Fmedia&parent=14106"}],"wp:term":[{"taxonomy":"category","embeddable":true,"href":"https:\/\/lemotdujour.fr\/index.php?rest_route=%2Fwp%2Fv2%2Fcategories&post=14106"},{"taxonomy":"post_tag","embeddable":true,"href":"https:\/\/lemotdujour.fr\/index.php?rest_route=%2Fwp%2Fv2%2Ftags&post=14106"}],"curies":[{"name":"wp","href":"https:\/\/api.w.org\/{rel}","templated":true}]}}