{"id":14078,"date":"2022-09-19T00:35:31","date_gmt":"2022-09-18T22:35:31","guid":{"rendered":"https:\/\/lemotdujour.fr\/?p=14078"},"modified":"2022-09-19T09:56:44","modified_gmt":"2022-09-19T07:56:44","slug":"lundi-19-septembre-2022","status":"publish","type":"post","link":"https:\/\/lemotdujour.fr\/?p=14078","title":{"rendered":"Lundi 19 septembre 2022"},"content":{"rendered":"<div class=\"mdjTexte\">\u00ab\u00a0La conf\u00e9rence mondiale de l&rsquo;ONU sur les droits de l&rsquo;homme \u00e0 Vienne, en juin 1993.\u00a0\u00bb<\/div>\n<div class=\"mdjAuteur\">Moment o\u00f9 l&rsquo;Occident a compris que si elle avait gagn\u00e9 la guerre froide, son mod\u00e8le et ses valeurs \u00e9taient loin de s&rsquo;\u00eatre impos\u00e9s.<\/div>\n<p><span style=\"color: #777777; font-family: Arial;\">La guerre froide \u00e9tait termin\u00e9e depuis 1991.<br \/>\n<\/span><\/p>\n<p><span style=\"color: #777777; font-family: Arial;\">Les \u00c9tats Unis n&rsquo;avaient plus d&rsquo;ennemis \u00e0 leur dimension comme pouvait l&rsquo;\u00eatre l&rsquo;Union Sovi\u00e9tique.<br \/>\n<\/span><\/p>\n<p><span style=\"color: #777777; font-family: Arial;\">Les communistes chinois, sous l&rsquo;autorit\u00e9 morale de Deng Xiaoping, ne suivront pas l&rsquo;exemple de Gorbatchev et r\u00e9primerons par le sang l&rsquo;espoir de jeunes \u00e9tudiants chinois d&rsquo;obtenir davantage de libert\u00e9 et de droits.<br \/>\n<\/span><\/p>\n<p><span style=\"color: #777777; font-family: Arial;\">Le monde, domin\u00e9 par l&rsquo;hyperpuissance des Etats-Unis \u00e9tait pr\u00eat, pensait les occidentaux, \u00e0 se soumettre davantage aux valeurs occidentales des droits de l&rsquo;homme, de la d\u00e9mocratie et des libert\u00e9s politiques.<br \/>\n<\/span><\/p>\n<p><span style=\"color: #777777; font-family: Arial;\">Et c&rsquo;est dans cet esprit que fut organis\u00e9e, du 14 au 25 juin 1993, \u00e0 Vienne en Autriche,\u00a0<span style=\"color: #0000ff;\"><a style=\"color: #0000ff;\" href=\"https:\/\/fr.wikipedia.org\/wiki\/Conf%C3%A9rence_mondiale_sur_les_droits_de_l%27homme\"><strong>la Conf\u00e9rence mondiale sur les droits de l&rsquo;homme sous l&rsquo;\u00e9gide de l&rsquo;ONU<\/strong><\/a>.<\/span><br \/>\n<\/span><\/p>\n<p><span style=\"color: #777777; font-family: Arial;\">Huntington explique que c&rsquo;est lors de cette conf\u00e9rence \u00e0 Vienne, que les Occidentaux ont compris que m\u00eame s&rsquo;ils avaient pens\u00e9 avoir gagn\u00e9 la guerre froide, le Monde ne s&rsquo;occidentaliserait pas pour autant.\u00a0:<br \/>\n<\/span><\/p>\n<p style=\"margin-left: 28pt;\"><span style=\"color: #c00000; font-family: Arial;\">\u00ab\u00a0Les diff\u00e9rences quant aux droits de l&rsquo;homme entre l&rsquo;Occident et les autres civilisations, et la capacit\u00e9 limit\u00e9e de l&rsquo;Occident \u00e0 atteindre ses objectifs sont apparues au grand jour lors de la conf\u00e9rence mondiale de l&rsquo;ONU sur les droits de l&rsquo;homme \u00e0 Vienne, en juin 1993. D&rsquo;un c\u00f4t\u00e9 se tenaient les pays europ\u00e9ens et nord-am\u00e9ricains\u00a0; de l&rsquo;autre, on trouvait un bloc d&rsquo;environ cinquante \u00c9tats non occidentaux, dont les quinze plus actifs comprenaient les gouvernements d&rsquo;un pays d&rsquo;Am\u00e9rique latine (Cuba), d&rsquo;un pays bouddhiste (Myanmar), de quatre pays confuc\u00e9ens aux id\u00e9ologies politiques, aux syst\u00e8mes \u00e9conomiques et aux niveaux de d\u00e9veloppement tr\u00e8s diff\u00e9rents (Singapour, le Viet-nam, la Cor\u00e9e du Nord et la Chine) et de neufs pays musulmans (La Malaisie, l&rsquo;Indon\u00e9sie, le Pakistan, l&rsquo;Iran, l&rsquo;Irak, la Syrie, le Y\u00e9men, le Soudan et la Libye). Le regroupement islamo-asiatique repr\u00e9sent\u00e9 par la Chine, la Syrie et l&rsquo;Iran dominait. Entre ces deux groupes, il y avait les pays d&rsquo;Am\u00e9rique latine, sauf Cuba, qui ont souvent soutenu l&rsquo;Occident, et les pays africains et orthodoxes qui l&rsquo;ont parfois soutenu mais qui s&rsquo;y sont oppos\u00e9s le plus souvent.\u00a0\u00bb<br \/>\n<em>Le choc des civilisations page 285<br \/>\n<\/em><\/span><\/p>\n<p><span style=\"color: #777777; font-family: Arial;\">Constatons d&rsquo;abord que si l&rsquo;Occident pr\u00e9sente une certaine homog\u00e9n\u00e9it\u00e9, l&rsquo;autre coalition est h\u00e9t\u00e9roclite associant des pays d&rsquo;Islam avec des \u00c9tats qui comme la Chine sont hostiles aux musulmans qui se trouvent dans leurs fronti\u00e8res ou d&rsquo;autres pays comme Cuba et la Cor\u00e9e du Nord qui sont anti-religieux.<br \/>\n<\/span><\/p>\n<p><span style=\"color: #777777; font-family: Arial;\">Constatons ensuite que mise \u00e0 part l&rsquo;Am\u00e9rique latine hors Cuba, l&rsquo;Occident a peu d&rsquo;alli\u00e9s et se trouve minoritaire.<br \/>\n<\/span><\/p>\n<p><span style=\"color: #777777; font-family: Arial;\">Quelles \u00e9taient les sujets de conflits\u00a0?<br \/>\n<\/span><\/p>\n<p style=\"margin-left: 28pt;\"><span style=\"color: #c00000; font-family: Arial;\">\u00ab\u00a0Les probl\u00e8mes \u00e0 propos desquels les pays se divisaient en termes de civilisation \u00e9taient les suivants\u00a0:<br \/>\n<\/span><\/p>\n<ul style=\"margin-left: 64pt;\">\n<li><span style=\"color: #c00000; font-family: Arial;\">Universalisme\/relativisme culturel en mati\u00e8re de droits de l&rsquo;homme\u00a0;<br \/>\n<\/span><\/li>\n<li><span style=\"color: #c00000; font-family: Arial;\">Priorit\u00e9 relative de l&rsquo;\u00e9conomie et des droits sociaux dont le droit au d\u00e9veloppement\/droits politiques et civiques\u00a0;<br \/>\n<\/span><\/li>\n<li><span style=\"color: #c00000; font-family: Arial;\">Conditions politiques pos\u00e9es \u00e0 l&rsquo;assistance \u00e9conomique\u00a0;<br \/>\n<\/span><\/li>\n<li><span style=\"color: #c00000; font-family: Arial;\">Cr\u00e9ation d&rsquo;un commissaire de l&rsquo;ONU aux droits de l&rsquo;homme\u00a0;<br \/>\n<\/span><\/li>\n<li><span style=\"color: #c00000; font-family: Arial;\">Autorisation donn\u00e9e aux organisations non gouvernementales de d\u00e9fense des droits de l&rsquo;homme, qui se rassemblaient simultan\u00e9ment \u00e0 Vienne, de participer \u00e0 la conf\u00e9rence gouvernementale\u00a0;<br \/>\n<\/span><\/li>\n<li><span style=\"color: #c00000; font-family: Arial;\">Droits particuliers trait\u00e9s par cette conf\u00e9rence\u00a0;<br \/>\n<\/span><\/li>\n<li><span style=\"color: #c00000; font-family: Arial;\">Probl\u00e8mes plus sp\u00e9cifiques comme la possibilit\u00e9 laiss\u00e9e au dala\u00ef-lama de s&rsquo;adresser \u00e0 la conf\u00e9rence.\u00a0\u00bb<br \/>\n<em>Le choc des civilisations page 285\/286<\/em><br \/>\n<\/span><\/li>\n<\/ul>\n<p><span style=\"color: #777777; font-family: Arial;\">Ces probl\u00e8mes ont fait l&rsquo;objet d&rsquo;importantes divergences entre les pays occidentaux et le bloc islamo asiatique.<br \/>\n<\/span><\/p>\n<p><span style=\"color: #777777; font-family: Arial;\">Huntington nous apprend que les pays d&rsquo;Asie avaient pr\u00e9par\u00e9s cette conf\u00e9rence, contrairement aux Occidentaux\u00a0:<br \/>\n<\/span><\/p>\n<p style=\"padding-left: 40px;\"><span style=\"color: #c00000; font-family: Arial;\">\u00ab Deux mois avant la conf\u00e9rence de Vienne, les pays d&rsquo;Asie s&rsquo;\u00e9taient r\u00e9unis \u00e0 Bangkok et avaient adopt\u00e9 une d\u00e9claration soulignant que les droits de l&rsquo;homme devaient \u00eatre consid\u00e9r\u00e9s \u00ab dans le contexte [\u2026] des particularit\u00e9s nationales et r\u00e9gionales et des diff\u00e9rents fonds religieux et culturels h\u00e9rit\u00e9s de l&rsquo;histoire. \u00bb<br \/>\n<em>Le choc des civilisations page 286<\/em><br \/>\n<\/span><\/p>\n<p><span style=\"color: #777777; font-family: Arial;\">Bref, il n&rsquo;y avait aucune raison de se soumettre aux \u00ab\u00a0diktats\u00a0\u00bb des occidentaux concernant les droits de l&rsquo;homme et leurs pr\u00e9tentions universalistes. C&rsquo;est les particularit\u00e9s qui sont essentielles et qui justifient \u00ab\u00a0la dose\u00a0\u00bb de droits de l&rsquo;homme qu&rsquo;il est possible d&rsquo;offrir.<br \/>\n<\/span><\/p>\n<p><span style=\"color: #777777; font-family: Arial;\">On peut \u00eatre anti-occidentaux, ou comme moi conscients des faiblesses et des trahisons de l&rsquo;Occident et trouver cette d\u00e9fense des pays autoritaires ou m\u00eame tyranniques comme le comble de la mauvaise foi.<br \/>\n<\/span><\/p>\n<p><span style=\"color: #777777; font-family: Arial;\">&lt;<a href=\"https:\/\/lemotdujour.fr\/?p=6805\"><span style=\"color: #0000ff;\">Le massacre de Tien an men<\/span><\/a>&gt; date de 4 ans, le 4 juin 1989 et dans ce cas plut\u00f4t que le particularisme chinois, il fallait surtout sauver le pouvoir du parti communiste chinois et les privil\u00e8ges des dirigeants communistes.<br \/>\n<\/span><\/p>\n<p><span style=\"color: #777777; font-family: Arial;\">A Bangkok ces pays se sont mis d&rsquo;accord sur une autre exigence\u00a0:<br \/>\n<\/span><\/p>\n<p style=\"padding-left: 40px;\"><span style=\"color: #c00000; font-family: Arial;\">\u00ab Le fait de conditionner l&rsquo;assistance \u00e9conomique \u00e0 la situation des droits de l&rsquo;homme \u00e9taient contraire au droit au d\u00e9veloppement. \u00bb<em><br \/>\n<\/em><em>Le choc des civilisations page 286<\/em><br \/>\n<\/span><\/p>\n<p><span style=\"color: #777777; font-family: Arial;\">Ces pays ne supportaient plus que l&rsquo;Occident exerce une pression financi\u00e8re pour les obliger \u00e0 am\u00e9liorer les droits individuels de leurs citoyens.<br \/>\n<\/span><\/p>\n<p><span style=\"color: #777777; font-family: Arial;\">Huntington explique que les occidentaux ont fait plus de concessions que leurs adversaires mais ont tent\u00e9 de pr\u00e9server les droits des femmes\u00a0:<br \/>\n<\/span><\/p>\n<p style=\"margin-left: 28pt;\"><span style=\"color: #c00000; font-family: Arial;\">\u00ab\u00a0La d\u00e9claration adopt\u00e9e par la conf\u00e9rence a donc \u00e9t\u00e9 minimale.\u00a0\u00bb<br \/>\n<\/span><\/p>\n<p><span style=\"color: #777777; font-family: Arial;\">La proclamation de l&rsquo;universalit\u00e9 des droits est donc temp\u00e9r\u00e9e largement par la prise en consid\u00e9ration des particularismes locaux :<br \/>\n<\/span><\/p>\n<p><span style=\"color: #777777; font-family: Arial;\">Par exemple la <span style=\"color: #0000ff;\"><a style=\"color: #0000ff;\" href=\"https:\/\/www.un.org\/fr\/conferences\/human-rights\/vienna1993\">D\u00e9claration et Programme d&rsquo;action de Vienne<\/a>,<\/span> adopt\u00e9e dispose dans son article 5 que :<br \/>\n<\/span><\/p>\n<p style=\"margin-left: 28pt;\"><span style=\"color: #c00000; font-family: Arial;\">\u00ab Tous les droits de l&rsquo;homme sont universels, indissociables, interd\u00e9pendants et intimement li\u00e9s. La communaut\u00e9 internationale doit traiter des droits de l&rsquo;homme globalement, de mani\u00e8re \u00e9quitable et \u00e9quilibr\u00e9e, sur un pied d&rsquo;\u00e9galit\u00e9 et en leur accordant la m\u00eame importance. S&rsquo;il convient de ne pas perdre de vue l&rsquo;importance des particularismes nationaux et r\u00e9gionaux et la diversit\u00e9 historique, culturelle et religieuse, il est du devoir des \u00c9tats, quel qu&rsquo;en soit le syst\u00e8me politique, \u00e9conomique et culturel, de promouvoir et de prot\u00e9ger tous les droits de l&rsquo;homme et toutes les libert\u00e9s fondamentales.\u00a0\u00bb<br \/>\n<\/span><\/p>\n<p><span style=\"color: #777777; font-family: Arial;\">Huntington cite Charles J. Brown qui \u00e9crivait\u00a0:<br \/>\n<\/span><\/p>\n<p style=\"margin-left: 28pt;\"><span style=\"color: #c00000; font-family: Arial;\">\u00ab\u00a0[Ce document] repr\u00e9sentait une victoire pour la coalition islamo-asiatique et une d\u00e9faite pour l&rsquo;Occident\u00a0\u00bb<br \/>\n<em>Le choc des civilisations page 286<\/em><br \/>\n<\/span><\/p>\n<p><span style=\"color: #777777; font-family: Arial;\">Et il ajoute, en \u00e9num\u00e9rant notamment tout ce qui manquait\u00a0:<br \/>\n<\/span><\/p>\n<p style=\"margin-left: 28pt;\"><span style=\"color: #c00000; font-family: Arial;\">\u00ab\u00a0La d\u00e9claration de Vienne ne contenait aucune d\u00e9fense de la libert\u00e9 de parole, de la presse, d&rsquo;assembl\u00e9e et de religion et \u00e9tait donc par bien des aspects plus faible que la d\u00e9claration universelle des droits de l&rsquo;homme que les Nations unies avaient adopt\u00e9e en 1948. Cette \u00e9volution traduit le d\u00e9clin de puissance de l&rsquo;Occident.\u00a0[\u2026] Le monde est d\u00e9sormais aussi arabe, asiatique et africain qu&rsquo;il est occidental. \u00bb<br \/>\n<\/span><\/p>\n<p><span style=\"color: #777777; font-family: Arial;\">Huntington cite alors ce qu&rsquo;il appelle\u00a0: \u00ab\u00a0un d\u00e9tracteur asiatique de l&rsquo;Occident\u00a0\u00bb<br \/>\n<\/span><\/p>\n<p style=\"margin-left: 28pt;\"><span style=\"color: #c00000; font-family: Arial;\">\u00ab Pour la premi\u00e8re fois depuis que le D\u00e9claration universelle a \u00e9t\u00e9 adopt\u00e9e en 1948, des pays qui n&rsquo;ont pas \u00e9t\u00e9 marqu\u00e9s profond\u00e9ment par les traditions du jud\u00e9o-christianisme et du droit naturel sont au premier rang. Cette situation sans pr\u00e9c\u00e9dent va d\u00e9finir la nouvelle politique internationale des droits de l&rsquo;homme. Elle va \u00e9galement multiplier les occasions de conflit \u00bb<br \/>\n<\/span><\/p>\n<p><span style=\"color: #777777; font-family: Arial;\">Et il ajoute\u00a0:<br \/>\n<\/span><\/p>\n<p style=\"margin-left: 28pt;\"><span style=\"color: #c00000; font-family: Arial;\">\u00ab\u00a0Le grand gagnant [\u2026] fut clairement la Chine, du moins si on mesure la r\u00e9ussite au fait de dire aux autres ce qu&rsquo;ils ne doivent pas faire\u00a0\u00bb<br \/>\n<\/span><\/p>\n<p><span style=\"color: #777777; font-family: Arial;\">Huntington rappelle que l&rsquo;Occident eut l&rsquo;opportunit\u00e9 d&rsquo;une petite revanche. Le gouvernement chinois avait d\u00e9fini comme objectif majeur d&rsquo;obtenir l&rsquo;organisation des jeux olympiques de l&rsquo;an 2000. On sait que c&rsquo;est finalement Sidney qui l&rsquo;obtint, c&rsquo;est-\u00e0-dire une ville et un pays occidentaux. Pour ce faire, il fallut beaucoup man\u0153uvrer pour parvenir \u00e0 \u00e9carter P\u00e9kin.<br \/>\n<\/span><\/p>\n<p><span style=\"color: #777777; font-family: Arial;\">Ce fut une victoire \u00e0 la Pyrrhus, P\u00e9kin obtint les jeux de 2008, moins de 20 ans apr\u00e8s Tien an Men.<br \/>\n<\/span><\/p>\n<p><span style=\"color: #777777; font-family: Arial;\">Le 28 janvier 1992, le pr\u00e9sident am\u00e9ricain George HW Bush avait annonc\u00e9 au Congr\u00e8s que l&rsquo;Am\u00e9rique avait gagn\u00e9 la guerre froide.<br \/>\n<\/span><\/p>\n<p><span style=\"color: #777777; font-family: Arial;\">Fukuyama avait publi\u00e9 la m\u00eame ann\u00e9e, 1992, \u00ab\u00a0La fin de l&rsquo;Histoire\u00a0\u00bb<br \/>\n<\/span><\/p>\n<p><span style=\"color: #777777; font-family: Arial;\">Et en juin 1993, la conf\u00e9rence mondiale de l&rsquo;ONU sur les droits de l&rsquo;homme \u00e0 Vienne remettait tr\u00e8s largement en cause cette vision <strong>occidentalo-optimiste.<\/strong><br \/>\n<\/span><\/p>\n<p><span style=\"color: #c00000; font-family: Arial;\">&lt;1711&gt;<\/span><\/p>\n","protected":false},"excerpt":{"rendered":"<p>\u00ab\u00a0La conf\u00e9rence mondiale de l&rsquo;ONU sur les droits de l&rsquo;homme \u00e0 Vienne, en juin 1993.\u00a0\u00bb Moment o\u00f9 l&rsquo;Occident a compris que si elle avait gagn\u00e9 la guerre froide, son mod\u00e8le et ses valeurs \u00e9taient loin de s&rsquo;\u00eatre impos\u00e9s. La guerre<\/p>\n","protected":false},"author":1,"featured_media":0,"comment_status":"open","ping_status":"closed","sticky":false,"template":"","format":"standard","meta":{"footnotes":""},"categories":[1],"tags":[222,113,109],"class_list":["post-14078","post","type-post","status-publish","format-standard","hentry","category-motdujour","tag-civilisation","tag-droits-de-lhomme","tag-geopolitique"],"_links":{"self":[{"href":"https:\/\/lemotdujour.fr\/index.php?rest_route=\/wp\/v2\/posts\/14078","targetHints":{"allow":["GET"]}}],"collection":[{"href":"https:\/\/lemotdujour.fr\/index.php?rest_route=\/wp\/v2\/posts"}],"about":[{"href":"https:\/\/lemotdujour.fr\/index.php?rest_route=\/wp\/v2\/types\/post"}],"author":[{"embeddable":true,"href":"https:\/\/lemotdujour.fr\/index.php?rest_route=\/wp\/v2\/users\/1"}],"replies":[{"embeddable":true,"href":"https:\/\/lemotdujour.fr\/index.php?rest_route=%2Fwp%2Fv2%2Fcomments&post=14078"}],"version-history":[{"count":11,"href":"https:\/\/lemotdujour.fr\/index.php?rest_route=\/wp\/v2\/posts\/14078\/revisions"}],"predecessor-version":[{"id":14093,"href":"https:\/\/lemotdujour.fr\/index.php?rest_route=\/wp\/v2\/posts\/14078\/revisions\/14093"}],"wp:attachment":[{"href":"https:\/\/lemotdujour.fr\/index.php?rest_route=%2Fwp%2Fv2%2Fmedia&parent=14078"}],"wp:term":[{"taxonomy":"category","embeddable":true,"href":"https:\/\/lemotdujour.fr\/index.php?rest_route=%2Fwp%2Fv2%2Fcategories&post=14078"},{"taxonomy":"post_tag","embeddable":true,"href":"https:\/\/lemotdujour.fr\/index.php?rest_route=%2Fwp%2Fv2%2Ftags&post=14078"}],"curies":[{"name":"wp","href":"https:\/\/api.w.org\/{rel}","templated":true}]}}