{"id":1407,"date":"2016-09-09T02:00:00","date_gmt":"2016-09-08T22:00:00","guid":{"rendered":"http:\/\/lemotdujour.fr\/?p=1407"},"modified":"2021-09-26T20:51:54","modified_gmt":"2021-09-26T18:51:54","slug":"vendredi-9-septembre-2016","status":"publish","type":"post","link":"https:\/\/lemotdujour.fr\/?p=1407","title":{"rendered":"Vendredi 9 septembre 2016"},"content":{"rendered":"<div class=\"mdjTexte\">\t\u00abJ\u2019irai dormir en Corse\u00bb<\/div>\n<div class=\"mdjAuteur\">\tMichel Rocard<\/div>\n<p><span style=\"color: #777777; font-family: Arial;\">Michel Rocard a \u00e9crit deux ans avant sa mort un texte o\u00f9 il exprimait sa volont\u00e9 d&rsquo;\u00eatre enterr\u00e9 en Corse, \u00e0 Monticello, alors qu&rsquo;il n&rsquo;a \u00abpas une goutte de sang corse\u00bb.<br \/>\n<\/span><\/p>\n<p><span style=\"color: #777777; font-family: Arial;\">Ce texte a \u00e9t\u00e9 lu par son fils a\u00een\u00e9 lors de la c\u00e9r\u00e9monie au temple de l&rsquo;Etoile, un ami de la famille l&rsquo;a transmis \u00e0 Lib\u00e9ration qui l&rsquo;a publi\u00e9 : <span style=\"color: #0000ff;\"><a style=\"color: #0000ff;\" href=\"http:\/\/www.liberation.fr\/debats\/2016\/07\/17\/michel-rocard-j-irai-dormir-en-corse_1466751\">http:\/\/www.liberation.fr\/debats\/2016\/07\/17\/michel-rocard-j-irai-dormir-en-corse_1466751<\/a><\/span><br \/>\n<\/span><\/p>\n<p style=\"margin-left: 28pt;\"><span style=\"color: #c00000; font-family: Arial;\">\u00abLe temps viendra bient\u00f4t, pour moi, comme pour tous, de quitter la compagnie des vivants.<br \/>\n<\/span><\/p>\n<p style=\"margin-left: 28pt;\"><span style=\"color: #c00000; font-family: Arial;\">Enfant de la guerre, pr\u00e9serv\u00e9 presque par hasard des souffrances les plus atroces qu&rsquo;elle a pu engendrer, j&rsquo;en ai c\u00f4toy\u00e9 le risque d&rsquo;assez pr\u00e8s pour avoir ensuite voulu d\u00e9couvrir, observer, savoir, analyser, comprendre, visiter aussi les lieux d&rsquo;horreur d&rsquo;Alsace, d&rsquo;Allemagne, de Pologne, plus tard d&rsquo;Alg\u00e9rie ou du Rwanda.<br \/>\n<\/span><\/p>\n<p style=\"margin-left: 28pt;\"><span style=\"color: #c00000; font-family: Arial;\">Toute mon adolescence, j&rsquo;ai r\u00eav\u00e9 que ma trace soit porteuse de paix.<br \/>\n<\/span><span style=\"color: #c00000; font-family: Arial;\">Je ne pense pas avoir manqu\u00e9 \u00e0 ce v\u0153u. Certains le savent encore en Alg\u00e9rie, tous en Nouvelle-Cal\u00e9donie, je fus un combattant de la paix.<br \/>\n<\/span><span style=\"color: #c00000; font-family: Arial;\">N&rsquo;\u00e9tait la violence des hommes, la nature \u00e9tant si belle, la vie aurait toutes ses chances d&rsquo;\u00eatre merveilleuse si nous savions y cr\u00e9er l&rsquo;harmonie. Ce fut l&rsquo;effort de mon parcours.<br \/>\n<\/span><\/p>\n<p style=\"margin-left: 28pt;\"><span style=\"color: #c00000; font-family: Arial;\">Reste un r\u00eave un peu fou, encore un : que ma derni\u00e8re d\u00e9cision, l&rsquo;ultime signal, le choix du lieu o\u00f9 reposer, soit pour tous ceux qui m&rsquo;ont aim\u00e9, ou m\u00eame seulement respect\u00e9, une \u00e9vidente, une vigoureuse confirmation.<br \/>\n<\/span><span style=\"color: #c00000; font-family: Arial;\">Apr\u00e8s tout, le d\u00e9roulement de la vie elle-m\u00eame a son r\u00f4le \u00e0 jouer dans ce choix final.<br \/>\n<\/span><\/p>\n<p style=\"margin-left: 28pt;\"><span style=\"color: #c00000; font-family: Arial;\">Sylvie, ma derni\u00e8re \u00e9pouse, m&rsquo;a fait, le temps de ce qui nous restait de jeunesse, red\u00e9couvrir l&rsquo;amour, puis surtout rencontrer s\u00e9r\u00e9nit\u00e9, tranquillit\u00e9, confiance, le bonheur tout simplement.<br \/>\n<\/span><span style=\"color: #c00000; font-family: Arial;\">A son p\u00e8re adoptif corse, elle doit le sauvetage de son statut social, mais pas l&rsquo;affection.<br \/>\n<\/span><span style=\"color: #c00000; font-family: Arial;\">Elle lui doit pourtant un lieu, celui de ses joies d&rsquo;enfant, de ses premi\u00e8res et longues amiti\u00e9s, de l&rsquo;exub\u00e9rance de la nature, de sa beaut\u00e9 et de ses odeurs, au fond le lieu de son seul vrai enracinement.<br \/>\n<\/span><\/p>\n<p style=\"margin-left: 28pt;\"><span style=\"color: #c00000; font-family: Arial;\">C&rsquo;est un village, <span style=\"color: #0000ff;\"><a style=\"color: #0000ff;\" href=\"https:\/\/fr.wikipedia.org\/wiki\/Monticello\">Monticello<\/a> <\/span>en Balagne.<br \/>\n<\/span><\/p>\n<p style=\"margin-left: 28pt;\"><span style=\"color: #c00000; font-family: Arial;\">Je n&rsquo;ai pas une goutte de sang corse, et n&rsquo;avais jamais mis les pieds sur l&rsquo;\u00eele avant 1968.<br \/>\n<\/span><span style=\"color: #c00000; font-family: Arial;\">Le mois de mai de cette ann\u00e9e-l\u00e0 avait \u00e9chauff\u00e9 les esprits.<br \/>\n<\/span><span style=\"color: #c00000; font-family: Arial;\">Je ressentis puissamment le besoin de rassembler pour une bonne semaine, la quarantaine la plus active d&rsquo;\u00e9tudiants et de cadres du PSU. La mutuelle \u00e9tudiante rendit cela possible en Corse.<br \/>\n<\/span><span style=\"color: #c00000; font-family: Arial;\">\u00abDe la violence en politique et dans l&rsquo;histoire, pourquoi ? Jusqu&rsquo;o\u00f9 ?\u00bb.<br \/>\n<\/span><span style=\"color: #c00000; font-family: Arial;\">Tous les jours expos\u00e9s, d\u00e9couvertes de textes, r\u00e9flexions, discussions\u2026 Tous les soirs et le dimanche, pour moi, d\u00e9couverte de cette merveille du monde, la Corse, qu&rsquo;habitaient deux bonnes centaines de militants PSU\u2026 Paysans, historiens, chercheurs, animateurs du nationalisme non violent prirent \u00e0 c\u0153ur d&rsquo;\u00eatre mes instructeurs.<br \/>\n<\/span><span style=\"color: #c00000; font-family: Arial;\">Je d\u00e9couvris la violence de l&rsquo;histoire corse, ne l&rsquo;oubliai plus, j&rsquo;appris surtout \u00e0 la conna\u00eetre et \u00e0 la respecter. J&rsquo;en parlai beaucoup, j&rsquo;\u00e9crivis m\u00eame.<br \/>\n<\/span><\/p>\n<p style=\"margin-left: 28pt;\"><span style=\"color: #c00000; font-family: Arial;\">Mais je m&rsquo;occupais d&rsquo;autre chose, longtemps d&rsquo;Europe notamment sur la fin.Vint cette situation bizarre o\u00f9 la r\u00e9gionalisation des \u00e9lections europ\u00e9ennes, combin\u00e9e avec les man\u0153uvres internes au PS firent de moi la \u00abt\u00eate de liste\u00bb socialiste pour les \u00e9lections europ\u00e9ennes de 2004 en Corse\u2026 J&rsquo;avais sur ma propre t\u00eate 22 campagnes \u00e9lectorales de toutes dimensions de la France enti\u00e8re \u00e0 ma commune.<br \/>\n<\/span><\/p>\n<p style=\"margin-left: 28pt;\"><span style=\"color: #c00000; font-family: Arial;\">La Corse m&rsquo;honora de 28 %. C&rsquo;est le record absolu de toute ma vie sur trente-cinq ans. C&rsquo;est aussi le record r\u00e9gional du PS \u00e0 ces \u00e9lections-l\u00e0. C&rsquo;est enfin le record historique de la gauche sur l&rsquo;\u00eele.<br \/>\n<\/span><\/p>\n<p style=\"margin-left: 28pt;\"><span style=\"color: #c00000; font-family: Arial;\">Et puis Monticello : 37,2 % tout de m\u00eame.<br \/>\n<\/span><\/p>\n<p style=\"margin-left: 28pt;\"><img decoding=\"async\" class=\"alignleft\" src=\"https:\/\/lemotdujour.fr\/wp-content\/uploads\/2018\/09\/092418_2007_DATEINCERTA1.png\" alt=\"\" align=\"left\"><span style=\"color: #c00000; font-family: Arial;\">L&rsquo;occasion ne m&rsquo;avait jamais \u00e9t\u00e9 donn\u00e9e de remercier.<br \/>\n<\/span><\/p>\n<p style=\"margin-left: 28pt;\"><span style=\"color: #c00000; font-family: Arial;\"> Ce sera fait. A Monticello, le cimeti\u00e8re est plein. Ne restait dans la partie haute, au-del\u00e0 des caveaux, qu&rsquo;une microparcelle trop petite pour une tombe, suffisante pour deux urnes, au ras de la falaise.<br \/>\n<\/span><\/p>\n<p style=\"margin-left: 28pt;\"><span style=\"color: #c00000; font-family: Arial;\">Arbres et tombeaux, tout est derri\u00e8re nous. L&rsquo;un des plus beaux paysages du monde. Et puis bien s\u00fbr, qui dit cimeti\u00e8re dit r\u00e9conciliation\u2026 Le grand Pierre Soulages s&rsquo;est charg\u00e9 de pourvoir \u00e0 ce que les objets \u00e0 placer l\u00e0, une urne puis deux, un support, une plaque puis deux, magnifient la beaut\u00e9 du lieu plut\u00f4t que de la d\u00e9parer.<br \/>\n<\/span><\/p>\n<p style=\"margin-left: 28pt;\"><span style=\"color: #c00000; font-family: Arial;\">A l&rsquo;occasion, venez nous voir, me voir : il faut garder les liens. Peut-\u00eatre entendrez-vous les grillons, sans doute \u00e9couterez-vous le silence\u2026 A coup s\u00fbr la majest\u00e9 et la beaut\u00e9 de l&rsquo;endroit vous saisiront. Quel autre message laisser que de vous y convier.\u00bb<br \/>\n<\/span><\/p>\n<p><span style=\"color: #777777; font-family: Arial;\"><span style=\"color: #0000ff;\">&lt;<a style=\"color: #0000ff;\" href=\"https:\/\/www.youtube.com\/watch?v=S7hPbT-rZFE\">Ici vous verrez une interview de sa compagne Sylvie qui raconte cette histoire du dernier repos<\/a>&gt;<\/span><br \/>\n<\/span><\/p>\n<p><span style=\"color: #777777; font-family: Arial;\">Qui disait que Michel Rocard \u00e9tait compliqu\u00e9 \u00e0 comprendre ?<br \/>\n<\/span><\/p>\n<p><span style=\"color: #777777; font-family: Arial;\">Il allait toujours \u00e0 l&rsquo;essentiel, bien s\u00fbr il acceptait la complexit\u00e9 du monde ce qui signifie pour un politique de tourner le dos \u00e0 la d\u00e9magogie.<br \/>\n<\/span><\/p>\n<p><span style=\"color: #777777; font-family: Arial;\">Il y a aussi dans ces propos sur sa finitude toute son humanit\u00e9.<br \/>\n<\/span><\/p>\n<p><span style=\"color: #777777; font-family: Arial;\">Ces paroles simples et \u00e9mouvantes sont la meilleure conclusion \u00e0 la c\u00e9r\u00e9monie de l&rsquo;Adieu d&rsquo;un homme de qualit\u00e9 et de sinc\u00e9rit\u00e9.<br \/>\n<\/span><\/p>\n<p><span style=\"color: #800000; font-family: Arial;\">&lt;744&gt;<\/span><\/p>\n","protected":false},"excerpt":{"rendered":"<p>\u00abJ\u2019irai dormir en Corse\u00bb Michel Rocard Michel Rocard a \u00e9crit deux ans avant sa mort un texte o\u00f9 il exprimait sa volont\u00e9 d&rsquo;\u00eatre enterr\u00e9 en Corse, \u00e0 Monticello, alors qu&rsquo;il n&rsquo;a \u00abpas une goutte de sang corse\u00bb. Ce texte a<\/p>\n","protected":false},"author":1,"featured_media":0,"comment_status":"closed","ping_status":"closed","sticky":false,"template":"","format":"standard","meta":{"footnotes":""},"categories":[1],"tags":[29,3,112],"class_list":["post-1407","post","type-post","status-publish","format-standard","hentry","category-motdujour","tag-hommage","tag-politique","tag-socialisme"],"_links":{"self":[{"href":"https:\/\/lemotdujour.fr\/index.php?rest_route=\/wp\/v2\/posts\/1407","targetHints":{"allow":["GET"]}}],"collection":[{"href":"https:\/\/lemotdujour.fr\/index.php?rest_route=\/wp\/v2\/posts"}],"about":[{"href":"https:\/\/lemotdujour.fr\/index.php?rest_route=\/wp\/v2\/types\/post"}],"author":[{"embeddable":true,"href":"https:\/\/lemotdujour.fr\/index.php?rest_route=\/wp\/v2\/users\/1"}],"replies":[{"embeddable":true,"href":"https:\/\/lemotdujour.fr\/index.php?rest_route=%2Fwp%2Fv2%2Fcomments&post=1407"}],"version-history":[{"count":3,"href":"https:\/\/lemotdujour.fr\/index.php?rest_route=\/wp\/v2\/posts\/1407\/revisions"}],"predecessor-version":[{"id":12153,"href":"https:\/\/lemotdujour.fr\/index.php?rest_route=\/wp\/v2\/posts\/1407\/revisions\/12153"}],"wp:attachment":[{"href":"https:\/\/lemotdujour.fr\/index.php?rest_route=%2Fwp%2Fv2%2Fmedia&parent=1407"}],"wp:term":[{"taxonomy":"category","embeddable":true,"href":"https:\/\/lemotdujour.fr\/index.php?rest_route=%2Fwp%2Fv2%2Fcategories&post=1407"},{"taxonomy":"post_tag","embeddable":true,"href":"https:\/\/lemotdujour.fr\/index.php?rest_route=%2Fwp%2Fv2%2Ftags&post=1407"}],"curies":[{"name":"wp","href":"https:\/\/api.w.org\/{rel}","templated":true}]}}