{"id":14057,"date":"2022-09-15T00:07:00","date_gmt":"2022-09-14T22:07:00","guid":{"rendered":"https:\/\/lemotdujour.fr\/?p=14057"},"modified":"2022-09-15T11:44:31","modified_gmt":"2022-09-15T09:44:31","slug":"jeudi-15-septembre-2022","status":"publish","type":"post","link":"https:\/\/lemotdujour.fr\/?p=14057","title":{"rendered":"Jeudi 15 septembre 2022"},"content":{"rendered":"<div class=\"mdjTexte\">\u00ab\u00a0L&rsquo;\u00e9chec de l&rsquo;imp\u00e9rialisme moral en Afrique\u00a0!\u00a0\u00bb<\/div>\n<div class=\"mdjAuteur\">Jean-Pierre Olivier de Sardan<\/div>\n<p><span style=\"color: #777777; font-family: Arial;\">\u00ab\u00a0J&rsquo;aime les gens qui doutent\u00a0\u00bb chantait Anne Sylvestre\u00a0:<br \/>\n<\/span><\/p>\n<p style=\"margin-left: 28pt;\"><span style=\"color: #c00000; font-family: Arial;\">\u00ab\u00a0J&rsquo;aime les gens qui doutent, les gens qui trop \u00e9coutent leur c\u0153ur se balancer<br \/>\nJ&rsquo;aime les gens qui disent et qui se contredisent et sans se d\u00e9noncer<br \/>\nJ&rsquo;aime les gens qui tremblent, que parfois ils ne semblent capables de juger\u00a0\u00bb<br \/>\n<\/span><\/p>\n<p><span style=\"color: #777777; font-family: Arial;\">Sur les quelques 1700 mots du jour que j&rsquo;ai \u00e9crit depuis 2012, aucune s\u00e9rie ne m&rsquo;a donn\u00e9 autant de mal que celle-ci que j&rsquo;ai initi\u00e9 sur ce livre et cette intuition de Samuel Huntington : \u00ab <strong>Le choc des civilisations<\/strong>\u00a0\u00bb.<br \/>\n<\/span><\/p>\n<p><span style=\"color: #777777; font-family: Arial;\">Alors faut-il se taire\u00a0? Ne pas en parler\u00a0?<br \/>\n<\/span><\/p>\n<p><span style=\"color: #777777; font-family: Arial;\">J&rsquo;ai l&rsquo;intuition contraire, il ne faut pas \u00eatre dans le d\u00e9ni.<br \/>\n<\/span><\/p>\n<p><span style=\"color: #777777; font-family: Arial;\">Dans un certain nombre de domaines qui touche les libert\u00e9s, les progr\u00e8s dans le droit des femmes, des pratiques sexuelles, de l&rsquo;\u00e9criture, du dessin, de la r\u00e9alit\u00e9 des faits, de la d\u00e9marche scientifique, de l&rsquo;enseignement de l&rsquo;Histoire nous sommes depuis le d\u00e9but de ce si\u00e8cle en pleine r\u00e9gression.<br \/>\n<\/span><\/p>\n<p><span style=\"color: #777777; font-family: Arial;\">Et je crois qu&rsquo;il faut essayer de comprendre cela\u00a0:<br \/>\n<\/span><\/p>\n<ul>\n<li><span style=\"color: #777777; font-family: Arial;\">La col\u00e8re des uns\u00a0;<br \/>\n<\/span><\/li>\n<li><span style=\"color: #777777; font-family: Arial;\">Le totalitarisme des autres\u00a0;<br \/>\n<\/span><\/li>\n<li><span style=\"color: #777777; font-family: Arial;\">L&rsquo;aveuglement ou la na\u00efvet\u00e9 d&rsquo;autres encore<br \/>\n<\/span><\/li>\n<li><span style=\"color: #777777; font-family: Arial;\">La peur, la l\u00e2chet\u00e9, l&rsquo;indiff\u00e9rence du plus grand nombre<br \/>\n<\/span><\/li>\n<\/ul>\n<p><span style=\"color: #777777; font-family: Arial;\">Pour donner quelques \u00e9l\u00e9ments de compr\u00e9hension de cette \u00e9num\u00e9ration qui peut \u00eatre \u00e9nigmatique pour les uns ou plein de sous-entendus pour les autres, voici quelques exemples. Il n&rsquo;est pas question d&rsquo;exhaustivit\u00e9 ici.<br \/>\n<\/span><\/p>\n<p><span style=\"color: #777777; font-family: Arial;\">Quand je parle de <strong>col\u00e8re<\/strong>, je pense aux peuples qui ont \u00e9t\u00e9 colonis\u00e9s, soumis et exploit\u00e9s par un Occident arrogant et usant de toute la force que lui donnait ses capacit\u00e9s industrielles et militaires.<br \/>\n<\/span><\/p>\n<p><span style=\"color: #777777; font-family: Arial;\">Le <strong>totalitarisme<\/strong> correspond \u00e0 des r\u00e9gimes tyranniques ou plus simplement autoritaires et qui en utilisant d&rsquo;une part des fautes des occidentaux et d&rsquo;autre part le r\u00e9cit ancien et souvent d\u00e9form\u00e9 de leur civilisation rejettent en bloc toutes les valeurs de l&rsquo;occident et imposent des pouvoirs cruels, carc\u00e9raux, liberticides, r\u00e9gressifs et ab\u00eatissant.<br \/>\n<\/span><\/p>\n<p><span style=\"color: #777777; font-family: Arial;\"><strong>L&rsquo;aveuglement ou la na\u00efvet\u00e9<\/strong> s&rsquo;adresse aux politiques, intellectuels et journalistes de nos pays qui souvent aveugl\u00e9s par leur anti-am\u00e9ricanisme, qui peut avoir des justifications, d\u00e9fendent des mouvements, des id\u00e9es ou des dictateurs. Il y a parmi eux des poutinologues, des pro-Xi Jinping, des compagnons de route des fr\u00e8res musulmans ou des salafistes ou d&rsquo;autres causes ambig\u00fces comme le \u00ab <span style=\"color: #0000ff;\"><a style=\"color: #0000ff;\" href=\"https:\/\/www.lepoint.fr\/societe\/dissensions-autour-du-comite-verite-pour-adama-07-09-2022-2488930_23.php\">Comit\u00e9 V\u00e9rit\u00e9 pour Adama\u00a0<\/a><\/span>\u00bb. La plupart de ces na\u00effs seraient parmi les premiers \u00e9limin\u00e9s s&rsquo;ils avaient le malheur de vivre dans un pays dirig\u00e9 par les forces qu&rsquo;ils soutiennent.<br \/>\n<\/span><\/p>\n<p><span style=\"color: #777777; font-family: Arial;\"><strong>La derni\u00e8re partie est ultra majoritaire<\/strong> et ne veut pas se m\u00ealer de ses querelles, soit parce que cela d\u00e9range sa qui\u00e9tude, soit que l&rsquo;esprit est occup\u00e9 de tant de choses qu&rsquo;ils ne faut pas perdre de temps pour r\u00e9fl\u00e9chir \u00e0 ces sujets, soit parce que les menaces qui nous guettent ne sont pas per\u00e7ues, soit, comme ceux qui ne veulent pas que le coll\u00e8ge de leur enfant prenne le nom de Samuel Paty, parce qu&rsquo;ils sont l\u00e2ches, il n&rsquo;y a pas d&rsquo;autre mot.<br \/>\n<\/span><\/p>\n<p><span style=\"color: #777777; font-family: Arial;\">Le chemin de cr\u00eate pour parler de ces influences, de ce bouleversement soci\u00e9tal et politique est extraordinairement difficile.<br \/>\n<\/span><\/p>\n<p><span style=\"color: #777777; font-family: Arial;\">A force de nuancer et de volont\u00e9 d&#8217;embrasser tous les \u00e9l\u00e9ments du puzzle, on pourrait aboutir \u00e0 des phrases interminables, entrecoup\u00e9es par des conjonctions (mais, or) ou des adverbes (cependant, toutefois).<br \/>\n<\/span><\/p>\n<p><span style=\"color: #777777; font-family: Arial;\">Bref, des phrases qui sont illisibles.<br \/>\n<\/span><\/p>\n<p><span style=\"color: #777777; font-family: Arial;\">Alors je ne vais pas agir ainsi.<br \/>\n<\/span><\/p>\n<p><span style=\"color: #777777; font-family: Arial;\">Hier, je donnais un point de vue sur l&rsquo;affaire Idrissa Gueye et les dissensions entre le S\u00e9n\u00e9gal et La France qui en ont \u00e9t\u00e9 la cons\u00e9quence.<br \/>\n<\/span><\/p>\n<p><a href=\"https:\/\/commons.wikimedia.org\/w\/index.php?curid=86468952\"><img decoding=\"async\" class=\"alignleft\" src=\"https:\/\/lemotdujour.fr\/wp-content\/uploads\/2022\/09\/091422_1858_Jeudi15sept1.jpg\" alt=\"\" align=\"left\" border=\"0\" \/><\/a><span style=\"color: #777777; font-family: Arial;\"><strong>Jean-Pierre Olivier de Sardan<\/strong> pr\u00e9sente une opinion tout \u00e0 fait diff\u00e9rente qu&rsquo;il d\u00e9fend dans le remarquable magazine num\u00e9rique \u00ab\u00a0<strong>AOC<\/strong>\u00a0\u00bb pour Analyse, Opinion, Critique.<br \/>\n<\/span><\/p>\n<p><span style=\"color: #777777; font-family: Arial;\">Cet article d&rsquo;opinion qui a \u00e9t\u00e9 publi\u00e9 le 14 juin 2022 a pour titre \u00ab<span style=\"color: #0000ff;\"> <a style=\"color: #0000ff;\" href=\"https:\/\/aoc.media\/opinion\/2022\/06\/13\/de-quoi-se-melent-ils-lechec-de-limperialisme-moral-en-afrique\/\">De quoi se m\u00ealent-ils ? \u00bb : l&rsquo;\u00e9chec de l&rsquo;imp\u00e9rialisme moral en Afrique<\/a>\u00a0<\/span>\u00bb<br \/>\n<\/span><\/p>\n<p><span style=\"color: #777777; font-family: Arial;\">Je ne connaissais pas <strong>Jean-Pierre Olivier de Sardan <\/strong>qui est d\u00e9sign\u00e9 comme anthropologue dans l&rsquo;article<br \/>\n<\/span><\/p>\n<p><span style=\"color: #777777; font-family: Arial;\">Sa &lt;<a href=\"https:\/\/fr.wikipedia.org\/wiki\/Jean-Pierre_Olivier_de_Sardan\"><span style=\"color: #0000ff;\">Fiche Wikipedia<\/span><\/a>&gt; nous apprend qu&rsquo;il est n\u00e9 en 1941 dans le Languedoc et qu&rsquo;il a \u00e9t\u00e9 professeur d&rsquo;anthropologie \u00e0 l&rsquo;\u00c9cole des hautes \u00e9tudes en sciences sociales de Marseille. Il \u00e9tait \u00e9galement directeur de recherches \u00e9m\u00e9rite au CNRS et professeur associ\u00e9 \u00e0 l&rsquo;Universit\u00e9 Abdou-Moumouni (Niamey, Niger).<br \/>\n<\/span><\/p>\n<p><span style=\"color: #777777; font-family: Arial;\">Il pr\u00e9sente la particularit\u00e9 de disposer \u00e0 la fois de la nationalit\u00e9 de naissance fran\u00e7aise, mais aussi de la nationalit\u00e9, acquise en 1999, du Niger.<br \/>\n<\/span><\/p>\n<p><span style=\"color: #777777; font-family: Arial;\">Nous apprenons qu&rsquo;il a r\u00e9alis\u00e9 une grande partie de ses \u00e9tudes anthropologiques en Afrique et que ses premiers travaux furent l&rsquo;\u00e9tude d&rsquo;une soci\u00e9t\u00e9 particuli\u00e8re, le peuple Wogo, sur les rives du fleuve Niger, \u00e0 l&rsquo;ouest du pays.<br \/>\n<\/span><\/p>\n<p><span style=\"color: #777777; font-family: Arial;\">Enrichis par cette double culture fran\u00e7aise et africaine, il affirme l&rsquo;aspect contre-productif des attaques fran\u00e7aises contre le joueur s\u00e9n\u00e9galais\u00a0:<br \/>\n<\/span><\/p>\n<p style=\"margin-left: 28pt;\"><img decoding=\"async\" class=\"alignright\" src=\"https:\/\/lemotdujour.fr\/wp-content\/uploads\/2022\/09\/091422_1858_Jeudi15sept2.png\" alt=\"\" align=\"left\" \/><span style=\"color: #c00000; font-family: Arial;\">\u00ab\u00a0Attaquer publiquement et menacer de sanctions Idrissa Gueye, joueur s\u00e9n\u00e9galais du Paris Saint-Germain qui a refus\u00e9 de porter le maillot arc-en-ciel lors de la journ\u00e9e de lutte contre l&rsquo;homophobie, est le meilleur moyen de renforcer \u00e0 la fois l&rsquo;homophobie au S\u00e9n\u00e9gal et le rejet de la France.\u00a0\u00bb<br \/>\n<\/span><\/p>\n<p><span style=\"color: #777777; font-family: Arial;\">Il renvoie vers un autre article d&rsquo;AOC\u00a0: &lt;<span style=\"color: #0000ff;\"><a style=\"color: #0000ff;\" href=\"https:\/\/aoc.media\/opinion\/2022\/06\/02\/l-affaire-idrissa-gana-gueye-un-fait-social-total\/\">un fait social total par Jean-Loup Amselle<\/a><\/span>&gt; qui tente de relater toute cette histoire en essayant de rester dans la plus grande neutralit\u00e9 possible, \u00e0 \u00e9quidistance, de l&rsquo;indignation fran\u00e7aise et de l&rsquo;irritation s\u00e9n\u00e9galaise.<br \/>\n<\/span><\/p>\n<p><span style=\"color: #777777; font-family: Arial;\">Olivier de Sardan souhaite se d\u00e9marquer par un avis plus tranch\u00e9\u00a0:<br \/>\n<\/span><\/p>\n<p style=\"margin-left: 28pt;\"><span style=\"color: #c00000; font-family: Arial;\">Je me risquerai [\u2026] \u00e0 prendre parti tr\u00e8s clairement, car derri\u00e8re cette affaire c&rsquo;est aussi toute l&rsquo;attitude des Occidentaux qui est contest\u00e9e en Afrique, bien au-del\u00e0 du S\u00e9n\u00e9gal, jusqu&rsquo;\u00e0 et y compris l&rsquo;aide au d\u00e9veloppement, dont tout montre qu&rsquo;elle est en crise profonde. Je pense que les attaques radicales et outr\u00e9es contre Ibrahim Gueye sont non seulement d\u00e9plac\u00e9es mais doivent \u00eatre condamn\u00e9es, et qu&rsquo;elles sont de plus r\u00e9v\u00e9latrices d&rsquo;un mal profond d\u00e8s lors qu&rsquo;il est question des pays du Sud en g\u00e9n\u00e9ral et de l&rsquo;Afrique en particulier.<br \/>\n<\/span><\/p>\n<p style=\"margin-left: 28pt;\"><span style=\"color: #c00000; font-family: Arial;\">\u00c0 quel titre les dirigeants, autorit\u00e9s, intellectuels et experts occidentaux s&rsquo;autorisent-ils \u00e0 donner sans cesse des le\u00e7ons de morale aux peuples africains, en oubliant les poutres qu&rsquo;ils ont dans l&rsquo;\u0153il et en bafouant bien souvent les r\u00e8gles qu&rsquo;ils veulent imposer aux autres ?<br \/>\n<\/span><\/p>\n<p style=\"margin-left: 28pt;\"><span style=\"color: #c00000; font-family: Arial;\">Ce sont cette arrogance, cette suffisance, cette condescendance, cette tartuferie, qui expliquent pour une grande part le rejet de plus en plus prononc\u00e9 de l&rsquo;Occident (France en t\u00eate) par une tr\u00e8s grande partie des opinions publiques africaines, rejet massif dont on voit d&rsquo;ailleurs dans l&rsquo;actualit\u00e9 une cons\u00e9quence que je trouve particuli\u00e8rement d\u00e9plorable mais dont il faut comprendre le pourquoi : un soutien envers Poutine tr\u00e8s souvent affich\u00e9 en Afrique, pour la seule raison qu&rsquo;il s&rsquo;oppose \u00e0 l&rsquo;Occident.\u00a0\u00bb<br \/>\n<\/span><\/p>\n<p><span style=\"color: #777777; font-family: Arial;\">Apr\u00e8s avoir dress\u00e9 le contexte, l&rsquo;univers mental africaine et le ressentiment historique \u00e0 l&rsquo;\u00e9gard des pays coloniaux et en particulier la France, il prend une position assez \u00e9loign\u00e9e de celle que je d\u00e9fendais hier\u00a0:<br \/>\n<\/span><\/p>\n<p style=\"margin-left: 28pt;\"><span style=\"color: #c00000; font-family: Arial;\">\u00ab\u00a0Participer aux Gay Pride ou aux manifestations contre le racisme serait-il alors obligatoire, et ne pas le faire serait-il donc assimilable \u00e0 un comportement homophobe ou raciste ? Ce serait absurde. Ne pas s&rsquo;associer \u00e0 une activit\u00e9 publique contre l&rsquo;homophobie ne signifie pas \u00eatre homophobe, pas plus qu&rsquo;un joueur de tennis russe qui ne critique pas publiquement l&rsquo;agression russe en Ukraine ne peut \u00eatre accus\u00e9 pour autant de la soutenir. Les critiques virulentes contre Gueye n&rsquo;ont pas lieu d&rsquo;\u00eatre. On peut d&rsquo;ailleurs penser qu&rsquo;elles ne visaient pas son identit\u00e9 s\u00e9n\u00e9galaise et que tout autre joueur ayant r\u00e9agi comme lui aurait fait l&rsquo;objet de cette intol\u00e9rance. Mais c&rsquo;est justement parce qu&rsquo;elles ne tenaient pas compte de son identit\u00e9 s\u00e9n\u00e9galaise qu&rsquo;elles ont soulev\u00e9 un tel toll\u00e9 en Afrique.\u00a0\u00bb<br \/>\n<\/span><\/p>\n<p><span style=\"color: #777777; font-family: Arial;\">Le joueur est rest\u00e9 silencieux pendant toute la pol\u00e9mique. Il est parti en Angleterre \u00e0 la fin de l&rsquo;\u00e9t\u00e9. Olivier de Sardan explique l&#8217;embarras du joueur par sa peur d&rsquo;\u00eatre mal jug\u00e9 dans son pays natal\u00a0:<br \/>\n<\/span><\/p>\n<p style=\"margin-left: 28pt;\"><span style=\"color: #c00000; font-family: Arial;\">\u00ab\u00a0En effet, pour comprendre mieux l&rsquo;attitude de Gueye lui-m\u00eame, le fait qu&rsquo;il soit s\u00e9n\u00e9galais est incontournable. En refusant de porter le maillot symbolique de l&rsquo;homosexualit\u00e9, qui l&rsquo;aurait sans doute transform\u00e9 bien malgr\u00e9 lui en militant pro-homosexuel aux yeux de ses compatriotes, Gueye ne voulait sans doute pas tomber sous le coup d&rsquo;une avalanche de quolibets et d&rsquo;insultes au S\u00e9n\u00e9gal, o\u00f9 l&rsquo;opinion publique est clairement homophobe. Cela me semble tr\u00e8s compr\u00e9hensible de sa part.\u00a0\u00bb<br \/>\n<\/span><\/p>\n<p><span style=\"color: #777777; font-family: Arial;\">Il explique que, selon lui, m\u00eame si le joueur \u00e9tait hostile \u00e0 l&rsquo;homosexualit\u00e9, rien ne pourrait lui \u00eatre reproch\u00e9 s&rsquo;il ne pratique pas personnellement des insultes ou des actes homophobes.<br \/>\n<\/span><\/p>\n<p style=\"margin-left: 28pt;\"><span style=\"color: #c00000; font-family: Arial;\">\u00ab\u00a0Peut-\u00eatre aussi (je n&rsquo;en sais absolument rien) est-il hostile personnellement \u00e0 l&rsquo;homosexualit\u00e9. Et alors ? L\u00e0 aussi ce serait son droit : ce sont les insultes et les actes homophobes qui sont proscrits (non seulement l\u00e9galement, mais aussi l\u00e9gitimement \u00e0 mon avis), mais pas le rejet de l&rsquo;homosexualit\u00e9 \u00e0 titre personnel (\u00ab en son \u00e2me et conscience \u00bb selon la formule consacr\u00e9e).\u00a0La r\u00e9pression en France de l&rsquo;homophobie et de toutes les discriminations ne doit pas empi\u00e9ter sur la libert\u00e9 d&rsquo;opinion. \u00bb<br \/>\n<\/span><\/p>\n<p><span style=\"color: #777777; font-family: Arial;\">Sur ce point je me permets une objection. La libert\u00e9 dans notre civilisation s&rsquo;exerce \u00e0 l&rsquo;\u00e9gard de la sexualit\u00e9 qu&rsquo;on souhaite vivre, h\u00e9t\u00e9ro, homo ou bi. Cela peut aller jusqu&rsquo;\u00e0 une h\u00e9t\u00e9ro sexualit\u00e9 contrainte par une homosexualit\u00e9 refoul\u00e9e en raison d&rsquo;interdits qu&rsquo;on accepte en raison de ses croyances. Mais l&rsquo;homophobie est d\u00e9sormais, dans notre civilisation, un d\u00e9lit et non une opinion. Ce n&rsquo;est pas seulement le fait de s&rsquo;abstenir d&rsquo;insultes ou d&rsquo;actes homophobes qui est ici en cause.<br \/>\n<\/span><\/p>\n<p><span style=\"color: #777777; font-family: Arial;\">Ce qui \u00e0 mon sens se joue ici, c&rsquo;est l&rsquo;intol\u00e9rance des religieux, le fait de ne pas accepter que l&rsquo;autre peut penser diff\u00e9remment de moi.<br \/>\n<\/span><\/p>\n<p><span style=\"color: #777777; font-family: Arial;\">Et l\u00e0, il y a un pas suppl\u00e9mentaire, qu&rsquo;Olivier de Sardan n\u00e9glige, <strong>l&rsquo;homme tol\u00e9rant intervient et d\u00e9fend celui qui pense diff\u00e9remment de lui, si on l&rsquo;attaque<\/strong>.<br \/>\n<\/span><\/p>\n<p><span style=\"color: #777777; font-family: Arial;\">Nous savons aujourd&rsquo;hui que <a href=\"https:\/\/www.projet-voltaire.fr\/culture-generale\/voltaire-citation-apocryphe-je-ne-suis-pas-d-accord-avec-vous\/\"><span style=\"color: #0000ff;\">Voltaire n&rsquo;a jamais \u00e9crit<\/span>\u00a0:<\/a> \u00ab\u00a0\u00ab Je ne suis pas d&rsquo;accord avec ce que vous dites, mais je me battrai jusqu&rsquo;\u00e0 la mort pour que vous ayez le droit de le dire \u00bb.<br \/>\n<\/span><\/p>\n<p><span style=\"color: #777777; font-family: Arial;\">Mais cette phrase est bien une phrase pleine de sens, dans ce contexte.<br \/>\n<\/span><\/p>\n<p><span style=\"color: #777777; font-family: Arial;\">De mani\u00e8re plus personnelle, je peux dire que je ne sais pas si Dieu existe. Mais ce que je crois c&rsquo;est que le Dieu qui est d\u00e9crit dans les Livres de Mo\u00efse des juifs, dans la bible chr\u00e9tienne ou dans le coran des musulmans, lui, n&rsquo;existe pas.<br \/>\n<\/span><\/p>\n<p><span style=\"color: #777777; font-family: Arial;\">Ce que l&rsquo;Histoire nous apprend sur la r\u00e9daction, la s\u00e9lection des textes et leur utilisation par des hommes de pouvoir pour asseoir leur autorit\u00e9 m&rsquo;autorise une grande force dans cette conviction.<br \/>\n<\/span><\/p>\n<p><span style=\"color: #777777; font-family: Arial;\">Pourtant, non seulement j&rsquo;accepte que cette croyance soit la r\u00e9alit\u00e9 des gens qui y adh\u00e9rent, mais bien plus, je les d\u00e9fendrai s&rsquo;ils sont attaqu\u00e9s par des intol\u00e9rants.<br \/>\n<\/span><\/p>\n<p><span style=\"color: #777777; font-family: Arial;\">S&rsquo;associer \u00e0 une journ\u00e9e contre l&rsquo;homophobie pour quelqu&rsquo;un qui s&rsquo;interdit d&rsquo;\u00eatre homosexuel r\u00e9pond \u00e0 cette m\u00eame logique.<br \/>\n<\/span><\/p>\n<p><span style=\"color: #777777; font-family: Arial;\">Mais Olivier de Sardan place cette question dans un contexte plus g\u00e9n\u00e9ral de relations ambig\u00fces entre l&rsquo;Europe et l&rsquo;Afrique\u00a0:<br \/>\n<\/span><\/p>\n<p style=\"margin-left: 28pt;\"><span style=\"color: #c00000; font-family: Arial;\">\u00ab\u00a0Passons maintenant aux relations avec l&rsquo;Afrique, non seulement en ce qui concerne l&rsquo;homophobie mais plus g\u00e9n\u00e9ralement les interventions des Europ\u00e9ens en mati\u00e8re de normes sexuelles et familiales d&rsquo;une part, de m\u0153urs politiques d&rsquo;autre part. Il y a beaucoup de valeurs morales consid\u00e9r\u00e9es d\u00e9sormais au Nord comme \u00ab allant de soi \u00bb que les d\u00e9cideurs occidentaux de tous bords, depuis les grandes agences de d\u00e9veloppement jusqu&rsquo;aux ONG grandes et petites, entendent imposer \u00e0 l&rsquo;Afrique, non certes par la force, mais par le biais de multiples conditionnalit\u00e9s de l&rsquo;aide : la d\u00e9fense des droits des homosexuels, certes, mais aussi la promotion des femmes, la r\u00e9gulation des naissances, la lutte contre le mariage forc\u00e9 et le mariage des enfants, la lutte contre la corruption, la d\u00e9mocratie \u00e9lectorale, la transparence et la redevabilit\u00e9, la promotion de la soci\u00e9t\u00e9 civile [\u2026]<br \/>\n<\/span><\/p>\n<p style=\"margin-left: 28pt;\"><span style=\"color: #c00000; font-family: Arial;\">Cela autorise-t-il pour autant les repr\u00e9sentants de la France ou plus largement les d\u00e9cideurs de l&rsquo;aide au d\u00e9veloppement et de l&rsquo;aide humanitaire \u00e0 donner des le\u00e7ons aux autres peuples, et \u00e0 se comporter en militants imposant de l&rsquo;ext\u00e9rieur ces valeurs aux autres ? Certes, l&rsquo;exportation syst\u00e9matique vers l&rsquo;Afrique de valeurs morales devenues incontournables en Occident se fait avec les meilleures intentions du monde, au b\u00e9n\u00e9fice des discrimin\u00e9s, des opprim\u00e9s, des pauvres : il s&rsquo;agit d&rsquo;intervenir \u00ab pour leur bien \u00bb. Ceci rappelle d&rsquo;une certaine fa\u00e7on les discours missionnaires des temps coloniaux. Le probl\u00e8me c&rsquo;est que ce \u00ab bien \u00bb est per\u00e7u par la plupart de ceux auxquels il s&rsquo;adresse comme un \u00ab mal \u00bb, et que ces \u00ab amis qui nous veulent du bien \u00bb sont bien souvent consid\u00e9r\u00e9s comme des hypocrites qui nous humilient.\u00a0\u00bb<br \/>\n<\/span><\/p>\n<p><span style=\"color: #777777; font-family: Arial;\">Cette r\u00e9action anti-colonialiste que d\u00e9crit l&rsquo;anthropologue est certainement une r\u00e9alit\u00e9, en outre, parfaitement compr\u00e9hensible.<br \/>\n<\/span><\/p>\n<p><span style=\"color: #777777; font-family: Arial;\">Il constate qu&rsquo;en plus cette injonction moraliste de l&rsquo;Occident \u00e9choue\u00a0:<br \/>\n<\/span><\/p>\n<p style=\"margin-left: 28pt;\"><span style=\"color: #c00000; font-family: Arial;\">\u00ab\u00a0Soyons clairs. Dans la plupart des pays d&rsquo;Afrique, le patriarcat est la r\u00e8gle et les hommes dominent de fa\u00e7on \u00e9crasante la vie publique (m\u00eame si les femmes ne sont pas d\u00e9munies de contre-pouvoirs), la polygamie est tr\u00e8s d\u00e9velopp\u00e9e, la corruption est g\u00e9n\u00e9ralis\u00e9e, l&rsquo;homophobie r\u00e8gne ouvertement, la d\u00e9mocratie est contourn\u00e9e ou d\u00e9cri\u00e9e. Le racisme et la x\u00e9nophobie sont fr\u00e9quents et souvent \u00e0 visage d\u00e9couvert. Au Sahel, les mariages pr\u00e9coces et forc\u00e9s sont toujours nombreux et largement valid\u00e9s socialement et religieusement. L&rsquo;Afrique (pas plus que l&rsquo;Europe ou l&rsquo;Am\u00e9rique) n&rsquo;a rien d&rsquo;un monde id\u00e9al qu&rsquo;il s&rsquo;agirait de pr\u00e9server en l&rsquo;\u00e9tat.<br \/>\n<\/span><\/p>\n<p style=\"margin-left: 28pt;\"><span style=\"color: #c00000; font-family: Arial;\">On ne peut donc se satisfaire de cette situation. Mais qui peut la changer ?<br \/>\n<\/span><\/p>\n<p style=\"margin-left: 28pt;\"><span style=\"color: #c00000; font-family: Arial;\">Une r\u00e9ponse s&rsquo;impose. Le fonctionnement actuel de l&rsquo;aide occidentale, avec ses injonctions \u00e9thiques li\u00e9es \u00e0 toute allocation de fonds, a \u00e9chou\u00e9. Il va \u00e0 l&rsquo;encontre de ses bonnes intentions, car ses le\u00e7ons de morale exacerbent le rejet de l&rsquo;Occident et par la m\u00eame favorisent la perp\u00e9tuation des pratiques locales qu&rsquo;il s&rsquo;agissait de modifier\u00a0\u00bb<br \/>\n<\/span><\/p>\n<p><span style=\"color: #777777; font-family: Arial;\">Pour faire \u00e9voluer les pratiques que nous r\u00e9prouvons son conseil est de plut\u00f4t s&rsquo;appuyer sur les militants africains dont il reconnait qu&rsquo;ils restent tr\u00e8s minoritaires sans \u00eatre pour autant isol\u00e9s. Son exp\u00e9rience montre qu&rsquo;une partie de la population n&rsquo;approuve pas les mariages forc\u00e9s ou la r\u00e9pression de l&rsquo;homosexualit\u00e9, accepte les contraceptifs, tol\u00e8re les avortements. Mais cette partie-l\u00e0 reste silencieuse, dans la mesure o\u00f9, sur la sc\u00e8ne publique, la sc\u00e8ne \u00e9lectorale et la sc\u00e8ne religieuse, c&rsquo;est le rejet des valeurs consid\u00e9r\u00e9es comme occidentales qui tient de plus en plus le haut du pav\u00e9.<br \/>\n<\/span><\/p>\n<p><span style=\"color: #777777; font-family: Arial;\">Il oppose ainsi \u00ab r\u00e9formateurs de l&rsquo;ext\u00e9rieur \u00bb issus de l&rsquo;Occident inefficace et rejet\u00e9s, aux \u00ab r\u00e9formateurs de l&rsquo;int\u00e9rieur \u00bb qui peuvent aider \u00e0 l&rsquo;\u00e9volution lente des soci\u00e9t\u00e9s et qu&rsquo;il faudrait aider de mani\u00e8re discr\u00e8te mais r\u00e9elle. Et il finit par cette conclusion\u00a0:<br \/>\n<\/span><\/p>\n<p style=\"margin-left: 28pt;\"><span style=\"color: #c00000; font-family: Arial;\">\u00ab\u00a0Les \u00ab r\u00e9formateurs de l&rsquo;ext\u00e9rieur \u00bb ne sont ni efficaces ni bienvenus sous les formes actuelles de leurs interventions. Leur impatience missionnaire et leur imp\u00e9rialisme moral sont bien souvent contre-productifs, malgr\u00e9 leurs bons sentiments, voire \u00e0 cause d&rsquo;eux. Leurs bons sentiments masquent en effet leur m\u00e9connaissance dramatique des r\u00e9alit\u00e9s locales, et leur manque d&rsquo;\u00e9coute des raisons pour lesquelles les gens font ce qu&rsquo;ils font.\u00a0\u00bb<br \/>\n<\/span><\/p>\n<p><span style=\"color: #777777; font-family: Arial;\">Un autre \u00e9clairage du m\u00eame sujet abord\u00e9 hier.<br \/>\n<\/span><\/p>\n<p><span style=\"color: #777777; font-family: Arial;\">Il montre toutes les forces souterraines \u00e0 l&rsquo;\u0153uvre dans ce conflit de civilisation et cite la\u00a0: \u00ab\u00a0<span style=\"color: #c00000;\">domination id\u00e9ologique d&rsquo;un salafisme revenant \u00e0 l&rsquo;\u00e9poque du Proph\u00e8te<\/span><span style=\"color: #777777;\">\u00a0\u00bb<\/span><br \/>\n<\/span><\/p>\n<p><span style=\"color: #777777; font-family: Arial;\">J&rsquo;y apprends la difficult\u00e9 de convaincre du bien-fond\u00e9 des valeurs occidentales dans ces lieux hostiles \u00e0 l&rsquo;Occident \u00e0 cause d&rsquo;un lourd pass\u00e9.<br \/>\n<\/span><\/p>\n<p><span style=\"color: #777777; font-family: Arial;\">Toutefois l&rsquo;histoire relat\u00e9 hier parle non pas de ce qui se passe en Afrique, mais en France. Et je crois que sur notre territoire, tout en appliquant la tol\u00e9rance telle que je l&rsquo;ai \u00e9voqu\u00e9e pr\u00e9c\u00e9demment, nous avons le droit d&rsquo;affirmer nos valeurs et de demander qu&rsquo;elles soient respect\u00e9es par celles et ceux qui ne pensent pas comme nous, mais qui habitent, m\u00eame temporairement, ce territoire.<br \/>\n<\/span><\/p>\n<p><span style=\"color: #c00000; font-family: Arial;\">&lt;1709&gt;<\/span><\/p>\n","protected":false},"excerpt":{"rendered":"<p>\u00ab\u00a0L&rsquo;\u00e9chec de l&rsquo;imp\u00e9rialisme moral en Afrique\u00a0!\u00a0\u00bb Jean-Pierre Olivier de Sardan \u00ab\u00a0J&rsquo;aime les gens qui doutent\u00a0\u00bb chantait Anne Sylvestre\u00a0: \u00ab\u00a0J&rsquo;aime les gens qui doutent, les gens qui trop \u00e9coutent leur c\u0153ur se balancer J&rsquo;aime les gens qui disent et qui se<\/p>\n","protected":false},"author":1,"featured_media":0,"comment_status":"open","ping_status":"closed","sticky":false,"template":"","format":"standard","meta":{"footnotes":""},"categories":[1],"tags":[73,222,166,189],"class_list":["post-14057","post","type-post","status-publish","format-standard","hentry","category-motdujour","tag-afrique","tag-civilisation","tag-homophobie","tag-occident"],"_links":{"self":[{"href":"https:\/\/lemotdujour.fr\/index.php?rest_route=\/wp\/v2\/posts\/14057","targetHints":{"allow":["GET"]}}],"collection":[{"href":"https:\/\/lemotdujour.fr\/index.php?rest_route=\/wp\/v2\/posts"}],"about":[{"href":"https:\/\/lemotdujour.fr\/index.php?rest_route=\/wp\/v2\/types\/post"}],"author":[{"embeddable":true,"href":"https:\/\/lemotdujour.fr\/index.php?rest_route=\/wp\/v2\/users\/1"}],"replies":[{"embeddable":true,"href":"https:\/\/lemotdujour.fr\/index.php?rest_route=%2Fwp%2Fv2%2Fcomments&post=14057"}],"version-history":[{"count":6,"href":"https:\/\/lemotdujour.fr\/index.php?rest_route=\/wp\/v2\/posts\/14057\/revisions"}],"predecessor-version":[{"id":14064,"href":"https:\/\/lemotdujour.fr\/index.php?rest_route=\/wp\/v2\/posts\/14057\/revisions\/14064"}],"wp:attachment":[{"href":"https:\/\/lemotdujour.fr\/index.php?rest_route=%2Fwp%2Fv2%2Fmedia&parent=14057"}],"wp:term":[{"taxonomy":"category","embeddable":true,"href":"https:\/\/lemotdujour.fr\/index.php?rest_route=%2Fwp%2Fv2%2Fcategories&post=14057"},{"taxonomy":"post_tag","embeddable":true,"href":"https:\/\/lemotdujour.fr\/index.php?rest_route=%2Fwp%2Fv2%2Ftags&post=14057"}],"curies":[{"name":"wp","href":"https:\/\/api.w.org\/{rel}","templated":true}]}}