{"id":1405,"date":"2016-09-08T02:00:00","date_gmt":"2016-09-07T22:00:00","guid":{"rendered":"http:\/\/lemotdujour.fr\/?p=1405"},"modified":"2017-05-08T13:28:37","modified_gmt":"2017-05-08T11:28:37","slug":"jeudi-8-septembre-2016","status":"publish","type":"post","link":"https:\/\/lemotdujour.fr\/?p=1405","title":{"rendered":"Jeudi 8 septembre 2016"},"content":{"rendered":"<div class=\"mdjDate\">Jeudi 8 septembre 2016<\/div>\n<div class=\"mdjTexte\">\u00ab\u00a0 Pour diriger une soci\u00e9t\u00e9, il faut la comprendre.\u00a0\u00bb<\/div>\n<div class=\"mdjAuteur\">Michel Rocard dans son ultime interview au Point <\/div>\n<div class=\"mdjComplements\">Le 8 juin dernier, le journaliste Emmanuel Berretta rencontrait une derni\u00e8re fois Michel Rocard et en tira un long entretien que le Point a publi\u00e9 et que vous trouverez en pi\u00e8ce jointe. Moins d&rsquo;un mois apr\u00e8s, Michel Rocard quittait la communaut\u00e9 des vivants.<\/div>\n<div class=\"mdjComplements\">Je l&rsquo;avoue, et vous l&rsquo;aurez compris je suis orphelin, en politique, de Michel Rocard.<\/div>\n<div class=\"mdjComplements\">J&rsquo;aime beaucoup et j&rsquo;approuve la d\u00e9nonciation, de la gauche du PS et m\u00eame au-del\u00e0, des d\u00e9rives du syst\u00e8me \u00e9conomique actuel, de la financiarisation du monde, de l&rsquo;explosion des in\u00e9galit\u00e9s.<\/div>\n<div class=\"mdjComplements\">M\u00eame Michel Rocard avait eu ce cri de col\u00e8re : \u00ab Il est des moments o\u00f9 une cure de gauchisme est n\u00e9cessaire.\u00bb dans une tribune du Monde dont j\u2019avais fait le mot du jour du 12 d\u00e9cembre 2014.<\/div>\n<div class=\"mdjComplements\">Mais je ne suis pas cette gauche dans les propositions de solutions qui soit me semblent irr\u00e9alistes, soit n\u00e9fastes. Ainsi, on ne peut pas faire de la France un territoire, tel le village Gaulois, \u00e9pargn\u00e9 par la mondialisation. La fiscalit\u00e9 fran\u00e7aise ne peut pas s\u2019\u00e9loigner de trop de celles de ses voisins. La France ne peut pas, seule, imposer sa loi aux multinationales et aux forces financi\u00e8res. Il faut donc trouver des partenaires et n\u00e9gocier avec eux, ne pas croire que la France est en mesure d&rsquo;imposer son point de vue au reste du monde ni m\u00eame aux europ\u00e9ens et pour le reste tenir compte des contraintes mais aussi des opportunit\u00e9s de la mondialisation.<\/div>\n<div class=\"mdjComplements\">Alors, on pourrait penser que le gouvernement actuel est un gouvernement conforme \u00e0 la pens\u00e9e que d\u00e9fendait Rocard, ainsi de Valls qui a fait partie du premier cercle de ses collaborateurs ou Macron qui se r\u00e9clame de lui. Dans cet entretien, il essaie de ne pas \u00eatre trop abrupt, mais il montre quand m\u00eame que cette id\u00e9e [de rocardiens au pouvoir] n\u2019a pas vocation \u00e0 prosp\u00e9rer \u00a0:<\/div>\n<div class=\"mdjComplements\">A la question\u00a0: \u00ab\u00a0<em>Emmanuel Macron et Manuel Valls affirment que vous \u00eates leur mentor. Qu\u2019est-ce que cela vous inspire ?<\/em>\u00a0\u00bb <\/div>\n<div class=\"mdjComplements\">Il r\u00e9pond\u00a0: \u00ab\u00a0Ils le font tout le temps, c\u2019est gentil \u00e0 eux et je les en remercie\u2026 Mais ils n\u2019ont pas eu la chance de conna\u00eetre le socialisme des origines, qui avait une dimension internationale et portait un mod\u00e8le de soci\u00e9t\u00e9. Jeune socialiste, je suis all\u00e9 chez les partis su\u00e9dois, n\u00e9erlandais et allemand, pour voir comment \u00e7a marchait. Le pauvre Macron est ignorant de tout cela. La conscience de porter une histoire collective a disparu, or elle \u00e9tait notre ciment. Macron comme Valls ont \u00e9t\u00e9 form\u00e9s dans un parti amput\u00e9. Ils sont loin de l\u2019Histoire.\u00a0\u00bb<\/div>\n<div class=\"mdjComplements\">Loin de l\u2019Histoire \u2026<\/div>\n<div class=\"mdjComplements\">Il essaie cependant de rester gentil avec Macron\u00a0: \u00ab\u00a0Macron s\u2019est totalement affranchi [du clivage droite\/gauche], mais il reste du c\u00f4t\u00e9 du peuple, donc de la gauche. Assurer un bien meilleur niveau d\u2019emploi, Macron ne pense qu\u2019\u00e0 \u00e7a. \u00bb<\/div>\n<div class=\"mdjComplements\">Mais il y met tout de suite une nuance\u00a0: \u00ab\u00a0 Reste le vrai signal de gauche qui consiste \u00e0 donner \u00e0 l\u2019homme plus de temps libre pour la culture, les choses de l\u2019esprit, le b\u00e9n\u00e9volat associatif, etc. Le capitalisme doit m\u00e9nager cet espace. C\u2019est le mod\u00e8le du socialisme d\u00e9mocratique \u00e0 la scandinave.\u00a0\u00bb<\/div>\n<div class=\"mdjComplements\">Et par rapport \u00e0 tous les deux, Michel Rocard a toujours revendiqu\u00e9 son appartenance et son adh\u00e9sion au mot de \u00ab\u00a0socialisme\u00a0\u00bb. Il dit dans cet entretien\u00a0: \u00ab\u00a0Nous sommes aussi vaincus par l\u2019individualisme. J\u2019en ai beaucoup voulu \u00e0 Manuel Valls de vouloir changer le nom du parti. L\u2019histoire nous a dot\u00e9s du seul mot qui fait primer le collectif sur l\u2019individu : le \u00ab socialisme \u00bb. C\u2019est m\u00eame la seule chose que le socialisme veuille dire, et surtout pas \u00ab appropriation collective des moyens de production \u00bb !\u00a0\u00bb<\/div>\n<div class=\"mdjComplements\">Et alors que pense Michel Rocard de Fran\u00e7ois Hollande\u00a0?<\/div>\n<div class=\"mdjComplements\">\u00ab\u00a0Le probl\u00e8me de Fran\u00e7ois Hollande, c\u2019est d\u2019\u00eatre un enfant des m\u00e9dias. Sa culture et sa t\u00eate sont ancr\u00e9es dans le quotidien. Mais le quotidien n\u2019a \u00e0 peu pr\u00e8s aucune importance. Pour un politique, un \u00e9v\u00e9nement est un \u00ab bousculement \u00bb. S\u2019il est n\u00e9gatif, il faut le corriger. S\u2019il est positif, en tirer avantage. Tout cela prend du temps. La r\u00e9ponse m\u00e9diatique, forc\u00e9ment imm\u00e9diate, n\u2019a donc pas de sens. Cet exc\u00e8s de d\u00e9pendance des politiques aux m\u00e9dias est typique de la pratique mitterrandienne, dont Fran\u00e7ois Hollande est l\u2019un des meilleurs \u00e9l\u00e8ves.<\/div>\n<div class=\"mdjComplements\">Or le petit peuple de France n\u2019est pas journaliste. Il sent bien qu\u2019il est gouvern\u00e9 \u00e0 court terme et que c\u2019est mauvais. \u00a0\u00bb <\/div>\n<div class=\"mdjComplements\">Et \u00e0 la phrase suspendue du journaliste\u00a0: \u00ab\u00a0L\u2019espoir de l\u2019actuel pr\u00e9sident de la R\u00e9publique de repasser\u2026\u00a0\u00bb, il r\u00e9pond\u00a0: \u00ab\u00a0D\u2019abord, je me demande pourquoi il ferait \u00e7a \u00a0\u00bb&#8230;<\/div>\n<div class=\"mdjComplements\">Il donne quelques circonstances att\u00e9nuantes\u00a0: \u00ab\u00a0Les politiques sont une cat\u00e9gorie de la population harcel\u00e9e par la pression du temps. Ni soir\u00e9e ni weekend tranquille, pas un moment pour lire, or la lecture est la cl\u00e9 de la r\u00e9flexion. Ils n\u2019inventent donc plus rien. On sent venir l\u2019\u00e9lection sans projet de soci\u00e9t\u00e9 d\u2019un c\u00f4t\u00e9 comme de l\u2019autre.\u00a0\u00bb\u2026 Mais peu encourageante pour l\u2019avenir.<\/div>\n<div class=\"mdjComplements\">Il ajoute\u00a0: \u00ab\u00a0[La parole du politique est aujourd\u2019hui discr\u00e9dit\u00e9e], et elle n\u2019est pas pr\u00e8s d\u2019\u00eatre recr\u00e9dit\u00e9e ! Rien de ce que je peux vous dire ne se r\u00e9sume en une minute trente \u00e0 la t\u00e9l\u00e9vision. Comment r\u00e9ussir \u00e0 redonner un espoir aux Fran\u00e7ais si cet espoir n\u2019est pas inscrit dans une dur\u00e9e, au moins celle de la long\u00e9vit\u00e9 de nos petits-enfants\u00a0?\u00a0\u00bb\u00a0 <\/div>\n<div class=\"mdjComplements\">Il fallait trouver une phrase exergue de ce mot dans ce long entretien, j\u2019ai choisi le d\u00e9but de cette analyse\u00a0:\u00a0\u00ab\u00a0 Pour diriger une soci\u00e9t\u00e9, il faut la comprendre. Or on ne peut plus se comprendre.\u00a0[\u2026] Le syst\u00e8me fonctionne pour le divertissement. [J\u2019avais esquiss\u00e9 l\u2019id\u00e9e, dans le mot du jour du 29 ao\u00fbt,\u00a0 qu\u2019aujourd\u2019hui \u00ab\u00a0Le Monde est un jeu\u00a0\u00bb]. Comment, d\u00e8s lors, comprendre le Moyen-Orient ou la crise \u00e9conomique ? Le monde du savoir ne produit plus de connaissances interdisciplinaires, les sociologues ne travaillent pas avec les \u00e9conomistes, qui ont peu ou pas de contact avec les politiques.\u00a0\u00bb<\/div>\n<div class=\"mdjComplements\">Dans ce long entretien \u00e9norm\u00e9ment de questions sont abord\u00e9es, les relations internationales, l\u2019immigration, les probl\u00e8mes sociaux, l\u2019\u00e9conomie, la situation de la France dans le monde et les probl\u00e8mes beaucoup fran\u00e7ais. <\/div>\n<div class=\"mdjComplements\">J\u2019en souligne encore quelques points\u00a0:<\/div>\n<div class=\"mdjComplements\">Sur le probl\u00e8me fran\u00e7ais du soutien de l\u2019innovation et de la r\u00e9alit\u00e9 de l\u2019\u00e9galit\u00e9 dans notre pays\u00a0: \u00ab\u00a0Et notre syst\u00e8me social tue les poules aux \u0153ufs d\u2019or. Il na\u00eet tous les ans en France autant de start-up qu\u2019en Allemagne, sauf qu\u2019elles meurent dans les cinq premi\u00e8res ann\u00e9es \u00e0 cause de notre fiscalit\u00e9 et du poids excessif de l\u2019administration. [\u2026]<\/div>\n<div class=\"mdjComplements\">Nous parlons et \u00e9crivons le mot \u00ab \u00e9galit\u00e9 \u00bb partout, mais dans les faits la France est dans la moyenne de l\u2019Europe, entre la Grande-Bretagne, clairement in\u00e9galitaire, et l\u2019Allemagne, qui fait mieux que nous. Je le r\u00e9p\u00e8te, les pays scandinaves montrent la voie, celle d\u2019une organisation sociale plut\u00f4t harmonieuse, sans trop de conflits, et respectueuse des biens collectifs : \u00e9ducation, sant\u00e9, transports publics et environnement.\u00a0\u00bb<\/div>\n<div class=\"mdjComplements\">Il parle bien s\u00fbr de la gauche fran\u00e7aise tout en rappelant par ailleurs que toute la social-d\u00e9mocratie europ\u00e9enne est en crise et en panne d\u2019id\u00e9es. Mais\u00a0: \u00ab\u00a0La gauche fran\u00e7aise est un enfant d\u00e9form\u00e9 de naissance. Nous avons mari\u00e9 deux mod\u00e8les de soci\u00e9t\u00e9 radicalement diff\u00e9rents, le jacobinisme et le marxisme.<\/div>\n<div class=\"mdjComplements\">Pas de souverainet\u00e9 des collectivit\u00e9s territoriales, pas de souverainet\u00e9 des universit\u00e9s, tout est gouvern\u00e9 par le sommet, \u00e7a c\u2019est le jacobinisme. Avec la pr\u00e9tention d\u2019avoir une analyse rationnelle de la production, \u00e7a c\u2019est le marxisme. Et, particularit\u00e9 fran\u00e7aise, la volont\u00e9 r\u00e9volutionnaire de travailler \u00e0 la d\u00e9molition du capitalisme, ce qui explique l\u2019absence de dialogue social et de culture \u00e9conomique. Pourquoi voulez-vous comprendre le syst\u00e8me puisqu\u2019il faut en mettre un autre \u00e0 la place ? \u00a0\u00ab Les Allemands ont, apr\u00e8s-guerre, envoy\u00e9 Marx aux oubliettes de l\u2019Histoire pour se rallier \u00e0 l\u2019\u00e9conomie de march\u00e9. Pas la France. \u00bb<\/div>\n<div class=\"mdjComplements\">Et puis je voudrais aussi souligner son regard sur notre mod\u00e8le d\u2019int\u00e9gration par assimilation\u00a0: \u00a0<\/div>\n<div class=\"mdjComplements\">\u00a0\u00ab\u00a0C\u2019est la mode actuelle de dire [qu\u2019il y a\u00a0 <em>une remise en cause de notre mod\u00e8le d\u2019int\u00e9gration par assimilation<\/em> ]. Gilles Kepel, grand universitaire, sp\u00e9cialiste de l\u2019islam, a multipli\u00e9 les observations. L\u2019une d\u2019entre elles est que le succ\u00e8s scolaire des enfants n\u00e9s fran\u00e7ais mais issus d\u2019une g\u00e9n\u00e9ration d\u2019immigr\u00e9s est meilleur que celui des Italiens ou Portugais d\u2019entre les deux guerres. Je ne sais pas si notre mod\u00e8le d\u2019int\u00e9gration a tant failli que \u00e7a, et je me suis toujours indign\u00e9 des simplifications commodes, de celles qui d\u00e9signent un bouc \u00e9missaire : les musulmans ; ou bien de celles qui pr\u00e9f\u00e8rent d\u00e9cider qu\u2019on n\u2019y peut rien. <strong>Je suis s\u00fbr d\u2019une chose : lorsqu\u2019on t\u00e9moigne du respect aux gens, il n\u2019y a pas d\u2019exception au fait qu\u2019ils vous le rendent formidablement<\/strong>. [\u2026]<\/div>\n<div class=\"mdjComplements\">Les id\u00e9es toutes faites sont reposantes. On n\u2019a pas besoin de lire et de comprendre pour faire une campagne \u00e9lectorale, il suffit de recopier des discours \u00e9crits par d\u2019autres. C\u2019est de cela que la France cr\u00e8ve. Mais, pour g\u00e9n\u00e9raliser le respect, il faut une administration d\u2019Etat suffisamment tol\u00e9rante pour laisser faire, favoriser et m\u00eame subventionner les initiatives locales, l\u2019innovation.\u00a0\u00bb<\/div>\n<div class=\"mdjComplements\">Et je finirai par cette conclusion\u00a0: \u00ab\u00a0<strong>Le doute est l\u2019accompagnateur infatigable du progr\u00e8s<\/strong>. Sans le doute, une d\u00e9mocratie ne peut fonctionner. L\u2019\u00e9thique, la g\u00e9n\u00e9rosit\u00e9, la noblesse, l\u2019int\u00e9grit\u00e9 n\u2019ont pas leur place dans un syst\u00e8me limit\u00e9 \u00e0 la transmission de faits brutaux. \u00a0\u00bb<\/div>\n<div class=\"mdjComplements\">Mais tout l\u2019entretien est \u00e0 lire et \u00e0 rapporter aux propos de ces nombreux hommes et quelques femmes qui briguent nos suffrages \u00e0 travers les primaires puis les \u00e9lections<\/div>\n","protected":false},"excerpt":{"rendered":"<p>Jeudi 8 septembre 2016 \u00ab\u00a0 Pour diriger une soci\u00e9t\u00e9, il faut la comprendre.\u00a0\u00bb Michel Rocard dans son ultime interview au Point Le 8 juin dernier, le journaliste Emmanuel Berretta rencontrait une derni\u00e8re fois Michel Rocard et en tira un long<\/p>\n","protected":false},"author":1,"featured_media":0,"comment_status":"closed","ping_status":"closed","sticky":false,"template":"","format":"standard","meta":{"footnotes":""},"categories":[1],"tags":[],"class_list":["post-1405","post","type-post","status-publish","format-standard","hentry","category-motdujour"],"_links":{"self":[{"href":"https:\/\/lemotdujour.fr\/index.php?rest_route=\/wp\/v2\/posts\/1405","targetHints":{"allow":["GET"]}}],"collection":[{"href":"https:\/\/lemotdujour.fr\/index.php?rest_route=\/wp\/v2\/posts"}],"about":[{"href":"https:\/\/lemotdujour.fr\/index.php?rest_route=\/wp\/v2\/types\/post"}],"author":[{"embeddable":true,"href":"https:\/\/lemotdujour.fr\/index.php?rest_route=\/wp\/v2\/users\/1"}],"replies":[{"embeddable":true,"href":"https:\/\/lemotdujour.fr\/index.php?rest_route=%2Fwp%2Fv2%2Fcomments&post=1405"}],"version-history":[{"count":1,"href":"https:\/\/lemotdujour.fr\/index.php?rest_route=\/wp\/v2\/posts\/1405\/revisions"}],"predecessor-version":[{"id":1406,"href":"https:\/\/lemotdujour.fr\/index.php?rest_route=\/wp\/v2\/posts\/1405\/revisions\/1406"}],"wp:attachment":[{"href":"https:\/\/lemotdujour.fr\/index.php?rest_route=%2Fwp%2Fv2%2Fmedia&parent=1405"}],"wp:term":[{"taxonomy":"category","embeddable":true,"href":"https:\/\/lemotdujour.fr\/index.php?rest_route=%2Fwp%2Fv2%2Fcategories&post=1405"},{"taxonomy":"post_tag","embeddable":true,"href":"https:\/\/lemotdujour.fr\/index.php?rest_route=%2Fwp%2Fv2%2Ftags&post=1405"}],"curies":[{"name":"wp","href":"https:\/\/api.w.org\/{rel}","templated":true}]}}