{"id":14049,"date":"2022-09-14T00:39:04","date_gmt":"2022-09-13T22:39:04","guid":{"rendered":"https:\/\/lemotdujour.fr\/?p=14049"},"modified":"2022-09-14T10:57:38","modified_gmt":"2022-09-14T08:57:38","slug":"mercredi-14-septembre-2022","status":"publish","type":"post","link":"https:\/\/lemotdujour.fr\/?p=14049","title":{"rendered":"Mercredi 14 septembre 2022"},"content":{"rendered":"<div class=\"mdjTexte\">\u00ab C&rsquo;est juste un choc culturel ! \u00bb<\/div>\n<div class=\"mdjAuteur\">Bacary Ciss\u00e9 &#8211; journaliste s\u00e9n\u00e9galais \u00e0 propos du refus d&rsquo;Idrissa Gueye de participer \u00e0 un match contre l&rsquo;homophobie<\/div>\n<p><span style=\"color: #777777; font-family: Arial;\">Une civilisation, c&rsquo;est une culture, ce sont des valeurs spirituelles souvent incarn\u00e9es par une religion.<br \/>\n<\/span><\/p>\n<p><span style=\"color: #777777; font-family: Arial;\">C&rsquo;est une conception de la relation entre les droits individuels et les exigences de la soci\u00e9t\u00e9.<br \/>\n<\/span><\/p>\n<p><span style=\"color: #777777; font-family: Arial;\">C&rsquo;est une conception du sacr\u00e9, des interdits et de ce qui est permis.<br \/>\n<\/span><\/p>\n<p><span style=\"color: #777777; font-family: Arial;\">Car il y a toujours du sacr\u00e9, m\u00eame dans les soci\u00e9t\u00e9s tr\u00e8s largement ath\u00e9es.<br \/>\n<\/span><\/p>\n<p><span style=\"color: #777777; font-family: Arial;\">En France par exemple, la flamme du soldat inconnu, le drapeau, les tombes, la shoah sont sacr\u00e9s, c&rsquo;est-\u00e0-dire qu&rsquo;ils sont susceptibles de faire l&rsquo;objet d&rsquo;un sacril\u00e8ge, on utilise, dans le langage courant, le terme de profanation.<br \/>\n<\/span><\/p>\n<p><span style=\"color: #777777; font-family: Arial;\">Idrissa Gueye est un joueur de football de nationalit\u00e9 s\u00e9n\u00e9galaise. Il \u00e9tait dans l&rsquo;effectif du Paris Saint Germain de 2019 \u00e0 juin 2022, depuis ao\u00fbt 2022 il a rejoint un club anglais.<br \/>\n<\/span><\/p>\n<p style=\"text-align: left;\"><img loading=\"lazy\" decoding=\"async\" class=\"alignleft\" src=\"https:\/\/lemotdujour.fr\/wp-content\/uploads\/2022\/09\/091322_2222_Mercredi14s1.jpg\" alt=\"\" width=\"387\" height=\"190\" align=\"left\" \/><span style=\"color: #777777; font-family: Arial;\">Le samedi 14 mai 2022, se d\u00e9roulait la 37e journ\u00e9e du championnat de Ligue 1<strong>,\u00a0 journ\u00e9e d\u00e9di\u00e9e \u00e0 la lutte contre l&rsquo;homophobie<\/strong>.<br \/>\n<\/span><\/p>\n<p><span style=\"color: #777777; font-family: Arial;\">Pour l&rsquo;occasion, tous les joueurs des 20 \u00e9quipes arboraient un maillot floqu\u00e9 de l&rsquo;arc-en-ciel des fiert\u00e9s LGBT, en marque de soutien.<br \/>\n<\/span><\/p>\n<p><span style=\"color: #777777; font-family: Arial;\">Idrissa Gueye avait \u00e9t\u00e9 convoqu\u00e9 pour faire partie de l&rsquo;\u00e9quipe du PSG et devait donc porter ces couleurs arc en ciel. <\/span><span style=\"color: #777777; font-family: Arial;\">Idrissa Gueye n&rsquo;a pas voulu jouer \u00ab\u00a0<span style=\"color: #c00000;\">pour des raisons personnelles<span style=\"color: #777777;\">\u00a0\u00bb<br \/>\n<\/span><\/span><\/span><\/p>\n<p><span style=\"color: #777777; font-family: Arial;\">La saison pr\u00e9c\u00e9dente, une journ\u00e9e identique avait \u00e9t\u00e9 organis\u00e9e et le joueur s&rsquo;\u00e9tait \u00e9galement abstenu officiellement pour des raisons m\u00e9dicales.<br \/>\n<\/span><\/p>\n<p><span style=\"color: #777777; font-family: Arial;\">Cette affaire a imm\u00e9diatement agit\u00e9 le monde associatif qui a fait de la lutte contre l&rsquo;homophobie une cause essentielle.<br \/>\n<\/span><\/p>\n<p><span style=\"color: #777777; font-family: Arial;\">Ainsi l&rsquo;association de lutte contre l&rsquo;homophobie dans le sport, Rouge Direct, a r\u00e9agi d\u00e8s le 15 mai :<br \/>\n<\/span><\/p>\n<p style=\"margin-left: 28pt;\"><span style=\"color: #c00000; font-family: Arial;\">\u00ab L&rsquo;homophobie n&rsquo;est pas une opinion mais un d\u00e9lit. La LFP (Ligue) et le PSG doivent demander \u00e0 Gana Gueye de s&rsquo;expliquer et tr\u00e8s vite. Et le sanctionner le cas \u00e9ch\u00e9ant \u00bb<br \/>\n<\/span><\/p>\n<p><span style=\"color: #777777; font-family: Arial;\">Ce message a \u00e9t\u00e9 suivi par beaucoup d&rsquo;autres. Je crois qu&rsquo;on peut dire que quasi toute la France du sport, de la politique et des milieux d&rsquo;influence s&rsquo;est mobilis\u00e9e et indign\u00e9e devant le comportement de ce joueur.<br \/>\n<\/span><\/p>\n<p><span style=\"color: #777777; font-family: Arial;\">Le joueur n&rsquo;a fait aucun commentaire.<br \/>\n<\/span><\/p>\n<p><span style=\"color: #777777; font-family: Arial;\">Alors, le 18 mai, <strong>Le Conseil national \u00e9thique (CNE) de la FFF a \u00e9crit<\/strong> \u00e0 Idrissa Gueye:<br \/>\n<\/span><\/p>\n<p style=\"margin-left: 28pt;\"><span style=\"color: #c00000; font-family: Arial;\">\u00ab\u00a0En refusant de participer \u00e0 cette op\u00e9ration collective, vous validez de fait les comportements discriminatoires, le refus de l&rsquo;autre, et pas uniquement contre la communaut\u00e9 LGBTQI +.<br \/>\nL&rsquo;impact du football dans la soci\u00e9t\u00e9 et la capacit\u00e9 des joueurs \u00e0 repr\u00e9senter un mod\u00e8le nous donnent \u00e0 tous une responsabilit\u00e9 particuli\u00e8re\u00a0\u00bb.<br \/>\n<\/span><\/p>\n<p><span style=\"color: #777777; font-family: Arial;\">Nous pouvons conclure \u00e0 une condamnation unanime en France.<br \/>\n<\/span><\/p>\n<p><span style=\"color: #777777; font-family: Arial;\">Au S\u00e9n\u00e9gal la r\u00e9action a \u00e9t\u00e9 tout autre.<br \/>\n<\/span><\/p>\n<p><span style=\"color: #777777; font-family: Arial;\">D&rsquo;abord <strong>le pr\u00e9sident de l&rsquo;\u00c9tat Macky Sall<\/strong> a affirm\u00e9 son soutien au joueur :<br \/>\n<\/span><\/p>\n<p style=\"margin-left: 28pt;\"><span style=\"color: #c00000; font-family: Arial;\">\u00ab\u00a0Je soutiens Idrissa Gana Gueye. Ses convictions religieuses doivent \u00eatre respect\u00e9es\u00a0\u00bb.<br \/>\n<\/span><\/p>\n<p><span style=\"color: #777777; font-family: Arial;\"><strong>Le ministre des Sports Matar B\u00e2<\/strong> s&rsquo;est aussi joint \u00e0 la d\u00e9fense du joueur en indiquant que<br \/>\n<\/span><\/p>\n<p style=\"margin-left: 28pt;\"><span style=\"color: #c00000; font-family: Arial;\">\u00ab Quand on signe (un contrat avec un club), c&rsquo;est pour jouer au foot, ce n&rsquo;est pas pour faire la promotion de quoi que ce soit ou mettre de c\u00f4t\u00e9 ses convictions \u00bb<br \/>\n<\/span><\/p>\n<p><span style=\"color: #777777; font-family: Arial;\"><strong>L&rsquo;\u00e9crivain et intellectuel Boubacar Boris Diop<\/strong>, laur\u00e9at du tr\u00e8s prestigieux Prix Neustadt, affirme, lui, sa<br \/>\n<\/span><\/p>\n<p style=\"margin-left: 28pt;\"><span style=\"color: #c00000; font-family: Arial;\">\u00ab\u00a0Solidarit\u00e9 totale avec Idrissa Gana Gu\u00e8ye. Ils sont \u00e9tranges, ces gens qui se donnent tant de mal pour imposer \u00e0 tous et \u00e0 chacun leurs opinions. Au nom, supr\u00eame stupidit\u00e9, de la libert\u00e9 d&rsquo;expression. Savent-ils seulement qu&rsquo;ils font de plus en plus rire ? \u00a0\u00bb<br \/>\n<\/span><\/p>\n<p><span style=\"color: #777777; font-family: Arial;\"><strong>L&rsquo;ex-Premier ministre Mahammed Boun Abdallah Dionne<\/strong> encourage Gueye en lui disant:<br \/>\n<\/span><\/p>\n<p style=\"margin-left: 28pt;\"><span style=\"color: #c00000; font-family: Arial;\">\u00ab\u00a0Tiens bon, Ga\u00efnd\u00e9\u00a0\u00bb, lion en langue wolof, surnom de la s\u00e9lection nationale de football, dans un message sur Twitter accompagn\u00e9 de versets du Coran.\u00a0\u00bb<br \/>\n<\/span><\/p>\n<p><img decoding=\"async\" class=\"alignright\" src=\"https:\/\/lemotdujour.fr\/wp-content\/uploads\/2022\/09\/091322_2222_Mercredi14s2.png\" alt=\"\" align=\"left\" \/><span style=\"color: #777777; font-family: Arial;\"><strong>Le pr\u00e9sident de la F\u00e9d\u00e9ration s\u00e9n\u00e9galaise de football, Augustin Senghor<\/strong> a d\u00e9clar\u00e9\u00a0:<br \/>\n<\/span><\/p>\n<p style=\"margin-left: 28pt;\"><span style=\"color: #c00000; font-family: Arial;\">\u00ab\u00a0Idrissa Gueye est dans son bon droit. \u00a0Il est rest\u00e9 ancr\u00e9 dans ses valeurs, dans ses principes, dans sa foi qui font la \u00ab s\u00e9n\u00e9galit\u00e9 \u00bb, qui font l&rsquo; africanit\u00e9 \u00bb de tout un continent \u00bb<em>.<br \/>\n<\/em><\/span><\/p>\n<p><span style=\"color: #777777; font-family: Arial;\">Pour d\u00e9montrer le consensus politique, il faut citer l&rsquo;une des principales personnalit\u00e9s politiques nationales et <strong>principal opposant au pr\u00e9sident Macky Sall, Ousmane Sonko<\/strong>:<br \/>\n<\/span><\/p>\n<p style=\"margin-left: 28pt;\"><span style=\"color: #c00000; font-family: Arial;\">\u00ab\u00a0Les +toubabs+ (les Blancs, en wolof) croient que nous sommes des ordures et qu&rsquo;eux seuls ont des valeurs.<br \/>\nAujourd&rsquo;hui, il faut qu&rsquo;ils nous imposent l&rsquo;homosexualit\u00e9 (&#8230;) Eux seuls ont des valeurs. Jusqu&rsquo;\u00e0 quand ?<br \/>\nCe qu&rsquo;il (Gueye) a fait, c&rsquo;est un acte de courage. Nous tous, sans distinction de religion, devons le soutenir\u00a0\u00bb<br \/>\n<\/span><\/p>\n<p><span style=\"color: #777777; font-family: Arial;\">De nombreux S\u00e9n\u00e9galais ont aussi mis en statut Whatsapp le message de soutien du pr\u00e9sident s\u00e9n\u00e9galais ou des photos de Gueye en p\u00e8lerinage \u00e0 la Mecque.<br \/>\n<\/span><\/p>\n<p><span style=\"color: #777777; font-family: Arial;\">L&rsquo;\u00e9crivain <strong>El Hamidou Kasse<\/strong> a d\u00e9clar\u00e9 sur Twitter soutenir Gueye<br \/>\n<\/span><\/p>\n<p style=\"margin-left: 28pt;\"><span style=\"color: #c00000; font-family: Arial;\">\u00ab Au nom du principe de la libre croyance et du respect des diff\u00e9rences. \u00bb<br \/>\n<\/span><\/p>\n<p><span style=\"color: #777777; font-family: Arial;\">Enfin la F\u00e9d\u00e9ration S\u00e9n\u00e9galaise de Football (FSF) d\u00e9fend le joueur d&rsquo;abord en affirmant qu&rsquo;il n&rsquo;y a pas de preuve qu&rsquo;il \u00e9tait absent pour la raison qu&rsquo;on lui reproche et accuse Conseil National Ethique (CNE) de racisme :<br \/>\n<\/span><\/p>\n<p style=\"margin-left: 28pt;\"><span style=\"color: #c00000; font-family: Arial;\">\u00ab Quand l&rsquo;\u00e9thique se base sur l&rsquo;hypoth\u00e9tique et le diktat, la libert\u00e9 individuelle est en p\u00e9ril [\u2026]. [Un courrier du CNE que la FSF dit avoir accueilli ] avec une grande surprise (et une grande inqui\u00e9tude sur le traitement de certains joueurs essentiellement d&rsquo;origine africaine, disons-le clairement).<br \/>\n<\/span><\/p>\n<p style=\"margin-left: 28pt;\"><span style=\"color: #c00000; font-family: Arial;\">[Criant \u00e0 l&rsquo;ill\u00e9galit\u00e9 de la d\u00e9marche de la FFF, la FSF estime que sa requ\u00eate revient \u00e0] contraindre le joueur \u00e0 faire ce que son libre arbitre ne l&rsquo;incline \u00e0 faire. Est-on vraiment dans cette France que l&rsquo;on nous avait cont\u00e9e et racont\u00e9e dans nos \u00e9coles, celle qui a comme devise la libert\u00e9, la fraternit\u00e9 et de l&rsquo;\u00e9galit\u00e9 pour tous ? Comment une instance qui pr\u00e9tend promouvoir l&rsquo;\u00e9thique dans le Football peut se fonder sur des supputations pour s&rsquo;adresser \u00e0 une personne pour lui enjoindre de s&rsquo;exprimer et pire encore de s&rsquo;afficher avec le maillot aux couleurs LGBTQI+ pour mettre fin auxdites supputations ?\u00bb<br \/>\n<\/span><\/p>\n<p><span style=\"color: #777777; font-family: Arial;\">Au S\u00e9n\u00e9gal, pays musulman \u00e0 95% et tr\u00e8s pratiquant, les relations homosexuelles sont interdites. La loi existante dispose que \u00ab\u00a0sera puni d&rsquo;un emprisonnement d&rsquo;un \u00e0 cinq ans et d&rsquo;une amende de 100.000 \u00e0 1.500.000 francs (152 \u00e0 2.286 euros) quiconque aura commis un acte impudique ou contre nature avec un individu de son sexe.\u00a0\u00bb<br \/>\n<\/span><\/p>\n<p><span style=\"color: #777777; font-family: Arial;\">Loi assum\u00e9e et d\u00e9fendue \u00e0 100% par le chef de l\u2019\u00c9tat au nom des sp\u00e9cificit\u00e9s culturelles <span style=\"color: #0000ff;\"><a style=\"color: #0000ff;\" href=\"https:\/\/www.youtube.com\/watch?v=dIXZizBcn9Y\">comme en 2020<\/a><\/span>\u00a0alors qu&rsquo;il recevait le premier ministre canadien Justin Trudeau.<br \/>\n<\/span><\/p>\n<p style=\"margin-left: 28pt;\"><span style=\"color: #c00000; font-family: Arial;\"><em>\u00ab\u00a0<\/em>Ces lois\u00a0sont le reflet de notre mani\u00e8re de vivre&#8230; elles n&rsquo;ont rien \u00e0 voir avec l&rsquo;homophobie<em>\u00a0\u00bb.<br \/>\n<\/em><\/span><\/p>\n<p><span style=\"color: #777777; font-family: Arial;\">On peut ne pas \u00eatre d&rsquo;accord avec <strong>Macky Sall <\/strong>et constater simplement que cette discrimination, cette violence et ces sanctions exerc\u00e9es \u00e0 l&rsquo;\u00e9gard des homosexuels r\u00e9pond exactement \u00e0 la d\u00e9finition de l&rsquo;homophobie.<\/span><\/p>\n<p><span style=\"color: #777777; font-family: Arial;\">Un article du monde relate : \u00ab Ces derniers mois, la pression s&rsquo;est accentu\u00e9e sur la communaut\u00e9 LGBTI+ s\u00e9n\u00e9galaise, mais aussi les militants et tous ceux qui, publiquement, osent r\u00e9affirmer les droits de cette communaut\u00e9. \u00ab Avec l&rsquo;implication nouvelle d&rsquo;imams et de chefs religieux sur le sujet, l&rsquo;homophobie a pris une nouvelle ampleur, juge Souleymane Diouf qui d\u00e9nonce le soutien financier de certains pays \u2013 Turquie, Arabie saoudite et Iran \u2013, aux organisations conservatrices. Les combattre demande des moyens dont on ne dispose pas, poursuit-il. Aujourd&rsquo;hui, le niveau d&rsquo;ins\u00e9curit\u00e9 pour les d\u00e9fenseurs des droits LGBT au S\u00e9n\u00e9gal est extr\u00eamement \u00e9lev\u00e9. J&rsquo;ai d\u00fb quitter le pays et plusieurs autres activistes ont fait de m\u00eame. \u00bb<br \/>\n<\/span><\/p>\n<p><span style=\"color: #777777; font-family: Arial;\">L&rsquo;excellent site SO FOOT rapporte :<br \/>\n<\/span><\/p>\n<p style=\"margin-left: 28pt;\"><span style=\"color: #c00000; font-family: Arial;\">\u00ab\u00a0Invit\u00e9 de L&rsquo;After Foot sur RMC, <strong>Bacary Ciss\u00e9<\/strong> &#8211; journaliste s\u00e9n\u00e9galais est revenu sur la pol\u00e9mique Idrissa Gueye. Le joueur parisien, qui avait refus\u00e9 de porter un maillot au flocage arc-en-ciel symbole de la lutte contre l&rsquo;homophobie, avait re\u00e7u les foudres de la F\u00e9d\u00e9ration fran\u00e7aise de football et de bon nombre d&rsquo;associations. Selon le journaliste, il s&rsquo;agit juste d&rsquo;un <strong>\u00ab\u2009choc culturel\u2009\u00bb<\/strong> sur la perception de ce geste. Il assure qu&rsquo;au S\u00e9n\u00e9gal, les gens ont parfaitement compris son choix : \u00ab\u2009Aujourd&rsquo;hui, <strong>Idrissa Gana Gueye a le soutien total de tous les S\u00e9n\u00e9galais, de tous les Africains.\u2009<\/strong>\u00bb<br \/>\n<\/span><\/p>\n<p style=\"margin-left: 28pt;\"><span style=\"color: #c00000; font-family: Arial;\">Ciss\u00e9 d\u00e9veloppe son explication et estime que la culture du joueur est juste diff\u00e9rente du pays dans lequel il \u00e9volue. \u00ab\u2009C&rsquo;est une incompr\u00e9hension. Il ne faut pas oublier qu&rsquo;Idrissa Gana Gueye est n\u00e9 au S\u00e9n\u00e9gal, il y a grandi, il y a \u00e9t\u00e9 \u00e9duqu\u00e9.<br \/>\nNous respectons tout ce que font les autres, mais nous ne sommes pas oblig\u00e9s de les suivre dans leur culture, d\u00e9clare-t-il avant de r\u00e9fl\u00e9chir dans le sens inverse. Si Idrissa Gueye avait fait autrement, qu&rsquo;aurions-nous dit ? On aurait \u00e9t\u00e9 beaucoup plus choqu\u00e9.\u2009\u00bb<br \/>\n<\/span><\/p>\n<p><span style=\"color: #777777; font-family: Arial;\">Voici les faits et les interpr\u00e9tations.<br \/>\n<\/span><\/p>\n<p><span style=\"color: #777777; font-family: Arial;\">Que dire\u00a0?<br \/>\n<\/span><\/p>\n<p><span style=\"color: #777777; font-family: Arial;\">Qu&rsquo;il s&rsquo;agit bien d&rsquo;un choc culturel entre l&rsquo;Occident et un pays africain de civilisation musulmane.<br \/>\n<\/span><\/p>\n<p><span style=\"color: #777777; font-family: Arial;\">Des deux c\u00f4t\u00e9s, il y a une incompr\u00e9hension totale.<br \/>\n<\/span><\/p>\n<p><span style=\"color: #777777; font-family: Arial;\">Du c\u00f4t\u00e9 occidental, on crie au scandale et on explique qu&rsquo;il ne s&rsquo;agissait pas de faire la promotion de l&rsquo;homosexualit\u00e9, mais simplement de se lever contre les discriminations et les violences contre les personnes ayant des pratiques sexuelles autres qu&rsquo;h\u00e9t\u00e9ro sexuel.<br \/>\n<\/span><\/p>\n<p><span style=\"color: #777777; font-family: Arial;\">Le comportement du footballeur s\u00e9n\u00e9galais, de ce point de vue, est moralement une faute.<br \/>\n<\/span><\/p>\n<p><span style=\"color: #777777; font-family: Arial;\">Il faut cependant reconna\u00eetre que la prise de conscience occidentale est r\u00e9cente.<br \/>\n<\/span><\/p>\n<ul>\n<li><span style=\"color: #777777; font-family: Arial;\">En <strong>1954<\/strong>, un des plus grands g\u00e9nies scientifiques <a href=\"https:\/\/lemotdujour.fr\/?p=550\"><strong><span style=\"color: #0000ff;\">Alan Turing<\/span><\/strong><\/a> s&rsquo;est suicid\u00e9 parce que la justice britannique apr\u00e8s l&rsquo;avoir condamn\u00e9 \u00e0 de la prison l&rsquo;avait ensuite contraint \u00e0 une castration chimique parce qu&rsquo;il \u00e9tait homosexuel.<br \/>\n<\/span><\/li>\n<li><span style=\"color: #777777;\"><span style=\"font-family: Arial;\">En France, ce n&rsquo;est que le <strong>4 ao\u00fbt 1982<\/strong> que la France d\u00e9p\u00e9nalisait l&rsquo;homosexualit\u00e9 lors d&rsquo;un vote de l&rsquo;Assembl\u00e9e Nationale obtenu par <strong>Robert Badinter<\/strong> sous la pr\u00e9sidence de Fran\u00e7ois Mitterrand.<\/span><span style=\"font-family: Times New Roman;\"><br \/>\n<\/span><\/span><\/li>\n<li><span style=\"color: #777777;\"><span style=\"font-family: Arial;\">Et ce n&rsquo;est qu&rsquo;en <strong>1990<\/strong> que <strong>l&rsquo;Organisation mondiale de la sant\u00e9<\/strong> a supprim\u00e9 l&rsquo;homosexualit\u00e9 de la liste des maladies mentales.<\/span><span style=\"font-family: Times New Roman;\"><br \/>\n<\/span><\/span><\/li>\n<\/ul>\n<p><span style=\"color: #777777; font-family: Arial;\">Mais peu importe qu&rsquo;il s&rsquo;agisse d&rsquo;une prise de conscience r\u00e9cente, depuis 3 si\u00e8cles, pour l&rsquo;Occident quand il avait pris une position morale, il avait l&rsquo;habitude que cela devienne une position universelle.<br \/>\n<\/span><\/p>\n<p><span style=\"color: #777777; font-family: Arial;\">Ainsi, concernant la d\u00e9mocratie et les droits de l&rsquo;homme, notamment de ne pas enfermer les opposants, l&rsquo;Occident disait le droit, la morale et ce qu&rsquo;il convenait de faire.<br \/>\n<\/span><\/p>\n<p><span style=\"color: #777777; font-family: Arial;\">Et ceux qui ne faisaient pas comme l&rsquo;Occident, s&rsquo;excusaient de ne pas \u00eatre arriv\u00e9 au niveau \u00ab civilisationnel \u00bb de l&rsquo;Occident et demandait un peu d&rsquo;indulgence et de temps pour rejoindre les normes occidentales.<br \/>\n<\/span><\/p>\n<p><span style=\"color: #777777; font-family: Arial;\">Dans cette affaire, on constate que ce n&rsquo;est plus du tout le cas.<br \/>\n<\/span><\/p>\n<p><span style=\"color: #777777; font-family: Arial;\">Tous les intervenants s\u00e9n\u00e9galais cit\u00e9s partent du principe que \u00ab l&rsquo;acceptation de l&rsquo;homosexualit\u00e9 \u00bb est une valeur occidentale qui est contraire \u00e0 leurs valeurs.<br \/>\n<\/span><\/p>\n<p><span style=\"color: #777777; font-family: Arial;\">Ils n&rsquo;envisagent, en aucune fa\u00e7on, une \u00e9volution future.<br \/>\n<\/span><\/p>\n<p><span style=\"color: #777777; font-family: Arial;\">C&rsquo;est un choc de culture et un choc de valeur.<br \/>\n<\/span><\/p>\n<p><span style=\"color: #777777; font-family: Arial;\">Dans le monde des civilisations islamiques, cette vision est partag\u00e9e.<br \/>\n<\/span><\/p>\n<p><span style=\"color: #777777; font-family: Arial;\">Ainsi pour la coupe du monde de football au Qatar, fin 2022, les autorit\u00e9s qataries ont indiqu\u00e9 que les supporters LGBT qui assisteront \u00e0 l&rsquo;\u00e9v\u00e9nement devront faire preuve de discr\u00e9tion.<br \/>\n<\/span><\/p>\n<p><span style=\"color: #777777; font-family: Arial;\"><strong>Abdulaziz Abdullah al-Ansari<\/strong> le directeur de la s\u00e9curit\u00e9 de la coupe du monde a d\u00e9clar\u00e9\u00a0:<br \/>\n<\/span><\/p>\n<p style=\"margin-left: 28pt;\"><span style=\"color: #c00000; font-family: Arial;\">\u00ab\u00a0Si un supporter brandit un drapeau arc-en-ciel dans un stade et qu&rsquo;on le lui enl\u00e8ve, ce ne sera pas parce qu&rsquo;on veut l&rsquo;offenser, mais le prot\u00e9ger [\u2026] il ne s&rsquo;agit pas l\u00e0 de propos discriminatoires. Si on ne le fait pas, un autre spectateur pourrait l&rsquo;agresser. Si vous souhaitez manifester votre point de vue concernant la cause LGBT, faites-le dans une soci\u00e9t\u00e9 o\u00f9 cela sera accept\u00e9\u00a0\u00bb<br \/>\n<\/span><\/p>\n<p><span style=\"color: #777777; font-family: Arial;\">Dans le pays de l&rsquo;Islam chiite &lt;<a href=\"https:\/\/www.leparisien.fr\/international\/iran-deux-lesbiennes-et-militantes-lgbtq-condamnees-a-mort-05-09-2022-ISDGHVASTJAZVATKTOUQIQQMQ4.php\"><span style=\"color: #0000ff;\">Le Parisien<\/span><\/a><span style=\"color: #0000ff;\">&gt;<\/span> dans un article du 5 septembre 2022, nous apprend que deux lesbiennes et militantes LGBTQ viennent d&rsquo;\u00eatre condamn\u00e9es \u00e0 mort.<br \/>\n<\/span><\/p>\n<p><span style=\"color: #777777; font-family: Arial;\">Ces deux femmes, Zahra Sedighi Hamedani, \u00e2g\u00e9e de 31 ans, et Elham Chubdar, 24 ans, ont \u00e9t\u00e9 condamn\u00e9es \u00e0 mort par un tribunal dans la ville d&rsquo;Ourmia (nord-ouest).<br \/>\n<\/span><\/p>\n<p><span style=\"color: #777777; font-family: Arial;\">L&rsquo;Autorit\u00e9 judiciaire a confirm\u00e9 la condamnation \u00e0 mort pour \u00ab corruption sur terre \u00bb des jeunes femmes. Il s&rsquo;agit de la charge la plus grave du code p\u00e9nal iranien.<br \/>\n<\/span><\/p>\n<p><span style=\"color: #777777; font-family: Arial;\">Bien s\u00fbr, les ONG nous invitent \u00e0 protester aupr\u00e8s des autorit\u00e9s iraniennes et de demander l&rsquo;annulation de la sentence.<br \/>\n<\/span><\/p>\n<p><span style=\"color: #777777; font-family: Arial;\">Ce sont deux mondes culturels.<br \/>\n<\/span><\/p>\n<p><span style=\"color: #777777; font-family: Arial;\">\u00c9tant donn\u00e9 notre \u00e9volution morale en France, le S\u00e9n\u00e9gal, le Qatar sont \u00ab des malveillants, des m\u00e9chants \u00bb et pour l&rsquo;Iran \u00ab des criminels \u00bb.<br \/>\n<\/span><\/p>\n<p><span style=\"color: #777777; font-family: Arial;\">Mais pour ces pays, nous, autres occidentaux, sommes des \u00eatres d\u00e9prav\u00e9s, immoraux.<br \/>\n<\/span><\/p>\n<p><span style=\"color: #777777; font-family: Arial;\">Il n&rsquo;y a plus d&rsquo;h\u00e9g\u00e9monie morale occidentale.<br \/>\n<\/span><\/p>\n<p><span style=\"color: #777777; font-family: Arial;\">Alors que faisons-nous\u00a0?<br \/>\n<\/span><\/p>\n<p><span style=\"color: #777777; font-family: Arial;\">Nous n&rsquo;allons pas faire la guerre pour imposer nos valeurs\u00a0!<br \/>\n<\/span><\/p>\n<p><span style=\"color: #777777; font-family: Arial;\">Nous n&rsquo;allons m\u00eame pas, envoyer des missionnaires, pour essayer de convertir ces peuples parce ce que venant de l&rsquo;Occident, ils seraient rejet\u00e9s.<br \/>\n<\/span><\/p>\n<p><span style=\"color: #777777; font-family: Arial;\">Mais devons nous accepter dans nos pays que ces repr\u00e9sentants d&rsquo;une autre civilisation transgressent notre morale\u00a0?<br \/>\n<\/span><\/p>\n<p><span style=\"color: #777777; font-family: Arial;\">Parce que personne n&rsquo;a demand\u00e9 \u00e0 Idrissa Gueye de devenir homosexuel, on lui a simplement demander de s&rsquo;associer \u00e0 la condamnation du rejet des homosexuels.<br \/>\n<\/span><\/p>\n<p><span style=\"color: #777777; font-family: Arial;\">Le Qatar exige que les personnes LGBT venant d&rsquo;Occident se dissimulent, restent discrets, se cachent.<br \/>\n<\/span><\/p>\n<p><span style=\"color: #777777; font-family: Arial;\">De notre point de vue, dans nos valeurs, ces musulmans sont homophobes.<br \/>\n<\/span><\/p>\n<p><span style=\"color: #777777; font-family: Arial;\">Alors pourquoi ne pourrait-on pas exiger, quand ils sont en Occident, d&rsquo;\u00eatre discrets et de cacher le fait qu&rsquo;ils sont homophobes ?<br \/>\n<\/span><\/p>\n<p><span style=\"color: #777777; font-family: Arial;\">Les \u00e9l\u00e9ments de ce mot du jour se trouvent derri\u00e8re ces liens\u00a0:<br \/>\n<\/span><\/p>\n<p><a href=\"https:\/\/information.tv5monde.com\/info\/football-le-joueur-du-psg-idrissa-gana-gueye-au-coeur-d-une-polemique-sur-l-homophobie-456982\"><span style=\"color: #777777; font-family: Arial;\"><span style=\"color: #0000ff;\">https:\/\/information.tv5monde.com\/info\/football-le-joueur-du-psg-idrissa-gana-gueye-au-coeur-d-une-polemique-sur-l-homophobie-456982<\/span><\/span><\/a><span style=\"color: #0000ff; font-family: Arial;\"><br \/>\n<\/span><\/p>\n<p><span style=\"color: #0000ff;\"><a style=\"color: #0000ff;\" href=\"https:\/\/www.lemonde.fr\/sport\/article\/2022\/05\/17\/l-absence-embarrassante-d-un-joueur-du-psg-lors-de-la-journee-de-lutte-contre-l-homophobie-dans-le-football_6126445_3242.html\"><span style=\"font-family: Arial;\">https:\/\/www.lemonde.fr\/sport\/article\/2022\/05\/17\/l-absence-embarrassante-d-un-joueur-du-psg-lors-de-la-journee-de-lutte-contre-l-homophobie-dans-le-football_6126445_3242.html<\/span><\/a><span style=\"font-family: Arial;\"><br \/>\n<\/span><\/span><\/p>\n<p><span style=\"color: #0000ff;\"><a style=\"color: #0000ff;\" href=\"https:\/\/www.francetvinfo.fr\/replay-radio\/le-monde-est-a-nous\/derriere-l-affaire-idrissa-gueye-la-question-de-l-homosexualite-au-senegal_5119393.html\"><span style=\"font-family: Arial;\">https:\/\/www.francetvinfo.fr\/replay-radio\/le-monde-est-a-nous\/derriere-l-affaire-idrissa-gueye-la-question-de-l-homosexualite-au-senegal_5119393.html<\/span><\/a><span style=\"font-family: Arial;\"><br \/>\n<\/span><\/span><\/p>\n<p><span style=\"color: #0000ff;\"><a style=\"color: #0000ff;\" href=\"https:\/\/www.france24.com\/fr\/sports\/20220517-homophobie-dans-le-football-une-absence-d-idrissa-gueye-cr\u00e9e-la-pol\u00e9mique\"><span style=\"font-family: Arial;\">https:\/\/www.france24.com\/fr\/sports\/20220517-homophobie-dans-le-football-une-absence-d-idrissa-gueye-cr%C3%A9e-la-pol%C3%A9mique<\/span><\/a><span style=\"font-family: Arial;\"><br \/>\n<\/span><\/span><\/p>\n<p><span style=\"color: #0000ff;\"><a style=\"color: #0000ff;\" href=\"https:\/\/www.marianne.net\/monde\/afrique\/acte-de-courage-valeurs-africanite-les-soutiens-a-idrissa-gueye-pleuvent-au-senegal\"><span style=\"font-family: Arial;\">https:\/\/www.marianne.net\/monde\/afrique\/acte-de-courage-valeurs-africanite-les-soutiens-a-idrissa-gueye-pleuvent-au-senegal<\/span><\/a><span style=\"font-family: Arial;\"><br \/>\n<\/span><\/span><\/p>\n<p><span style=\"color: #0000ff;\"><a style=\"color: #0000ff;\" href=\"https:\/\/www.letemps.ch\/sport\/soutien-idrissa-gueye-accuse-dhomophobie-france-ne-faiblit-senegal\"><span style=\"font-family: Arial;\">https:\/\/www.letemps.ch\/sport\/soutien-idrissa-gueye-accuse-dhomophobie-france-ne-faiblit-senegal<\/span><\/a><span style=\"font-family: Arial;\"><br \/>\n<\/span><\/span><\/p>\n<p><span style=\"color: #0000ff;\"><a style=\"color: #0000ff;\" href=\"https:\/\/www.lemonde.fr\/afrique\/article\/2022\/05\/20\/au-senegal-un-soutien-tres-politique-a-idrissa-gueye_6127039_3212.html\"><span style=\"font-family: Arial;\">https:\/\/www.lemonde.fr\/afrique\/article\/2022\/05\/20\/au-senegal-un-soutien-tres-politique-a-idrissa-gueye_6127039_3212.html<\/span><\/a><span style=\"font-family: Arial;\"><br \/>\n<\/span><\/span><\/p>\n<p><span style=\"color: #0000ff;\"><a style=\"color: #0000ff;\" href=\"https:\/\/www.lefigaro.fr\/sports\/football\/ligue-1\/la-federation-senegalaise-s-en-prend-violemment-a-la-fff-apres-l-affaire-idrissa-gueye-20220520\"><span style=\"font-family: Arial;\">https:\/\/www.lefigaro.fr\/sports\/football\/ligue-1\/la-federation-senegalaise-s-en-prend-violemment-a-la-fff-apres-l-affaire-idrissa-gueye-20220520<\/span><\/a><span style=\"font-family: Arial;\"><br \/>\n<\/span><\/span><\/p>\n<p><span style=\"color: #0000ff;\"><a style=\"color: #0000ff;\" href=\"https:\/\/www.sofoot.com\/bacary-cisse-regrette-un-choc-culturel-dans-l-affaire-idrissa-gueye-516111.html\"><span style=\"font-family: Arial;\">https:\/\/www.sofoot.com\/bacary-cisse-regrette-un-choc-culturel-dans-l-affaire-idrissa-gueye-516111.html<\/span><\/a><\/span><span style=\"color: #777777; font-family: Arial;\"><br \/>\n<\/span><\/p>\n<p><span style=\"color: #c00000; font-family: Arial;\">&lt;1708&gt;<span style=\"color: #777777;\"><br \/>\n<\/span><\/span><\/p>\n","protected":false},"excerpt":{"rendered":"<p>\u00ab C&rsquo;est juste un choc culturel ! \u00bb Bacary Ciss\u00e9 &#8211; journaliste s\u00e9n\u00e9galais \u00e0 propos du refus d&rsquo;Idrissa Gueye de participer \u00e0 un match contre l&rsquo;homophobie Une civilisation, c&rsquo;est une culture, ce sont des valeurs spirituelles souvent incarn\u00e9es par une<\/p>\n","protected":false},"author":1,"featured_media":0,"comment_status":"open","ping_status":"closed","sticky":false,"template":"","format":"standard","meta":{"footnotes":""},"categories":[1],"tags":[222,166,86,189],"class_list":["post-14049","post","type-post","status-publish","format-standard","hentry","category-motdujour","tag-civilisation","tag-homophobie","tag-islam","tag-occident"],"_links":{"self":[{"href":"https:\/\/lemotdujour.fr\/index.php?rest_route=\/wp\/v2\/posts\/14049","targetHints":{"allow":["GET"]}}],"collection":[{"href":"https:\/\/lemotdujour.fr\/index.php?rest_route=\/wp\/v2\/posts"}],"about":[{"href":"https:\/\/lemotdujour.fr\/index.php?rest_route=\/wp\/v2\/types\/post"}],"author":[{"embeddable":true,"href":"https:\/\/lemotdujour.fr\/index.php?rest_route=\/wp\/v2\/users\/1"}],"replies":[{"embeddable":true,"href":"https:\/\/lemotdujour.fr\/index.php?rest_route=%2Fwp%2Fv2%2Fcomments&post=14049"}],"version-history":[{"count":4,"href":"https:\/\/lemotdujour.fr\/index.php?rest_route=\/wp\/v2\/posts\/14049\/revisions"}],"predecessor-version":[{"id":14054,"href":"https:\/\/lemotdujour.fr\/index.php?rest_route=\/wp\/v2\/posts\/14049\/revisions\/14054"}],"wp:attachment":[{"href":"https:\/\/lemotdujour.fr\/index.php?rest_route=%2Fwp%2Fv2%2Fmedia&parent=14049"}],"wp:term":[{"taxonomy":"category","embeddable":true,"href":"https:\/\/lemotdujour.fr\/index.php?rest_route=%2Fwp%2Fv2%2Fcategories&post=14049"},{"taxonomy":"post_tag","embeddable":true,"href":"https:\/\/lemotdujour.fr\/index.php?rest_route=%2Fwp%2Fv2%2Ftags&post=14049"}],"curies":[{"name":"wp","href":"https:\/\/api.w.org\/{rel}","templated":true}]}}