{"id":1401,"date":"2016-09-06T02:00:00","date_gmt":"2016-09-05T22:00:00","guid":{"rendered":"http:\/\/lemotdujour.fr\/?p=1401"},"modified":"2020-02-28T00:29:53","modified_gmt":"2020-02-27T23:29:53","slug":"mardi-6-septembre-2016","status":"publish","type":"post","link":"https:\/\/lemotdujour.fr\/?p=1401","title":{"rendered":"Mardi 6 septembre 2016"},"content":{"rendered":"<div class=\"mdjDate\">Mardi 6 septembre 2016<\/div>\n<div class=\"mdjTexte\">\u00abAvant de r\u00e9ussir une grande carri\u00e8re politique, Michel Rocard a \u00e9t\u00e9 un audacieux militant anticolonialiste\u00bb<\/div>\n<div class=\"mdjAuteur\">Pierre Joxe<\/div>\n<div class=\"mdjComplements\">Pierre Joxe a rendu un bel hommage \u00e0 Michel Rocard dans Mediapart : <a href=\"https:\/\/blogs.mediapart.fr\/edition\/les-invites-de-mediapart\/article\/070716\/michel-rocard-par-pierre-joxe\">https:\/\/blogs.mediapart.fr\/edition\/les-invites-de-mediapart\/article\/070716\/michel-rocard-par-pierre-joxe<\/a><\/div>\n<div class=\"mdjComplements\">Dans le combat Mitterrand\/Rocard, Pierre Joxe avait clairement choisi le camp de Mitterrand. Dans son livre \u00abSi la gauche savait\u00bb, Rocard \u00e9crit qu&rsquo;il faisait partie de la \u00abla garde noire\u00bb de Mitterrand, ailleurs il dit qu&rsquo;il faisait partie de \u00abmes tueurs\u00bb&nbsp; que Mitterrand voulait absolument nommer au gouvernement dirig\u00e9 par Rocard au poste strat\u00e9gique de l&rsquo;Int\u00e9rieur pour le surveiller voire plus. Mitterrand voulait se d\u00e9barrasser de Rocard et il avait dit \u00e0 ses amis qui depuis l&rsquo;ont r\u00e9p\u00e9t\u00e9, par exemple Ambroise Roux, qu&rsquo;il fallait \u00ab\u00a0lever l&rsquo;hypoth\u00e8que Rocard\u00a0\u00bb.<\/div>\n<div class=\"mdjComplements\">Pourtant \u00e0 la fin de sa vie Rocard a exprim\u00e9 cet avis nuanc\u00e9 sur Pierre Joxe : \u00abUn dr\u00f4le de z\u00e8bre, Joxe\u2026 Un ultra du mitterrandisme avec, en m\u00eame temps, une \u00e9norme distance. Il est tr\u00e8s cynique, mais il a beaucoup d\u2019humour. Nous sommes tr\u00e8s copains !\u00bb<\/div>\n<div class=\"mdjComplements\">Mais Pierre Joxe est aussi issu d&rsquo;une grande famille politique : son p\u00e8re Louis Joxe fut un grand r\u00e9sistant, ministre de De Gaulle et principal n\u00e9gociateur des accords d&rsquo;\u00c9vian ayant abouti \u00e0 l&rsquo;ind\u00e9pendance de l&rsquo;Alg\u00e9rie&#8230; Et c&rsquo;est justement pour son comportement et l&rsquo;action de Michel Rocard lors de la guerre d&rsquo;Alg\u00e9rie qu&rsquo;il lui a rendu hommage :<\/div>\n<div class=\"mdjCiter\">\u00abA l\u2019annonce de la mort de Michel Rocard, la plupart des r\u00e9actions exprim\u00e9es par les hommes politiques au pouvoir &#8211; et par ceux qui esp\u00e8rent les remplacer bient\u00f4t &#8211; ont \u00e9t\u00e9 assez souvent purement politiques ou politiciennes. A gauche, l\u2019\u00e9loge est de r\u00e8gle. A droite, l\u2019estime est g\u00e9n\u00e9rale. Mais deux aspects de la personnalit\u00e9 de Michel Rocard semblent s\u2019\u00eatre volatilis\u00e9s : avant de r\u00e9ussir une grande carri\u00e8re politique, il a \u00e9t\u00e9 un audacieux militant anticolonialiste et un talentueux serviteur de l\u2019Etat.<\/div>\n<div class=\"mdjCiter\">Il lui fallut de l\u2019audace, en 1959 pour r\u00e9diger son <em>Rapport sur les camps de regroupement en Alg\u00e9rie.<\/em> Il&nbsp;fallait du talent en 1965, pour \u00eatre nomm\u00e9 &nbsp;secr\u00e9taire g\u00e9n\u00e9ral de la <em>Commission des comptes et des budgets \u00e9conomiques de la Nation.<\/em><\/div>\n<div class=\"mdjCiter\">Je peux en t\u00e9moigner.<\/div>\n<div class=\"mdjCiter\">Quand je suis arriv\u00e9 en Alg\u00e9rie en 1959, &nbsp;jeune militant anticolonialiste d\u2019une UNEF mobilis\u00e9e contre la sale guerre coloniale, le prestige de Rocard \u00e9tait immense parmi nous. C\u2019\u00e9tait comme un grand fr\u00e8re, dont on \u00e9tait fier.<\/div>\n<div class=\"mdjCiter\">Car il avait r\u00e9dig\u00e9<\/div>\n<div class=\"mdjCiter\">[&#8230;] un rapport impitoyable sur les \u00ab&nbsp;camps&nbsp;\u00bb dits \u00ab&nbsp;de regroupement&nbsp;\u00bb que les \u00ab&nbsp;pouvoirs sp\u00e9ciaux&nbsp;\u00bb de l\u2019\u00e9poque avaient permis \u00e0 l\u2019Arm\u00e9e fran\u00e7aise, h\u00e9las, de multiplier \u00e0 travers l\u2019Alg\u00e9rie, conduisant \u00e0 la famine plus d\u2019un million de paysans et \u00e0 la mort des centaines d\u2019enfants chaque jour\u2026<\/div>\n<div class=\"mdjCiter\">Le rapport Rocard \u00ab&nbsp;fuita&nbsp;\u00bb dans la presse. L\u2019Assembl\u00e9e nationale s\u2019\u00e9mut. Le Premier ministre Debr\u00e9 hurla au \u00ab&nbsp;complot communiste&nbsp;\u00bb. Rocard fut menac\u00e9 de r\u00e9vocation, mais prot\u00e9g\u00e9 par plusieurs ministres dont le Garde des sceaux Michelet et mon propre p\u00e8re, Louis Joxe.<\/div>\n<div class=\"mdjCiter\">Quand j\u2019arrivai alors \u00e0 mon tour \u00e0 Alger,&nbsp; les officiers d\u00e9voy\u00e9s qui&nbsp;allaient sombrer dans les putschs deux ans plus tard me dirent, avant de m\u2019envoyer au loin, dans le d\u00e9sert : \u00ab&nbsp;\u2026 Alors vous voulez soutenir les hors la loi, les fellaghas, comme votre ami Rocard\u2026?&nbsp;\u00bb &nbsp;<\/div>\n<div class=\"mdjCiter\">Je leur r\u00e9pondis, prot\u00e9g\u00e9 par mes galons d\u2019officier, par mon statut d\u2019\u00e9narque \u2013 et assur\u00e9ment par la pr\u00e9sence de mon p\u00e8re Louis Joxe au gouvernement : \u00ab C\u2019est vous qui vous mettez \u00ab&nbsp;hors la loi&nbsp;\u00bb en couvrant, en ne d\u00e9non\u00e7ant pas les crimes commis, les tortures, les ex\u00e9cutions sommaires et les mechtas incendi\u00e9es.&nbsp;\u00bb J\u2019ignorais alors que ces futurs putschistes allaient tenter un jour d\u2019abattre l\u2019avion&nbsp; officiel o\u00f9 mon p\u00e8re se trouvait\u2026<\/div>\n<div class=\"mdjCiter\">En Janvier 1960, rappel\u00e9 \u00e0 Alger du fond du Sahara apr\u00e8s le virage de<\/div>\n<div class=\"mdjCiter\">De Gaulle vers \u00ab&nbsp;l\u2019autod\u00e9termination&nbsp;\u00bb et juste avant la premi\u00e8re tentative de putsch \u2013 l\u2019 \u00ab&nbsp;affaire des barricades&nbsp;\u00bb \u2013, j\u2019ai pu mesurer encore davantage le courage et le m\u00e9rite de Rocard. Il avait re\u00e7u mission d\u2019inspecter et d\u00e9crire ces camps o\u00f9 croupissait 10% des paysans alg\u00e9riens, ne l\u2019oublions jamais !<\/div>\n<div class=\"mdjCiter\">Il lui avait fallu une sacr\u00e9e dose d\u2019audace pour arpenter l\u2019Alg\u00e9rie en civil \u2013 ce jeune inspecteur des finances \u2013, noter tout ce qu\u2019il voyait, r\u00e9diger en bonne et due forme et d\u00e9noncer froidement, s\u00e8chement, ce qui aux gar\u00e7ons de notre g\u00e9n\u00e9ration \u00e9tait une insupportable t\u00e2che sur l\u2019honneur de la France. Nous qui avions vu dans notre enfance revenir d&rsquo;Allemagne par milliers les prisonniers et les d\u00e9port\u00e9s dans les gares parisiennes, nous \u00e9tions indign\u00e9s par ces camps.<\/div>\n<div class=\"mdjCiter\">Car en 1960 encore, \u00e9tant alors un des officiers de la s\u00e9curit\u00e9 militaire charg\u00e9 d\u2019enqu\u00eater \u00e0 travers l\u2019Alg\u00e9rie, d\u2019Est en Ouest, sur les infractions, sur ceux qui &nbsp;d\u00e9sob\u00e9issaient aux ordres d&rsquo;un De Gaulle enfin converti \u00e0 l\u2019\u00ab&nbsp;autod\u00e9termination&nbsp;\u00bb qui allait devenir l\u2019ind\u00e9pendance, j\u2019ai pu visiter d\u00e9couvrir et d\u00e9noncer \u00e0 mon tour des camps qu\u2019on ne fermait pas&nbsp;; des camps que l\u2019on d\u00e9veloppait&nbsp;; de nouveaux camps\u2026 Quelle honte, quelle col\u00e8re nous animait, nous surtout, fils de patriotes r\u00e9sistants&nbsp;!<strong> [&#8230;]<\/strong><\/div>\n<div class=\"mdjCiter\">Michel Rocard, et beaucoup d\u2019autres serviteurs de l\u2019Etat, nous avons \u00e9t\u00e9 conduits \u00e0 la politique par n\u00e9cessit\u00e9 civique. Non pour gagner notre pain, mais pour \u00eatre en accord avec notre conscience, nos id\u00e9es, nos espoirs.<\/div>\n<div class=\"mdjCiter\">Les exemples contemporains de programmes \u00e9lectoraux trahis, oubli\u00e9s ou reni\u00e9s, de politiciens avides de pouvoir, mais non d\u2019action, \u00ab&nbsp;pantouflant&nbsp;\u00bb au besoin en cas d\u2019\u00e9chec \u00e9lectoral pour revenir \u00e0 la chasse aux mandats quand l\u2019occasion se pr\u00e9sente, tout cela est \u00e0 l\u2019oppos\u00e9 de ce qui anima, parmi d\u2019autres, un Rocard dont beaucoup aujourd\u2019hui encensent la statue mais tournent le dos \u00e0 son exemple en d\u00e9truisant des conqu\u00eates&nbsp;sociales pour s\u2019assurer d\u2019incertaines \u00ab&nbsp;victoires&nbsp;\u00bb politiciennes, contre leur camp, contre notre histoire, contre un peuple qui n\u2019a jamais aim\u00e9 \u00eatre trahi.\u00bb<\/div>\n<div class=\"mdjComplements\">Comme le dit justement Joxe, beaucoup se r\u00e9clament de Rocard. Beaucoup pensent qu&rsquo;en fin de compte ce sont ses id\u00e9es qui auraient gagn\u00e9 \u00e0 gauche et seraient au pouvoir. Mais c&rsquo;est oublier que Michel Rocard a toujours voulu d&rsquo;abord lutter contre les in\u00e9galit\u00e9s sociales et affermir les conqu\u00eates sociales. La confiance r\u00e9gul\u00e9e dans les march\u00e9s n&rsquo;\u00e9tait que le moyen parce qu&rsquo;il avait compris que l&rsquo;\u00e9conomie administr\u00e9e n&rsquo;\u00e9tait pas efficace.<\/div>\n<div class=\"mdjComplements\">Mais pour revenir \u00e0 la guerre d&rsquo;Alg\u00e9rie, Michel Rocard avait clairement choisi son camp, celui de l&rsquo;\u00e9thique, des droits de l&rsquo;homme et bien s\u00fbr le combat anticolonial. Je ne me lasserai pas de rappeler que Fran\u00e7ois Mitterrand \u00e9tait, \u00e0 cette \u00e9poque, dans l&rsquo;autre camp.<\/div>\n","protected":false},"excerpt":{"rendered":"<p>Mardi 6 septembre 2016 \u00abAvant de r\u00e9ussir une grande carri\u00e8re politique, Michel Rocard a \u00e9t\u00e9 un audacieux militant anticolonialiste\u00bb Pierre Joxe Pierre Joxe a rendu un bel hommage \u00e0 Michel Rocard dans Mediapart : https:\/\/blogs.mediapart.fr\/edition\/les-invites-de-mediapart\/article\/070716\/michel-rocard-par-pierre-joxe Dans le combat Mitterrand\/Rocard, Pierre<\/p>\n","protected":false},"author":1,"featured_media":0,"comment_status":"closed","ping_status":"closed","sticky":false,"template":"","format":"standard","meta":{"footnotes":""},"categories":[1],"tags":[15,29,3],"class_list":["post-1401","post","type-post","status-publish","format-standard","hentry","category-motdujour","tag-france","tag-hommage","tag-politique"],"_links":{"self":[{"href":"https:\/\/lemotdujour.fr\/index.php?rest_route=\/wp\/v2\/posts\/1401","targetHints":{"allow":["GET"]}}],"collection":[{"href":"https:\/\/lemotdujour.fr\/index.php?rest_route=\/wp\/v2\/posts"}],"about":[{"href":"https:\/\/lemotdujour.fr\/index.php?rest_route=\/wp\/v2\/types\/post"}],"author":[{"embeddable":true,"href":"https:\/\/lemotdujour.fr\/index.php?rest_route=\/wp\/v2\/users\/1"}],"replies":[{"embeddable":true,"href":"https:\/\/lemotdujour.fr\/index.php?rest_route=%2Fwp%2Fv2%2Fcomments&post=1401"}],"version-history":[{"count":2,"href":"https:\/\/lemotdujour.fr\/index.php?rest_route=\/wp\/v2\/posts\/1401\/revisions"}],"predecessor-version":[{"id":8213,"href":"https:\/\/lemotdujour.fr\/index.php?rest_route=\/wp\/v2\/posts\/1401\/revisions\/8213"}],"wp:attachment":[{"href":"https:\/\/lemotdujour.fr\/index.php?rest_route=%2Fwp%2Fv2%2Fmedia&parent=1401"}],"wp:term":[{"taxonomy":"category","embeddable":true,"href":"https:\/\/lemotdujour.fr\/index.php?rest_route=%2Fwp%2Fv2%2Fcategories&post=1401"},{"taxonomy":"post_tag","embeddable":true,"href":"https:\/\/lemotdujour.fr\/index.php?rest_route=%2Fwp%2Fv2%2Ftags&post=1401"}],"curies":[{"name":"wp","href":"https:\/\/api.w.org\/{rel}","templated":true}]}}