{"id":13989,"date":"2022-09-12T00:07:20","date_gmt":"2022-09-11T22:07:20","guid":{"rendered":"https:\/\/lemotdujour.fr\/?p=13989"},"modified":"2022-09-12T08:56:58","modified_gmt":"2022-09-12T06:56:58","slug":"lundi-12-septembre-2022","status":"publish","type":"post","link":"https:\/\/lemotdujour.fr\/?p=13989","title":{"rendered":"Lundi 12 septembre 2022"},"content":{"rendered":"<div class=\"mdjTexte\">\u00ab&nbsp;Pause (Une reine qui r\u00e9gnait depuis 70 ans est d\u00e9c\u00e9d\u00e9e.)&nbsp;\u00bb<\/div>\n<div class=\"mdjAuteur\">Jour sans mot du jour nouveau<\/div>\n<p><span style=\"color: #777777; font-family: Arial;\">J&rsquo;ai \u00e9t\u00e9 occup\u00e9 ce Weekend par une autre activit\u00e9 que l&rsquo;\u00e9criture du mot du jour, la pause est donc de rigueur.<br \/>\n<\/span><\/p>\n<p><span style=\"color: #0000ff;\"><img loading=\"lazy\" decoding=\"async\" class=\"alignleft\" src=\"https:\/\/lemotdujour.fr\/wp-content\/uploads\/2022\/09\/091122_2204_Lundi12sept1.jpg\" alt=\"\" width=\"464\" height=\"309\" align=\"left\"><\/span><span style=\"color: #777777; font-family: Arial;\">Autour de nous, les t\u00e9l\u00e9visions, les radios et les journaux sont satur\u00e9s d&rsquo;\u00e9missions plus ou moins pertinentes sur le d\u00e9c\u00e8s de la Reine d&rsquo;Angleterre et son remplacement par son fils de 73 ans.<br \/>\n<\/span><\/p>\n<p><span style=\"color: #777777; font-family: Arial;\">Ils n&rsquo;ont pas \u00e9t\u00e9 aussi agit\u00e9s pour c\u00e9l\u00e9brer Mikha\u00ebl Gorbatchev, l&rsquo;homme qui a chang\u00e9 le monde.<br \/>\n<\/span><\/p>\n<p><span style=\"color: #777777; font-family: Arial;\">Alors qu&rsquo;Elizabeth II s&rsquo;est content\u00e9e d&rsquo;\u00eatre la spectatrice qui observait le monde en train de changer et accompagnait le d\u00e9clin de l&#8217;empire britannique.<br \/>\n<\/span><\/p>\n<p><span style=\"color: #777777; font-family: Arial;\">Ainsi va le monde, l&rsquo;apparat et l&rsquo;or des palais restent objet de d\u00e9votion.<br \/>\n<\/span><\/p>\n<p><span style=\"color: #777777; font-family: Arial;\">Si vous voulez entendre une analyse s\u00e9rieuse, je vous conseille ces 3 \u00e9missions&nbsp;:<br \/>\n<\/span><\/p>\n<p><span style=\"color: #777777; font-family: Arial;\">France Culture : \u00ab&nbsp;L&rsquo;Esprit Public&nbsp;\u00bb: &lt;<span style=\"color: #0000ff;\"><a style=\"color: #0000ff;\" href=\"https:\/\/www.radiofrance.fr\/franceculture\/podcasts\/l-esprit-public\/le-mythe-autour-de-la-reine-elizabeth-ii-9348020\">Le mythe autour de la reine Elizabeth II<\/a>&gt;<\/span><br \/>\n<\/span><\/p>\n<p><span style=\"color: #777777; font-family: Arial;\">Slate&nbsp;: \u00ab&nbsp;Le monde devant soi&nbsp;\u00bb&nbsp;: &lt;<span style=\"color: #0000ff;\"><a style=\"color: #0000ff;\" href=\"https:\/\/www.slate.fr\/audio\/le-monde-devant-soi\/defis-charles-iii-successeur-reine-elizabeth-ii-tres-populaire-royaume-uni-131\">Les d\u00e9fis de Charles III, successeur d&rsquo;une reine Elizabeth II tr\u00e8s populaire<\/a><\/span>&gt;<br \/>\n<\/span><\/p>\n<p><span style=\"color: #777777; font-family: Arial;\">France Culture&nbsp;: \u00ab&nbsp;Affaires \u00e9trang\u00e8res&nbsp;\u00bb&nbsp;: &lt; <a href=\"https:\/\/www.radiofrance.fr\/franceculture\/podcasts\/affaires-etrangeres\/royaute-et-identite-britanniques-7319021\"><span style=\"color: #0000ff;\">Mort d&rsquo;Elizabeth II : royaut\u00e9 et identit\u00e9 britanniques en question<\/span><\/a>&gt;<br \/>\n<\/span><\/p>\n<p><span style=\"color: #777777; font-family: Arial;\">La reine est morte, vive le Roi et les caricaturistes se sont d\u00e9chain\u00e9s&nbsp;: j&rsquo;ai aim\u00e9 celle ci<br \/>\n<\/span><\/p>\n<p><img decoding=\"async\" src=\"https:\/\/lemotdujour.fr\/wp-content\/uploads\/2022\/09\/091122_2204_Lundi12sept2.jpg\" alt=\"\"><span style=\"color: #777777; font-family: Arial;\"><br \/>\n<\/span><\/p>\n<p>Et il en est m\u00eame qui se moque de la d\u00e9funte Reine. Les couleurs de sa garde robe ont conduit \u00e0 ce moment d&rsquo;humour.<\/p>\n<p><img loading=\"lazy\" decoding=\"async\" class=\"alignnone size-full wp-image-13996\" src=\"https:\/\/lemotdujour.fr\/wp-content\/uploads\/2022\/09\/Stabilo-et-la-reine.jpg\" alt=\"\" width=\"802\" height=\"1098\" srcset=\"https:\/\/lemotdujour.fr\/wp-content\/uploads\/2022\/09\/Stabilo-et-la-reine.jpg 802w, https:\/\/lemotdujour.fr\/wp-content\/uploads\/2022\/09\/Stabilo-et-la-reine-219x300.jpg 219w, https:\/\/lemotdujour.fr\/wp-content\/uploads\/2022\/09\/Stabilo-et-la-reine-748x1024.jpg 748w, https:\/\/lemotdujour.fr\/wp-content\/uploads\/2022\/09\/Stabilo-et-la-reine-768x1051.jpg 768w\" sizes=\"auto, (max-width: 802px) 100vw, 802px\" \/><\/p>\n<p><span style=\"color: #777777; font-family: Arial;\"><span style=\"color: #800000;\">&lt;Mot du jour sans num\u00e9ro&gt;<\/span><br \/>\n<\/span><\/p>\n","protected":false},"excerpt":{"rendered":"<p>\u00ab&nbsp;Pause (Une reine qui r\u00e9gnait depuis 70 ans est d\u00e9c\u00e9d\u00e9e.)&nbsp;\u00bb Jour sans mot du jour nouveau J&rsquo;ai \u00e9t\u00e9 occup\u00e9 ce Weekend par une autre activit\u00e9 que l&rsquo;\u00e9criture du mot du jour, la pause est donc de rigueur. Autour de nous,<\/p>\n","protected":false},"author":1,"featured_media":0,"comment_status":"open","ping_status":"closed","sticky":false,"template":"","format":"standard","meta":{"footnotes":""},"categories":[1],"tags":[96],"class_list":["post-13989","post","type-post","status-publish","format-standard","hentry","category-motdujour","tag-pause"],"_links":{"self":[{"href":"https:\/\/lemotdujour.fr\/index.php?rest_route=\/wp\/v2\/posts\/13989","targetHints":{"allow":["GET"]}}],"collection":[{"href":"https:\/\/lemotdujour.fr\/index.php?rest_route=\/wp\/v2\/posts"}],"about":[{"href":"https:\/\/lemotdujour.fr\/index.php?rest_route=\/wp\/v2\/types\/post"}],"author":[{"embeddable":true,"href":"https:\/\/lemotdujour.fr\/index.php?rest_route=\/wp\/v2\/users\/1"}],"replies":[{"embeddable":true,"href":"https:\/\/lemotdujour.fr\/index.php?rest_route=%2Fwp%2Fv2%2Fcomments&post=13989"}],"version-history":[{"count":8,"href":"https:\/\/lemotdujour.fr\/index.php?rest_route=\/wp\/v2\/posts\/13989\/revisions"}],"predecessor-version":[{"id":14002,"href":"https:\/\/lemotdujour.fr\/index.php?rest_route=\/wp\/v2\/posts\/13989\/revisions\/14002"}],"wp:attachment":[{"href":"https:\/\/lemotdujour.fr\/index.php?rest_route=%2Fwp%2Fv2%2Fmedia&parent=13989"}],"wp:term":[{"taxonomy":"category","embeddable":true,"href":"https:\/\/lemotdujour.fr\/index.php?rest_route=%2Fwp%2Fv2%2Fcategories&post=13989"},{"taxonomy":"post_tag","embeddable":true,"href":"https:\/\/lemotdujour.fr\/index.php?rest_route=%2Fwp%2Fv2%2Ftags&post=13989"}],"curies":[{"name":"wp","href":"https:\/\/api.w.org\/{rel}","templated":true}]}}