{"id":13978,"date":"2022-09-09T00:05:00","date_gmt":"2022-09-08T22:05:00","guid":{"rendered":"https:\/\/lemotdujour.fr\/?p=13978"},"modified":"2022-09-09T00:35:37","modified_gmt":"2022-09-08T22:35:37","slug":"vendredi-9-septembre-2022","status":"publish","type":"post","link":"https:\/\/lemotdujour.fr\/?p=13978","title":{"rendered":"Vendredi 9 septembre 2022"},"content":{"rendered":"<div class=\"mdjTexte\">\u00ab\u00a0Est-ce la d\u00e9croissance ou la croissance qui, sur le long terme, est un mythe\u00a0?<\/div>\n<div class=\"mdjAuteur\">Question qu&rsquo;il me semble l\u00e9gitime de poser<\/div>\n<p><span style=\"color: #777777; font-family: Arial;\"><strong>Antoine Bueno<\/strong> est n\u00e9 en 1978.<br \/>\n<\/span><\/p>\n<p><span style=\"color: #777777; font-family: Arial;\">Je ne le connaissais pas.<br \/>\n<\/span><\/p>\n<p><span style=\"color: #777777; font-family: Arial;\"><a href=\"https:\/\/editions.flammarion.com\/futur\/9782081516205\"><img loading=\"lazy\" decoding=\"async\" class=\"wp-image-13983 alignleft\" src=\"https:\/\/lemotdujour.fr\/wp-content\/uploads\/2022\/09\/Le-livre-de-BUENO.jpg\" alt=\"\" width=\"211\" height=\"292\" srcset=\"https:\/\/lemotdujour.fr\/wp-content\/uploads\/2022\/09\/Le-livre-de-BUENO.jpg 329w, https:\/\/lemotdujour.fr\/wp-content\/uploads\/2022\/09\/Le-livre-de-BUENO-216x300.jpg 216w\" sizes=\"auto, (max-width: 211px) 100vw, 211px\" \/><\/a>\u00ab\u00a0<strong>Le Point<\/strong>\u00a0\u00bb le pr\u00e9sente ainsi\u00a0: essayiste et conseiller au S\u00e9nat en charge du d\u00e9veloppement durable, est notamment l&rsquo;auteur de \u00ab Futur, notre avenir de A \u00e0 Z \u00bb (\u00e9ditions Flammarion). Son prochain ouvrage \u00ab L&rsquo;effondrement (du monde) n&rsquo;aura (probablement) pas lieu \u00bb (Flammarion) sortira le 19 octobre prochain.<br \/>\n<\/span><\/p>\n<p><span style=\"color: #777777; font-family: Arial;\">Il a commis un article dans Le Point, publi\u00e9 le 4 septembre 2022\u00a0: \u00ab\u00a0<span style=\"color: #0000ff;\"><a style=\"color: #0000ff;\" href=\"https:\/\/www.lepoint.fr\/debats\/la-decroissance-est-un-mythe-04-09-2022-2488430_2.php\"><strong>La d\u00e9croissance est un mythe<\/strong>\u00a0<\/a><\/span>\u00bb<br \/>\n<\/span><\/p>\n<p><span style=\"color: #777777; font-family: Arial;\">Il cite \u00c9lisabeth Borne qui comme Aur\u00e9lien Barrau avait rendu visite au MEDEF et a d\u00e9clar\u00e9\u00a0:<br \/>\n<\/span><\/p>\n<p style=\"margin-left: 28pt;\"><span style=\"color: #c00000; font-family: Arial;\">\u00ab La d\u00e9croissance n&rsquo;est pas la solution. \u00bb<br \/>\n<\/span><\/p>\n<p><span style=\"color: #777777; font-family: Arial;\">Il est d&rsquo;accord avec cette opinion et regrette que<br \/>\n<\/span><\/p>\n<p style=\"margin-left: 28pt;\"><span style=\"color: #c00000; font-family: Arial;\">\u00ab\u00a0[La d\u00e9croissance] est pourtant devenue incontournable dans le d\u00e9bat \u00e9cologique. Des experts comme Jean-Marc Jancovici s&rsquo;en font l&rsquo;avocat, des personnalit\u00e9s politiques telles que Delphine Batho en font un programme, des penseurs tels que Gaspard Koenig, un objet de r\u00eaverie philosophique.\u00a0\u00bb<br \/>\n<\/span><\/p>\n<p><span style=\"color: #777777; font-family: Arial;\">Il explique que personne ne dispose d&rsquo;un mode d&#8217;emploi pour savoir comment faire, c&rsquo;est-\u00e0-dire d\u00e9croitre tout en pr\u00e9servant le corps social d&rsquo;une implosion.<br \/>\n<\/span><\/p>\n<p><span style=\"color: #777777; font-family: Arial;\">Il tente une d\u00e9finition\u00a0:<br \/>\n<\/span><\/p>\n<p style=\"margin-left: 28pt;\"><span style=\"color: #c00000; font-family: Arial;\">\u00ab\u00a0La d\u00e9croissance peut \u00eatre d\u00e9finie comme une action volontaire de r\u00e9duction de la taille physique de l&rsquo;\u00e9conomie, un processus organis\u00e9 visant \u00e0 r\u00e9duire la quantit\u00e9 de mati\u00e8re et d&rsquo;\u00e9nergie exploit\u00e9e par le m\u00e9tabolisme de la soci\u00e9t\u00e9 humaine (Susan Paulson).\u00a0\u00bb<br \/>\n<\/span><\/p>\n<p><span style=\"color: #777777; font-family: Arial;\">Pour lui, une politique de d\u00e9croissance est impossible \u00e0 mettre en \u0153uvre.<br \/>\n<\/span><\/p>\n<p><span style=\"color: #777777; font-family: Arial;\">Et je vous livre ses arguments\u00a0:<br \/>\n<\/span><\/p>\n<p style=\"margin-left: 28pt;\"><span style=\"color: #c00000; font-family: Arial;\">\u00ab\u00a0La premi\u00e8re raison \u00e0 cela rel\u00e8ve du plus froid r\u00e9alisme : aujourd&rsquo;hui, personne n&rsquo;en veut. Aucun pays n&rsquo;est pr\u00eat \u00e0 se lancer dans une r\u00e9duction volontaire de la production et de la consommation.<br \/>\n<\/span><\/p>\n<p style=\"margin-left: 28pt;\"><span style=\"color: #c00000; font-family: Arial;\">Peut-\u00eatre sera-ce le cas dans un avenir plus ou moins lointain. Mais c&rsquo;est aujourd&rsquo;hui que le monde a besoin de d\u00e9croissance.<br \/>\n<\/span><\/p>\n<p style=\"margin-left: 28pt;\"><span style=\"color: #c00000; font-family: Arial;\">Pour qu&rsquo;elle ait un impact \u00e9cologique, elle devrait \u00eatre mise en \u0153uvre au plus vite. La plan\u00e8te n&rsquo;a pas le temps d&rsquo;attendre la maturation d&rsquo;une id\u00e9e.<br \/>\n<\/span><\/p>\n<p style=\"margin-left: 28pt;\"><span style=\"color: #c00000; font-family: Arial;\">Ensuite, pour qu&rsquo;une politique de d\u00e9croissance porte ses fruits, elle devrait \u00eatre mise en \u0153uvre par le monde entier en m\u00eame temps.<br \/>\n<\/span><\/p>\n<p style=\"margin-left: 28pt;\"><span style=\"color: #c00000; font-family: Arial;\">Dans un monde ouvert et interconnect\u00e9, un ou plusieurs pays ne peuvent pas d\u00e9cro\u00eetre isol\u00e9ment, ind\u00e9pendamment des autres, m\u00eame de tr\u00e8s grands pays.<br \/>\n<\/span><\/p>\n<p style=\"margin-left: 28pt;\"><span style=\"color: #c00000; font-family: Arial;\">On ne peut pas d\u00e9cro\u00eetre seul, contre le reste du monde. Le faire se traduirait par une politique d&rsquo;autarcie. En d\u00e9croissant seul, un pays aurait de moins en moins de moyens \u00e9conomiques pour financer les importations dont il a besoin. Il devrait donc devenir totalement autosuffisant. C&rsquo;est impossible pour les petits pays qui d\u00e9pendent, entre autres, de ressources \u00e9nerg\u00e9tiques ou alimentaires ext\u00e9rieures. Et on sait que m\u00eame les grands pays bien dot\u00e9s en ressources naturelles ont du mal \u00e0 assurer leur autosuffisance.<br \/>\n<\/span><\/p>\n<p style=\"margin-left: 28pt;\"><span style=\"color: #c00000; font-family: Arial;\">De plus, un tel pays n&rsquo;attirerait plus d&rsquo;investissements \u00e9trangers puisque ceux-ci ne sont r\u00e9alis\u00e9s que dans l&rsquo;attente d&rsquo;un retour, c&rsquo;est-\u00e0-dire d&rsquo;une rentabilit\u00e9 condamn\u00e9e par l&rsquo;absence programm\u00e9e de croissance. Au contraire, les int\u00e9r\u00eats \u00e9trangers en activit\u00e9 sur son territoire s&rsquo;en retireraient. Sur le plan int\u00e9rieur, ce pays verrait donc rapidement son tissu \u00e9conomique se r\u00e9tr\u00e9cir et se d\u00e9liter. La d\u00e9croissance dans un pays isol\u00e9 ne peut mener qu&rsquo;\u00e0 une catastrophe \u00e9conomique \u00e0 l&rsquo;image de celle observable en Cor\u00e9e du Nord.<br \/>\n<\/span><\/p>\n<p style=\"margin-left: 28pt;\"><span style=\"color: #c00000; font-family: Arial;\">Enfin, m\u00eame si par un coup de baguette magique le monde s&rsquo;entendait pour mettre en \u0153uvre un programme global de d\u00e9croissance, ce dernier ne pourrait aboutir qu&rsquo;\u00e0 une r\u00e9duction consid\u00e9rable du niveau de vie moyen sur la plan\u00e8te. En effet, pour \u00e9viter cet effet, pour maintenir voire augmenter le niveau de vie des peuples tout en d\u00e9croissant, les partisans de la d\u00e9croissance en appellent \u00e0 la redistribution. L&rsquo;id\u00e9e est que l&rsquo;on peut rendre socialement indolore une r\u00e9duction de l&rsquo;\u00e9conomie en redistribuant bien mieux qu&rsquo;aujourd&rsquo;hui ses fruits. Une telle redistribution serait cependant illusoire.\u00a0\u00bb<br \/>\n<\/span><\/p>\n<p><span style=\"color: #777777; font-family: Arial;\">Ces arguments me semblent tr\u00e8s forts.<br \/>\n<\/span><\/p>\n<p><span style=\"color: #777777; font-family: Arial;\">L&rsquo;auteur montre que la d\u00e9croissance aurait des cons\u00e9quences f\u00e2cheuses dans nos soci\u00e9t\u00e9s. Et il proclame sa croyance dans une croissance durable.<br \/>\n<\/span><\/p>\n<p><span style=\"color: #777777; font-family: Arial;\">Ces sujets sont \u00e9videmment tr\u00e8s complexes. Toutefois il faut en revenir \u00e0 des sujets solides et physiques.<br \/>\n<\/span><\/p>\n<p><span style=\"color: #777777; font-family: Arial;\">Si on en revient \u00e0 la d\u00e9finition de la d\u00e9croissance de Susan Paulson qu&rsquo;Antoine Bueno met en lumi\u00e8re\u00a0: \u00ab\u00a0<strong>une r\u00e9duction de la quantit\u00e9 de mati\u00e8re et d&rsquo;\u00e9nergie exploit\u00e9e par le m\u00e9tabolisme de la soci\u00e9t\u00e9 humaine<\/strong>\u00a0\u00bb<br \/>\n<\/span><\/p>\n<p><span style=\"color: #777777; font-family: Arial;\">La \u00ab\u00a0non d\u00e9croissance\u00a0\u00bb, appel\u00e9e plus simplement \u00ab\u00a0la croissance\u00a0\u00bb est donc le contraire. C&rsquo;est-\u00e0-dire\u00a0: \u00ab\u00a0<strong>une augmentation de la quantit\u00e9 de mati\u00e8re et d&rsquo;\u00e9nergie exploit\u00e9e par le m\u00e9tabolisme de la soci\u00e9t\u00e9 humaine<\/strong>\u00a0\u00bb<br \/>\n<\/span><\/p>\n<p><span style=\"color: #777777; font-family: Arial;\">J&rsquo;ai \u00e9cout\u00e9 des conf\u00e9rences <strong>Philippe Bihouix<\/strong> qui syst\u00e9matiquement explique une chose simple que vous \u00eates capable de reproduire sur un simple tableur.<br \/>\n<\/span><\/p>\n<p><span style=\"color: #777777; font-family: Arial;\">Imaginez une croissance de 2% chaque ann\u00e9e de mani\u00e8re infinie.<br \/>\n<\/span><\/p>\n<p><span style=\"color: #777777; font-family: Arial;\">Ce n&rsquo;est pas grande chose 2%, c&rsquo;est tr\u00e8s raisonnable.<br \/>\n<\/span><\/p>\n<p><span style=\"color: #777777; font-family: Arial;\">Donc l&rsquo;ann\u00e9e 1 on a 1 et l&rsquo;ann\u00e9e 2 on a 1,02.<br \/>\n<\/span><\/p>\n<p><span style=\"color: #777777; font-family: Arial;\">Vous verrez sur votre tableur que l&rsquo;ann\u00e9e 36 on est \u00e0 2 : on a doubl\u00e9 le PIB<br \/>\n<\/span><\/p>\n<p><span style=\"color: #777777; font-family: Arial;\">L&rsquo;ann\u00e9e 57 on est \u00e0 3, l&rsquo;ann\u00e9e 71 on est \u00e0 4. L&rsquo;ann\u00e9e 118 on est \u00e0 10<br \/>\n<\/span><\/p>\n<p><span style=\"color: #777777; font-family: Arial;\">On a multipli\u00e9 par 10 le PIB dans le monde fini qu&rsquo;est la terre.<br \/>\n<\/span><\/p>\n<p><span style=\"color: #777777; font-family: Arial;\">On a fait \u00e0 peu pr\u00e8s cela depuis le d\u00e9but de l&rsquo;\u00e8re industrielle et on voit o\u00f9 nous en sommes par rapport au r\u00e9chauffement climatique, la bio-diversit\u00e9, la pollution etc..<br \/>\n<\/span><\/p>\n<p><span style=\"color: #777777; font-family: Arial;\">Pour arriver \u00e0 100 il faut attendre l&rsquo;ann\u00e9e 234 !<br \/>\n<\/span><\/p>\n<p><span style=\"color: #777777; font-family: Arial;\"><a href=\"https:\/\/www.youtube.com\/watch?v=FhkK0rMHXdQ\"><img loading=\"lazy\" decoding=\"async\" class=\"wp-image-13985 alignleft\" src=\"https:\/\/lemotdujour.fr\/wp-content\/uploads\/2022\/09\/Bihouix-entretien.png\" alt=\"\" width=\"468\" height=\"282\" srcset=\"https:\/\/lemotdujour.fr\/wp-content\/uploads\/2022\/09\/Bihouix-entretien.png 1127w, https:\/\/lemotdujour.fr\/wp-content\/uploads\/2022\/09\/Bihouix-entretien-300x181.png 300w, https:\/\/lemotdujour.fr\/wp-content\/uploads\/2022\/09\/Bihouix-entretien-1024x617.png 1024w, https:\/\/lemotdujour.fr\/wp-content\/uploads\/2022\/09\/Bihouix-entretien-768x463.png 768w\" sizes=\"auto, (max-width: 468px) 100vw, 468px\" \/><\/a>Donc dans ce syst\u00e8me, au bout de 234 ans, on multiplierait la quantit\u00e9 de mati\u00e8re et d&rsquo;\u00e9nergie exploit\u00e9e par 100 !<br \/>\n<\/span><\/p>\n<p><span style=\"color: #777777; font-family: Arial;\">Certains diront, oui mais on va am\u00e9liorer l&rsquo;efficacit\u00e9\u00a0: et donc on va multiplier le PIB par 100 mais pas la quantit\u00e9 de mati\u00e8re et d&rsquo;\u00e9nergie en proportion\u00a0!<br \/>\n<\/span><\/p>\n<p><span style=\"color: #777777; font-family: Arial;\">Peut \u00eatre, mais on sera oblig\u00e9 quand m\u00eame d&rsquo;augmenter l&rsquo;\u00e9nergie et la mati\u00e8re exploit\u00e9e, de mani\u00e8re consid\u00e9rable.<br \/>\n<\/span><\/p>\n<p><span style=\"color: #777777; font-family: Arial;\">La terre ne peut pas faire face \u00e0 cette demande.<br \/>\n<\/span><\/p>\n<p><span style=\"color: #777777; font-family: Arial;\">Alors oui probablement la d\u00e9croissance est infaisable ou tr\u00e8s tr\u00e8s compliqu\u00e9e.<br \/>\n<\/span><\/p>\n<p><span style=\"color: #777777; font-family: Arial;\">Mais ce qui est un vrai mythe, c&rsquo;est la croissance infinie pour la soci\u00e9t\u00e9 d&rsquo;homo sapiens sur terre !<br \/>\n<\/span><\/p>\n<p><span style=\"color: #777777; font-family: Arial;\">Et si vous avez encore des doutes je vous invite \u00e0 regarder cette vid\u00e9o passionnante de Philippe Bihouix &lt;<a href=\"https:\/\/www.youtube.com\/watch?v=FhkK0rMHXdQ\"><span style=\"color: #0000ff;\">La technologie ne nous sauvera pas<\/span><\/a>&gt;<br \/>\n<\/span><\/p>\n<p><span style=\"color: #c00000; font-family: Arial;\">&lt;1706&gt;<\/span><\/p>\n","protected":false},"excerpt":{"rendered":"<p>\u00ab\u00a0Est-ce la d\u00e9croissance ou la croissance qui, sur le long terme, est un mythe\u00a0? Question qu&rsquo;il me semble l\u00e9gitime de poser Antoine Bueno est n\u00e9 en 1978. Je ne le connaissais pas. \u00ab\u00a0Le Point\u00a0\u00bb le pr\u00e9sente ainsi\u00a0: essayiste et conseiller<\/p>\n","protected":false},"author":1,"featured_media":0,"comment_status":"open","ping_status":"closed","sticky":false,"template":"","format":"standard","meta":{"footnotes":""},"categories":[1],"tags":[149,10,49],"class_list":["post-13978","post","type-post","status-publish","format-standard","hentry","category-motdujour","tag-decroissance","tag-economie","tag-futur"],"_links":{"self":[{"href":"https:\/\/lemotdujour.fr\/index.php?rest_route=\/wp\/v2\/posts\/13978","targetHints":{"allow":["GET"]}}],"collection":[{"href":"https:\/\/lemotdujour.fr\/index.php?rest_route=\/wp\/v2\/posts"}],"about":[{"href":"https:\/\/lemotdujour.fr\/index.php?rest_route=\/wp\/v2\/types\/post"}],"author":[{"embeddable":true,"href":"https:\/\/lemotdujour.fr\/index.php?rest_route=\/wp\/v2\/users\/1"}],"replies":[{"embeddable":true,"href":"https:\/\/lemotdujour.fr\/index.php?rest_route=%2Fwp%2Fv2%2Fcomments&post=13978"}],"version-history":[{"count":4,"href":"https:\/\/lemotdujour.fr\/index.php?rest_route=\/wp\/v2\/posts\/13978\/revisions"}],"predecessor-version":[{"id":13986,"href":"https:\/\/lemotdujour.fr\/index.php?rest_route=\/wp\/v2\/posts\/13978\/revisions\/13986"}],"wp:attachment":[{"href":"https:\/\/lemotdujour.fr\/index.php?rest_route=%2Fwp%2Fv2%2Fmedia&parent=13978"}],"wp:term":[{"taxonomy":"category","embeddable":true,"href":"https:\/\/lemotdujour.fr\/index.php?rest_route=%2Fwp%2Fv2%2Fcategories&post=13978"},{"taxonomy":"post_tag","embeddable":true,"href":"https:\/\/lemotdujour.fr\/index.php?rest_route=%2Fwp%2Fv2%2Ftags&post=13978"}],"curies":[{"name":"wp","href":"https:\/\/api.w.org\/{rel}","templated":true}]}}