{"id":1397,"date":"2016-09-02T02:00:00","date_gmt":"2016-09-01T22:00:00","guid":{"rendered":"http:\/\/lemotdujour.fr\/?p=1397"},"modified":"2017-05-08T13:28:35","modified_gmt":"2017-05-08T11:28:35","slug":"vendredi-2-septembre-2016","status":"publish","type":"post","link":"https:\/\/lemotdujour.fr\/?p=1397","title":{"rendered":"Vendredi 2 septembre 2016"},"content":{"rendered":"<div class=\"mdjDate\">Vendredi 2 septembre 2016<\/div>\n<div class=\"mdjTexte\">\u00abVous n&rsquo;aurez pas ma haine\u00bb<\/div>\n<div class=\"mdjAuteur\">Antoine Leiris<\/div>\n<div class=\"mdjComplements\">Apr\u00e8s ces nouveau \u00e9v\u00e8nements de juillet, je veux rattraper un oubli car j&rsquo;aurais d\u00fb depuis longtemps d\u00e9j\u00e0 laisser la parole \u00e0 Antoine Leiris. Antoine Leiris, journaliste, chroniqueur culturel \u00e0 France Info et France Bleu, a perdu sa compagne H\u00e9l\u00e8ne, l\u2019amour de sa vie, dans l\u2019attentat du Bataclan, le 13 novembre 2015 <\/div>\n<div class=\"mdjComplements\">Alors il a post\u00e9 le 16 novembre 2015 sur les r\u00e9seaux sociaux ce message : <\/div>\n<div class=\"mdjCiter\">\u00abVous n\u2019aurez pas ma haine<\/div>\n<div class=\"mdjCiter\">Vendredi soir vous avez vol\u00e9 la vie d\u2019un \u00eatre d\u2019exception, l\u2019amour de ma vie, la m\u00e8re de mon fils mais vous n\u2019aurez pas ma haine. Je ne sais pas qui vous \u00eates et je ne veux pas le savoir, vous \u00eates des \u00e2mes mortes. Si ce Dieu pour lequel vous tuez aveugl\u00e9ment nous a fait \u00e0 son image, chaque balle dans le corps de ma femme aura \u00e9t\u00e9 une blessure dans son c\u0153ur. <\/div>\n<div class=\"mdjCiter\">Alors non je ne vous ferai pas ce cadeau de vous ha\u00efr. Vous l\u2019avez bien cherch\u00e9 pourtant mais r\u00e9pondre \u00e0 la haine par la col\u00e8re ce serait c\u00e9der \u00e0 la m\u00eame ignorance qui a fait de vous ce que vous \u00eates. Vous voulez que j\u2019ai peur, que je regarde mes concitoyens avec un \u0153il m\u00e9fiant, que je sacrifie ma libert\u00e9 pour la s\u00e9curit\u00e9. Perdu.<\/div>\n<div class=\"mdjCiter\">Je l\u2019ai vue ce matin. Enfin, apr\u00e8s des nuits et des jours d\u2019attente. Elle \u00e9tait aussi belle que lorsqu\u2019elle est partie ce vendredi soir, aussi belle que lorsque j\u2019en suis tomb\u00e9 \u00e9perdument amoureux il y a plus de 12 ans. Bien s\u00fbr je suis d\u00e9vast\u00e9 par le chagrin, je vous conc\u00e8de cette petite victoire, mais elle sera de courte dur\u00e9e. Je sais qu\u2019elle nous accompagnera chaque jour et que nous nous retrouverons dans ce paradis des \u00e2mes libres auquel vous n\u2019aurez jamais acc\u00e8s.<\/div>\n<div class=\"mdjCiter\">Nous sommes deux, mon fils et moi, mais nous sommes plus forts que toutes les arm\u00e9es du monde. Je n\u2019ai d\u2019ailleurs pas plus de temps \u00e0 vous consacrer, je dois rejoindre Melvil qui se r\u00e9veille de sa sieste. Il a 17 mois \u00e0 peine, il va manger son go\u00fbter comme tous les jours, puis nous allons jouer comme tous les jours et toute sa vie ce petit gar\u00e7on vous fera l\u2019affront d\u2019\u00eatre heureux et libre. Car non, vous n\u2019aurez pas sa haine non plus.\u00bb<\/div>\n<div class=\"mdjComplements\">Ce message est devenu l\u2019un des chapitres de son livre, paru portant le m\u00eame titre, publi\u00e9 aux \u00e9ditons Fayard. <a href=\"http:\/\/www.fayard.fr\/vous-naurez-pas-ma-haine-dantoine-leiris\">&lt;Vous n&rsquo;aurez pas ma haine&gt; et qui d\u00e9crit les douze jours\u00a0qui ont suivi la mort d&rsquo;H\u00e9l\u00e8ne<\/a><\/div>\n<div class=\"mdjComplements\"><a href=\"https:\/\/blogs.mediapart.fr\/gervaise-thirion\/blog\/050816\/vous-n-aurez-pas-ma-haine-reponse-sereine-tous-les-terroristes-0\">&lt;Une lectrice de ce livre a publi\u00e9 ce billet sur son blog de Mediapart&gt; :<\/a>\u00a0 \u00ab On vit avec lui \u00a0chaque instant de ses 12 journ\u00e9es qui ont suivi le 13 novembre, date \u00e0 partir de laquelle \u00ab\u00a0<em>un p\u00e8re et un fils vont s\u2019\u00e9lever seuls sans l\u2019aide de l\u2019astre auquel ils ont pr\u00eat\u00e9 all\u00e9geance<\/em>\u00a0\u00bb.<\/div>\n<div class=\"mdjComplements\">[&#8230;]\u00a0 Reconstruire une vie non pas \u00ab\u00a0contre\u00a0\u00bb (ceux qui l\u2019ont d\u00e9truite) mais ensemble, \u00ab\u00a0avec\u00a0\u00bb H\u00e9l\u00e8ne, l\u2019absente, et son fils, \u00e0 trois. [&#8230;] Depuis quelques temps, des mots qu\u2019on voudrait effacer, envahissent notre vocabulaire: barbarie, massacre, bain de sang, terrorisme, guerre, violence, mort, haine, peur, guerre civile, s\u00e9curit\u00e9\u2026L\u2019auteur \u00e9vite, de justesse le terme de \u00ab\u00a0bouch\u2026\u00a0\u00bb. Nous ne le dirons pas non plus.<\/div>\n<div class=\"mdjComplements\">Tous ces mots, t\u00e9moins des \u00e9v\u00e8nements, sont, en permanence, utilis\u00e9s sur \u00a0les\u00a0 r\u00e9seaux sociaux, les chaines d\u2019info en continu (ou pas) qui jouent \u00ab\u00a0<em>le grand concours du titre le plus racoleur, le plus<\/em> <em>pervers, celui qui nous maintient captifs<\/em>.\u00a0\u00bb Ces mots sont ressass\u00e9s aussi par les politiciens qui, en toute ind\u00e9cence, font souvent dans la surench\u00e8re du tout s\u00e9curitaire, \u00e9ch\u00e9ances \u00e9lectorales obligeant.<\/div>\n<div class=\"mdjComplements\">A tous, on a envie de dire ASSEZ\u00a0! \u00ab\u00a0Taisez-vous\u00a0et lisez\u00a0!\u00a0\u00bb<\/div>\n<div class=\"mdjComplements\">Lisez ce texte sobre, po\u00e9tique, fort, magnifique qui nous ram\u00e8ne \u00e0 la douceur, \u00e0 la tendresse, \u00e0 l\u2019intelligence, l\u2019apaisement.<\/div>\n<div class=\"mdjComplements\">Parce qu\u2019\u00a0\u00ab\u00a0<em>on ne s\u00e8che pas les larmes sur les manches de la col\u00e8re<\/em>\u00a0\u00bb. [&#8230;] C\u2019est aussi un tr\u00e8s beau plaidoyer pour la culture face \u00e0 l\u2019ignorance.<\/div>\n<div class=\"mdjComplements\">\u00ab\u00a0On ne\u00a0se soigne pas de la mort, On se contente de l\u2019apprivoiser\u00a0\u00bb. Et de quelle mani\u00e8re\u00a0!<\/div>\n<div class=\"mdjComplements\">Admirable\u00a0! A lire avec un mouchoir \u00e0 la main mais on en sort soulag\u00e9. \u00bb<\/div>\n<div class=\"mdjComplements\">Si nous voulons combattre la haine et esp\u00e9rer la vaincre nous ne pouvons opposer la haine, mais la justice et une dose plus grande d&rsquo;humanit\u00e9.<\/div>\n<div class=\"mdjComplements\">Que ce soit Antoine Leiris qui est dans la tristesse de la s\u00e9paration et la blessure du crime le dise avec cette force est admirable.<\/div>\n","protected":false},"excerpt":{"rendered":"<p>Vendredi 2 septembre 2016 \u00abVous n&rsquo;aurez pas ma haine\u00bb Antoine Leiris Apr\u00e8s ces nouveau \u00e9v\u00e8nements de juillet, je veux rattraper un oubli car j&rsquo;aurais d\u00fb depuis longtemps d\u00e9j\u00e0 laisser la parole \u00e0 Antoine Leiris. Antoine Leiris, journaliste, chroniqueur culturel \u00e0<\/p>\n","protected":false},"author":1,"featured_media":0,"comment_status":"closed","ping_status":"closed","sticky":false,"template":"","format":"standard","meta":{"footnotes":""},"categories":[1],"tags":[],"class_list":["post-1397","post","type-post","status-publish","format-standard","hentry","category-motdujour"],"_links":{"self":[{"href":"https:\/\/lemotdujour.fr\/index.php?rest_route=\/wp\/v2\/posts\/1397","targetHints":{"allow":["GET"]}}],"collection":[{"href":"https:\/\/lemotdujour.fr\/index.php?rest_route=\/wp\/v2\/posts"}],"about":[{"href":"https:\/\/lemotdujour.fr\/index.php?rest_route=\/wp\/v2\/types\/post"}],"author":[{"embeddable":true,"href":"https:\/\/lemotdujour.fr\/index.php?rest_route=\/wp\/v2\/users\/1"}],"replies":[{"embeddable":true,"href":"https:\/\/lemotdujour.fr\/index.php?rest_route=%2Fwp%2Fv2%2Fcomments&post=1397"}],"version-history":[{"count":1,"href":"https:\/\/lemotdujour.fr\/index.php?rest_route=\/wp\/v2\/posts\/1397\/revisions"}],"predecessor-version":[{"id":1398,"href":"https:\/\/lemotdujour.fr\/index.php?rest_route=\/wp\/v2\/posts\/1397\/revisions\/1398"}],"wp:attachment":[{"href":"https:\/\/lemotdujour.fr\/index.php?rest_route=%2Fwp%2Fv2%2Fmedia&parent=1397"}],"wp:term":[{"taxonomy":"category","embeddable":true,"href":"https:\/\/lemotdujour.fr\/index.php?rest_route=%2Fwp%2Fv2%2Fcategories&post=1397"},{"taxonomy":"post_tag","embeddable":true,"href":"https:\/\/lemotdujour.fr\/index.php?rest_route=%2Fwp%2Fv2%2Ftags&post=1397"}],"curies":[{"name":"wp","href":"https:\/\/api.w.org\/{rel}","templated":true}]}}